{"id":61001,"date":"2023-09-25T13:33:17","date_gmt":"2023-09-25T18:33:17","guid":{"rendered":"https:\/\/luchonoticias.com\/?p=61001"},"modified":"2023-09-25T13:33:40","modified_gmt":"2023-09-25T18:33:40","slug":"en-plenaria-solemne-se-rindio-homenaje-postumo-al-maestro-fernando-botero","status":"publish","type":"post","link":"https:\/\/luchonoticias.com\/editor\/en-plenaria-solemne-se-rindio-homenaje-postumo-al-maestro-fernando-botero\/","title":{"rendered":"En Plenaria solemne se rindi\u00f3 homenaje p\u00f3stumo al maestro Fernando Botero"},"content":{"rendered":"\n<p>Desde el pasado viernes, el f\u00e9retro del maestro Fernando Botero, pintor y escultor colombiano, fue conducido por la guardia presidencial al Sal\u00f3n El\u00edptico del Capitolio Nacional. A lo largo de la jornada hicieron presencia, amigos, familiares, congresistas, personalidades y ciudadan\u00eda en general, quienes ingresaron a las instalaciones del Congreso, para darle el \u00faltimo adi\u00f3s al maestro Botero.<\/p>\n\n\n\n<p>Despu\u00e9s de la sesi\u00f3n protocolaria del Congreso Pleno, donde se continu\u00f3 con el homenaje p\u00f3stumo al maestro, se hizo entrega del Pabell\u00f3n Nacional a su familia. &nbsp;El cuerpo fue trasladado a la Catedral Primada de Colombia, posteriormente a Medell\u00edn, donde se rendir\u00e1 otro homenaje. Finalmente, sus cenizas ser\u00e1n llevadas a Pietrasanta(Italia), donde vivi\u00f3 sus \u00faltimos a\u00f1os.<\/p>\n\n\n\n<p>Al iniciar la sesi\u00f3n solemne de la Plenaria de Senado y C\u00e1mara intervino<strong><em>&nbsp;Mar\u00eda Jos\u00e9 Pizarro, primera vicepresidenta del Senado (Pacto Hist\u00f3rico),<\/em><\/strong>&nbsp;manifest\u00f3: \u201cEste instante nos llena de memoria y nos conmueve inmensamente, porque aqu\u00ed tambi\u00e9n velados nuestros padres, compa\u00f1eros.&nbsp; A trav\u00e9s del arte podemos recorrer la historia completa de la humanidad, y mediante ella, tambi\u00e9n encontramos a nuestra historia. El maestro Botero, icono de las artes Latinoamericanas, reflej\u00f3 en sus obras su dolor de patria. Desarroll\u00f3 un estilo \u00fanico y monumental, sus obras fueron una voz de denuncia, su arte absurdamente fue v\u00edctima de violencia, Colombia debe pedirle perd\u00f3n al arte. Su mensaje quedar\u00e1 para contar la historia de nuestro pa\u00eds. Su Paloma de la Paz que hoy nos acompa\u00f1a, para que jam\u00e1s erremos el camino y que el principio innegociable es la paz. Indic\u00f3 la congresista.<\/p>\n\n\n\n<p><strong>El presidente del Congreso; Iv\u00e1n Le\u00f3nidas Name V\u00e1squez (Alianza Verde).&nbsp;<\/strong>En su discurso expres\u00f3: \u201cHemos tenido el honor de haber alojado al maestro Botero, en compa\u00f1\u00eda de su familia, a este magno Capitolio. Colombia tuvo la oportunidad de despedirse, antes de su partida a la eternidad y recordar que mediante el arte logr\u00f3 lo que pocos seres humanos logran a lo largo de su historia, la inmortalidad\u201d.<\/p>\n\n\n\n<p>El presidente Name agreg\u00f3: \u201cEl maestro sol\u00eda decir, que se sent\u00eda el pintor m\u00e1s colombiano de todos y sin duda, que lo fue. Globaliz\u00f3 a Colombia en el mundo de las artes. El maestro Botero nunca olvid\u00f3 a nuestro pa\u00eds y este pa\u00eds nunca lo olvidar\u00e1\u201d. El congresista anunci\u00f3 los proyectos para homenajear la memoria del maestro, denominados Premio Nacional de las Artes, al Igual que el D\u00eda Nacional de las Artes Fernando Botero.<\/p>\n\n\n\n<figure class=\"wp-block-image size-large is-style-rounded\"><img decoding=\"async\" src=\"https:\/\/luchonoticias.com\/wp-content\/uploads\/2023\/09\/f73946cb-465d-4230-a247-2782af418a3a-1024x682.jpeg\" alt=\"\" class=\"wp-image-61003\"\/><\/figure>\n\n\n\n<p>Asi mismo dijo: \u201cNunca nuestro pa\u00eds, tendr\u00e1 a alguien como Botero, son personas \u00fanicas. Apreciamos su generosidad, no se cans\u00f3 de donar a nuestro pa\u00eds, muchas de sus creaciones, otro sello de su grandeza. Agradecemos las supervivencias m\u00e1gicas de toda su obra, este final f\u00edsico del maestro, ser\u00e1 el principio de un ser cl\u00e1sico, es decir, perdurar\u00e1 y ser\u00e1 recordado\u201d. Precis\u00f3 Name V\u00e1squez.<\/p>\n\n\n\n<p>\u201cLe decimos desde lo m\u00e1s profundo de nuestro coraz\u00f3n, que lo extra\u00f1aremos y gracias por haber nacido en Colombia. Siembre seguiremos buscando en las miradas de sus estatuas, los hechos que inspiraron su obra. Adi\u00f3s al hombre universal al inmortal maestro, vuela como tu paloma hacia la inmortalidad\u201d. Asever\u00f3 el presidente del Congreso.<\/p>\n\n\n\n<p>Por su parte la hija del maestro,&nbsp;<strong>Lina Botero<\/strong>, se dirigi\u00f3 a los asistentes agradeciendo por el homenaje ofrecido a su padre durante los d\u00edas en el Congreso de la Rep\u00fablica, donde m\u00e1s de 20 mil personas de todos los estratos sociales ingresaron al Capitolio para despedirse al pintor y escultor colombiano.<\/p>\n\n\n\n<p>Lina manifest\u00f3:\u201d Nuestro m\u00e1s profundo agradecimiento por estas manifestaciones de amor, grandes y sencillas. Se cumpli\u00f3 el deseo de mi padre de regresar a su tierra natal. Hoy nos queda su inmenso legado de la paz, el cual mi familia y yo, nos hemos comprometidos en preservar, proteger y difundir en todos los rincones del mundo, sobre todo, nos queda su ejemplo como ser humano, su grandeza, su generosidad, su sensibilidad hacia las necesidades de los dem\u00e1s. Su enorme discreci\u00f3n y deseo de anonimato, cuando se trataba de los muchos esfuerzos filantr\u00f3picos, que llev\u00f3 acabo permanentemente en favor de los ancianos y ni\u00f1os m\u00e1s pobres del pa\u00eds. Sobre todo, nos queda su sencillez, eso fue mi padre, en nombre de toda mi familia, gracias de todo coraz\u00f3n\u201d Expres\u00f3 Lina Botero con un incontrolable llanto.<\/p>\n","protected":false},"excerpt":{"rendered":"<p>Desde el pasado viernes, el f\u00e9retro del maestro Fernando Botero, pintor y escultor colombiano, fue conducido por la guardia presidencial al Sal\u00f3n El\u00edptico del Capitolio Nacional. A lo largo de la jornada hicieron presencia, amigos, familiares, congresistas, personalidades y ciudadan\u00eda en general, quienes ingresaron a las instalaciones del Congreso, para darle el \u00faltimo adi\u00f3s al [&hellip;]<\/p>\n","protected":false},"author":2,"featured_media":0,"comment_status":"open","ping_status":"open","sticky":false,"template":"","format":"standard","meta":{"footnotes":""},"categories":[28,36],"tags":[],"class_list":["post-61001","post","type-post","status-publish","format-standard","hentry","category-actualidad","category-destacado"],"yoast_head":"<!-- This site is optimized with the Yoast SEO plugin v26.6 - https:\/\/yoast.com\/wordpress\/plugins\/seo\/ -->\n<title>En Plenaria solemne se rindi\u00f3 homenaje p\u00f3stumo al maestro Fernando Botero -<\/title>\n<meta name=\"robots\" content=\"index, follow, max-snippet:-1, max-image-preview:large, max-video-preview:-1\" \/>\n<link rel=\"canonical\" href=\"https:\/\/luchonoticias.com\/editor\/en-plenaria-solemne-se-rindio-homenaje-postumo-al-maestro-fernando-botero\/\" \/>\n<meta property=\"og:locale\" content=\"es_ES\" \/>\n<meta property=\"og:type\" content=\"article\" \/>\n<meta property=\"og:title\" content=\"En Plenaria solemne se rindi\u00f3 homenaje p\u00f3stumo al maestro Fernando Botero -\" \/>\n<meta property=\"og:url\" content=\"https:\/\/luchonoticias.com\/editor\/en-plenaria-solemne-se-rindio-homenaje-postumo-al-maestro-fernando-botero\/\" \/>\n<meta property=\"article:publisher\" content=\"https:\/\/www.facebook.com\/luchonoticiasneiva\" \/>\n<meta property=\"article:published_time\" content=\"2023-09-25T18:33:17+00:00\" \/>\n<meta property=\"article:modified_time\" content=\"2023-09-25T18:33:40+00:00\" \/>\n<meta property=\"og:image\" content=\"https:\/\/luchonoticias.com\/wp-content\/uploads\/2023\/09\/f73946cb-465d-4230-a247-2782af418a3a-1024x682.jpeg\" \/>\n<meta name=\"author\" content=\"Editor General\" \/>\n<meta name=\"twitter:card\" content=\"summary_large_image\" \/>\n<meta name=\"twitter:label1\" content=\"Escrito por\" \/>\n\t<meta name=\"twitter:data1\" content=\"Editor General\" \/>\n\t<meta name=\"twitter:label2\" content=\"Tiempo de lectura\" \/>\n\t<meta name=\"twitter:data2\" content=\"4 minutos\" \/>\n<script type=\"application\/ld+json\" class=\"yoast-schema-graph\">{\"@context\":\"https:\/\/schema.org\",\"@graph\":[{\"@type\":\"Article\",\"@id\":\"https:\/\/luchonoticias.com\/editor\/en-plenaria-solemne-se-rindio-homenaje-postumo-al-maestro-fernando-botero\/#article\",\"isPartOf\":{\"@id\":\"https:\/\/luchonoticias.com\/editor\/en-plenaria-solemne-se-rindio-homenaje-postumo-al-maestro-fernando-botero\/\"},\"author\":{\"name\":\"Editor General\",\"@id\":\"https:\/\/luchonoticias.com\/editor\/#\/schema\/person\/29217990ddf6f14e35912b2866d591fb\"},\"headline\":\"En Plenaria solemne se rindi\u00f3 homenaje p\u00f3stumo al maestro Fernando Botero\",\"datePublished\":\"2023-09-25T18:33:17+00:00\",\"dateModified\":\"2023-09-25T18:33:40+00:00\",\"mainEntityOfPage\":{\"@id\":\"https:\/\/luchonoticias.com\/editor\/en-plenaria-solemne-se-rindio-homenaje-postumo-al-maestro-fernando-botero\/\"},\"wordCount\":768,\"commentCount\":0,\"publisher\":{\"@id\":\"https:\/\/luchonoticias.com\/editor\/#\/schema\/person\/7a7fd911f58561fd056dbac7b55af9cd\"},\"image\":{\"@id\":\"https:\/\/luchonoticias.com\/editor\/en-plenaria-solemne-se-rindio-homenaje-postumo-al-maestro-fernando-botero\/#primaryimage\"},\"thumbnailUrl\":\"https:\/\/luchonoticias.com\/wp-content\/uploads\/2023\/09\/f73946cb-465d-4230-a247-2782af418a3a-1024x682.jpeg\",\"articleSection\":[\"Actualidad\",\"Destacado\"],\"inLanguage\":\"es\",\"potentialAction\":[{\"@type\":\"CommentAction\",\"name\":\"Comment\",\"target\":[\"https:\/\/luchonoticias.com\/editor\/en-plenaria-solemne-se-rindio-homenaje-postumo-al-maestro-fernando-botero\/#respond\"]}]},{\"@type\":\"WebPage\",\"@id\":\"https:\/\/luchonoticias.com\/editor\/en-plenaria-solemne-se-rindio-homenaje-postumo-al-maestro-fernando-botero\/\",\"url\":\"https:\/\/luchonoticias.com\/editor\/en-plenaria-solemne-se-rindio-homenaje-postumo-al-maestro-fernando-botero\/\",\"name\":\"En Plenaria solemne se rindi\u00f3 homenaje p\u00f3stumo al maestro Fernando Botero -\",\"isPartOf\":{\"@id\":\"https:\/\/luchonoticias.com\/editor\/#website\"},\"primaryImageOfPage\":{\"@id\":\"https:\/\/luchonoticias.com\/editor\/en-plenaria-solemne-se-rindio-homenaje-postumo-al-maestro-fernando-botero\/#primaryimage\"},\"image\":{\"@id\":\"https:\/\/luchonoticias.com\/editor\/en-plenaria-solemne-se-rindio-homenaje-postumo-al-maestro-fernando-botero\/#primaryimage\"},\"thumbnailUrl\":\"https:\/\/luchonoticias.com\/wp-content\/uploads\/2023\/09\/f73946cb-465d-4230-a247-2782af418a3a-1024x682.jpeg\",\"datePublished\":\"2023-09-25T18:33:17+00:00\",\"dateModified\":\"2023-09-25T18:33:40+00:00\",\"breadcrumb\":{\"@id\":\"https:\/\/luchonoticias.com\/editor\/en-plenaria-solemne-se-rindio-homenaje-postumo-al-maestro-fernando-botero\/#breadcrumb\"},\"inLanguage\":\"es\",\"potentialAction\":[{\"@type\":\"ReadAction\",\"target\":[\"https:\/\/luchonoticias.com\/editor\/en-plenaria-solemne-se-rindio-homenaje-postumo-al-maestro-fernando-botero\/\"]}]},{\"@type\":\"ImageObject\",\"inLanguage\":\"es\",\"@id\":\"https:\/\/luchonoticias.com\/editor\/en-plenaria-solemne-se-rindio-homenaje-postumo-al-maestro-fernando-botero\/#primaryimage\",\"url\":\"https:\/\/luchonoticias.com\/wp-content\/uploads\/2023\/09\/f73946cb-465d-4230-a247-2782af418a3a-1024x682.jpeg\",\"contentUrl\":\"https:\/\/luchonoticias.com\/wp-content\/uploads\/2023\/09\/f73946cb-465d-4230-a247-2782af418a3a-1024x682.jpeg\"},{\"@type\":\"BreadcrumbList\",\"@id\":\"https:\/\/luchonoticias.com\/editor\/en-plenaria-solemne-se-rindio-homenaje-postumo-al-maestro-fernando-botero\/#breadcrumb\",\"itemListElement\":[{\"@type\":\"ListItem\",\"position\":1,\"name\":\"Portada\",\"item\":\"https:\/\/luchonoticias.com\/editor\/\"},{\"@type\":\"ListItem\",\"position\":2,\"name\":\"En Plenaria solemne se rindi\u00f3 homenaje p\u00f3stumo al maestro Fernando Botero\"}]},{\"@type\":\"WebSite\",\"@id\":\"https:\/\/luchonoticias.com\/editor\/#website\",\"url\":\"https:\/\/luchonoticias.com\/editor\/\",\"name\":\"\",\"description\":\"\",\"publisher\":{\"@id\":\"https:\/\/luchonoticias.com\/editor\/#\/schema\/person\/7a7fd911f58561fd056dbac7b55af9cd\"},\"potentialAction\":[{\"@type\":\"SearchAction\",\"target\":{\"@type\":\"EntryPoint\",\"urlTemplate\":\"https:\/\/luchonoticias.com\/editor\/?s={search_term_string}\"},\"query-input\":{\"@type\":\"PropertyValueSpecification\",\"valueRequired\":true,\"valueName\":\"search_term_string\"}}],\"inLanguage\":\"es\"},{\"@type\":[\"Person\",\"Organization\"],\"@id\":\"https:\/\/luchonoticias.com\/editor\/#\/schema\/person\/7a7fd911f58561fd056dbac7b55af9cd\",\"name\":\"admin\",\"image\":{\"@type\":\"ImageObject\",\"inLanguage\":\"es\",\"@id\":\"https:\/\/luchonoticias.com\/editor\/#\/schema\/person\/image\/\",\"url\":\"https:\/\/luchonoticias.com\/editor\/wp-content\/uploads\/2024\/02\/cropped-cropped-logolu.webp\",\"contentUrl\":\"https:\/\/luchonoticias.com\/editor\/wp-content\/uploads\/2024\/02\/cropped-cropped-logolu.webp\",\"width\":382,\"height\":170,\"caption\":\"admin\"},\"logo\":{\"@id\":\"https:\/\/luchonoticias.com\/editor\/#\/schema\/person\/image\/\"},\"sameAs\":[\"https:\/\/www.facebook.com\/luchonoticiasneiva\"]},{\"@type\":\"Person\",\"@id\":\"https:\/\/luchonoticias.com\/editor\/#\/schema\/person\/29217990ddf6f14e35912b2866d591fb\",\"name\":\"Editor General\",\"image\":{\"@type\":\"ImageObject\",\"inLanguage\":\"es\",\"@id\":\"https:\/\/luchonoticias.com\/editor\/#\/schema\/person\/image\/\",\"url\":\"https:\/\/luchonoticias.com\/editor\/wp-content\/uploads\/2024\/02\/cropped-cropped-logolu-150x150.webp\",\"contentUrl\":\"https:\/\/luchonoticias.com\/editor\/wp-content\/uploads\/2024\/02\/cropped-cropped-logolu-150x150.webp\",\"caption\":\"Editor General\"},\"sameAs\":[\"https:\/\/luchonoticias.com\/\"],\"url\":\"https:\/\/luchonoticias.com\/editor\/author\/editor-general\/\"}]}<\/script>\n<!-- \/ Yoast SEO plugin. -->","yoast_head_json":{"title":"En Plenaria solemne se rindi\u00f3 homenaje p\u00f3stumo al maestro Fernando Botero -","robots":{"index":"index","follow":"follow","max-snippet":"max-snippet:-1","max-image-preview":"max-image-preview:large","max-video-preview":"max-video-preview:-1"},"canonical":"https:\/\/luchonoticias.com\/editor\/en-plenaria-solemne-se-rindio-homenaje-postumo-al-maestro-fernando-botero\/","og_locale":"es_ES","og_type":"article","og_title":"En Plenaria solemne se rindi\u00f3 homenaje p\u00f3stumo al maestro Fernando Botero -","og_url":"https:\/\/luchonoticias.com\/editor\/en-plenaria-solemne-se-rindio-homenaje-postumo-al-maestro-fernando-botero\/","article_publisher":"https:\/\/www.facebook.com\/luchonoticiasneiva","article_published_time":"2023-09-25T18:33:17+00:00","article_modified_time":"2023-09-25T18:33:40+00:00","og_image":[{"url":"https:\/\/luchonoticias.com\/wp-content\/uploads\/2023\/09\/f73946cb-465d-4230-a247-2782af418a3a-1024x682.jpeg","type":"","width":"","height":""}],"author":"Editor General","twitter_card":"summary_large_image","twitter_misc":{"Escrito por":"Editor General","Tiempo de lectura":"4 minutos"},"schema":{"@context":"https:\/\/schema.org","@graph":[{"@type":"Article","@id":"https:\/\/luchonoticias.com\/editor\/en-plenaria-solemne-se-rindio-homenaje-postumo-al-maestro-fernando-botero\/#article","isPartOf":{"@id":"https:\/\/luchonoticias.com\/editor\/en-plenaria-solemne-se-rindio-homenaje-postumo-al-maestro-fernando-botero\/"},"author":{"name":"Editor General","@id":"https:\/\/luchonoticias.com\/editor\/#\/schema\/person\/29217990ddf6f14e35912b2866d591fb"},"headline":"En Plenaria solemne se rindi\u00f3 homenaje p\u00f3stumo al maestro Fernando Botero","datePublished":"2023-09-25T18:33:17+00:00","dateModified":"2023-09-25T18:33:40+00:00","mainEntityOfPage":{"@id":"https:\/\/luchonoticias.com\/editor\/en-plenaria-solemne-se-rindio-homenaje-postumo-al-maestro-fernando-botero\/"},"wordCount":768,"commentCount":0,"publisher":{"@id":"https:\/\/luchonoticias.com\/editor\/#\/schema\/person\/7a7fd911f58561fd056dbac7b55af9cd"},"image":{"@id":"https:\/\/luchonoticias.com\/editor\/en-plenaria-solemne-se-rindio-homenaje-postumo-al-maestro-fernando-botero\/#primaryimage"},"thumbnailUrl":"https:\/\/luchonoticias.com\/wp-content\/uploads\/2023\/09\/f73946cb-465d-4230-a247-2782af418a3a-1024x682.jpeg","articleSection":["Actualidad","Destacado"],"inLanguage":"es","potentialAction":[{"@type":"CommentAction","name":"Comment","target":["https:\/\/luchonoticias.com\/editor\/en-plenaria-solemne-se-rindio-homenaje-postumo-al-maestro-fernando-botero\/#respond"]}]},{"@type":"WebPage","@id":"https:\/\/luchonoticias.com\/editor\/en-plenaria-solemne-se-rindio-homenaje-postumo-al-maestro-fernando-botero\/","url":"https:\/\/luchonoticias.com\/editor\/en-plenaria-solemne-se-rindio-homenaje-postumo-al-maestro-fernando-botero\/","name":"En Plenaria solemne se rindi\u00f3 homenaje p\u00f3stumo al maestro Fernando Botero -","isPartOf":{"@id":"https:\/\/luchonoticias.com\/editor\/#website"},"primaryImageOfPage":{"@id":"https:\/\/luchonoticias.com\/editor\/en-plenaria-solemne-se-rindio-homenaje-postumo-al-maestro-fernando-botero\/#primaryimage"},"image":{"@id":"https:\/\/luchonoticias.com\/editor\/en-plenaria-solemne-se-rindio-homenaje-postumo-al-maestro-fernando-botero\/#primaryimage"},"thumbnailUrl":"https:\/\/luchonoticias.com\/wp-content\/uploads\/2023\/09\/f73946cb-465d-4230-a247-2782af418a3a-1024x682.jpeg","datePublished":"2023-09-25T18:33:17+00:00","dateModified":"2023-09-25T18:33:40+00:00","breadcrumb":{"@id":"https:\/\/luchonoticias.com\/editor\/en-plenaria-solemne-se-rindio-homenaje-postumo-al-maestro-fernando-botero\/#breadcrumb"},"inLanguage":"es","potentialAction":[{"@type":"ReadAction","target":["https:\/\/luchonoticias.com\/editor\/en-plenaria-solemne-se-rindio-homenaje-postumo-al-maestro-fernando-botero\/"]}]},{"@type":"ImageObject","inLanguage":"es","@id":"https:\/\/luchonoticias.com\/editor\/en-plenaria-solemne-se-rindio-homenaje-postumo-al-maestro-fernando-botero\/#primaryimage","url":"https:\/\/luchonoticias.com\/wp-content\/uploads\/2023\/09\/f73946cb-465d-4230-a247-2782af418a3a-1024x682.jpeg","contentUrl":"https:\/\/luchonoticias.com\/wp-content\/uploads\/2023\/09\/f73946cb-465d-4230-a247-2782af418a3a-1024x682.jpeg"},{"@type":"BreadcrumbList","@id":"https:\/\/luchonoticias.com\/editor\/en-plenaria-solemne-se-rindio-homenaje-postumo-al-maestro-fernando-botero\/#breadcrumb","itemListElement":[{"@type":"ListItem","position":1,"name":"Portada","item":"https:\/\/luchonoticias.com\/editor\/"},{"@type":"ListItem","position":2,"name":"En Plenaria solemne se rindi\u00f3 homenaje p\u00f3stumo al maestro Fernando Botero"}]},{"@type":"WebSite","@id":"https:\/\/luchonoticias.com\/editor\/#website","url":"https:\/\/luchonoticias.com\/editor\/","name":"","description":"","publisher":{"@id":"https:\/\/luchonoticias.com\/editor\/#\/schema\/person\/7a7fd911f58561fd056dbac7b55af9cd"},"potentialAction":[{"@type":"SearchAction","target":{"@type":"EntryPoint","urlTemplate":"https:\/\/luchonoticias.com\/editor\/?s={search_term_string}"},"query-input":{"@type":"PropertyValueSpecification","valueRequired":true,"valueName":"search_term_string"}}],"inLanguage":"es"},{"@type":["Person","Organization"],"@id":"https:\/\/luchonoticias.com\/editor\/#\/schema\/person\/7a7fd911f58561fd056dbac7b55af9cd","name":"admin","image":{"@type":"ImageObject","inLanguage":"es","@id":"https:\/\/luchonoticias.com\/editor\/#\/schema\/person\/image\/","url":"https:\/\/luchonoticias.com\/editor\/wp-content\/uploads\/2024\/02\/cropped-cropped-logolu.webp","contentUrl":"https:\/\/luchonoticias.com\/editor\/wp-content\/uploads\/2024\/02\/cropped-cropped-logolu.webp","width":382,"height":170,"caption":"admin"},"logo":{"@id":"https:\/\/luchonoticias.com\/editor\/#\/schema\/person\/image\/"},"sameAs":["https:\/\/www.facebook.com\/luchonoticiasneiva"]},{"@type":"Person","@id":"https:\/\/luchonoticias.com\/editor\/#\/schema\/person\/29217990ddf6f14e35912b2866d591fb","name":"Editor General","image":{"@type":"ImageObject","inLanguage":"es","@id":"https:\/\/luchonoticias.com\/editor\/#\/schema\/person\/image\/","url":"https:\/\/luchonoticias.com\/editor\/wp-content\/uploads\/2024\/02\/cropped-cropped-logolu-150x150.webp","contentUrl":"https:\/\/luchonoticias.com\/editor\/wp-content\/uploads\/2024\/02\/cropped-cropped-logolu-150x150.webp","caption":"Editor General"},"sameAs":["https:\/\/luchonoticias.com\/"],"url":"https:\/\/luchonoticias.com\/editor\/author\/editor-general\/"}]}},"_links":{"self":[{"href":"https:\/\/luchonoticias.com\/editor\/wp-json\/wp\/v2\/posts\/61001","targetHints":{"allow":["GET"]}}],"collection":[{"href":"https:\/\/luchonoticias.com\/editor\/wp-json\/wp\/v2\/posts"}],"about":[{"href":"https:\/\/luchonoticias.com\/editor\/wp-json\/wp\/v2\/types\/post"}],"author":[{"embeddable":true,"href":"https:\/\/luchonoticias.com\/editor\/wp-json\/wp\/v2\/users\/2"}],"replies":[{"embeddable":true,"href":"https:\/\/luchonoticias.com\/editor\/wp-json\/wp\/v2\/comments?post=61001"}],"version-history":[{"count":0,"href":"https:\/\/luchonoticias.com\/editor\/wp-json\/wp\/v2\/posts\/61001\/revisions"}],"wp:attachment":[{"href":"https:\/\/luchonoticias.com\/editor\/wp-json\/wp\/v2\/media?parent=61001"}],"wp:term":[{"taxonomy":"category","embeddable":true,"href":"https:\/\/luchonoticias.com\/editor\/wp-json\/wp\/v2\/categories?post=61001"},{"taxonomy":"post_tag","embeddable":true,"href":"https:\/\/luchonoticias.com\/editor\/wp-json\/wp\/v2\/tags?post=61001"}],"curies":[{"name":"wp","href":"https:\/\/api.w.org\/{rel}","templated":true}]}}