{"id":61005,"date":"2023-09-25T13:37:56","date_gmt":"2023-09-25T18:37:56","guid":{"rendered":"https:\/\/luchonoticias.com\/?p=61005"},"modified":"2023-09-25T13:37:57","modified_gmt":"2023-09-25T18:37:57","slug":"procuradora-solicita-a-mininterior-garantizar-que-las-marchas-no-sean-utilizadas-como-plataforma-politica-para-ningun-candidato","status":"publish","type":"post","link":"https:\/\/luchonoticias.com\/editor\/procuradora-solicita-a-mininterior-garantizar-que-las-marchas-no-sean-utilizadas-como-plataforma-politica-para-ningun-candidato\/","title":{"rendered":"Procuradora solicita a Mininterior, garantizar que las marchas no sean utilizadas como plataforma pol\u00edtica para ning\u00fan candidato"},"content":{"rendered":"\n<p>La Procuradora General de la Naci\u00f3n, Margarita Cabello Blanco, hizo un llamado al Ministerio del Interior, Luis Fernando Velasco, para que desde su cartera&nbsp;<strong>garantice que las marchas convocadas por el Gobierno Nacional para el pr\u00f3ximo 27 de septiembre,&nbsp;<em>\u201cno se conviertan en plataformas de impulso a alguna candidatura\u00bb<\/em>.&nbsp;&nbsp;<\/strong><\/p>\n\n\n\n<p>En la Comisi\u00f3n Nacional para la Coordinaci\u00f3n y Seguimiento a los Procesos Electorales realizada en la ciudad de Cali, mostr\u00f3 su preocupaci\u00f3n, ya que, organizaciones pol\u00edticas, candidatos y ciudadanos, le han manifestado al \u00f3rgano de control su&nbsp;<strong>preocupaci\u00f3n frente a la posibilidad de instrumentalizaci\u00f3n de las marchas convocadas por parte de algunos aspirantes a estos comicios.&nbsp;<\/strong><\/p>\n\n\n\n<p>La Procuradora General record\u00f3 que&nbsp;<strong>la jurisprudencia es clara en definir el criterio para entender la participaci\u00f3n en pol\u00edti<\/strong><strong>ca<\/strong>, acciones que ya han motivado sanciones a servidores p\u00fablicos.&nbsp;<em>\u201cDe&nbsp;diferentes pronunciamientos, especialmente del&nbsp;Consejo de Estado, se tiene como participaci\u00f3n en pol\u00edtica&nbsp;no s\u00f3lo el pedido expreso de votar por un candidato, sino que debe preverse como&nbsp;<strong>cualquier actuaci\u00f3n que genere en el imaginario colectivo, la realizaci\u00f3n de alianzas o apoyos que rompan con el equilibrio de la contienda\u201d.&nbsp;<\/strong><\/em><\/p>\n\n\n\n<p>Cabello Blanco advirti\u00f3 que, en caso de romperse el equilibrio en las contiendas, es facultad de los entes de control intervenir, para&nbsp;<strong>garantizar la transparencia y el cumplimiento de los derechos pol\u00edticos de los ciudadanos.&nbsp;<\/strong><\/p>\n\n\n\n<h4 class=\"wp-block-heading\">Seguridad, informaci\u00f3n y log\u00edstica<\/h4>\n\n\n\n<p>En su intervenci\u00f3n en la Comisi\u00f3n realizada en la capital del Valle del Cauca, volvi\u00f3 a solicitar al Gobierno Nacional para que<strong>&nbsp;se priorice de manera urgente el orden p\u00fablico en las pr\u00f3ximas elecciones.&nbsp;<\/strong><\/p>\n\n\n\n<p><em>\u201cMe preocupa profundamente que la democracia colombiana est\u00e9 nuevamente en riesgo a ra\u00edz&nbsp;<strong>del aumento de la violencia. Si no se garantizan unas elecciones libres, transparentes y seguras, el resultado necesariamente ser\u00e1 una democracia y una institucionalidad debilitada<\/strong>, y eso no lo podemos permitir\u201d.<\/em><\/p>\n\n\n\n<p>La Procuradora le reiter\u00f3 al Gobierno Nacional la importancia de&nbsp;<strong>unificar las fuentes de obtenci\u00f3n de informaci\u00f3n<\/strong>&nbsp;con el fin que,&nbsp;<em>\u201cdesde la institucionalidad, exista una \u00fanica fuente confiable que permita identificar las situaciones espec\u00edficas que ameriten medidas y seguimiento especial. As\u00ed evitamos situaciones de desinformaci\u00f3n\u201d<\/em>.<\/p>\n\n\n\n<p>Finalmente, se\u00f1al\u00f3 que le solicit\u00f3 al registrador, un informe sobre los hallazgos identificados en el primer simulacro de preconteo que se realiz\u00f3 en diferentes ciudades del pa\u00eds con la presencia de ingenieros de este ente de control, quienes llamaron la atenci\u00f3n sobre la&nbsp;<strong>ausencia de personal en los Centros de Recepci\u00f3n Telef\u00f3nica&nbsp;<\/strong>(CRT), problemas de comunicaciones entre los transmisores de los E-14 y los call center; baja participaci\u00f3n de auditores de los partidos pol\u00edticos y movimientos de ciudadanos, entre otros.&nbsp;<\/p>\n\n\n\n<p><em>\u201cDe acuerdo a lo mencionado, invito muy sinceramente a observar y analizar los citados hallazgos en aras de solucionar los inconvenientes presentados para, as\u00ed, garantizar un proceso electoral con todas las condiciones necesarias en materia t\u00e9cnica\u201d<\/em>, concluy\u00f3.<br><\/p>\n","protected":false},"excerpt":{"rendered":"<p>La Procuradora General de la Naci\u00f3n, Margarita Cabello Blanco, hizo un llamado al Ministerio del Interior, Luis Fernando Velasco, para que desde su cartera&nbsp;garantice que las marchas convocadas por el Gobierno Nacional para el pr\u00f3ximo 27 de septiembre,&nbsp;\u201cno se conviertan en plataformas de impulso a alguna candidatura\u00bb.&nbsp;&nbsp; En la Comisi\u00f3n Nacional para la Coordinaci\u00f3n y [&hellip;]<\/p>\n","protected":false},"author":2,"featured_media":0,"comment_status":"open","ping_status":"open","sticky":false,"template":"","format":"standard","meta":{"footnotes":""},"categories":[36,32],"tags":[],"class_list":["post-61005","post","type-post","status-publish","format-standard","hentry","category-destacado","category-nacional"],"yoast_head":"<!-- This site is optimized with the Yoast SEO plugin v26.6 - https:\/\/yoast.com\/wordpress\/plugins\/seo\/ -->\n<title>Procuradora solicita a Mininterior, garantizar que las marchas no sean utilizadas como plataforma pol\u00edtica para ning\u00fan candidato -<\/title>\n<meta name=\"robots\" content=\"index, follow, max-snippet:-1, max-image-preview:large, max-video-preview:-1\" \/>\n<link rel=\"canonical\" href=\"https:\/\/luchonoticias.com\/editor\/procuradora-solicita-a-mininterior-garantizar-que-las-marchas-no-sean-utilizadas-como-plataforma-politica-para-ningun-candidato\/\" \/>\n<meta property=\"og:locale\" content=\"es_ES\" \/>\n<meta property=\"og:type\" content=\"article\" \/>\n<meta property=\"og:title\" content=\"Procuradora solicita a Mininterior, garantizar que las marchas no sean utilizadas como plataforma pol\u00edtica para ning\u00fan candidato -\" \/>\n<meta property=\"og:url\" content=\"https:\/\/luchonoticias.com\/editor\/procuradora-solicita-a-mininterior-garantizar-que-las-marchas-no-sean-utilizadas-como-plataforma-politica-para-ningun-candidato\/\" \/>\n<meta property=\"article:publisher\" content=\"https:\/\/www.facebook.com\/luchonoticiasneiva\" \/>\n<meta property=\"article:published_time\" content=\"2023-09-25T18:37:56+00:00\" \/>\n<meta property=\"article:modified_time\" content=\"2023-09-25T18:37:57+00:00\" \/>\n<meta name=\"author\" content=\"Editor General\" \/>\n<meta name=\"twitter:card\" content=\"summary_large_image\" \/>\n<meta name=\"twitter:label1\" content=\"Escrito por\" \/>\n\t<meta name=\"twitter:data1\" content=\"Editor General\" \/>\n\t<meta name=\"twitter:label2\" content=\"Tiempo de lectura\" \/>\n\t<meta name=\"twitter:data2\" content=\"3 minutos\" \/>\n<script type=\"application\/ld+json\" class=\"yoast-schema-graph\">{\"@context\":\"https:\/\/schema.org\",\"@graph\":[{\"@type\":\"Article\",\"@id\":\"https:\/\/luchonoticias.com\/editor\/procuradora-solicita-a-mininterior-garantizar-que-las-marchas-no-sean-utilizadas-como-plataforma-politica-para-ningun-candidato\/#article\",\"isPartOf\":{\"@id\":\"https:\/\/luchonoticias.com\/editor\/procuradora-solicita-a-mininterior-garantizar-que-las-marchas-no-sean-utilizadas-como-plataforma-politica-para-ningun-candidato\/\"},\"author\":{\"name\":\"Editor General\",\"@id\":\"https:\/\/luchonoticias.com\/editor\/#\/schema\/person\/29217990ddf6f14e35912b2866d591fb\"},\"headline\":\"Procuradora solicita a Mininterior, garantizar que las marchas no sean utilizadas como plataforma pol\u00edtica para ning\u00fan candidato\",\"datePublished\":\"2023-09-25T18:37:56+00:00\",\"dateModified\":\"2023-09-25T18:37:57+00:00\",\"mainEntityOfPage\":{\"@id\":\"https:\/\/luchonoticias.com\/editor\/procuradora-solicita-a-mininterior-garantizar-que-las-marchas-no-sean-utilizadas-como-plataforma-politica-para-ningun-candidato\/\"},\"wordCount\":543,\"commentCount\":0,\"publisher\":{\"@id\":\"https:\/\/luchonoticias.com\/editor\/#\/schema\/person\/7a7fd911f58561fd056dbac7b55af9cd\"},\"articleSection\":[\"Destacado\",\"Nacional\"],\"inLanguage\":\"es\",\"potentialAction\":[{\"@type\":\"CommentAction\",\"name\":\"Comment\",\"target\":[\"https:\/\/luchonoticias.com\/editor\/procuradora-solicita-a-mininterior-garantizar-que-las-marchas-no-sean-utilizadas-como-plataforma-politica-para-ningun-candidato\/#respond\"]}]},{\"@type\":\"WebPage\",\"@id\":\"https:\/\/luchonoticias.com\/editor\/procuradora-solicita-a-mininterior-garantizar-que-las-marchas-no-sean-utilizadas-como-plataforma-politica-para-ningun-candidato\/\",\"url\":\"https:\/\/luchonoticias.com\/editor\/procuradora-solicita-a-mininterior-garantizar-que-las-marchas-no-sean-utilizadas-como-plataforma-politica-para-ningun-candidato\/\",\"name\":\"Procuradora solicita a Mininterior, garantizar que las marchas no sean utilizadas como plataforma pol\u00edtica para ning\u00fan candidato -\",\"isPartOf\":{\"@id\":\"https:\/\/luchonoticias.com\/editor\/#website\"},\"datePublished\":\"2023-09-25T18:37:56+00:00\",\"dateModified\":\"2023-09-25T18:37:57+00:00\",\"breadcrumb\":{\"@id\":\"https:\/\/luchonoticias.com\/editor\/procuradora-solicita-a-mininterior-garantizar-que-las-marchas-no-sean-utilizadas-como-plataforma-politica-para-ningun-candidato\/#breadcrumb\"},\"inLanguage\":\"es\",\"potentialAction\":[{\"@type\":\"ReadAction\",\"target\":[\"https:\/\/luchonoticias.com\/editor\/procuradora-solicita-a-mininterior-garantizar-que-las-marchas-no-sean-utilizadas-como-plataforma-politica-para-ningun-candidato\/\"]}]},{\"@type\":\"BreadcrumbList\",\"@id\":\"https:\/\/luchonoticias.com\/editor\/procuradora-solicita-a-mininterior-garantizar-que-las-marchas-no-sean-utilizadas-como-plataforma-politica-para-ningun-candidato\/#breadcrumb\",\"itemListElement\":[{\"@type\":\"ListItem\",\"position\":1,\"name\":\"Portada\",\"item\":\"https:\/\/luchonoticias.com\/editor\/\"},{\"@type\":\"ListItem\",\"position\":2,\"name\":\"Procuradora solicita a Mininterior, garantizar que las marchas no sean utilizadas como plataforma pol\u00edtica para ning\u00fan candidato\"}]},{\"@type\":\"WebSite\",\"@id\":\"https:\/\/luchonoticias.com\/editor\/#website\",\"url\":\"https:\/\/luchonoticias.com\/editor\/\",\"name\":\"\",\"description\":\"\",\"publisher\":{\"@id\":\"https:\/\/luchonoticias.com\/editor\/#\/schema\/person\/7a7fd911f58561fd056dbac7b55af9cd\"},\"potentialAction\":[{\"@type\":\"SearchAction\",\"target\":{\"@type\":\"EntryPoint\",\"urlTemplate\":\"https:\/\/luchonoticias.com\/editor\/?s={search_term_string}\"},\"query-input\":{\"@type\":\"PropertyValueSpecification\",\"valueRequired\":true,\"valueName\":\"search_term_string\"}}],\"inLanguage\":\"es\"},{\"@type\":[\"Person\",\"Organization\"],\"@id\":\"https:\/\/luchonoticias.com\/editor\/#\/schema\/person\/7a7fd911f58561fd056dbac7b55af9cd\",\"name\":\"admin\",\"image\":{\"@type\":\"ImageObject\",\"inLanguage\":\"es\",\"@id\":\"https:\/\/luchonoticias.com\/editor\/#\/schema\/person\/image\/\",\"url\":\"https:\/\/luchonoticias.com\/editor\/wp-content\/uploads\/2024\/02\/cropped-cropped-logolu.webp\",\"contentUrl\":\"https:\/\/luchonoticias.com\/editor\/wp-content\/uploads\/2024\/02\/cropped-cropped-logolu.webp\",\"width\":382,\"height\":170,\"caption\":\"admin\"},\"logo\":{\"@id\":\"https:\/\/luchonoticias.com\/editor\/#\/schema\/person\/image\/\"},\"sameAs\":[\"https:\/\/www.facebook.com\/luchonoticiasneiva\"]},{\"@type\":\"Person\",\"@id\":\"https:\/\/luchonoticias.com\/editor\/#\/schema\/person\/29217990ddf6f14e35912b2866d591fb\",\"name\":\"Editor General\",\"image\":{\"@type\":\"ImageObject\",\"inLanguage\":\"es\",\"@id\":\"https:\/\/luchonoticias.com\/editor\/#\/schema\/person\/image\/\",\"url\":\"https:\/\/luchonoticias.com\/editor\/wp-content\/uploads\/2024\/02\/cropped-cropped-logolu-150x150.webp\",\"contentUrl\":\"https:\/\/luchonoticias.com\/editor\/wp-content\/uploads\/2024\/02\/cropped-cropped-logolu-150x150.webp\",\"caption\":\"Editor General\"},\"sameAs\":[\"https:\/\/luchonoticias.com\/\"],\"url\":\"https:\/\/luchonoticias.com\/editor\/author\/editor-general\/\"}]}<\/script>\n<!-- \/ Yoast SEO plugin. -->","yoast_head_json":{"title":"Procuradora solicita a Mininterior, garantizar que las marchas no sean utilizadas como plataforma pol\u00edtica para ning\u00fan candidato -","robots":{"index":"index","follow":"follow","max-snippet":"max-snippet:-1","max-image-preview":"max-image-preview:large","max-video-preview":"max-video-preview:-1"},"canonical":"https:\/\/luchonoticias.com\/editor\/procuradora-solicita-a-mininterior-garantizar-que-las-marchas-no-sean-utilizadas-como-plataforma-politica-para-ningun-candidato\/","og_locale":"es_ES","og_type":"article","og_title":"Procuradora solicita a Mininterior, garantizar que las marchas no sean utilizadas como plataforma pol\u00edtica para ning\u00fan candidato -","og_url":"https:\/\/luchonoticias.com\/editor\/procuradora-solicita-a-mininterior-garantizar-que-las-marchas-no-sean-utilizadas-como-plataforma-politica-para-ningun-candidato\/","article_publisher":"https:\/\/www.facebook.com\/luchonoticiasneiva","article_published_time":"2023-09-25T18:37:56+00:00","article_modified_time":"2023-09-25T18:37:57+00:00","author":"Editor General","twitter_card":"summary_large_image","twitter_misc":{"Escrito por":"Editor General","Tiempo de lectura":"3 minutos"},"schema":{"@context":"https:\/\/schema.org","@graph":[{"@type":"Article","@id":"https:\/\/luchonoticias.com\/editor\/procuradora-solicita-a-mininterior-garantizar-que-las-marchas-no-sean-utilizadas-como-plataforma-politica-para-ningun-candidato\/#article","isPartOf":{"@id":"https:\/\/luchonoticias.com\/editor\/procuradora-solicita-a-mininterior-garantizar-que-las-marchas-no-sean-utilizadas-como-plataforma-politica-para-ningun-candidato\/"},"author":{"name":"Editor General","@id":"https:\/\/luchonoticias.com\/editor\/#\/schema\/person\/29217990ddf6f14e35912b2866d591fb"},"headline":"Procuradora solicita a Mininterior, garantizar que las marchas no sean utilizadas como plataforma pol\u00edtica para ning\u00fan candidato","datePublished":"2023-09-25T18:37:56+00:00","dateModified":"2023-09-25T18:37:57+00:00","mainEntityOfPage":{"@id":"https:\/\/luchonoticias.com\/editor\/procuradora-solicita-a-mininterior-garantizar-que-las-marchas-no-sean-utilizadas-como-plataforma-politica-para-ningun-candidato\/"},"wordCount":543,"commentCount":0,"publisher":{"@id":"https:\/\/luchonoticias.com\/editor\/#\/schema\/person\/7a7fd911f58561fd056dbac7b55af9cd"},"articleSection":["Destacado","Nacional"],"inLanguage":"es","potentialAction":[{"@type":"CommentAction","name":"Comment","target":["https:\/\/luchonoticias.com\/editor\/procuradora-solicita-a-mininterior-garantizar-que-las-marchas-no-sean-utilizadas-como-plataforma-politica-para-ningun-candidato\/#respond"]}]},{"@type":"WebPage","@id":"https:\/\/luchonoticias.com\/editor\/procuradora-solicita-a-mininterior-garantizar-que-las-marchas-no-sean-utilizadas-como-plataforma-politica-para-ningun-candidato\/","url":"https:\/\/luchonoticias.com\/editor\/procuradora-solicita-a-mininterior-garantizar-que-las-marchas-no-sean-utilizadas-como-plataforma-politica-para-ningun-candidato\/","name":"Procuradora solicita a Mininterior, garantizar que las marchas no sean utilizadas como plataforma pol\u00edtica para ning\u00fan candidato -","isPartOf":{"@id":"https:\/\/luchonoticias.com\/editor\/#website"},"datePublished":"2023-09-25T18:37:56+00:00","dateModified":"2023-09-25T18:37:57+00:00","breadcrumb":{"@id":"https:\/\/luchonoticias.com\/editor\/procuradora-solicita-a-mininterior-garantizar-que-las-marchas-no-sean-utilizadas-como-plataforma-politica-para-ningun-candidato\/#breadcrumb"},"inLanguage":"es","potentialAction":[{"@type":"ReadAction","target":["https:\/\/luchonoticias.com\/editor\/procuradora-solicita-a-mininterior-garantizar-que-las-marchas-no-sean-utilizadas-como-plataforma-politica-para-ningun-candidato\/"]}]},{"@type":"BreadcrumbList","@id":"https:\/\/luchonoticias.com\/editor\/procuradora-solicita-a-mininterior-garantizar-que-las-marchas-no-sean-utilizadas-como-plataforma-politica-para-ningun-candidato\/#breadcrumb","itemListElement":[{"@type":"ListItem","position":1,"name":"Portada","item":"https:\/\/luchonoticias.com\/editor\/"},{"@type":"ListItem","position":2,"name":"Procuradora solicita a Mininterior, garantizar que las marchas no sean utilizadas como plataforma pol\u00edtica para ning\u00fan candidato"}]},{"@type":"WebSite","@id":"https:\/\/luchonoticias.com\/editor\/#website","url":"https:\/\/luchonoticias.com\/editor\/","name":"","description":"","publisher":{"@id":"https:\/\/luchonoticias.com\/editor\/#\/schema\/person\/7a7fd911f58561fd056dbac7b55af9cd"},"potentialAction":[{"@type":"SearchAction","target":{"@type":"EntryPoint","urlTemplate":"https:\/\/luchonoticias.com\/editor\/?s={search_term_string}"},"query-input":{"@type":"PropertyValueSpecification","valueRequired":true,"valueName":"search_term_string"}}],"inLanguage":"es"},{"@type":["Person","Organization"],"@id":"https:\/\/luchonoticias.com\/editor\/#\/schema\/person\/7a7fd911f58561fd056dbac7b55af9cd","name":"admin","image":{"@type":"ImageObject","inLanguage":"es","@id":"https:\/\/luchonoticias.com\/editor\/#\/schema\/person\/image\/","url":"https:\/\/luchonoticias.com\/editor\/wp-content\/uploads\/2024\/02\/cropped-cropped-logolu.webp","contentUrl":"https:\/\/luchonoticias.com\/editor\/wp-content\/uploads\/2024\/02\/cropped-cropped-logolu.webp","width":382,"height":170,"caption":"admin"},"logo":{"@id":"https:\/\/luchonoticias.com\/editor\/#\/schema\/person\/image\/"},"sameAs":["https:\/\/www.facebook.com\/luchonoticiasneiva"]},{"@type":"Person","@id":"https:\/\/luchonoticias.com\/editor\/#\/schema\/person\/29217990ddf6f14e35912b2866d591fb","name":"Editor General","image":{"@type":"ImageObject","inLanguage":"es","@id":"https:\/\/luchonoticias.com\/editor\/#\/schema\/person\/image\/","url":"https:\/\/luchonoticias.com\/editor\/wp-content\/uploads\/2024\/02\/cropped-cropped-logolu-150x150.webp","contentUrl":"https:\/\/luchonoticias.com\/editor\/wp-content\/uploads\/2024\/02\/cropped-cropped-logolu-150x150.webp","caption":"Editor General"},"sameAs":["https:\/\/luchonoticias.com\/"],"url":"https:\/\/luchonoticias.com\/editor\/author\/editor-general\/"}]}},"_links":{"self":[{"href":"https:\/\/luchonoticias.com\/editor\/wp-json\/wp\/v2\/posts\/61005","targetHints":{"allow":["GET"]}}],"collection":[{"href":"https:\/\/luchonoticias.com\/editor\/wp-json\/wp\/v2\/posts"}],"about":[{"href":"https:\/\/luchonoticias.com\/editor\/wp-json\/wp\/v2\/types\/post"}],"author":[{"embeddable":true,"href":"https:\/\/luchonoticias.com\/editor\/wp-json\/wp\/v2\/users\/2"}],"replies":[{"embeddable":true,"href":"https:\/\/luchonoticias.com\/editor\/wp-json\/wp\/v2\/comments?post=61005"}],"version-history":[{"count":0,"href":"https:\/\/luchonoticias.com\/editor\/wp-json\/wp\/v2\/posts\/61005\/revisions"}],"wp:attachment":[{"href":"https:\/\/luchonoticias.com\/editor\/wp-json\/wp\/v2\/media?parent=61005"}],"wp:term":[{"taxonomy":"category","embeddable":true,"href":"https:\/\/luchonoticias.com\/editor\/wp-json\/wp\/v2\/categories?post=61005"},{"taxonomy":"post_tag","embeddable":true,"href":"https:\/\/luchonoticias.com\/editor\/wp-json\/wp\/v2\/tags?post=61005"}],"curies":[{"name":"wp","href":"https:\/\/api.w.org\/{rel}","templated":true}]}}