{"id":61222,"date":"2023-09-28T11:18:08","date_gmt":"2023-09-28T16:18:08","guid":{"rendered":"https:\/\/luchonoticias.com\/?p=61222"},"modified":"2023-09-28T11:18:09","modified_gmt":"2023-09-28T16:18:09","slug":"fallecio-obrero-atrapado-por-alud-de-tierra-en-el-microcentro-de-neiva","status":"publish","type":"post","link":"https:\/\/luchonoticias.com\/editor\/fallecio-obrero-atrapado-por-alud-de-tierra-en-el-microcentro-de-neiva\/","title":{"rendered":"Falleci\u00f3 obrero atrapado por alud de tierra en el microcentro de Neiva"},"content":{"rendered":"\n<p>Las Ceibas &#8211; Empresas P\u00fablicas de Neiva, expresa un mensaje de solidaridad y condolencias a los familiares y amigos del se\u00f1or Edwin Mairon Rodney Andrade Quiguazu, de 28 a\u00f1os de edad, oriundo del municipio de Campoalegre, quien falleci\u00f3 el d\u00eda mi\u00e9rcoles en circunstancias que a\u00fan son materia de investigaci\u00f3n por parte del Consorcio Optimizaci\u00f3n C4, contratista de la obra.<\/p>\n\n\n\n<p>Frente a los hechos Las Ceibas EPN informa que:<\/p>\n\n\n\n<ol class=\"wp-block-list\">\n<li>El contrato de obra 230 de 2023 por medio del cual se optimizan la red de alcantarillado de aguas residuales en varios sectores de los barrios Centro, Estadio y San Pedro, de la Comuna 4 de la ciudad de Neiva, se encuentra al d\u00eda en sus p\u00f3lizas que incluyen cubrimiento en caso de accidente, as\u00ed como tambi\u00e9n se encuentran vigentes los requerimientos de seguridad, sistema de gesti\u00f3n y ARL respectivamente.<\/li>\n\n\n\n<li>Se les solicit\u00f3 a los consorciados un informe detallado en el que se expliquen los hechos as\u00ed como los cronogramas de obra, dentro de los cuales se debe hacer claridad de los procesos y avances que tiene lugar con \u00e9sta.<\/li>\n\n\n\n<li>Las Ceibas &#8211; Empresas P\u00fablicas de Neiva, se encuentra adelantando todos los procedimientos que conduzcan al esclarecimiento de los hechos, manteniendo los conductos regulares y brindando a la comunidad neivana toda la informaci\u00f3n necesaria.<\/li>\n<\/ol>\n","protected":false},"excerpt":{"rendered":"<p>Las Ceibas &#8211; Empresas P\u00fablicas de Neiva, expresa un mensaje de solidaridad y condolencias a los familiares y amigos del se\u00f1or Edwin Mairon Rodney Andrade Quiguazu, de 28 a\u00f1os de edad, oriundo del municipio de Campoalegre, quien falleci\u00f3 el d\u00eda mi\u00e9rcoles en circunstancias que a\u00fan son materia de investigaci\u00f3n por parte del Consorcio Optimizaci\u00f3n C4, [&hellip;]<\/p>\n","protected":false},"author":2,"featured_media":0,"comment_status":"open","ping_status":"open","sticky":false,"template":"","format":"standard","meta":{"footnotes":""},"categories":[36,29],"tags":[],"class_list":["post-61222","post","type-post","status-publish","format-standard","hentry","category-destacado","category-judicial"],"yoast_head":"<!-- This site is optimized with the Yoast SEO plugin v26.6 - https:\/\/yoast.com\/wordpress\/plugins\/seo\/ -->\n<title>Falleci\u00f3 obrero atrapado por alud de tierra en el microcentro de Neiva -<\/title>\n<meta name=\"robots\" content=\"index, follow, max-snippet:-1, max-image-preview:large, max-video-preview:-1\" \/>\n<link rel=\"canonical\" href=\"https:\/\/luchonoticias.com\/editor\/fallecio-obrero-atrapado-por-alud-de-tierra-en-el-microcentro-de-neiva\/\" \/>\n<meta property=\"og:locale\" content=\"es_ES\" \/>\n<meta property=\"og:type\" content=\"article\" \/>\n<meta property=\"og:title\" content=\"Falleci\u00f3 obrero atrapado por alud de tierra en el microcentro de Neiva -\" \/>\n<meta property=\"og:url\" content=\"https:\/\/luchonoticias.com\/editor\/fallecio-obrero-atrapado-por-alud-de-tierra-en-el-microcentro-de-neiva\/\" \/>\n<meta property=\"article:publisher\" content=\"https:\/\/www.facebook.com\/luchonoticiasneiva\" \/>\n<meta property=\"article:published_time\" content=\"2023-09-28T16:18:08+00:00\" \/>\n<meta property=\"article:modified_time\" content=\"2023-09-28T16:18:09+00:00\" \/>\n<meta name=\"author\" content=\"Editor General\" \/>\n<meta name=\"twitter:card\" content=\"summary_large_image\" \/>\n<meta name=\"twitter:label1\" content=\"Escrito por\" \/>\n\t<meta name=\"twitter:data1\" content=\"Editor General\" \/>\n\t<meta name=\"twitter:label2\" content=\"Tiempo de lectura\" \/>\n\t<meta name=\"twitter:data2\" content=\"1 minuto\" \/>\n<script type=\"application\/ld+json\" class=\"yoast-schema-graph\">{\"@context\":\"https:\/\/schema.org\",\"@graph\":[{\"@type\":\"Article\",\"@id\":\"https:\/\/luchonoticias.com\/editor\/fallecio-obrero-atrapado-por-alud-de-tierra-en-el-microcentro-de-neiva\/#article\",\"isPartOf\":{\"@id\":\"https:\/\/luchonoticias.com\/editor\/fallecio-obrero-atrapado-por-alud-de-tierra-en-el-microcentro-de-neiva\/\"},\"author\":{\"name\":\"Editor General\",\"@id\":\"https:\/\/luchonoticias.com\/editor\/#\/schema\/person\/29217990ddf6f14e35912b2866d591fb\"},\"headline\":\"Falleci\u00f3 obrero atrapado por alud de tierra en el microcentro de Neiva\",\"datePublished\":\"2023-09-28T16:18:08+00:00\",\"dateModified\":\"2023-09-28T16:18:09+00:00\",\"mainEntityOfPage\":{\"@id\":\"https:\/\/luchonoticias.com\/editor\/fallecio-obrero-atrapado-por-alud-de-tierra-en-el-microcentro-de-neiva\/\"},\"wordCount\":234,\"commentCount\":0,\"publisher\":{\"@id\":\"https:\/\/luchonoticias.com\/editor\/#\/schema\/person\/7a7fd911f58561fd056dbac7b55af9cd\"},\"articleSection\":[\"Destacado\",\"Judicial\"],\"inLanguage\":\"es\",\"potentialAction\":[{\"@type\":\"CommentAction\",\"name\":\"Comment\",\"target\":[\"https:\/\/luchonoticias.com\/editor\/fallecio-obrero-atrapado-por-alud-de-tierra-en-el-microcentro-de-neiva\/#respond\"]}]},{\"@type\":\"WebPage\",\"@id\":\"https:\/\/luchonoticias.com\/editor\/fallecio-obrero-atrapado-por-alud-de-tierra-en-el-microcentro-de-neiva\/\",\"url\":\"https:\/\/luchonoticias.com\/editor\/fallecio-obrero-atrapado-por-alud-de-tierra-en-el-microcentro-de-neiva\/\",\"name\":\"Falleci\u00f3 obrero atrapado por alud de tierra en el microcentro de Neiva -\",\"isPartOf\":{\"@id\":\"https:\/\/luchonoticias.com\/editor\/#website\"},\"datePublished\":\"2023-09-28T16:18:08+00:00\",\"dateModified\":\"2023-09-28T16:18:09+00:00\",\"breadcrumb\":{\"@id\":\"https:\/\/luchonoticias.com\/editor\/fallecio-obrero-atrapado-por-alud-de-tierra-en-el-microcentro-de-neiva\/#breadcrumb\"},\"inLanguage\":\"es\",\"potentialAction\":[{\"@type\":\"ReadAction\",\"target\":[\"https:\/\/luchonoticias.com\/editor\/fallecio-obrero-atrapado-por-alud-de-tierra-en-el-microcentro-de-neiva\/\"]}]},{\"@type\":\"BreadcrumbList\",\"@id\":\"https:\/\/luchonoticias.com\/editor\/fallecio-obrero-atrapado-por-alud-de-tierra-en-el-microcentro-de-neiva\/#breadcrumb\",\"itemListElement\":[{\"@type\":\"ListItem\",\"position\":1,\"name\":\"Portada\",\"item\":\"https:\/\/luchonoticias.com\/editor\/\"},{\"@type\":\"ListItem\",\"position\":2,\"name\":\"Falleci\u00f3 obrero atrapado por alud de tierra en el microcentro de Neiva\"}]},{\"@type\":\"WebSite\",\"@id\":\"https:\/\/luchonoticias.com\/editor\/#website\",\"url\":\"https:\/\/luchonoticias.com\/editor\/\",\"name\":\"\",\"description\":\"\",\"publisher\":{\"@id\":\"https:\/\/luchonoticias.com\/editor\/#\/schema\/person\/7a7fd911f58561fd056dbac7b55af9cd\"},\"potentialAction\":[{\"@type\":\"SearchAction\",\"target\":{\"@type\":\"EntryPoint\",\"urlTemplate\":\"https:\/\/luchonoticias.com\/editor\/?s={search_term_string}\"},\"query-input\":{\"@type\":\"PropertyValueSpecification\",\"valueRequired\":true,\"valueName\":\"search_term_string\"}}],\"inLanguage\":\"es\"},{\"@type\":[\"Person\",\"Organization\"],\"@id\":\"https:\/\/luchonoticias.com\/editor\/#\/schema\/person\/7a7fd911f58561fd056dbac7b55af9cd\",\"name\":\"admin\",\"image\":{\"@type\":\"ImageObject\",\"inLanguage\":\"es\",\"@id\":\"https:\/\/luchonoticias.com\/editor\/#\/schema\/person\/image\/\",\"url\":\"https:\/\/luchonoticias.com\/editor\/wp-content\/uploads\/2024\/02\/cropped-cropped-logolu.webp\",\"contentUrl\":\"https:\/\/luchonoticias.com\/editor\/wp-content\/uploads\/2024\/02\/cropped-cropped-logolu.webp\",\"width\":382,\"height\":170,\"caption\":\"admin\"},\"logo\":{\"@id\":\"https:\/\/luchonoticias.com\/editor\/#\/schema\/person\/image\/\"},\"sameAs\":[\"https:\/\/www.facebook.com\/luchonoticiasneiva\"]},{\"@type\":\"Person\",\"@id\":\"https:\/\/luchonoticias.com\/editor\/#\/schema\/person\/29217990ddf6f14e35912b2866d591fb\",\"name\":\"Editor General\",\"image\":{\"@type\":\"ImageObject\",\"inLanguage\":\"es\",\"@id\":\"https:\/\/luchonoticias.com\/editor\/#\/schema\/person\/image\/\",\"url\":\"https:\/\/luchonoticias.com\/editor\/wp-content\/uploads\/2024\/02\/cropped-cropped-logolu-150x150.webp\",\"contentUrl\":\"https:\/\/luchonoticias.com\/editor\/wp-content\/uploads\/2024\/02\/cropped-cropped-logolu-150x150.webp\",\"caption\":\"Editor General\"},\"sameAs\":[\"https:\/\/luchonoticias.com\/\"],\"url\":\"https:\/\/luchonoticias.com\/editor\/author\/editor-general\/\"}]}<\/script>\n<!-- \/ Yoast SEO plugin. -->","yoast_head_json":{"title":"Falleci\u00f3 obrero atrapado por alud de tierra en el microcentro de Neiva -","robots":{"index":"index","follow":"follow","max-snippet":"max-snippet:-1","max-image-preview":"max-image-preview:large","max-video-preview":"max-video-preview:-1"},"canonical":"https:\/\/luchonoticias.com\/editor\/fallecio-obrero-atrapado-por-alud-de-tierra-en-el-microcentro-de-neiva\/","og_locale":"es_ES","og_type":"article","og_title":"Falleci\u00f3 obrero atrapado por alud de tierra en el microcentro de Neiva -","og_url":"https:\/\/luchonoticias.com\/editor\/fallecio-obrero-atrapado-por-alud-de-tierra-en-el-microcentro-de-neiva\/","article_publisher":"https:\/\/www.facebook.com\/luchonoticiasneiva","article_published_time":"2023-09-28T16:18:08+00:00","article_modified_time":"2023-09-28T16:18:09+00:00","author":"Editor General","twitter_card":"summary_large_image","twitter_misc":{"Escrito por":"Editor General","Tiempo de lectura":"1 minuto"},"schema":{"@context":"https:\/\/schema.org","@graph":[{"@type":"Article","@id":"https:\/\/luchonoticias.com\/editor\/fallecio-obrero-atrapado-por-alud-de-tierra-en-el-microcentro-de-neiva\/#article","isPartOf":{"@id":"https:\/\/luchonoticias.com\/editor\/fallecio-obrero-atrapado-por-alud-de-tierra-en-el-microcentro-de-neiva\/"},"author":{"name":"Editor General","@id":"https:\/\/luchonoticias.com\/editor\/#\/schema\/person\/29217990ddf6f14e35912b2866d591fb"},"headline":"Falleci\u00f3 obrero atrapado por alud de tierra en el microcentro de Neiva","datePublished":"2023-09-28T16:18:08+00:00","dateModified":"2023-09-28T16:18:09+00:00","mainEntityOfPage":{"@id":"https:\/\/luchonoticias.com\/editor\/fallecio-obrero-atrapado-por-alud-de-tierra-en-el-microcentro-de-neiva\/"},"wordCount":234,"commentCount":0,"publisher":{"@id":"https:\/\/luchonoticias.com\/editor\/#\/schema\/person\/7a7fd911f58561fd056dbac7b55af9cd"},"articleSection":["Destacado","Judicial"],"inLanguage":"es","potentialAction":[{"@type":"CommentAction","name":"Comment","target":["https:\/\/luchonoticias.com\/editor\/fallecio-obrero-atrapado-por-alud-de-tierra-en-el-microcentro-de-neiva\/#respond"]}]},{"@type":"WebPage","@id":"https:\/\/luchonoticias.com\/editor\/fallecio-obrero-atrapado-por-alud-de-tierra-en-el-microcentro-de-neiva\/","url":"https:\/\/luchonoticias.com\/editor\/fallecio-obrero-atrapado-por-alud-de-tierra-en-el-microcentro-de-neiva\/","name":"Falleci\u00f3 obrero atrapado por alud de tierra en el microcentro de Neiva -","isPartOf":{"@id":"https:\/\/luchonoticias.com\/editor\/#website"},"datePublished":"2023-09-28T16:18:08+00:00","dateModified":"2023-09-28T16:18:09+00:00","breadcrumb":{"@id":"https:\/\/luchonoticias.com\/editor\/fallecio-obrero-atrapado-por-alud-de-tierra-en-el-microcentro-de-neiva\/#breadcrumb"},"inLanguage":"es","potentialAction":[{"@type":"ReadAction","target":["https:\/\/luchonoticias.com\/editor\/fallecio-obrero-atrapado-por-alud-de-tierra-en-el-microcentro-de-neiva\/"]}]},{"@type":"BreadcrumbList","@id":"https:\/\/luchonoticias.com\/editor\/fallecio-obrero-atrapado-por-alud-de-tierra-en-el-microcentro-de-neiva\/#breadcrumb","itemListElement":[{"@type":"ListItem","position":1,"name":"Portada","item":"https:\/\/luchonoticias.com\/editor\/"},{"@type":"ListItem","position":2,"name":"Falleci\u00f3 obrero atrapado por alud de tierra en el microcentro de Neiva"}]},{"@type":"WebSite","@id":"https:\/\/luchonoticias.com\/editor\/#website","url":"https:\/\/luchonoticias.com\/editor\/","name":"","description":"","publisher":{"@id":"https:\/\/luchonoticias.com\/editor\/#\/schema\/person\/7a7fd911f58561fd056dbac7b55af9cd"},"potentialAction":[{"@type":"SearchAction","target":{"@type":"EntryPoint","urlTemplate":"https:\/\/luchonoticias.com\/editor\/?s={search_term_string}"},"query-input":{"@type":"PropertyValueSpecification","valueRequired":true,"valueName":"search_term_string"}}],"inLanguage":"es"},{"@type":["Person","Organization"],"@id":"https:\/\/luchonoticias.com\/editor\/#\/schema\/person\/7a7fd911f58561fd056dbac7b55af9cd","name":"admin","image":{"@type":"ImageObject","inLanguage":"es","@id":"https:\/\/luchonoticias.com\/editor\/#\/schema\/person\/image\/","url":"https:\/\/luchonoticias.com\/editor\/wp-content\/uploads\/2024\/02\/cropped-cropped-logolu.webp","contentUrl":"https:\/\/luchonoticias.com\/editor\/wp-content\/uploads\/2024\/02\/cropped-cropped-logolu.webp","width":382,"height":170,"caption":"admin"},"logo":{"@id":"https:\/\/luchonoticias.com\/editor\/#\/schema\/person\/image\/"},"sameAs":["https:\/\/www.facebook.com\/luchonoticiasneiva"]},{"@type":"Person","@id":"https:\/\/luchonoticias.com\/editor\/#\/schema\/person\/29217990ddf6f14e35912b2866d591fb","name":"Editor General","image":{"@type":"ImageObject","inLanguage":"es","@id":"https:\/\/luchonoticias.com\/editor\/#\/schema\/person\/image\/","url":"https:\/\/luchonoticias.com\/editor\/wp-content\/uploads\/2024\/02\/cropped-cropped-logolu-150x150.webp","contentUrl":"https:\/\/luchonoticias.com\/editor\/wp-content\/uploads\/2024\/02\/cropped-cropped-logolu-150x150.webp","caption":"Editor General"},"sameAs":["https:\/\/luchonoticias.com\/"],"url":"https:\/\/luchonoticias.com\/editor\/author\/editor-general\/"}]}},"_links":{"self":[{"href":"https:\/\/luchonoticias.com\/editor\/wp-json\/wp\/v2\/posts\/61222","targetHints":{"allow":["GET"]}}],"collection":[{"href":"https:\/\/luchonoticias.com\/editor\/wp-json\/wp\/v2\/posts"}],"about":[{"href":"https:\/\/luchonoticias.com\/editor\/wp-json\/wp\/v2\/types\/post"}],"author":[{"embeddable":true,"href":"https:\/\/luchonoticias.com\/editor\/wp-json\/wp\/v2\/users\/2"}],"replies":[{"embeddable":true,"href":"https:\/\/luchonoticias.com\/editor\/wp-json\/wp\/v2\/comments?post=61222"}],"version-history":[{"count":0,"href":"https:\/\/luchonoticias.com\/editor\/wp-json\/wp\/v2\/posts\/61222\/revisions"}],"wp:attachment":[{"href":"https:\/\/luchonoticias.com\/editor\/wp-json\/wp\/v2\/media?parent=61222"}],"wp:term":[{"taxonomy":"category","embeddable":true,"href":"https:\/\/luchonoticias.com\/editor\/wp-json\/wp\/v2\/categories?post=61222"},{"taxonomy":"post_tag","embeddable":true,"href":"https:\/\/luchonoticias.com\/editor\/wp-json\/wp\/v2\/tags?post=61222"}],"curies":[{"name":"wp","href":"https:\/\/api.w.org\/{rel}","templated":true}]}}