{"id":61294,"date":"2023-09-29T14:55:39","date_gmt":"2023-09-29T19:55:39","guid":{"rendered":"https:\/\/luchonoticias.com\/?p=61294"},"modified":"2023-09-29T14:55:39","modified_gmt":"2023-09-29T19:55:39","slug":"procuraduria-hace-el-llamado-al-gobierno-nacional-de-garantizar-la-sostenibilidad-del-sistema-y-los-servicios-de-salud-de-los-colombianos-afectados-por-la-alerta-financiera-de-las-eps","status":"publish","type":"post","link":"https:\/\/luchonoticias.com\/editor\/procuraduria-hace-el-llamado-al-gobierno-nacional-de-garantizar-la-sostenibilidad-del-sistema-y-los-servicios-de-salud-de-los-colombianos-afectados-por-la-alerta-financiera-de-las-eps\/","title":{"rendered":"Procuradur\u00eda hace el llamado al Gobierno Nacional de garantizar la sostenibilidad del sistema y los servicios de salud de los colombianos afectados por la alerta financiera de las EPS"},"content":{"rendered":"\n<p>La&nbsp;Procuradur\u00eda General de la Naci\u00f3n&nbsp;<strong>requiri\u00f3 al ministro de Salud y Protecci\u00f3n Social<\/strong>, Guillermo Alfonso Jaramillo Mart\u00ednez, para que adopte medidas t\u00e9cnicas y financieras que permitan&nbsp;<strong>garantizar la prestaci\u00f3n de servicios de salud&nbsp;<\/strong>a los colombianos y&nbsp;<strong>prevenir un colapso del aseguramiento en salud<\/strong>.<\/p>\n\n\n\n<p>El Ministerio P\u00fablico realiza seguimiento a las razones t\u00e9cnicas y financieras que han desencadenado<strong>&nbsp;el d\u00e9ficit y desfinanciamiento de las entidades del sector salud<\/strong>, lo que conlleva un alto riesgo de vulneraci\u00f3n del derecho fundamental a la salud de los colombianos.&nbsp;<\/p>\n\n\n\n<p>Debido a esto, la entidad ha instado al&nbsp;Gobierno&nbsp;Nacional para que&nbsp;<strong>eval\u00fae y resuelva de manera efectiva<\/strong>&nbsp;aspectos como la insuficiencia de la Unidad de Pago por Capacitaci\u00f3n (UPC), es decir, los&nbsp;<strong>recursos que aseguran que los usuarios tengan el acceso<\/strong>&nbsp;oportuno y con calidad a los servicios de salud.&nbsp;<\/p>\n\n\n\n<p>En este mismo sentido, se requiri\u00f3 al Ministerio de Salud para que&nbsp;<strong>examine el monto de los recursos con los cuales se garantiza el acceso al Plan de Beneficios en Salud (PBS)<\/strong>&nbsp;estimando fen\u00f3menos como la inflaci\u00f3n, la inclusi\u00f3n de nuevas tecnolog\u00edas, los cambios demogr\u00e1ficos, el aumento en la frecuencia de uso de los servicios, la asimetr\u00eda en la asignaci\u00f3n de cargas de enfermedades y la siniestralidad entre otros.<\/p>\n\n\n\n<p>A su vez, la Procuradur\u00eda ha advertido sobre las denuncias por el&nbsp;<strong>pago inoportuno y la deuda que el Ministerio de Salud tiene con las aseguradoras (EPS)<\/strong>&nbsp;por concepto de servicios de salud que no son financiados con los recursos de la Unidad de Pago por Capitaci\u00f3n (UPC).<\/p>\n\n\n\n<p>Por tanto, la Delegada para Asuntos del Trabajo y la Seguridad Social ha requerido en reiteradas ocasiones una&nbsp;<strong>exhaustiva revisi\u00f3n de la metodolog\u00eda con la cual se define monto de la UPC<\/strong>, as\u00ed como de los procesos administrativos y de pago de los servicios de salud no incluidos en el Plan de beneficios en Salud (PBS).&nbsp;<\/p>\n\n\n\n<p>Finalmente, el ente de control anunci\u00f3 el inici\u00f3 de acciones disciplinarias con el prop\u00f3sito de investigar las posibles conductas u omisiones que contravienen la sostenibilidad y el adecuado flujo de los recursos del sector salud.\u200b<\/p>\n","protected":false},"excerpt":{"rendered":"<p>La&nbsp;Procuradur\u00eda General de la Naci\u00f3n&nbsp;requiri\u00f3 al ministro de Salud y Protecci\u00f3n Social, Guillermo Alfonso Jaramillo Mart\u00ednez, para que adopte medidas t\u00e9cnicas y financieras que permitan&nbsp;garantizar la prestaci\u00f3n de servicios de salud&nbsp;a los colombianos y&nbsp;prevenir un colapso del aseguramiento en salud. El Ministerio P\u00fablico realiza seguimiento a las razones t\u00e9cnicas y financieras que han desencadenado&nbsp;el d\u00e9ficit [&hellip;]<\/p>\n","protected":false},"author":2,"featured_media":0,"comment_status":"open","ping_status":"open","sticky":false,"template":"","format":"standard","meta":{"footnotes":""},"categories":[28,36],"tags":[],"class_list":["post-61294","post","type-post","status-publish","format-standard","hentry","category-actualidad","category-destacado"],"yoast_head":"<!-- This site is optimized with the Yoast SEO plugin v26.6 - https:\/\/yoast.com\/wordpress\/plugins\/seo\/ -->\n<title>Procuradur\u00eda hace el llamado al Gobierno Nacional de garantizar la sostenibilidad del sistema y los servicios de salud de los colombianos afectados por la alerta financiera de las EPS -<\/title>\n<meta name=\"robots\" content=\"index, follow, max-snippet:-1, max-image-preview:large, max-video-preview:-1\" \/>\n<link rel=\"canonical\" href=\"https:\/\/luchonoticias.com\/editor\/procuraduria-hace-el-llamado-al-gobierno-nacional-de-garantizar-la-sostenibilidad-del-sistema-y-los-servicios-de-salud-de-los-colombianos-afectados-por-la-alerta-financiera-de-las-eps\/\" \/>\n<meta property=\"og:locale\" content=\"es_ES\" \/>\n<meta property=\"og:type\" content=\"article\" \/>\n<meta property=\"og:title\" content=\"Procuradur\u00eda hace el llamado al Gobierno Nacional de garantizar la sostenibilidad del sistema y los servicios de salud de los colombianos afectados por la alerta financiera de las EPS -\" \/>\n<meta property=\"og:url\" content=\"https:\/\/luchonoticias.com\/editor\/procuraduria-hace-el-llamado-al-gobierno-nacional-de-garantizar-la-sostenibilidad-del-sistema-y-los-servicios-de-salud-de-los-colombianos-afectados-por-la-alerta-financiera-de-las-eps\/\" \/>\n<meta property=\"article:publisher\" content=\"https:\/\/www.facebook.com\/luchonoticiasneiva\" \/>\n<meta property=\"article:published_time\" content=\"2023-09-29T19:55:39+00:00\" \/>\n<meta name=\"author\" content=\"Editor General\" \/>\n<meta name=\"twitter:card\" content=\"summary_large_image\" \/>\n<meta name=\"twitter:label1\" content=\"Escrito por\" \/>\n\t<meta name=\"twitter:data1\" content=\"Editor General\" \/>\n\t<meta name=\"twitter:label2\" content=\"Tiempo de lectura\" \/>\n\t<meta name=\"twitter:data2\" content=\"2 minutos\" \/>\n<script type=\"application\/ld+json\" class=\"yoast-schema-graph\">{\"@context\":\"https:\/\/schema.org\",\"@graph\":[{\"@type\":\"Article\",\"@id\":\"https:\/\/luchonoticias.com\/editor\/procuraduria-hace-el-llamado-al-gobierno-nacional-de-garantizar-la-sostenibilidad-del-sistema-y-los-servicios-de-salud-de-los-colombianos-afectados-por-la-alerta-financiera-de-las-eps\/#article\",\"isPartOf\":{\"@id\":\"https:\/\/luchonoticias.com\/editor\/procuraduria-hace-el-llamado-al-gobierno-nacional-de-garantizar-la-sostenibilidad-del-sistema-y-los-servicios-de-salud-de-los-colombianos-afectados-por-la-alerta-financiera-de-las-eps\/\"},\"author\":{\"name\":\"Editor General\",\"@id\":\"https:\/\/luchonoticias.com\/editor\/#\/schema\/person\/29217990ddf6f14e35912b2866d591fb\"},\"headline\":\"Procuradur\u00eda hace el llamado al Gobierno Nacional de garantizar la sostenibilidad del sistema y los servicios de salud de los colombianos afectados por la alerta financiera de las EPS\",\"datePublished\":\"2023-09-29T19:55:39+00:00\",\"mainEntityOfPage\":{\"@id\":\"https:\/\/luchonoticias.com\/editor\/procuraduria-hace-el-llamado-al-gobierno-nacional-de-garantizar-la-sostenibilidad-del-sistema-y-los-servicios-de-salud-de-los-colombianos-afectados-por-la-alerta-financiera-de-las-eps\/\"},\"wordCount\":419,\"commentCount\":0,\"publisher\":{\"@id\":\"https:\/\/luchonoticias.com\/editor\/#\/schema\/person\/7a7fd911f58561fd056dbac7b55af9cd\"},\"articleSection\":[\"Actualidad\",\"Destacado\"],\"inLanguage\":\"es\",\"potentialAction\":[{\"@type\":\"CommentAction\",\"name\":\"Comment\",\"target\":[\"https:\/\/luchonoticias.com\/editor\/procuraduria-hace-el-llamado-al-gobierno-nacional-de-garantizar-la-sostenibilidad-del-sistema-y-los-servicios-de-salud-de-los-colombianos-afectados-por-la-alerta-financiera-de-las-eps\/#respond\"]}]},{\"@type\":\"WebPage\",\"@id\":\"https:\/\/luchonoticias.com\/editor\/procuraduria-hace-el-llamado-al-gobierno-nacional-de-garantizar-la-sostenibilidad-del-sistema-y-los-servicios-de-salud-de-los-colombianos-afectados-por-la-alerta-financiera-de-las-eps\/\",\"url\":\"https:\/\/luchonoticias.com\/editor\/procuraduria-hace-el-llamado-al-gobierno-nacional-de-garantizar-la-sostenibilidad-del-sistema-y-los-servicios-de-salud-de-los-colombianos-afectados-por-la-alerta-financiera-de-las-eps\/\",\"name\":\"Procuradur\u00eda hace el llamado al Gobierno Nacional de garantizar la sostenibilidad del sistema y los servicios de salud de los colombianos afectados por la alerta financiera de las EPS -\",\"isPartOf\":{\"@id\":\"https:\/\/luchonoticias.com\/editor\/#website\"},\"datePublished\":\"2023-09-29T19:55:39+00:00\",\"breadcrumb\":{\"@id\":\"https:\/\/luchonoticias.com\/editor\/procuraduria-hace-el-llamado-al-gobierno-nacional-de-garantizar-la-sostenibilidad-del-sistema-y-los-servicios-de-salud-de-los-colombianos-afectados-por-la-alerta-financiera-de-las-eps\/#breadcrumb\"},\"inLanguage\":\"es\",\"potentialAction\":[{\"@type\":\"ReadAction\",\"target\":[\"https:\/\/luchonoticias.com\/editor\/procuraduria-hace-el-llamado-al-gobierno-nacional-de-garantizar-la-sostenibilidad-del-sistema-y-los-servicios-de-salud-de-los-colombianos-afectados-por-la-alerta-financiera-de-las-eps\/\"]}]},{\"@type\":\"BreadcrumbList\",\"@id\":\"https:\/\/luchonoticias.com\/editor\/procuraduria-hace-el-llamado-al-gobierno-nacional-de-garantizar-la-sostenibilidad-del-sistema-y-los-servicios-de-salud-de-los-colombianos-afectados-por-la-alerta-financiera-de-las-eps\/#breadcrumb\",\"itemListElement\":[{\"@type\":\"ListItem\",\"position\":1,\"name\":\"Portada\",\"item\":\"https:\/\/luchonoticias.com\/editor\/\"},{\"@type\":\"ListItem\",\"position\":2,\"name\":\"Procuradur\u00eda hace el llamado al Gobierno Nacional de garantizar la sostenibilidad del sistema y los servicios de salud de los colombianos afectados por la alerta financiera de las EPS\"}]},{\"@type\":\"WebSite\",\"@id\":\"https:\/\/luchonoticias.com\/editor\/#website\",\"url\":\"https:\/\/luchonoticias.com\/editor\/\",\"name\":\"\",\"description\":\"\",\"publisher\":{\"@id\":\"https:\/\/luchonoticias.com\/editor\/#\/schema\/person\/7a7fd911f58561fd056dbac7b55af9cd\"},\"potentialAction\":[{\"@type\":\"SearchAction\",\"target\":{\"@type\":\"EntryPoint\",\"urlTemplate\":\"https:\/\/luchonoticias.com\/editor\/?s={search_term_string}\"},\"query-input\":{\"@type\":\"PropertyValueSpecification\",\"valueRequired\":true,\"valueName\":\"search_term_string\"}}],\"inLanguage\":\"es\"},{\"@type\":[\"Person\",\"Organization\"],\"@id\":\"https:\/\/luchonoticias.com\/editor\/#\/schema\/person\/7a7fd911f58561fd056dbac7b55af9cd\",\"name\":\"admin\",\"image\":{\"@type\":\"ImageObject\",\"inLanguage\":\"es\",\"@id\":\"https:\/\/luchonoticias.com\/editor\/#\/schema\/person\/image\/\",\"url\":\"https:\/\/luchonoticias.com\/editor\/wp-content\/uploads\/2024\/02\/cropped-cropped-logolu.webp\",\"contentUrl\":\"https:\/\/luchonoticias.com\/editor\/wp-content\/uploads\/2024\/02\/cropped-cropped-logolu.webp\",\"width\":382,\"height\":170,\"caption\":\"admin\"},\"logo\":{\"@id\":\"https:\/\/luchonoticias.com\/editor\/#\/schema\/person\/image\/\"},\"sameAs\":[\"https:\/\/www.facebook.com\/luchonoticiasneiva\"]},{\"@type\":\"Person\",\"@id\":\"https:\/\/luchonoticias.com\/editor\/#\/schema\/person\/29217990ddf6f14e35912b2866d591fb\",\"name\":\"Editor General\",\"image\":{\"@type\":\"ImageObject\",\"inLanguage\":\"es\",\"@id\":\"https:\/\/luchonoticias.com\/editor\/#\/schema\/person\/image\/\",\"url\":\"https:\/\/luchonoticias.com\/editor\/wp-content\/uploads\/2024\/02\/cropped-cropped-logolu-150x150.webp\",\"contentUrl\":\"https:\/\/luchonoticias.com\/editor\/wp-content\/uploads\/2024\/02\/cropped-cropped-logolu-150x150.webp\",\"caption\":\"Editor General\"},\"sameAs\":[\"https:\/\/luchonoticias.com\/\"],\"url\":\"https:\/\/luchonoticias.com\/editor\/author\/editor-general\/\"}]}<\/script>\n<!-- \/ Yoast SEO plugin. -->","yoast_head_json":{"title":"Procuradur\u00eda hace el llamado al Gobierno Nacional de garantizar la sostenibilidad del sistema y los servicios de salud de los colombianos afectados por la alerta financiera de las EPS -","robots":{"index":"index","follow":"follow","max-snippet":"max-snippet:-1","max-image-preview":"max-image-preview:large","max-video-preview":"max-video-preview:-1"},"canonical":"https:\/\/luchonoticias.com\/editor\/procuraduria-hace-el-llamado-al-gobierno-nacional-de-garantizar-la-sostenibilidad-del-sistema-y-los-servicios-de-salud-de-los-colombianos-afectados-por-la-alerta-financiera-de-las-eps\/","og_locale":"es_ES","og_type":"article","og_title":"Procuradur\u00eda hace el llamado al Gobierno Nacional de garantizar la sostenibilidad del sistema y los servicios de salud de los colombianos afectados por la alerta financiera de las EPS -","og_url":"https:\/\/luchonoticias.com\/editor\/procuraduria-hace-el-llamado-al-gobierno-nacional-de-garantizar-la-sostenibilidad-del-sistema-y-los-servicios-de-salud-de-los-colombianos-afectados-por-la-alerta-financiera-de-las-eps\/","article_publisher":"https:\/\/www.facebook.com\/luchonoticiasneiva","article_published_time":"2023-09-29T19:55:39+00:00","author":"Editor General","twitter_card":"summary_large_image","twitter_misc":{"Escrito por":"Editor General","Tiempo de lectura":"2 minutos"},"schema":{"@context":"https:\/\/schema.org","@graph":[{"@type":"Article","@id":"https:\/\/luchonoticias.com\/editor\/procuraduria-hace-el-llamado-al-gobierno-nacional-de-garantizar-la-sostenibilidad-del-sistema-y-los-servicios-de-salud-de-los-colombianos-afectados-por-la-alerta-financiera-de-las-eps\/#article","isPartOf":{"@id":"https:\/\/luchonoticias.com\/editor\/procuraduria-hace-el-llamado-al-gobierno-nacional-de-garantizar-la-sostenibilidad-del-sistema-y-los-servicios-de-salud-de-los-colombianos-afectados-por-la-alerta-financiera-de-las-eps\/"},"author":{"name":"Editor General","@id":"https:\/\/luchonoticias.com\/editor\/#\/schema\/person\/29217990ddf6f14e35912b2866d591fb"},"headline":"Procuradur\u00eda hace el llamado al Gobierno Nacional de garantizar la sostenibilidad del sistema y los servicios de salud de los colombianos afectados por la alerta financiera de las EPS","datePublished":"2023-09-29T19:55:39+00:00","mainEntityOfPage":{"@id":"https:\/\/luchonoticias.com\/editor\/procuraduria-hace-el-llamado-al-gobierno-nacional-de-garantizar-la-sostenibilidad-del-sistema-y-los-servicios-de-salud-de-los-colombianos-afectados-por-la-alerta-financiera-de-las-eps\/"},"wordCount":419,"commentCount":0,"publisher":{"@id":"https:\/\/luchonoticias.com\/editor\/#\/schema\/person\/7a7fd911f58561fd056dbac7b55af9cd"},"articleSection":["Actualidad","Destacado"],"inLanguage":"es","potentialAction":[{"@type":"CommentAction","name":"Comment","target":["https:\/\/luchonoticias.com\/editor\/procuraduria-hace-el-llamado-al-gobierno-nacional-de-garantizar-la-sostenibilidad-del-sistema-y-los-servicios-de-salud-de-los-colombianos-afectados-por-la-alerta-financiera-de-las-eps\/#respond"]}]},{"@type":"WebPage","@id":"https:\/\/luchonoticias.com\/editor\/procuraduria-hace-el-llamado-al-gobierno-nacional-de-garantizar-la-sostenibilidad-del-sistema-y-los-servicios-de-salud-de-los-colombianos-afectados-por-la-alerta-financiera-de-las-eps\/","url":"https:\/\/luchonoticias.com\/editor\/procuraduria-hace-el-llamado-al-gobierno-nacional-de-garantizar-la-sostenibilidad-del-sistema-y-los-servicios-de-salud-de-los-colombianos-afectados-por-la-alerta-financiera-de-las-eps\/","name":"Procuradur\u00eda hace el llamado al Gobierno Nacional de garantizar la sostenibilidad del sistema y los servicios de salud de los colombianos afectados por la alerta financiera de las EPS -","isPartOf":{"@id":"https:\/\/luchonoticias.com\/editor\/#website"},"datePublished":"2023-09-29T19:55:39+00:00","breadcrumb":{"@id":"https:\/\/luchonoticias.com\/editor\/procuraduria-hace-el-llamado-al-gobierno-nacional-de-garantizar-la-sostenibilidad-del-sistema-y-los-servicios-de-salud-de-los-colombianos-afectados-por-la-alerta-financiera-de-las-eps\/#breadcrumb"},"inLanguage":"es","potentialAction":[{"@type":"ReadAction","target":["https:\/\/luchonoticias.com\/editor\/procuraduria-hace-el-llamado-al-gobierno-nacional-de-garantizar-la-sostenibilidad-del-sistema-y-los-servicios-de-salud-de-los-colombianos-afectados-por-la-alerta-financiera-de-las-eps\/"]}]},{"@type":"BreadcrumbList","@id":"https:\/\/luchonoticias.com\/editor\/procuraduria-hace-el-llamado-al-gobierno-nacional-de-garantizar-la-sostenibilidad-del-sistema-y-los-servicios-de-salud-de-los-colombianos-afectados-por-la-alerta-financiera-de-las-eps\/#breadcrumb","itemListElement":[{"@type":"ListItem","position":1,"name":"Portada","item":"https:\/\/luchonoticias.com\/editor\/"},{"@type":"ListItem","position":2,"name":"Procuradur\u00eda hace el llamado al Gobierno Nacional de garantizar la sostenibilidad del sistema y los servicios de salud de los colombianos afectados por la alerta financiera de las EPS"}]},{"@type":"WebSite","@id":"https:\/\/luchonoticias.com\/editor\/#website","url":"https:\/\/luchonoticias.com\/editor\/","name":"","description":"","publisher":{"@id":"https:\/\/luchonoticias.com\/editor\/#\/schema\/person\/7a7fd911f58561fd056dbac7b55af9cd"},"potentialAction":[{"@type":"SearchAction","target":{"@type":"EntryPoint","urlTemplate":"https:\/\/luchonoticias.com\/editor\/?s={search_term_string}"},"query-input":{"@type":"PropertyValueSpecification","valueRequired":true,"valueName":"search_term_string"}}],"inLanguage":"es"},{"@type":["Person","Organization"],"@id":"https:\/\/luchonoticias.com\/editor\/#\/schema\/person\/7a7fd911f58561fd056dbac7b55af9cd","name":"admin","image":{"@type":"ImageObject","inLanguage":"es","@id":"https:\/\/luchonoticias.com\/editor\/#\/schema\/person\/image\/","url":"https:\/\/luchonoticias.com\/editor\/wp-content\/uploads\/2024\/02\/cropped-cropped-logolu.webp","contentUrl":"https:\/\/luchonoticias.com\/editor\/wp-content\/uploads\/2024\/02\/cropped-cropped-logolu.webp","width":382,"height":170,"caption":"admin"},"logo":{"@id":"https:\/\/luchonoticias.com\/editor\/#\/schema\/person\/image\/"},"sameAs":["https:\/\/www.facebook.com\/luchonoticiasneiva"]},{"@type":"Person","@id":"https:\/\/luchonoticias.com\/editor\/#\/schema\/person\/29217990ddf6f14e35912b2866d591fb","name":"Editor General","image":{"@type":"ImageObject","inLanguage":"es","@id":"https:\/\/luchonoticias.com\/editor\/#\/schema\/person\/image\/","url":"https:\/\/luchonoticias.com\/editor\/wp-content\/uploads\/2024\/02\/cropped-cropped-logolu-150x150.webp","contentUrl":"https:\/\/luchonoticias.com\/editor\/wp-content\/uploads\/2024\/02\/cropped-cropped-logolu-150x150.webp","caption":"Editor General"},"sameAs":["https:\/\/luchonoticias.com\/"],"url":"https:\/\/luchonoticias.com\/editor\/author\/editor-general\/"}]}},"_links":{"self":[{"href":"https:\/\/luchonoticias.com\/editor\/wp-json\/wp\/v2\/posts\/61294","targetHints":{"allow":["GET"]}}],"collection":[{"href":"https:\/\/luchonoticias.com\/editor\/wp-json\/wp\/v2\/posts"}],"about":[{"href":"https:\/\/luchonoticias.com\/editor\/wp-json\/wp\/v2\/types\/post"}],"author":[{"embeddable":true,"href":"https:\/\/luchonoticias.com\/editor\/wp-json\/wp\/v2\/users\/2"}],"replies":[{"embeddable":true,"href":"https:\/\/luchonoticias.com\/editor\/wp-json\/wp\/v2\/comments?post=61294"}],"version-history":[{"count":0,"href":"https:\/\/luchonoticias.com\/editor\/wp-json\/wp\/v2\/posts\/61294\/revisions"}],"wp:attachment":[{"href":"https:\/\/luchonoticias.com\/editor\/wp-json\/wp\/v2\/media?parent=61294"}],"wp:term":[{"taxonomy":"category","embeddable":true,"href":"https:\/\/luchonoticias.com\/editor\/wp-json\/wp\/v2\/categories?post=61294"},{"taxonomy":"post_tag","embeddable":true,"href":"https:\/\/luchonoticias.com\/editor\/wp-json\/wp\/v2\/tags?post=61294"}],"curies":[{"name":"wp","href":"https:\/\/api.w.org\/{rel}","templated":true}]}}