{"id":61328,"date":"2023-09-30T16:26:41","date_gmt":"2023-09-30T21:26:41","guid":{"rendered":"https:\/\/luchonoticias.com\/?p=61328"},"modified":"2023-09-30T16:26:42","modified_gmt":"2023-09-30T21:26:42","slug":"capturado-sujeto-que-presuntamente-realizo-tocamientos-a-una-menor-de-14-anos-de-edad","status":"publish","type":"post","link":"https:\/\/luchonoticias.com\/editor\/capturado-sujeto-que-presuntamente-realizo-tocamientos-a-una-menor-de-14-anos-de-edad\/","title":{"rendered":"Capturado sujeto que presuntamente realiz\u00f3 tocamientos a una menor de 14 a\u00f1os de edad"},"content":{"rendered":"\n<p>La Polic\u00eda Metropolitana, en desarrollo del plan choque \u00abseguridad 360\u00bb, logra la captura de un sujeto con orden judicial por el delito de actos sexuales abusivos en contra de un menor de edad.<\/p>\n\n\n\n<p>\u201cEs as\u00ed como unidades de la seccional de investigaci\u00f3n criminal SIJIN, llegan hasta el corregimiento La Ulloa y dan captura a un hombre conocido como \u00abMiguel\u00bb de 52 a\u00f1os de edad. Esta persona, quien gracias a la denuncia de la ciudadan\u00eda, presuntamente se encontraba realizando tocamientos a un menor el pasado mes de marzo del a\u00f1o 2021, mientras est\u00e9 se val\u00eda de ejercer como salvavidas en un centro vacacional\u201d, indicaron las autoridades en un comunicado.<\/p>\n\n\n\n<p>Asimismo, las fuentes oficiales dieron a conocer que el implicado tiene anotaciones judiciales por el delito de acceso carnal abusivo con menor de 14 a\u00f1os y fue dejado a disposici\u00f3n de la autoridad competente por el delito de Acto sexual con menor de 14 a\u00f1os, donde un juez de control y garant\u00edas decidir\u00e1 su situaci\u00f3n jur\u00eddica.<\/p>\n","protected":false},"excerpt":{"rendered":"<p>La Polic\u00eda Metropolitana, en desarrollo del plan choque \u00abseguridad 360\u00bb, logra la captura de un sujeto con orden judicial por el delito de actos sexuales abusivos en contra de un menor de edad. \u201cEs as\u00ed como unidades de la seccional de investigaci\u00f3n criminal SIJIN, llegan hasta el corregimiento La Ulloa y dan captura a un [&hellip;]<\/p>\n","protected":false},"author":2,"featured_media":0,"comment_status":"open","ping_status":"open","sticky":false,"template":"","format":"standard","meta":{"footnotes":""},"categories":[36,29],"tags":[],"class_list":["post-61328","post","type-post","status-publish","format-standard","hentry","category-destacado","category-judicial"],"yoast_head":"<!-- This site is optimized with the Yoast SEO plugin v26.6 - https:\/\/yoast.com\/wordpress\/plugins\/seo\/ -->\n<title>Capturado sujeto que presuntamente realiz\u00f3 tocamientos a una menor de 14 a\u00f1os de edad -<\/title>\n<meta name=\"robots\" content=\"index, follow, max-snippet:-1, max-image-preview:large, max-video-preview:-1\" \/>\n<link rel=\"canonical\" href=\"https:\/\/luchonoticias.com\/editor\/capturado-sujeto-que-presuntamente-realizo-tocamientos-a-una-menor-de-14-anos-de-edad\/\" \/>\n<meta property=\"og:locale\" content=\"es_ES\" \/>\n<meta property=\"og:type\" content=\"article\" \/>\n<meta property=\"og:title\" content=\"Capturado sujeto que presuntamente realiz\u00f3 tocamientos a una menor de 14 a\u00f1os de edad -\" \/>\n<meta property=\"og:url\" content=\"https:\/\/luchonoticias.com\/editor\/capturado-sujeto-que-presuntamente-realizo-tocamientos-a-una-menor-de-14-anos-de-edad\/\" \/>\n<meta property=\"article:publisher\" content=\"https:\/\/www.facebook.com\/luchonoticiasneiva\" \/>\n<meta property=\"article:published_time\" content=\"2023-09-30T21:26:41+00:00\" \/>\n<meta property=\"article:modified_time\" content=\"2023-09-30T21:26:42+00:00\" \/>\n<meta name=\"author\" content=\"Editor General\" \/>\n<meta name=\"twitter:card\" content=\"summary_large_image\" \/>\n<meta name=\"twitter:label1\" content=\"Escrito por\" \/>\n\t<meta name=\"twitter:data1\" content=\"Editor General\" \/>\n\t<meta name=\"twitter:label2\" content=\"Tiempo de lectura\" \/>\n\t<meta name=\"twitter:data2\" content=\"1 minuto\" \/>\n<script type=\"application\/ld+json\" class=\"yoast-schema-graph\">{\"@context\":\"https:\/\/schema.org\",\"@graph\":[{\"@type\":\"Article\",\"@id\":\"https:\/\/luchonoticias.com\/editor\/capturado-sujeto-que-presuntamente-realizo-tocamientos-a-una-menor-de-14-anos-de-edad\/#article\",\"isPartOf\":{\"@id\":\"https:\/\/luchonoticias.com\/editor\/capturado-sujeto-que-presuntamente-realizo-tocamientos-a-una-menor-de-14-anos-de-edad\/\"},\"author\":{\"name\":\"Editor General\",\"@id\":\"https:\/\/luchonoticias.com\/editor\/#\/schema\/person\/29217990ddf6f14e35912b2866d591fb\"},\"headline\":\"Capturado sujeto que presuntamente realiz\u00f3 tocamientos a una menor de 14 a\u00f1os de edad\",\"datePublished\":\"2023-09-30T21:26:41+00:00\",\"dateModified\":\"2023-09-30T21:26:42+00:00\",\"mainEntityOfPage\":{\"@id\":\"https:\/\/luchonoticias.com\/editor\/capturado-sujeto-que-presuntamente-realizo-tocamientos-a-una-menor-de-14-anos-de-edad\/\"},\"wordCount\":185,\"commentCount\":0,\"publisher\":{\"@id\":\"https:\/\/luchonoticias.com\/editor\/#\/schema\/person\/7a7fd911f58561fd056dbac7b55af9cd\"},\"articleSection\":[\"Destacado\",\"Judicial\"],\"inLanguage\":\"es\",\"potentialAction\":[{\"@type\":\"CommentAction\",\"name\":\"Comment\",\"target\":[\"https:\/\/luchonoticias.com\/editor\/capturado-sujeto-que-presuntamente-realizo-tocamientos-a-una-menor-de-14-anos-de-edad\/#respond\"]}]},{\"@type\":\"WebPage\",\"@id\":\"https:\/\/luchonoticias.com\/editor\/capturado-sujeto-que-presuntamente-realizo-tocamientos-a-una-menor-de-14-anos-de-edad\/\",\"url\":\"https:\/\/luchonoticias.com\/editor\/capturado-sujeto-que-presuntamente-realizo-tocamientos-a-una-menor-de-14-anos-de-edad\/\",\"name\":\"Capturado sujeto que presuntamente realiz\u00f3 tocamientos a una menor de 14 a\u00f1os de edad -\",\"isPartOf\":{\"@id\":\"https:\/\/luchonoticias.com\/editor\/#website\"},\"datePublished\":\"2023-09-30T21:26:41+00:00\",\"dateModified\":\"2023-09-30T21:26:42+00:00\",\"breadcrumb\":{\"@id\":\"https:\/\/luchonoticias.com\/editor\/capturado-sujeto-que-presuntamente-realizo-tocamientos-a-una-menor-de-14-anos-de-edad\/#breadcrumb\"},\"inLanguage\":\"es\",\"potentialAction\":[{\"@type\":\"ReadAction\",\"target\":[\"https:\/\/luchonoticias.com\/editor\/capturado-sujeto-que-presuntamente-realizo-tocamientos-a-una-menor-de-14-anos-de-edad\/\"]}]},{\"@type\":\"BreadcrumbList\",\"@id\":\"https:\/\/luchonoticias.com\/editor\/capturado-sujeto-que-presuntamente-realizo-tocamientos-a-una-menor-de-14-anos-de-edad\/#breadcrumb\",\"itemListElement\":[{\"@type\":\"ListItem\",\"position\":1,\"name\":\"Portada\",\"item\":\"https:\/\/luchonoticias.com\/editor\/\"},{\"@type\":\"ListItem\",\"position\":2,\"name\":\"Capturado sujeto que presuntamente realiz\u00f3 tocamientos a una menor de 14 a\u00f1os de edad\"}]},{\"@type\":\"WebSite\",\"@id\":\"https:\/\/luchonoticias.com\/editor\/#website\",\"url\":\"https:\/\/luchonoticias.com\/editor\/\",\"name\":\"\",\"description\":\"\",\"publisher\":{\"@id\":\"https:\/\/luchonoticias.com\/editor\/#\/schema\/person\/7a7fd911f58561fd056dbac7b55af9cd\"},\"potentialAction\":[{\"@type\":\"SearchAction\",\"target\":{\"@type\":\"EntryPoint\",\"urlTemplate\":\"https:\/\/luchonoticias.com\/editor\/?s={search_term_string}\"},\"query-input\":{\"@type\":\"PropertyValueSpecification\",\"valueRequired\":true,\"valueName\":\"search_term_string\"}}],\"inLanguage\":\"es\"},{\"@type\":[\"Person\",\"Organization\"],\"@id\":\"https:\/\/luchonoticias.com\/editor\/#\/schema\/person\/7a7fd911f58561fd056dbac7b55af9cd\",\"name\":\"admin\",\"image\":{\"@type\":\"ImageObject\",\"inLanguage\":\"es\",\"@id\":\"https:\/\/luchonoticias.com\/editor\/#\/schema\/person\/image\/\",\"url\":\"https:\/\/luchonoticias.com\/editor\/wp-content\/uploads\/2024\/02\/cropped-cropped-logolu.webp\",\"contentUrl\":\"https:\/\/luchonoticias.com\/editor\/wp-content\/uploads\/2024\/02\/cropped-cropped-logolu.webp\",\"width\":382,\"height\":170,\"caption\":\"admin\"},\"logo\":{\"@id\":\"https:\/\/luchonoticias.com\/editor\/#\/schema\/person\/image\/\"},\"sameAs\":[\"https:\/\/www.facebook.com\/luchonoticiasneiva\"]},{\"@type\":\"Person\",\"@id\":\"https:\/\/luchonoticias.com\/editor\/#\/schema\/person\/29217990ddf6f14e35912b2866d591fb\",\"name\":\"Editor General\",\"image\":{\"@type\":\"ImageObject\",\"inLanguage\":\"es\",\"@id\":\"https:\/\/luchonoticias.com\/editor\/#\/schema\/person\/image\/\",\"url\":\"https:\/\/luchonoticias.com\/editor\/wp-content\/uploads\/2024\/02\/cropped-cropped-logolu-150x150.webp\",\"contentUrl\":\"https:\/\/luchonoticias.com\/editor\/wp-content\/uploads\/2024\/02\/cropped-cropped-logolu-150x150.webp\",\"caption\":\"Editor General\"},\"sameAs\":[\"https:\/\/luchonoticias.com\/\"],\"url\":\"https:\/\/luchonoticias.com\/editor\/author\/editor-general\/\"}]}<\/script>\n<!-- \/ Yoast SEO plugin. -->","yoast_head_json":{"title":"Capturado sujeto que presuntamente realiz\u00f3 tocamientos a una menor de 14 a\u00f1os de edad -","robots":{"index":"index","follow":"follow","max-snippet":"max-snippet:-1","max-image-preview":"max-image-preview:large","max-video-preview":"max-video-preview:-1"},"canonical":"https:\/\/luchonoticias.com\/editor\/capturado-sujeto-que-presuntamente-realizo-tocamientos-a-una-menor-de-14-anos-de-edad\/","og_locale":"es_ES","og_type":"article","og_title":"Capturado sujeto que presuntamente realiz\u00f3 tocamientos a una menor de 14 a\u00f1os de edad -","og_url":"https:\/\/luchonoticias.com\/editor\/capturado-sujeto-que-presuntamente-realizo-tocamientos-a-una-menor-de-14-anos-de-edad\/","article_publisher":"https:\/\/www.facebook.com\/luchonoticiasneiva","article_published_time":"2023-09-30T21:26:41+00:00","article_modified_time":"2023-09-30T21:26:42+00:00","author":"Editor General","twitter_card":"summary_large_image","twitter_misc":{"Escrito por":"Editor General","Tiempo de lectura":"1 minuto"},"schema":{"@context":"https:\/\/schema.org","@graph":[{"@type":"Article","@id":"https:\/\/luchonoticias.com\/editor\/capturado-sujeto-que-presuntamente-realizo-tocamientos-a-una-menor-de-14-anos-de-edad\/#article","isPartOf":{"@id":"https:\/\/luchonoticias.com\/editor\/capturado-sujeto-que-presuntamente-realizo-tocamientos-a-una-menor-de-14-anos-de-edad\/"},"author":{"name":"Editor General","@id":"https:\/\/luchonoticias.com\/editor\/#\/schema\/person\/29217990ddf6f14e35912b2866d591fb"},"headline":"Capturado sujeto que presuntamente realiz\u00f3 tocamientos a una menor de 14 a\u00f1os de edad","datePublished":"2023-09-30T21:26:41+00:00","dateModified":"2023-09-30T21:26:42+00:00","mainEntityOfPage":{"@id":"https:\/\/luchonoticias.com\/editor\/capturado-sujeto-que-presuntamente-realizo-tocamientos-a-una-menor-de-14-anos-de-edad\/"},"wordCount":185,"commentCount":0,"publisher":{"@id":"https:\/\/luchonoticias.com\/editor\/#\/schema\/person\/7a7fd911f58561fd056dbac7b55af9cd"},"articleSection":["Destacado","Judicial"],"inLanguage":"es","potentialAction":[{"@type":"CommentAction","name":"Comment","target":["https:\/\/luchonoticias.com\/editor\/capturado-sujeto-que-presuntamente-realizo-tocamientos-a-una-menor-de-14-anos-de-edad\/#respond"]}]},{"@type":"WebPage","@id":"https:\/\/luchonoticias.com\/editor\/capturado-sujeto-que-presuntamente-realizo-tocamientos-a-una-menor-de-14-anos-de-edad\/","url":"https:\/\/luchonoticias.com\/editor\/capturado-sujeto-que-presuntamente-realizo-tocamientos-a-una-menor-de-14-anos-de-edad\/","name":"Capturado sujeto que presuntamente realiz\u00f3 tocamientos a una menor de 14 a\u00f1os de edad -","isPartOf":{"@id":"https:\/\/luchonoticias.com\/editor\/#website"},"datePublished":"2023-09-30T21:26:41+00:00","dateModified":"2023-09-30T21:26:42+00:00","breadcrumb":{"@id":"https:\/\/luchonoticias.com\/editor\/capturado-sujeto-que-presuntamente-realizo-tocamientos-a-una-menor-de-14-anos-de-edad\/#breadcrumb"},"inLanguage":"es","potentialAction":[{"@type":"ReadAction","target":["https:\/\/luchonoticias.com\/editor\/capturado-sujeto-que-presuntamente-realizo-tocamientos-a-una-menor-de-14-anos-de-edad\/"]}]},{"@type":"BreadcrumbList","@id":"https:\/\/luchonoticias.com\/editor\/capturado-sujeto-que-presuntamente-realizo-tocamientos-a-una-menor-de-14-anos-de-edad\/#breadcrumb","itemListElement":[{"@type":"ListItem","position":1,"name":"Portada","item":"https:\/\/luchonoticias.com\/editor\/"},{"@type":"ListItem","position":2,"name":"Capturado sujeto que presuntamente realiz\u00f3 tocamientos a una menor de 14 a\u00f1os de edad"}]},{"@type":"WebSite","@id":"https:\/\/luchonoticias.com\/editor\/#website","url":"https:\/\/luchonoticias.com\/editor\/","name":"","description":"","publisher":{"@id":"https:\/\/luchonoticias.com\/editor\/#\/schema\/person\/7a7fd911f58561fd056dbac7b55af9cd"},"potentialAction":[{"@type":"SearchAction","target":{"@type":"EntryPoint","urlTemplate":"https:\/\/luchonoticias.com\/editor\/?s={search_term_string}"},"query-input":{"@type":"PropertyValueSpecification","valueRequired":true,"valueName":"search_term_string"}}],"inLanguage":"es"},{"@type":["Person","Organization"],"@id":"https:\/\/luchonoticias.com\/editor\/#\/schema\/person\/7a7fd911f58561fd056dbac7b55af9cd","name":"admin","image":{"@type":"ImageObject","inLanguage":"es","@id":"https:\/\/luchonoticias.com\/editor\/#\/schema\/person\/image\/","url":"https:\/\/luchonoticias.com\/editor\/wp-content\/uploads\/2024\/02\/cropped-cropped-logolu.webp","contentUrl":"https:\/\/luchonoticias.com\/editor\/wp-content\/uploads\/2024\/02\/cropped-cropped-logolu.webp","width":382,"height":170,"caption":"admin"},"logo":{"@id":"https:\/\/luchonoticias.com\/editor\/#\/schema\/person\/image\/"},"sameAs":["https:\/\/www.facebook.com\/luchonoticiasneiva"]},{"@type":"Person","@id":"https:\/\/luchonoticias.com\/editor\/#\/schema\/person\/29217990ddf6f14e35912b2866d591fb","name":"Editor General","image":{"@type":"ImageObject","inLanguage":"es","@id":"https:\/\/luchonoticias.com\/editor\/#\/schema\/person\/image\/","url":"https:\/\/luchonoticias.com\/editor\/wp-content\/uploads\/2024\/02\/cropped-cropped-logolu-150x150.webp","contentUrl":"https:\/\/luchonoticias.com\/editor\/wp-content\/uploads\/2024\/02\/cropped-cropped-logolu-150x150.webp","caption":"Editor General"},"sameAs":["https:\/\/luchonoticias.com\/"],"url":"https:\/\/luchonoticias.com\/editor\/author\/editor-general\/"}]}},"_links":{"self":[{"href":"https:\/\/luchonoticias.com\/editor\/wp-json\/wp\/v2\/posts\/61328","targetHints":{"allow":["GET"]}}],"collection":[{"href":"https:\/\/luchonoticias.com\/editor\/wp-json\/wp\/v2\/posts"}],"about":[{"href":"https:\/\/luchonoticias.com\/editor\/wp-json\/wp\/v2\/types\/post"}],"author":[{"embeddable":true,"href":"https:\/\/luchonoticias.com\/editor\/wp-json\/wp\/v2\/users\/2"}],"replies":[{"embeddable":true,"href":"https:\/\/luchonoticias.com\/editor\/wp-json\/wp\/v2\/comments?post=61328"}],"version-history":[{"count":0,"href":"https:\/\/luchonoticias.com\/editor\/wp-json\/wp\/v2\/posts\/61328\/revisions"}],"wp:attachment":[{"href":"https:\/\/luchonoticias.com\/editor\/wp-json\/wp\/v2\/media?parent=61328"}],"wp:term":[{"taxonomy":"category","embeddable":true,"href":"https:\/\/luchonoticias.com\/editor\/wp-json\/wp\/v2\/categories?post=61328"},{"taxonomy":"post_tag","embeddable":true,"href":"https:\/\/luchonoticias.com\/editor\/wp-json\/wp\/v2\/tags?post=61328"}],"curies":[{"name":"wp","href":"https:\/\/api.w.org\/{rel}","templated":true}]}}