{"id":61366,"date":"2023-10-01T17:51:16","date_gmt":"2023-10-01T22:51:16","guid":{"rendered":"https:\/\/luchonoticias.com\/?p=61366"},"modified":"2023-12-04T15:49:37","modified_gmt":"2023-12-04T20:49:37","slug":"instaladas-terceras-sesiones-ordinarias-del-concejo-de-neiva","status":"publish","type":"post","link":"https:\/\/luchonoticias.com\/editor\/instaladas-terceras-sesiones-ordinarias-del-concejo-de-neiva\/","title":{"rendered":"Instaladas terceras sesiones ordinarias del Concejo de Neiva"},"content":{"rendered":"\n<p>Con la presencia del alcalde de Neiva Gorky Mu\u00f1oz Calder\u00f3n y los honorables concejales, se instal\u00f3 el tercer periodo de sesiones ordinarias del Concejo Municipal con el que se culmina el periodo constitucional y en medio del cual se van a estudiar tres proyectos radicados por parte de la Administraci\u00f3n Municipal.<\/p>\n\n\n\n<p>En la instalaci\u00f3n de estas sesiones, el primer mandatario de los neivanos rindi\u00f3 informe a los concejales sobre avances de obras, inversi\u00f3n, ejecuci\u00f3n de proyectos, indicadores de bienestar y metas alcanzadas durante estos tres a\u00f1os y diez meses de gobierno.<\/p>\n\n\n\n<p>\u201cEn relaci\u00f3n al porcentaje de cumplimiento del plan de desarrollo en cada vigencia tenemos: 2020 un 78.99% de cumplimiento, 2021 un 76.67%, en el 2022 con 83.85% y en el 2023 a la fecha 62.16%, el cumplimiento acumulado en el plan de desarrollo a diciembre 31 del 2022 es del 78%\u201d, indic\u00f3 Mu\u00f1oz Calder\u00f3n.<\/p>\n\n\n\n<figure class=\"wp-block-gallery has-nested-images columns-default is-cropped wp-block-gallery-1 is-layout-flex wp-block-gallery-is-layout-flex\">\n<figure class=\"wp-block-image size-large\"><img decoding=\"async\" data-id=\"61368\" src=\"https:\/\/luchonoticias.com\/wp-content\/uploads\/2023\/10\/WhatsApp-Image-2023-10-01-at-5.31.48-PM-2-1024x683.jpeg\" alt=\"\" class=\"wp-image-61368\"\/><\/figure>\n\n\n\n<figure class=\"wp-block-image size-large\"><img decoding=\"async\" data-id=\"61369\" src=\"https:\/\/luchonoticias.com\/wp-content\/uploads\/2023\/10\/WhatsApp-Image-2023-10-01-at-5.31.48-PM-1-1024x683.jpeg\" alt=\"\" class=\"wp-image-61369\"\/><\/figure>\n<\/figure>\n\n\n\n<p>En relaci\u00f3n a la inversi\u00f3n del cr\u00e9dito de los 60.000 millones de pesos, el mandatario de los neivanos socializ\u00f3 que est\u00e1 en un 94% de inversi\u00f3n de los cuales se tiene un resultado exitoso con obras ya entregadas. Para el caso del cr\u00e9dito de los 25.000 millones de pesos, Mu\u00f1oz Calder\u00f3n sostuvo que pr\u00f3ximamente se ver\u00e1n los resultados de inversi\u00f3n con obras entregadas.<\/p>\n\n\n\n<p>Igualmente destac\u00f3 que hay 9 grandes proyectos en ejecuci\u00f3n dentro del que se encuentra la recuperaci\u00f3n de la malla vial y 14 proyectos ya terminados.<\/p>\n\n\n\n<p>La sesi\u00f3n estuvo presidida por el primer vicepresidente de la corporaci\u00f3n Juan Carlos Parada Moreno quien en sus palabras de instalaci\u00f3n sostuvo que \u201chasta el 31 de diciembre estaremos en la Corporaci\u00f3n estaremos asumiendo con \u00edmpetu y responsabilidad, como lo hemos hecho hasta ahora, el estudio de todos los proyectos que van a ser presentados por la Administraci\u00f3n Municipal\u201d.<\/p>\n\n\n\n<p>Finalizando su discurso, el alcalde de Neiva dijo que el municipio est\u00e1 dentro de las 10&nbsp; ciudades que genera estrategias para atacar la inseguridad, logrando bajar las cifras de los diferentes delitos seg\u00fan el Observatorio del Delito de la Polic\u00eda Nacional.<\/p>\n\n\n\n<figure class=\"wp-block-gallery has-nested-images columns-default is-cropped wp-block-gallery-2 is-layout-flex wp-block-gallery-is-layout-flex\">\n<figure class=\"wp-block-image size-large\"><img decoding=\"async\" data-id=\"61370\" src=\"https:\/\/luchonoticias.com\/wp-content\/uploads\/2023\/10\/WhatsApp-Image-2023-10-01-at-5.31.49-PM-1-1024x683.jpeg\" alt=\"\" class=\"wp-image-61370\"\/><\/figure>\n\n\n\n<figure class=\"wp-block-image size-large\"><img decoding=\"async\" data-id=\"61371\" src=\"https:\/\/luchonoticias.com\/wp-content\/uploads\/2023\/10\/WhatsApp-Image-2023-10-01-at-5.31.49-PM-1024x683.jpeg\" alt=\"\" class=\"wp-image-61371\"\/><\/figure>\n<\/figure>\n\n\n\n<p><strong>Proyectos<\/strong><\/p>\n\n\n\n<p>&#8211;&nbsp;&nbsp;&nbsp;&nbsp;&nbsp;&nbsp;&nbsp;&nbsp;&nbsp;&nbsp;&nbsp;&nbsp;&nbsp; Proyecto por medio del cual se adiciona el presupuesto general de rentas e ingresos y recursos de capital de gastos e inversiones del municipio de Neiva para el a\u00f1o fiscal 2023 mayor recaudo, rentas del municipio y recursos del super\u00e1vit fiscal a 31 de diciembre del 2022 sector educativo.<\/p>\n\n\n\n<p>&#8211;&nbsp;&nbsp;&nbsp;&nbsp;&nbsp;&nbsp;&nbsp;&nbsp;&nbsp;&nbsp;&nbsp;&nbsp;&nbsp; Proyecto por medio del cual se adoptan los presupuestos participativos en el municipio de Neiva- Huila.<\/p>\n\n\n\n<p>&#8211;&nbsp;&nbsp;&nbsp;&nbsp;&nbsp;&nbsp;&nbsp;&nbsp;&nbsp;&nbsp;&nbsp;&nbsp;&nbsp; Proyecto por medio del cual se modifica parcialmente el estatuto tributario municipal de Neiva y se dictan otras disposiciones.<\/p>\n","protected":false},"excerpt":{"rendered":"<p>Con la presencia del alcalde de Neiva Gorky Mu\u00f1oz Calder\u00f3n y los honorables concejales, se instal\u00f3 el tercer periodo de sesiones ordinarias del Concejo Municipal con el que se culmina el periodo constitucional y en medio del cual se van a estudiar tres proyectos radicados por parte de la Administraci\u00f3n Municipal. En la instalaci\u00f3n de [&hellip;]<\/p>\n","protected":false},"author":2,"featured_media":0,"comment_status":"open","ping_status":"open","sticky":false,"template":"","format":"standard","meta":{"footnotes":""},"categories":[36,617],"tags":[],"class_list":["post-61366","post","type-post","status-publish","format-standard","hentry","category-destacado","category-politica"],"yoast_head":"<!-- This site is optimized with the Yoast SEO plugin v26.6 - https:\/\/yoast.com\/wordpress\/plugins\/seo\/ -->\n<title>Instaladas terceras sesiones ordinarias del Concejo de Neiva -<\/title>\n<meta name=\"robots\" content=\"index, follow, max-snippet:-1, max-image-preview:large, max-video-preview:-1\" \/>\n<link rel=\"canonical\" href=\"https:\/\/luchonoticias.com\/editor\/instaladas-terceras-sesiones-ordinarias-del-concejo-de-neiva\/\" \/>\n<meta property=\"og:locale\" content=\"es_ES\" \/>\n<meta property=\"og:type\" content=\"article\" \/>\n<meta property=\"og:title\" content=\"Instaladas terceras sesiones ordinarias del Concejo de Neiva -\" \/>\n<meta property=\"og:url\" content=\"https:\/\/luchonoticias.com\/editor\/instaladas-terceras-sesiones-ordinarias-del-concejo-de-neiva\/\" \/>\n<meta property=\"article:publisher\" content=\"https:\/\/www.facebook.com\/luchonoticiasneiva\" \/>\n<meta property=\"article:published_time\" content=\"2023-10-01T22:51:16+00:00\" \/>\n<meta property=\"article:modified_time\" content=\"2023-12-04T20:49:37+00:00\" \/>\n<meta property=\"og:image\" content=\"https:\/\/luchonoticias.com\/wp-content\/uploads\/2023\/10\/WhatsApp-Image-2023-10-01-at-5.31.48-PM-2-1024x683.jpeg\" \/>\n<meta name=\"author\" content=\"Editor General\" \/>\n<meta name=\"twitter:card\" content=\"summary_large_image\" \/>\n<meta name=\"twitter:label1\" content=\"Escrito por\" \/>\n\t<meta name=\"twitter:data1\" content=\"Editor General\" \/>\n\t<meta name=\"twitter:label2\" content=\"Tiempo de lectura\" \/>\n\t<meta name=\"twitter:data2\" content=\"2 minutos\" \/>\n<script type=\"application\/ld+json\" class=\"yoast-schema-graph\">{\"@context\":\"https:\/\/schema.org\",\"@graph\":[{\"@type\":\"Article\",\"@id\":\"https:\/\/luchonoticias.com\/editor\/instaladas-terceras-sesiones-ordinarias-del-concejo-de-neiva\/#article\",\"isPartOf\":{\"@id\":\"https:\/\/luchonoticias.com\/editor\/instaladas-terceras-sesiones-ordinarias-del-concejo-de-neiva\/\"},\"author\":{\"name\":\"Editor General\",\"@id\":\"https:\/\/luchonoticias.com\/editor\/#\/schema\/person\/29217990ddf6f14e35912b2866d591fb\"},\"headline\":\"Instaladas terceras sesiones ordinarias del Concejo de Neiva\",\"datePublished\":\"2023-10-01T22:51:16+00:00\",\"dateModified\":\"2023-12-04T20:49:37+00:00\",\"mainEntityOfPage\":{\"@id\":\"https:\/\/luchonoticias.com\/editor\/instaladas-terceras-sesiones-ordinarias-del-concejo-de-neiva\/\"},\"wordCount\":479,\"commentCount\":0,\"publisher\":{\"@id\":\"https:\/\/luchonoticias.com\/editor\/#\/schema\/person\/7a7fd911f58561fd056dbac7b55af9cd\"},\"image\":{\"@id\":\"https:\/\/luchonoticias.com\/editor\/instaladas-terceras-sesiones-ordinarias-del-concejo-de-neiva\/#primaryimage\"},\"thumbnailUrl\":\"https:\/\/luchonoticias.com\/wp-content\/uploads\/2023\/10\/WhatsApp-Image-2023-10-01-at-5.31.48-PM-2-1024x683.jpeg\",\"articleSection\":[\"Destacado\",\"Pol\u00edtica\"],\"inLanguage\":\"es\",\"potentialAction\":[{\"@type\":\"CommentAction\",\"name\":\"Comment\",\"target\":[\"https:\/\/luchonoticias.com\/editor\/instaladas-terceras-sesiones-ordinarias-del-concejo-de-neiva\/#respond\"]}]},{\"@type\":\"WebPage\",\"@id\":\"https:\/\/luchonoticias.com\/editor\/instaladas-terceras-sesiones-ordinarias-del-concejo-de-neiva\/\",\"url\":\"https:\/\/luchonoticias.com\/editor\/instaladas-terceras-sesiones-ordinarias-del-concejo-de-neiva\/\",\"name\":\"Instaladas terceras sesiones ordinarias del Concejo de Neiva -\",\"isPartOf\":{\"@id\":\"https:\/\/luchonoticias.com\/editor\/#website\"},\"primaryImageOfPage\":{\"@id\":\"https:\/\/luchonoticias.com\/editor\/instaladas-terceras-sesiones-ordinarias-del-concejo-de-neiva\/#primaryimage\"},\"image\":{\"@id\":\"https:\/\/luchonoticias.com\/editor\/instaladas-terceras-sesiones-ordinarias-del-concejo-de-neiva\/#primaryimage\"},\"thumbnailUrl\":\"https:\/\/luchonoticias.com\/wp-content\/uploads\/2023\/10\/WhatsApp-Image-2023-10-01-at-5.31.48-PM-2-1024x683.jpeg\",\"datePublished\":\"2023-10-01T22:51:16+00:00\",\"dateModified\":\"2023-12-04T20:49:37+00:00\",\"breadcrumb\":{\"@id\":\"https:\/\/luchonoticias.com\/editor\/instaladas-terceras-sesiones-ordinarias-del-concejo-de-neiva\/#breadcrumb\"},\"inLanguage\":\"es\",\"potentialAction\":[{\"@type\":\"ReadAction\",\"target\":[\"https:\/\/luchonoticias.com\/editor\/instaladas-terceras-sesiones-ordinarias-del-concejo-de-neiva\/\"]}]},{\"@type\":\"ImageObject\",\"inLanguage\":\"es\",\"@id\":\"https:\/\/luchonoticias.com\/editor\/instaladas-terceras-sesiones-ordinarias-del-concejo-de-neiva\/#primaryimage\",\"url\":\"https:\/\/luchonoticias.com\/wp-content\/uploads\/2023\/10\/WhatsApp-Image-2023-10-01-at-5.31.48-PM-2-1024x683.jpeg\",\"contentUrl\":\"https:\/\/luchonoticias.com\/wp-content\/uploads\/2023\/10\/WhatsApp-Image-2023-10-01-at-5.31.48-PM-2-1024x683.jpeg\"},{\"@type\":\"BreadcrumbList\",\"@id\":\"https:\/\/luchonoticias.com\/editor\/instaladas-terceras-sesiones-ordinarias-del-concejo-de-neiva\/#breadcrumb\",\"itemListElement\":[{\"@type\":\"ListItem\",\"position\":1,\"name\":\"Portada\",\"item\":\"https:\/\/luchonoticias.com\/editor\/\"},{\"@type\":\"ListItem\",\"position\":2,\"name\":\"Instaladas terceras sesiones ordinarias del Concejo de Neiva\"}]},{\"@type\":\"WebSite\",\"@id\":\"https:\/\/luchonoticias.com\/editor\/#website\",\"url\":\"https:\/\/luchonoticias.com\/editor\/\",\"name\":\"\",\"description\":\"\",\"publisher\":{\"@id\":\"https:\/\/luchonoticias.com\/editor\/#\/schema\/person\/7a7fd911f58561fd056dbac7b55af9cd\"},\"potentialAction\":[{\"@type\":\"SearchAction\",\"target\":{\"@type\":\"EntryPoint\",\"urlTemplate\":\"https:\/\/luchonoticias.com\/editor\/?s={search_term_string}\"},\"query-input\":{\"@type\":\"PropertyValueSpecification\",\"valueRequired\":true,\"valueName\":\"search_term_string\"}}],\"inLanguage\":\"es\"},{\"@type\":[\"Person\",\"Organization\"],\"@id\":\"https:\/\/luchonoticias.com\/editor\/#\/schema\/person\/7a7fd911f58561fd056dbac7b55af9cd\",\"name\":\"admin\",\"image\":{\"@type\":\"ImageObject\",\"inLanguage\":\"es\",\"@id\":\"https:\/\/luchonoticias.com\/editor\/#\/schema\/person\/image\/\",\"url\":\"https:\/\/luchonoticias.com\/editor\/wp-content\/uploads\/2024\/02\/cropped-cropped-logolu.webp\",\"contentUrl\":\"https:\/\/luchonoticias.com\/editor\/wp-content\/uploads\/2024\/02\/cropped-cropped-logolu.webp\",\"width\":382,\"height\":170,\"caption\":\"admin\"},\"logo\":{\"@id\":\"https:\/\/luchonoticias.com\/editor\/#\/schema\/person\/image\/\"},\"sameAs\":[\"https:\/\/www.facebook.com\/luchonoticiasneiva\"]},{\"@type\":\"Person\",\"@id\":\"https:\/\/luchonoticias.com\/editor\/#\/schema\/person\/29217990ddf6f14e35912b2866d591fb\",\"name\":\"Editor General\",\"image\":{\"@type\":\"ImageObject\",\"inLanguage\":\"es\",\"@id\":\"https:\/\/luchonoticias.com\/editor\/#\/schema\/person\/image\/\",\"url\":\"https:\/\/luchonoticias.com\/editor\/wp-content\/uploads\/2024\/02\/cropped-cropped-logolu-150x150.webp\",\"contentUrl\":\"https:\/\/luchonoticias.com\/editor\/wp-content\/uploads\/2024\/02\/cropped-cropped-logolu-150x150.webp\",\"caption\":\"Editor General\"},\"sameAs\":[\"https:\/\/luchonoticias.com\/\"],\"url\":\"https:\/\/luchonoticias.com\/editor\/author\/editor-general\/\"}]}<\/script>\n<!-- \/ Yoast SEO plugin. -->","yoast_head_json":{"title":"Instaladas terceras sesiones ordinarias del Concejo de Neiva -","robots":{"index":"index","follow":"follow","max-snippet":"max-snippet:-1","max-image-preview":"max-image-preview:large","max-video-preview":"max-video-preview:-1"},"canonical":"https:\/\/luchonoticias.com\/editor\/instaladas-terceras-sesiones-ordinarias-del-concejo-de-neiva\/","og_locale":"es_ES","og_type":"article","og_title":"Instaladas terceras sesiones ordinarias del Concejo de Neiva -","og_url":"https:\/\/luchonoticias.com\/editor\/instaladas-terceras-sesiones-ordinarias-del-concejo-de-neiva\/","article_publisher":"https:\/\/www.facebook.com\/luchonoticiasneiva","article_published_time":"2023-10-01T22:51:16+00:00","article_modified_time":"2023-12-04T20:49:37+00:00","og_image":[{"url":"https:\/\/luchonoticias.com\/wp-content\/uploads\/2023\/10\/WhatsApp-Image-2023-10-01-at-5.31.48-PM-2-1024x683.jpeg","type":"","width":"","height":""}],"author":"Editor General","twitter_card":"summary_large_image","twitter_misc":{"Escrito por":"Editor General","Tiempo de lectura":"2 minutos"},"schema":{"@context":"https:\/\/schema.org","@graph":[{"@type":"Article","@id":"https:\/\/luchonoticias.com\/editor\/instaladas-terceras-sesiones-ordinarias-del-concejo-de-neiva\/#article","isPartOf":{"@id":"https:\/\/luchonoticias.com\/editor\/instaladas-terceras-sesiones-ordinarias-del-concejo-de-neiva\/"},"author":{"name":"Editor General","@id":"https:\/\/luchonoticias.com\/editor\/#\/schema\/person\/29217990ddf6f14e35912b2866d591fb"},"headline":"Instaladas terceras sesiones ordinarias del Concejo de Neiva","datePublished":"2023-10-01T22:51:16+00:00","dateModified":"2023-12-04T20:49:37+00:00","mainEntityOfPage":{"@id":"https:\/\/luchonoticias.com\/editor\/instaladas-terceras-sesiones-ordinarias-del-concejo-de-neiva\/"},"wordCount":479,"commentCount":0,"publisher":{"@id":"https:\/\/luchonoticias.com\/editor\/#\/schema\/person\/7a7fd911f58561fd056dbac7b55af9cd"},"image":{"@id":"https:\/\/luchonoticias.com\/editor\/instaladas-terceras-sesiones-ordinarias-del-concejo-de-neiva\/#primaryimage"},"thumbnailUrl":"https:\/\/luchonoticias.com\/wp-content\/uploads\/2023\/10\/WhatsApp-Image-2023-10-01-at-5.31.48-PM-2-1024x683.jpeg","articleSection":["Destacado","Pol\u00edtica"],"inLanguage":"es","potentialAction":[{"@type":"CommentAction","name":"Comment","target":["https:\/\/luchonoticias.com\/editor\/instaladas-terceras-sesiones-ordinarias-del-concejo-de-neiva\/#respond"]}]},{"@type":"WebPage","@id":"https:\/\/luchonoticias.com\/editor\/instaladas-terceras-sesiones-ordinarias-del-concejo-de-neiva\/","url":"https:\/\/luchonoticias.com\/editor\/instaladas-terceras-sesiones-ordinarias-del-concejo-de-neiva\/","name":"Instaladas terceras sesiones ordinarias del Concejo de Neiva -","isPartOf":{"@id":"https:\/\/luchonoticias.com\/editor\/#website"},"primaryImageOfPage":{"@id":"https:\/\/luchonoticias.com\/editor\/instaladas-terceras-sesiones-ordinarias-del-concejo-de-neiva\/#primaryimage"},"image":{"@id":"https:\/\/luchonoticias.com\/editor\/instaladas-terceras-sesiones-ordinarias-del-concejo-de-neiva\/#primaryimage"},"thumbnailUrl":"https:\/\/luchonoticias.com\/wp-content\/uploads\/2023\/10\/WhatsApp-Image-2023-10-01-at-5.31.48-PM-2-1024x683.jpeg","datePublished":"2023-10-01T22:51:16+00:00","dateModified":"2023-12-04T20:49:37+00:00","breadcrumb":{"@id":"https:\/\/luchonoticias.com\/editor\/instaladas-terceras-sesiones-ordinarias-del-concejo-de-neiva\/#breadcrumb"},"inLanguage":"es","potentialAction":[{"@type":"ReadAction","target":["https:\/\/luchonoticias.com\/editor\/instaladas-terceras-sesiones-ordinarias-del-concejo-de-neiva\/"]}]},{"@type":"ImageObject","inLanguage":"es","@id":"https:\/\/luchonoticias.com\/editor\/instaladas-terceras-sesiones-ordinarias-del-concejo-de-neiva\/#primaryimage","url":"https:\/\/luchonoticias.com\/wp-content\/uploads\/2023\/10\/WhatsApp-Image-2023-10-01-at-5.31.48-PM-2-1024x683.jpeg","contentUrl":"https:\/\/luchonoticias.com\/wp-content\/uploads\/2023\/10\/WhatsApp-Image-2023-10-01-at-5.31.48-PM-2-1024x683.jpeg"},{"@type":"BreadcrumbList","@id":"https:\/\/luchonoticias.com\/editor\/instaladas-terceras-sesiones-ordinarias-del-concejo-de-neiva\/#breadcrumb","itemListElement":[{"@type":"ListItem","position":1,"name":"Portada","item":"https:\/\/luchonoticias.com\/editor\/"},{"@type":"ListItem","position":2,"name":"Instaladas terceras sesiones ordinarias del Concejo de Neiva"}]},{"@type":"WebSite","@id":"https:\/\/luchonoticias.com\/editor\/#website","url":"https:\/\/luchonoticias.com\/editor\/","name":"","description":"","publisher":{"@id":"https:\/\/luchonoticias.com\/editor\/#\/schema\/person\/7a7fd911f58561fd056dbac7b55af9cd"},"potentialAction":[{"@type":"SearchAction","target":{"@type":"EntryPoint","urlTemplate":"https:\/\/luchonoticias.com\/editor\/?s={search_term_string}"},"query-input":{"@type":"PropertyValueSpecification","valueRequired":true,"valueName":"search_term_string"}}],"inLanguage":"es"},{"@type":["Person","Organization"],"@id":"https:\/\/luchonoticias.com\/editor\/#\/schema\/person\/7a7fd911f58561fd056dbac7b55af9cd","name":"admin","image":{"@type":"ImageObject","inLanguage":"es","@id":"https:\/\/luchonoticias.com\/editor\/#\/schema\/person\/image\/","url":"https:\/\/luchonoticias.com\/editor\/wp-content\/uploads\/2024\/02\/cropped-cropped-logolu.webp","contentUrl":"https:\/\/luchonoticias.com\/editor\/wp-content\/uploads\/2024\/02\/cropped-cropped-logolu.webp","width":382,"height":170,"caption":"admin"},"logo":{"@id":"https:\/\/luchonoticias.com\/editor\/#\/schema\/person\/image\/"},"sameAs":["https:\/\/www.facebook.com\/luchonoticiasneiva"]},{"@type":"Person","@id":"https:\/\/luchonoticias.com\/editor\/#\/schema\/person\/29217990ddf6f14e35912b2866d591fb","name":"Editor General","image":{"@type":"ImageObject","inLanguage":"es","@id":"https:\/\/luchonoticias.com\/editor\/#\/schema\/person\/image\/","url":"https:\/\/luchonoticias.com\/editor\/wp-content\/uploads\/2024\/02\/cropped-cropped-logolu-150x150.webp","contentUrl":"https:\/\/luchonoticias.com\/editor\/wp-content\/uploads\/2024\/02\/cropped-cropped-logolu-150x150.webp","caption":"Editor General"},"sameAs":["https:\/\/luchonoticias.com\/"],"url":"https:\/\/luchonoticias.com\/editor\/author\/editor-general\/"}]}},"_links":{"self":[{"href":"https:\/\/luchonoticias.com\/editor\/wp-json\/wp\/v2\/posts\/61366","targetHints":{"allow":["GET"]}}],"collection":[{"href":"https:\/\/luchonoticias.com\/editor\/wp-json\/wp\/v2\/posts"}],"about":[{"href":"https:\/\/luchonoticias.com\/editor\/wp-json\/wp\/v2\/types\/post"}],"author":[{"embeddable":true,"href":"https:\/\/luchonoticias.com\/editor\/wp-json\/wp\/v2\/users\/2"}],"replies":[{"embeddable":true,"href":"https:\/\/luchonoticias.com\/editor\/wp-json\/wp\/v2\/comments?post=61366"}],"version-history":[{"count":0,"href":"https:\/\/luchonoticias.com\/editor\/wp-json\/wp\/v2\/posts\/61366\/revisions"}],"wp:attachment":[{"href":"https:\/\/luchonoticias.com\/editor\/wp-json\/wp\/v2\/media?parent=61366"}],"wp:term":[{"taxonomy":"category","embeddable":true,"href":"https:\/\/luchonoticias.com\/editor\/wp-json\/wp\/v2\/categories?post=61366"},{"taxonomy":"post_tag","embeddable":true,"href":"https:\/\/luchonoticias.com\/editor\/wp-json\/wp\/v2\/tags?post=61366"}],"curies":[{"name":"wp","href":"https:\/\/api.w.org\/{rel}","templated":true}]}}