{"id":61375,"date":"2023-10-01T17:55:11","date_gmt":"2023-10-01T22:55:11","guid":{"rendered":"https:\/\/luchonoticias.com\/?p=61375"},"modified":"2023-10-01T17:55:13","modified_gmt":"2023-10-01T22:55:13","slug":"policia-capturo-a-19-personas-en-el-huila-el-fin-de-semana","status":"publish","type":"post","link":"https:\/\/luchonoticias.com\/editor\/policia-capturo-a-19-personas-en-el-huila-el-fin-de-semana\/","title":{"rendered":"Polic\u00eda captur\u00f3 a 19 personas en el Huila el fin de semana"},"content":{"rendered":"\n<p>Las Caravanas por la Vida han permitido que el Huila registre 161 casos menos de delitos sexuales en comparaci\u00f3n con el a\u00f1o inmediatamente anterior, esto representa un -37%.<\/p>\n\n\n\n<p>En el marco del Plan Choque Seguridad 360 en el departamento del Huila, la Polic\u00eda durante el fin de semana realiz\u00f3 acciones operativas disuasivas y de control que permitieron la captura de 19 personas por diferentes delitos.<\/p>\n\n\n\n<figure class=\"wp-block-gallery has-nested-images columns-default is-cropped wp-block-gallery-1 is-layout-flex wp-block-gallery-is-layout-flex\">\n<figure class=\"wp-block-image size-large\"><img decoding=\"async\" data-id=\"61378\" src=\"https:\/\/luchonoticias.com\/wp-content\/uploads\/2023\/10\/WhatsApp-Image-2023-10-01-at-1.07.11-PM-3-1024x682.jpeg\" alt=\"\" class=\"wp-image-61378\"\/><\/figure>\n\n\n\n<figure class=\"wp-block-image size-large\"><img decoding=\"async\" data-id=\"61377\" src=\"https:\/\/luchonoticias.com\/wp-content\/uploads\/2023\/10\/WhatsApp-Image-2023-10-01-at-1.07.11-PM-1-1024x682.jpeg\" alt=\"\" class=\"wp-image-61377\"\/><\/figure>\n\n\n\n<figure class=\"wp-block-image size-large\"><img decoding=\"async\" data-id=\"61379\" src=\"https:\/\/luchonoticias.com\/wp-content\/uploads\/2023\/10\/WhatsApp-Image-2023-10-01-at-1.07.11-PM-1024x683.jpeg\" alt=\"\" class=\"wp-image-61379\"\/><\/figure>\n<\/figure>\n\n\n\n<p>Este fin de semana la instituci\u00f3n policial incaut\u00f3 180 gramos de marihuana y 83 gramos de bazuco, el estupefaciente pretend\u00eda ser comercializado en zona urbana de algunos municipios del departamento como Pitalito, Garz\u00f3n y La Plata.<\/p>\n\n\n\n<p>Este fin de semana la Polic\u00eda logr\u00f3 recuperar 4 motocicletas que habr\u00edan sido hurtadas y que ser\u00e1n devueltas a sus due\u00f1os naturales, asimismo se recuper\u00f3 un celular y nueve semovientes.<\/p>\n\n\n\n<figure class=\"wp-block-gallery has-nested-images columns-default is-cropped wp-block-gallery-2 is-layout-flex wp-block-gallery-is-layout-flex\">\n<figure class=\"wp-block-image size-large\"><img decoding=\"async\" data-id=\"61382\" src=\"https:\/\/luchonoticias.com\/wp-content\/uploads\/2023\/10\/WhatsApp-Image-2023-10-01-at-1.07.12-PM-2-1024x576.jpeg\" alt=\"\" class=\"wp-image-61382\"\/><\/figure>\n\n\n\n<figure class=\"wp-block-image size-large\"><img decoding=\"async\" data-id=\"61381\" src=\"https:\/\/luchonoticias.com\/wp-content\/uploads\/2023\/10\/WhatsApp-Image-2023-10-01-at-1.07.12-PM-1-1024x768.jpeg\" alt=\"\" class=\"wp-image-61381\"\/><\/figure>\n\n\n\n<figure class=\"wp-block-image size-large\"><img decoding=\"async\" data-id=\"61380\" src=\"https:\/\/luchonoticias.com\/wp-content\/uploads\/2023\/10\/WhatsApp-Image-2023-10-01-at-1.07.12-PM-1024x768.jpeg\" alt=\"\" class=\"wp-image-61380\"\/><\/figure>\n<\/figure>\n\n\n\n<p>Las capturas en flagrancia durante este fin de semana fueron por los delitos de tr\u00e1fico de estupefacientes, violencia intrafamiliar, fuga de presos, hurto informaci\u00f3n y falsedad personal. Asimismo 10 capturas por orden judicial relacionadas a delitos de extorsi\u00f3n.<\/p>\n\n\n\n<p>El mayor Ferney L\u00f3pez comandante encargado de la Polic\u00eda Huila asegur\u00f3 que estas capturas son el resultado de diferentes acciones operativas en el departamento y que contribuyen a la seguridad y convivencia en el marco del Plan Choque.<\/p>\n","protected":false},"excerpt":{"rendered":"<p>Las Caravanas por la Vida han permitido que el Huila registre 161 casos menos de delitos sexuales en comparaci\u00f3n con el a\u00f1o inmediatamente anterior, esto representa un -37%. En el marco del Plan Choque Seguridad 360 en el departamento del Huila, la Polic\u00eda durante el fin de semana realiz\u00f3 acciones operativas disuasivas y de control [&hellip;]<\/p>\n","protected":false},"author":2,"featured_media":0,"comment_status":"open","ping_status":"open","sticky":false,"template":"","format":"standard","meta":{"footnotes":""},"categories":[36,29],"tags":[],"class_list":["post-61375","post","type-post","status-publish","format-standard","hentry","category-destacado","category-judicial"],"yoast_head":"<!-- This site is optimized with the Yoast SEO plugin v26.6 - https:\/\/yoast.com\/wordpress\/plugins\/seo\/ -->\n<title>Polic\u00eda captur\u00f3 a 19 personas en el Huila el fin de semana -<\/title>\n<meta name=\"robots\" content=\"index, follow, max-snippet:-1, max-image-preview:large, max-video-preview:-1\" \/>\n<link rel=\"canonical\" href=\"https:\/\/luchonoticias.com\/editor\/policia-capturo-a-19-personas-en-el-huila-el-fin-de-semana\/\" \/>\n<meta property=\"og:locale\" content=\"es_ES\" \/>\n<meta property=\"og:type\" content=\"article\" \/>\n<meta property=\"og:title\" content=\"Polic\u00eda captur\u00f3 a 19 personas en el Huila el fin de semana -\" \/>\n<meta property=\"og:url\" content=\"https:\/\/luchonoticias.com\/editor\/policia-capturo-a-19-personas-en-el-huila-el-fin-de-semana\/\" \/>\n<meta property=\"article:publisher\" content=\"https:\/\/www.facebook.com\/luchonoticiasneiva\" \/>\n<meta property=\"article:published_time\" content=\"2023-10-01T22:55:11+00:00\" \/>\n<meta property=\"article:modified_time\" content=\"2023-10-01T22:55:13+00:00\" \/>\n<meta property=\"og:image\" content=\"https:\/\/luchonoticias.com\/wp-content\/uploads\/2023\/10\/WhatsApp-Image-2023-10-01-at-1.07.11-PM-3-1024x682.jpeg\" \/>\n<meta name=\"author\" content=\"Editor General\" \/>\n<meta name=\"twitter:card\" content=\"summary_large_image\" \/>\n<meta name=\"twitter:label1\" content=\"Escrito por\" \/>\n\t<meta name=\"twitter:data1\" content=\"Editor General\" \/>\n\t<meta name=\"twitter:label2\" content=\"Tiempo de lectura\" \/>\n\t<meta name=\"twitter:data2\" content=\"1 minuto\" \/>\n<script type=\"application\/ld+json\" class=\"yoast-schema-graph\">{\"@context\":\"https:\/\/schema.org\",\"@graph\":[{\"@type\":\"Article\",\"@id\":\"https:\/\/luchonoticias.com\/editor\/policia-capturo-a-19-personas-en-el-huila-el-fin-de-semana\/#article\",\"isPartOf\":{\"@id\":\"https:\/\/luchonoticias.com\/editor\/policia-capturo-a-19-personas-en-el-huila-el-fin-de-semana\/\"},\"author\":{\"name\":\"Editor General\",\"@id\":\"https:\/\/luchonoticias.com\/editor\/#\/schema\/person\/29217990ddf6f14e35912b2866d591fb\"},\"headline\":\"Polic\u00eda captur\u00f3 a 19 personas en el Huila el fin de semana\",\"datePublished\":\"2023-10-01T22:55:11+00:00\",\"dateModified\":\"2023-10-01T22:55:13+00:00\",\"mainEntityOfPage\":{\"@id\":\"https:\/\/luchonoticias.com\/editor\/policia-capturo-a-19-personas-en-el-huila-el-fin-de-semana\/\"},\"wordCount\":227,\"commentCount\":0,\"publisher\":{\"@id\":\"https:\/\/luchonoticias.com\/editor\/#\/schema\/person\/7a7fd911f58561fd056dbac7b55af9cd\"},\"image\":{\"@id\":\"https:\/\/luchonoticias.com\/editor\/policia-capturo-a-19-personas-en-el-huila-el-fin-de-semana\/#primaryimage\"},\"thumbnailUrl\":\"https:\/\/luchonoticias.com\/wp-content\/uploads\/2023\/10\/WhatsApp-Image-2023-10-01-at-1.07.11-PM-3-1024x682.jpeg\",\"articleSection\":[\"Destacado\",\"Judicial\"],\"inLanguage\":\"es\",\"potentialAction\":[{\"@type\":\"CommentAction\",\"name\":\"Comment\",\"target\":[\"https:\/\/luchonoticias.com\/editor\/policia-capturo-a-19-personas-en-el-huila-el-fin-de-semana\/#respond\"]}]},{\"@type\":\"WebPage\",\"@id\":\"https:\/\/luchonoticias.com\/editor\/policia-capturo-a-19-personas-en-el-huila-el-fin-de-semana\/\",\"url\":\"https:\/\/luchonoticias.com\/editor\/policia-capturo-a-19-personas-en-el-huila-el-fin-de-semana\/\",\"name\":\"Polic\u00eda captur\u00f3 a 19 personas en el Huila el fin de semana -\",\"isPartOf\":{\"@id\":\"https:\/\/luchonoticias.com\/editor\/#website\"},\"primaryImageOfPage\":{\"@id\":\"https:\/\/luchonoticias.com\/editor\/policia-capturo-a-19-personas-en-el-huila-el-fin-de-semana\/#primaryimage\"},\"image\":{\"@id\":\"https:\/\/luchonoticias.com\/editor\/policia-capturo-a-19-personas-en-el-huila-el-fin-de-semana\/#primaryimage\"},\"thumbnailUrl\":\"https:\/\/luchonoticias.com\/wp-content\/uploads\/2023\/10\/WhatsApp-Image-2023-10-01-at-1.07.11-PM-3-1024x682.jpeg\",\"datePublished\":\"2023-10-01T22:55:11+00:00\",\"dateModified\":\"2023-10-01T22:55:13+00:00\",\"breadcrumb\":{\"@id\":\"https:\/\/luchonoticias.com\/editor\/policia-capturo-a-19-personas-en-el-huila-el-fin-de-semana\/#breadcrumb\"},\"inLanguage\":\"es\",\"potentialAction\":[{\"@type\":\"ReadAction\",\"target\":[\"https:\/\/luchonoticias.com\/editor\/policia-capturo-a-19-personas-en-el-huila-el-fin-de-semana\/\"]}]},{\"@type\":\"ImageObject\",\"inLanguage\":\"es\",\"@id\":\"https:\/\/luchonoticias.com\/editor\/policia-capturo-a-19-personas-en-el-huila-el-fin-de-semana\/#primaryimage\",\"url\":\"https:\/\/luchonoticias.com\/wp-content\/uploads\/2023\/10\/WhatsApp-Image-2023-10-01-at-1.07.11-PM-3-1024x682.jpeg\",\"contentUrl\":\"https:\/\/luchonoticias.com\/wp-content\/uploads\/2023\/10\/WhatsApp-Image-2023-10-01-at-1.07.11-PM-3-1024x682.jpeg\"},{\"@type\":\"BreadcrumbList\",\"@id\":\"https:\/\/luchonoticias.com\/editor\/policia-capturo-a-19-personas-en-el-huila-el-fin-de-semana\/#breadcrumb\",\"itemListElement\":[{\"@type\":\"ListItem\",\"position\":1,\"name\":\"Portada\",\"item\":\"https:\/\/luchonoticias.com\/editor\/\"},{\"@type\":\"ListItem\",\"position\":2,\"name\":\"Polic\u00eda captur\u00f3 a 19 personas en el Huila el fin de semana\"}]},{\"@type\":\"WebSite\",\"@id\":\"https:\/\/luchonoticias.com\/editor\/#website\",\"url\":\"https:\/\/luchonoticias.com\/editor\/\",\"name\":\"\",\"description\":\"\",\"publisher\":{\"@id\":\"https:\/\/luchonoticias.com\/editor\/#\/schema\/person\/7a7fd911f58561fd056dbac7b55af9cd\"},\"potentialAction\":[{\"@type\":\"SearchAction\",\"target\":{\"@type\":\"EntryPoint\",\"urlTemplate\":\"https:\/\/luchonoticias.com\/editor\/?s={search_term_string}\"},\"query-input\":{\"@type\":\"PropertyValueSpecification\",\"valueRequired\":true,\"valueName\":\"search_term_string\"}}],\"inLanguage\":\"es\"},{\"@type\":[\"Person\",\"Organization\"],\"@id\":\"https:\/\/luchonoticias.com\/editor\/#\/schema\/person\/7a7fd911f58561fd056dbac7b55af9cd\",\"name\":\"admin\",\"image\":{\"@type\":\"ImageObject\",\"inLanguage\":\"es\",\"@id\":\"https:\/\/luchonoticias.com\/editor\/#\/schema\/person\/image\/\",\"url\":\"https:\/\/luchonoticias.com\/editor\/wp-content\/uploads\/2024\/02\/cropped-cropped-logolu.webp\",\"contentUrl\":\"https:\/\/luchonoticias.com\/editor\/wp-content\/uploads\/2024\/02\/cropped-cropped-logolu.webp\",\"width\":382,\"height\":170,\"caption\":\"admin\"},\"logo\":{\"@id\":\"https:\/\/luchonoticias.com\/editor\/#\/schema\/person\/image\/\"},\"sameAs\":[\"https:\/\/www.facebook.com\/luchonoticiasneiva\"]},{\"@type\":\"Person\",\"@id\":\"https:\/\/luchonoticias.com\/editor\/#\/schema\/person\/29217990ddf6f14e35912b2866d591fb\",\"name\":\"Editor General\",\"image\":{\"@type\":\"ImageObject\",\"inLanguage\":\"es\",\"@id\":\"https:\/\/luchonoticias.com\/editor\/#\/schema\/person\/image\/\",\"url\":\"https:\/\/luchonoticias.com\/editor\/wp-content\/uploads\/2024\/02\/cropped-cropped-logolu-150x150.webp\",\"contentUrl\":\"https:\/\/luchonoticias.com\/editor\/wp-content\/uploads\/2024\/02\/cropped-cropped-logolu-150x150.webp\",\"caption\":\"Editor General\"},\"sameAs\":[\"https:\/\/luchonoticias.com\/\"],\"url\":\"https:\/\/luchonoticias.com\/editor\/author\/editor-general\/\"}]}<\/script>\n<!-- \/ Yoast SEO plugin. -->","yoast_head_json":{"title":"Polic\u00eda captur\u00f3 a 19 personas en el Huila el fin de semana -","robots":{"index":"index","follow":"follow","max-snippet":"max-snippet:-1","max-image-preview":"max-image-preview:large","max-video-preview":"max-video-preview:-1"},"canonical":"https:\/\/luchonoticias.com\/editor\/policia-capturo-a-19-personas-en-el-huila-el-fin-de-semana\/","og_locale":"es_ES","og_type":"article","og_title":"Polic\u00eda captur\u00f3 a 19 personas en el Huila el fin de semana -","og_url":"https:\/\/luchonoticias.com\/editor\/policia-capturo-a-19-personas-en-el-huila-el-fin-de-semana\/","article_publisher":"https:\/\/www.facebook.com\/luchonoticiasneiva","article_published_time":"2023-10-01T22:55:11+00:00","article_modified_time":"2023-10-01T22:55:13+00:00","og_image":[{"url":"https:\/\/luchonoticias.com\/wp-content\/uploads\/2023\/10\/WhatsApp-Image-2023-10-01-at-1.07.11-PM-3-1024x682.jpeg","type":"","width":"","height":""}],"author":"Editor General","twitter_card":"summary_large_image","twitter_misc":{"Escrito por":"Editor General","Tiempo de lectura":"1 minuto"},"schema":{"@context":"https:\/\/schema.org","@graph":[{"@type":"Article","@id":"https:\/\/luchonoticias.com\/editor\/policia-capturo-a-19-personas-en-el-huila-el-fin-de-semana\/#article","isPartOf":{"@id":"https:\/\/luchonoticias.com\/editor\/policia-capturo-a-19-personas-en-el-huila-el-fin-de-semana\/"},"author":{"name":"Editor General","@id":"https:\/\/luchonoticias.com\/editor\/#\/schema\/person\/29217990ddf6f14e35912b2866d591fb"},"headline":"Polic\u00eda captur\u00f3 a 19 personas en el Huila el fin de semana","datePublished":"2023-10-01T22:55:11+00:00","dateModified":"2023-10-01T22:55:13+00:00","mainEntityOfPage":{"@id":"https:\/\/luchonoticias.com\/editor\/policia-capturo-a-19-personas-en-el-huila-el-fin-de-semana\/"},"wordCount":227,"commentCount":0,"publisher":{"@id":"https:\/\/luchonoticias.com\/editor\/#\/schema\/person\/7a7fd911f58561fd056dbac7b55af9cd"},"image":{"@id":"https:\/\/luchonoticias.com\/editor\/policia-capturo-a-19-personas-en-el-huila-el-fin-de-semana\/#primaryimage"},"thumbnailUrl":"https:\/\/luchonoticias.com\/wp-content\/uploads\/2023\/10\/WhatsApp-Image-2023-10-01-at-1.07.11-PM-3-1024x682.jpeg","articleSection":["Destacado","Judicial"],"inLanguage":"es","potentialAction":[{"@type":"CommentAction","name":"Comment","target":["https:\/\/luchonoticias.com\/editor\/policia-capturo-a-19-personas-en-el-huila-el-fin-de-semana\/#respond"]}]},{"@type":"WebPage","@id":"https:\/\/luchonoticias.com\/editor\/policia-capturo-a-19-personas-en-el-huila-el-fin-de-semana\/","url":"https:\/\/luchonoticias.com\/editor\/policia-capturo-a-19-personas-en-el-huila-el-fin-de-semana\/","name":"Polic\u00eda captur\u00f3 a 19 personas en el Huila el fin de semana -","isPartOf":{"@id":"https:\/\/luchonoticias.com\/editor\/#website"},"primaryImageOfPage":{"@id":"https:\/\/luchonoticias.com\/editor\/policia-capturo-a-19-personas-en-el-huila-el-fin-de-semana\/#primaryimage"},"image":{"@id":"https:\/\/luchonoticias.com\/editor\/policia-capturo-a-19-personas-en-el-huila-el-fin-de-semana\/#primaryimage"},"thumbnailUrl":"https:\/\/luchonoticias.com\/wp-content\/uploads\/2023\/10\/WhatsApp-Image-2023-10-01-at-1.07.11-PM-3-1024x682.jpeg","datePublished":"2023-10-01T22:55:11+00:00","dateModified":"2023-10-01T22:55:13+00:00","breadcrumb":{"@id":"https:\/\/luchonoticias.com\/editor\/policia-capturo-a-19-personas-en-el-huila-el-fin-de-semana\/#breadcrumb"},"inLanguage":"es","potentialAction":[{"@type":"ReadAction","target":["https:\/\/luchonoticias.com\/editor\/policia-capturo-a-19-personas-en-el-huila-el-fin-de-semana\/"]}]},{"@type":"ImageObject","inLanguage":"es","@id":"https:\/\/luchonoticias.com\/editor\/policia-capturo-a-19-personas-en-el-huila-el-fin-de-semana\/#primaryimage","url":"https:\/\/luchonoticias.com\/wp-content\/uploads\/2023\/10\/WhatsApp-Image-2023-10-01-at-1.07.11-PM-3-1024x682.jpeg","contentUrl":"https:\/\/luchonoticias.com\/wp-content\/uploads\/2023\/10\/WhatsApp-Image-2023-10-01-at-1.07.11-PM-3-1024x682.jpeg"},{"@type":"BreadcrumbList","@id":"https:\/\/luchonoticias.com\/editor\/policia-capturo-a-19-personas-en-el-huila-el-fin-de-semana\/#breadcrumb","itemListElement":[{"@type":"ListItem","position":1,"name":"Portada","item":"https:\/\/luchonoticias.com\/editor\/"},{"@type":"ListItem","position":2,"name":"Polic\u00eda captur\u00f3 a 19 personas en el Huila el fin de semana"}]},{"@type":"WebSite","@id":"https:\/\/luchonoticias.com\/editor\/#website","url":"https:\/\/luchonoticias.com\/editor\/","name":"","description":"","publisher":{"@id":"https:\/\/luchonoticias.com\/editor\/#\/schema\/person\/7a7fd911f58561fd056dbac7b55af9cd"},"potentialAction":[{"@type":"SearchAction","target":{"@type":"EntryPoint","urlTemplate":"https:\/\/luchonoticias.com\/editor\/?s={search_term_string}"},"query-input":{"@type":"PropertyValueSpecification","valueRequired":true,"valueName":"search_term_string"}}],"inLanguage":"es"},{"@type":["Person","Organization"],"@id":"https:\/\/luchonoticias.com\/editor\/#\/schema\/person\/7a7fd911f58561fd056dbac7b55af9cd","name":"admin","image":{"@type":"ImageObject","inLanguage":"es","@id":"https:\/\/luchonoticias.com\/editor\/#\/schema\/person\/image\/","url":"https:\/\/luchonoticias.com\/editor\/wp-content\/uploads\/2024\/02\/cropped-cropped-logolu.webp","contentUrl":"https:\/\/luchonoticias.com\/editor\/wp-content\/uploads\/2024\/02\/cropped-cropped-logolu.webp","width":382,"height":170,"caption":"admin"},"logo":{"@id":"https:\/\/luchonoticias.com\/editor\/#\/schema\/person\/image\/"},"sameAs":["https:\/\/www.facebook.com\/luchonoticiasneiva"]},{"@type":"Person","@id":"https:\/\/luchonoticias.com\/editor\/#\/schema\/person\/29217990ddf6f14e35912b2866d591fb","name":"Editor General","image":{"@type":"ImageObject","inLanguage":"es","@id":"https:\/\/luchonoticias.com\/editor\/#\/schema\/person\/image\/","url":"https:\/\/luchonoticias.com\/editor\/wp-content\/uploads\/2024\/02\/cropped-cropped-logolu-150x150.webp","contentUrl":"https:\/\/luchonoticias.com\/editor\/wp-content\/uploads\/2024\/02\/cropped-cropped-logolu-150x150.webp","caption":"Editor General"},"sameAs":["https:\/\/luchonoticias.com\/"],"url":"https:\/\/luchonoticias.com\/editor\/author\/editor-general\/"}]}},"_links":{"self":[{"href":"https:\/\/luchonoticias.com\/editor\/wp-json\/wp\/v2\/posts\/61375","targetHints":{"allow":["GET"]}}],"collection":[{"href":"https:\/\/luchonoticias.com\/editor\/wp-json\/wp\/v2\/posts"}],"about":[{"href":"https:\/\/luchonoticias.com\/editor\/wp-json\/wp\/v2\/types\/post"}],"author":[{"embeddable":true,"href":"https:\/\/luchonoticias.com\/editor\/wp-json\/wp\/v2\/users\/2"}],"replies":[{"embeddable":true,"href":"https:\/\/luchonoticias.com\/editor\/wp-json\/wp\/v2\/comments?post=61375"}],"version-history":[{"count":0,"href":"https:\/\/luchonoticias.com\/editor\/wp-json\/wp\/v2\/posts\/61375\/revisions"}],"wp:attachment":[{"href":"https:\/\/luchonoticias.com\/editor\/wp-json\/wp\/v2\/media?parent=61375"}],"wp:term":[{"taxonomy":"category","embeddable":true,"href":"https:\/\/luchonoticias.com\/editor\/wp-json\/wp\/v2\/categories?post=61375"},{"taxonomy":"post_tag","embeddable":true,"href":"https:\/\/luchonoticias.com\/editor\/wp-json\/wp\/v2\/tags?post=61375"}],"curies":[{"name":"wp","href":"https:\/\/api.w.org\/{rel}","templated":true}]}}