{"id":61435,"date":"2023-10-02T13:53:20","date_gmt":"2023-10-02T18:53:20","guid":{"rendered":"https:\/\/luchonoticias.com\/?p=61435"},"modified":"2023-10-02T13:53:21","modified_gmt":"2023-10-02T18:53:21","slug":"el-6-de-octubre-de-2023-vence-termino-para-la-recepcion-de-las-propuestas-en-la-convocatoria-a-la-eleccion-del-contralor-general-de-la-republica","status":"publish","type":"post","link":"https:\/\/luchonoticias.com\/editor\/el-6-de-octubre-de-2023-vence-termino-para-la-recepcion-de-las-propuestas-en-la-convocatoria-a-la-eleccion-del-contralor-general-de-la-republica\/","title":{"rendered":"El 6 de octubre de 2023 vence termino para la recepci\u00f3n de las propuestas en la convocatoria a la elecci\u00f3n del Contralor General de la Rep\u00fablica"},"content":{"rendered":"\n<p>El Secretario General del Senado de la Rep\u00fablica; Gregorio Eljach Pacheco, mediante un comunicado, informa que en cumplimiento de lo ordenado por el Consejo de Estado Secci\u00f3n 5, en sentencia que declar\u00f3 la nulidad de la elecci\u00f3n del Contralor General de la Rep\u00fablica, se ha continuado desarrollando las siguientes actividades:<\/p>\n\n\n\n<p>Expedici\u00f3n de la Resoluci\u00f3n de Mesa Directiva Conjunta No 001 del 2023, por la cual se da cumplimiento a una orden judicial.<\/p>\n\n\n\n<p>Solicitud escrita a los se\u00f1ores Ministra de Educaci\u00f3n Nacional y Presidente de la Comisi\u00f3n Nacional del Servicio Civil, solicitando el listado vigente de las Instituciones de Educaci\u00f3n Superior p\u00fablicas o privadas con acreditaci\u00f3n de alta calidad.<\/p>\n\n\n\n<p>As\u00ed mismo la recepci\u00f3n de respuestas a la solicitud anteriormente citada con los respectivos anexos: Comisi\u00f3n Nacional del Servicio Civil (9 Universidades)&nbsp; y Ministerio de Educaci\u00f3n Nacional (94).<\/p>\n\n\n\n<p>Igualmente, invitaci\u00f3n escrita a todas la Instituciones referidas por la Comisi\u00f3n y el Ministerio, para que presenten propuestas para participar en la convocatoria p\u00fablica concerniente a la elecci\u00f3n del Contralor General de la Rep\u00fablica (Ley 1904 de 2018). Y que el t\u00e9rmino para la recepci\u00f3n de las correspondientes propuestas termina el d\u00eda seis (6) de octubre del 2023.<\/p>\n\n\n\n<p>Finalmente, el secretario inform\u00f3 que se tiene previsto, que en un plazo razonable sea selecciona la Instituci\u00f3n de Educaci\u00f3n Superior con acreditaci\u00f3n de alta calidad para que adelante el proceso de escogencia de los candidatos habilitados para la selecci\u00f3n del CGR (Ley 1904 del 2018).<\/p>\n","protected":false},"excerpt":{"rendered":"<p>El Secretario General del Senado de la Rep\u00fablica; Gregorio Eljach Pacheco, mediante un comunicado, informa que en cumplimiento de lo ordenado por el Consejo de Estado Secci\u00f3n 5, en sentencia que declar\u00f3 la nulidad de la elecci\u00f3n del Contralor General de la Rep\u00fablica, se ha continuado desarrollando las siguientes actividades: Expedici\u00f3n de la Resoluci\u00f3n de [&hellip;]<\/p>\n","protected":false},"author":2,"featured_media":0,"comment_status":"open","ping_status":"open","sticky":false,"template":"","format":"standard","meta":{"footnotes":""},"categories":[28,36],"tags":[],"class_list":["post-61435","post","type-post","status-publish","format-standard","hentry","category-actualidad","category-destacado"],"yoast_head":"<!-- This site is optimized with the Yoast SEO plugin v26.6 - https:\/\/yoast.com\/wordpress\/plugins\/seo\/ -->\n<title>El 6 de octubre de 2023 vence termino para la recepci\u00f3n de las propuestas en la convocatoria a la elecci\u00f3n del Contralor General de la Rep\u00fablica -<\/title>\n<meta name=\"robots\" content=\"index, follow, max-snippet:-1, max-image-preview:large, max-video-preview:-1\" \/>\n<link rel=\"canonical\" href=\"https:\/\/luchonoticias.com\/editor\/el-6-de-octubre-de-2023-vence-termino-para-la-recepcion-de-las-propuestas-en-la-convocatoria-a-la-eleccion-del-contralor-general-de-la-republica\/\" \/>\n<meta property=\"og:locale\" content=\"es_ES\" \/>\n<meta property=\"og:type\" content=\"article\" \/>\n<meta property=\"og:title\" content=\"El 6 de octubre de 2023 vence termino para la recepci\u00f3n de las propuestas en la convocatoria a la elecci\u00f3n del Contralor General de la Rep\u00fablica -\" \/>\n<meta property=\"og:url\" content=\"https:\/\/luchonoticias.com\/editor\/el-6-de-octubre-de-2023-vence-termino-para-la-recepcion-de-las-propuestas-en-la-convocatoria-a-la-eleccion-del-contralor-general-de-la-republica\/\" \/>\n<meta property=\"article:publisher\" content=\"https:\/\/www.facebook.com\/luchonoticiasneiva\" \/>\n<meta property=\"article:published_time\" content=\"2023-10-02T18:53:20+00:00\" \/>\n<meta property=\"article:modified_time\" content=\"2023-10-02T18:53:21+00:00\" \/>\n<meta name=\"author\" content=\"Editor General\" \/>\n<meta name=\"twitter:card\" content=\"summary_large_image\" \/>\n<meta name=\"twitter:label1\" content=\"Escrito por\" \/>\n\t<meta name=\"twitter:data1\" content=\"Editor General\" \/>\n\t<meta name=\"twitter:label2\" content=\"Tiempo de lectura\" \/>\n\t<meta name=\"twitter:data2\" content=\"1 minuto\" \/>\n<script type=\"application\/ld+json\" class=\"yoast-schema-graph\">{\"@context\":\"https:\/\/schema.org\",\"@graph\":[{\"@type\":\"Article\",\"@id\":\"https:\/\/luchonoticias.com\/editor\/el-6-de-octubre-de-2023-vence-termino-para-la-recepcion-de-las-propuestas-en-la-convocatoria-a-la-eleccion-del-contralor-general-de-la-republica\/#article\",\"isPartOf\":{\"@id\":\"https:\/\/luchonoticias.com\/editor\/el-6-de-octubre-de-2023-vence-termino-para-la-recepcion-de-las-propuestas-en-la-convocatoria-a-la-eleccion-del-contralor-general-de-la-republica\/\"},\"author\":{\"name\":\"Editor General\",\"@id\":\"https:\/\/luchonoticias.com\/editor\/#\/schema\/person\/29217990ddf6f14e35912b2866d591fb\"},\"headline\":\"El 6 de octubre de 2023 vence termino para la recepci\u00f3n de las propuestas en la convocatoria a la elecci\u00f3n del Contralor General de la Rep\u00fablica\",\"datePublished\":\"2023-10-02T18:53:20+00:00\",\"dateModified\":\"2023-10-02T18:53:21+00:00\",\"mainEntityOfPage\":{\"@id\":\"https:\/\/luchonoticias.com\/editor\/el-6-de-octubre-de-2023-vence-termino-para-la-recepcion-de-las-propuestas-en-la-convocatoria-a-la-eleccion-del-contralor-general-de-la-republica\/\"},\"wordCount\":283,\"commentCount\":0,\"publisher\":{\"@id\":\"https:\/\/luchonoticias.com\/editor\/#\/schema\/person\/7a7fd911f58561fd056dbac7b55af9cd\"},\"articleSection\":[\"Actualidad\",\"Destacado\"],\"inLanguage\":\"es\",\"potentialAction\":[{\"@type\":\"CommentAction\",\"name\":\"Comment\",\"target\":[\"https:\/\/luchonoticias.com\/editor\/el-6-de-octubre-de-2023-vence-termino-para-la-recepcion-de-las-propuestas-en-la-convocatoria-a-la-eleccion-del-contralor-general-de-la-republica\/#respond\"]}]},{\"@type\":\"WebPage\",\"@id\":\"https:\/\/luchonoticias.com\/editor\/el-6-de-octubre-de-2023-vence-termino-para-la-recepcion-de-las-propuestas-en-la-convocatoria-a-la-eleccion-del-contralor-general-de-la-republica\/\",\"url\":\"https:\/\/luchonoticias.com\/editor\/el-6-de-octubre-de-2023-vence-termino-para-la-recepcion-de-las-propuestas-en-la-convocatoria-a-la-eleccion-del-contralor-general-de-la-republica\/\",\"name\":\"El 6 de octubre de 2023 vence termino para la recepci\u00f3n de las propuestas en la convocatoria a la elecci\u00f3n del Contralor General de la Rep\u00fablica -\",\"isPartOf\":{\"@id\":\"https:\/\/luchonoticias.com\/editor\/#website\"},\"datePublished\":\"2023-10-02T18:53:20+00:00\",\"dateModified\":\"2023-10-02T18:53:21+00:00\",\"breadcrumb\":{\"@id\":\"https:\/\/luchonoticias.com\/editor\/el-6-de-octubre-de-2023-vence-termino-para-la-recepcion-de-las-propuestas-en-la-convocatoria-a-la-eleccion-del-contralor-general-de-la-republica\/#breadcrumb\"},\"inLanguage\":\"es\",\"potentialAction\":[{\"@type\":\"ReadAction\",\"target\":[\"https:\/\/luchonoticias.com\/editor\/el-6-de-octubre-de-2023-vence-termino-para-la-recepcion-de-las-propuestas-en-la-convocatoria-a-la-eleccion-del-contralor-general-de-la-republica\/\"]}]},{\"@type\":\"BreadcrumbList\",\"@id\":\"https:\/\/luchonoticias.com\/editor\/el-6-de-octubre-de-2023-vence-termino-para-la-recepcion-de-las-propuestas-en-la-convocatoria-a-la-eleccion-del-contralor-general-de-la-republica\/#breadcrumb\",\"itemListElement\":[{\"@type\":\"ListItem\",\"position\":1,\"name\":\"Portada\",\"item\":\"https:\/\/luchonoticias.com\/editor\/\"},{\"@type\":\"ListItem\",\"position\":2,\"name\":\"El 6 de octubre de 2023 vence termino para la recepci\u00f3n de las propuestas en la convocatoria a la elecci\u00f3n del Contralor General de la Rep\u00fablica\"}]},{\"@type\":\"WebSite\",\"@id\":\"https:\/\/luchonoticias.com\/editor\/#website\",\"url\":\"https:\/\/luchonoticias.com\/editor\/\",\"name\":\"\",\"description\":\"\",\"publisher\":{\"@id\":\"https:\/\/luchonoticias.com\/editor\/#\/schema\/person\/7a7fd911f58561fd056dbac7b55af9cd\"},\"potentialAction\":[{\"@type\":\"SearchAction\",\"target\":{\"@type\":\"EntryPoint\",\"urlTemplate\":\"https:\/\/luchonoticias.com\/editor\/?s={search_term_string}\"},\"query-input\":{\"@type\":\"PropertyValueSpecification\",\"valueRequired\":true,\"valueName\":\"search_term_string\"}}],\"inLanguage\":\"es\"},{\"@type\":[\"Person\",\"Organization\"],\"@id\":\"https:\/\/luchonoticias.com\/editor\/#\/schema\/person\/7a7fd911f58561fd056dbac7b55af9cd\",\"name\":\"admin\",\"image\":{\"@type\":\"ImageObject\",\"inLanguage\":\"es\",\"@id\":\"https:\/\/luchonoticias.com\/editor\/#\/schema\/person\/image\/\",\"url\":\"https:\/\/luchonoticias.com\/editor\/wp-content\/uploads\/2024\/02\/cropped-cropped-logolu.webp\",\"contentUrl\":\"https:\/\/luchonoticias.com\/editor\/wp-content\/uploads\/2024\/02\/cropped-cropped-logolu.webp\",\"width\":382,\"height\":170,\"caption\":\"admin\"},\"logo\":{\"@id\":\"https:\/\/luchonoticias.com\/editor\/#\/schema\/person\/image\/\"},\"sameAs\":[\"https:\/\/www.facebook.com\/luchonoticiasneiva\"]},{\"@type\":\"Person\",\"@id\":\"https:\/\/luchonoticias.com\/editor\/#\/schema\/person\/29217990ddf6f14e35912b2866d591fb\",\"name\":\"Editor General\",\"image\":{\"@type\":\"ImageObject\",\"inLanguage\":\"es\",\"@id\":\"https:\/\/luchonoticias.com\/editor\/#\/schema\/person\/image\/\",\"url\":\"https:\/\/luchonoticias.com\/editor\/wp-content\/uploads\/2024\/02\/cropped-cropped-logolu-150x150.webp\",\"contentUrl\":\"https:\/\/luchonoticias.com\/editor\/wp-content\/uploads\/2024\/02\/cropped-cropped-logolu-150x150.webp\",\"caption\":\"Editor General\"},\"sameAs\":[\"https:\/\/luchonoticias.com\/\"],\"url\":\"https:\/\/luchonoticias.com\/editor\/author\/editor-general\/\"}]}<\/script>\n<!-- \/ Yoast SEO plugin. -->","yoast_head_json":{"title":"El 6 de octubre de 2023 vence termino para la recepci\u00f3n de las propuestas en la convocatoria a la elecci\u00f3n del Contralor General de la Rep\u00fablica -","robots":{"index":"index","follow":"follow","max-snippet":"max-snippet:-1","max-image-preview":"max-image-preview:large","max-video-preview":"max-video-preview:-1"},"canonical":"https:\/\/luchonoticias.com\/editor\/el-6-de-octubre-de-2023-vence-termino-para-la-recepcion-de-las-propuestas-en-la-convocatoria-a-la-eleccion-del-contralor-general-de-la-republica\/","og_locale":"es_ES","og_type":"article","og_title":"El 6 de octubre de 2023 vence termino para la recepci\u00f3n de las propuestas en la convocatoria a la elecci\u00f3n del Contralor General de la Rep\u00fablica -","og_url":"https:\/\/luchonoticias.com\/editor\/el-6-de-octubre-de-2023-vence-termino-para-la-recepcion-de-las-propuestas-en-la-convocatoria-a-la-eleccion-del-contralor-general-de-la-republica\/","article_publisher":"https:\/\/www.facebook.com\/luchonoticiasneiva","article_published_time":"2023-10-02T18:53:20+00:00","article_modified_time":"2023-10-02T18:53:21+00:00","author":"Editor General","twitter_card":"summary_large_image","twitter_misc":{"Escrito por":"Editor General","Tiempo de lectura":"1 minuto"},"schema":{"@context":"https:\/\/schema.org","@graph":[{"@type":"Article","@id":"https:\/\/luchonoticias.com\/editor\/el-6-de-octubre-de-2023-vence-termino-para-la-recepcion-de-las-propuestas-en-la-convocatoria-a-la-eleccion-del-contralor-general-de-la-republica\/#article","isPartOf":{"@id":"https:\/\/luchonoticias.com\/editor\/el-6-de-octubre-de-2023-vence-termino-para-la-recepcion-de-las-propuestas-en-la-convocatoria-a-la-eleccion-del-contralor-general-de-la-republica\/"},"author":{"name":"Editor General","@id":"https:\/\/luchonoticias.com\/editor\/#\/schema\/person\/29217990ddf6f14e35912b2866d591fb"},"headline":"El 6 de octubre de 2023 vence termino para la recepci\u00f3n de las propuestas en la convocatoria a la elecci\u00f3n del Contralor General de la Rep\u00fablica","datePublished":"2023-10-02T18:53:20+00:00","dateModified":"2023-10-02T18:53:21+00:00","mainEntityOfPage":{"@id":"https:\/\/luchonoticias.com\/editor\/el-6-de-octubre-de-2023-vence-termino-para-la-recepcion-de-las-propuestas-en-la-convocatoria-a-la-eleccion-del-contralor-general-de-la-republica\/"},"wordCount":283,"commentCount":0,"publisher":{"@id":"https:\/\/luchonoticias.com\/editor\/#\/schema\/person\/7a7fd911f58561fd056dbac7b55af9cd"},"articleSection":["Actualidad","Destacado"],"inLanguage":"es","potentialAction":[{"@type":"CommentAction","name":"Comment","target":["https:\/\/luchonoticias.com\/editor\/el-6-de-octubre-de-2023-vence-termino-para-la-recepcion-de-las-propuestas-en-la-convocatoria-a-la-eleccion-del-contralor-general-de-la-republica\/#respond"]}]},{"@type":"WebPage","@id":"https:\/\/luchonoticias.com\/editor\/el-6-de-octubre-de-2023-vence-termino-para-la-recepcion-de-las-propuestas-en-la-convocatoria-a-la-eleccion-del-contralor-general-de-la-republica\/","url":"https:\/\/luchonoticias.com\/editor\/el-6-de-octubre-de-2023-vence-termino-para-la-recepcion-de-las-propuestas-en-la-convocatoria-a-la-eleccion-del-contralor-general-de-la-republica\/","name":"El 6 de octubre de 2023 vence termino para la recepci\u00f3n de las propuestas en la convocatoria a la elecci\u00f3n del Contralor General de la Rep\u00fablica -","isPartOf":{"@id":"https:\/\/luchonoticias.com\/editor\/#website"},"datePublished":"2023-10-02T18:53:20+00:00","dateModified":"2023-10-02T18:53:21+00:00","breadcrumb":{"@id":"https:\/\/luchonoticias.com\/editor\/el-6-de-octubre-de-2023-vence-termino-para-la-recepcion-de-las-propuestas-en-la-convocatoria-a-la-eleccion-del-contralor-general-de-la-republica\/#breadcrumb"},"inLanguage":"es","potentialAction":[{"@type":"ReadAction","target":["https:\/\/luchonoticias.com\/editor\/el-6-de-octubre-de-2023-vence-termino-para-la-recepcion-de-las-propuestas-en-la-convocatoria-a-la-eleccion-del-contralor-general-de-la-republica\/"]}]},{"@type":"BreadcrumbList","@id":"https:\/\/luchonoticias.com\/editor\/el-6-de-octubre-de-2023-vence-termino-para-la-recepcion-de-las-propuestas-en-la-convocatoria-a-la-eleccion-del-contralor-general-de-la-republica\/#breadcrumb","itemListElement":[{"@type":"ListItem","position":1,"name":"Portada","item":"https:\/\/luchonoticias.com\/editor\/"},{"@type":"ListItem","position":2,"name":"El 6 de octubre de 2023 vence termino para la recepci\u00f3n de las propuestas en la convocatoria a la elecci\u00f3n del Contralor General de la Rep\u00fablica"}]},{"@type":"WebSite","@id":"https:\/\/luchonoticias.com\/editor\/#website","url":"https:\/\/luchonoticias.com\/editor\/","name":"","description":"","publisher":{"@id":"https:\/\/luchonoticias.com\/editor\/#\/schema\/person\/7a7fd911f58561fd056dbac7b55af9cd"},"potentialAction":[{"@type":"SearchAction","target":{"@type":"EntryPoint","urlTemplate":"https:\/\/luchonoticias.com\/editor\/?s={search_term_string}"},"query-input":{"@type":"PropertyValueSpecification","valueRequired":true,"valueName":"search_term_string"}}],"inLanguage":"es"},{"@type":["Person","Organization"],"@id":"https:\/\/luchonoticias.com\/editor\/#\/schema\/person\/7a7fd911f58561fd056dbac7b55af9cd","name":"admin","image":{"@type":"ImageObject","inLanguage":"es","@id":"https:\/\/luchonoticias.com\/editor\/#\/schema\/person\/image\/","url":"https:\/\/luchonoticias.com\/editor\/wp-content\/uploads\/2024\/02\/cropped-cropped-logolu.webp","contentUrl":"https:\/\/luchonoticias.com\/editor\/wp-content\/uploads\/2024\/02\/cropped-cropped-logolu.webp","width":382,"height":170,"caption":"admin"},"logo":{"@id":"https:\/\/luchonoticias.com\/editor\/#\/schema\/person\/image\/"},"sameAs":["https:\/\/www.facebook.com\/luchonoticiasneiva"]},{"@type":"Person","@id":"https:\/\/luchonoticias.com\/editor\/#\/schema\/person\/29217990ddf6f14e35912b2866d591fb","name":"Editor General","image":{"@type":"ImageObject","inLanguage":"es","@id":"https:\/\/luchonoticias.com\/editor\/#\/schema\/person\/image\/","url":"https:\/\/luchonoticias.com\/editor\/wp-content\/uploads\/2024\/02\/cropped-cropped-logolu-150x150.webp","contentUrl":"https:\/\/luchonoticias.com\/editor\/wp-content\/uploads\/2024\/02\/cropped-cropped-logolu-150x150.webp","caption":"Editor General"},"sameAs":["https:\/\/luchonoticias.com\/"],"url":"https:\/\/luchonoticias.com\/editor\/author\/editor-general\/"}]}},"_links":{"self":[{"href":"https:\/\/luchonoticias.com\/editor\/wp-json\/wp\/v2\/posts\/61435","targetHints":{"allow":["GET"]}}],"collection":[{"href":"https:\/\/luchonoticias.com\/editor\/wp-json\/wp\/v2\/posts"}],"about":[{"href":"https:\/\/luchonoticias.com\/editor\/wp-json\/wp\/v2\/types\/post"}],"author":[{"embeddable":true,"href":"https:\/\/luchonoticias.com\/editor\/wp-json\/wp\/v2\/users\/2"}],"replies":[{"embeddable":true,"href":"https:\/\/luchonoticias.com\/editor\/wp-json\/wp\/v2\/comments?post=61435"}],"version-history":[{"count":0,"href":"https:\/\/luchonoticias.com\/editor\/wp-json\/wp\/v2\/posts\/61435\/revisions"}],"wp:attachment":[{"href":"https:\/\/luchonoticias.com\/editor\/wp-json\/wp\/v2\/media?parent=61435"}],"wp:term":[{"taxonomy":"category","embeddable":true,"href":"https:\/\/luchonoticias.com\/editor\/wp-json\/wp\/v2\/categories?post=61435"},{"taxonomy":"post_tag","embeddable":true,"href":"https:\/\/luchonoticias.com\/editor\/wp-json\/wp\/v2\/tags?post=61435"}],"curies":[{"name":"wp","href":"https:\/\/api.w.org\/{rel}","templated":true}]}}