{"id":61483,"date":"2023-10-03T13:39:26","date_gmt":"2023-10-03T18:39:26","guid":{"rendered":"https:\/\/luchonoticias.com\/?p=61483"},"modified":"2023-10-03T13:39:27","modified_gmt":"2023-10-03T18:39:27","slug":"policia-arremetio-contra-la-delincuencia-en-la-plata-huila","status":"publish","type":"post","link":"https:\/\/luchonoticias.com\/editor\/policia-arremetio-contra-la-delincuencia-en-la-plata-huila\/","title":{"rendered":"Polic\u00eda arremeti\u00f3 contra la delincuencia en La Plata, Huila"},"content":{"rendered":"\n<p>En los planes de registro y control a personas realizados en jurisdicci\u00f3n de La Galer\u00eda y el barrio La Pola del municipio de La Plata, fue capturado un sujeto con 15 dosis de bazuco, asimismo, otros dos sujetos fueron capturados con 25 envolturas m\u00e1s que conten\u00edan la misma sustancia.<\/p>\n\n\n\n<p>Entre tanto,&nbsp; una pareja que se encontraba agredi\u00e9ndose mutuamente en v\u00eda p\u00fablica, al parecer por temas de car\u00e1cter personal, fueron capturados y dejados a disposici\u00f3n de la fiscal\u00eda por el delito de violencia intrafamiliar.<\/p>\n\n\n\n<p>Finalmente, en el barrio La Cordialidad fue capturada una mujer y un hombre quienes utilizando un cuchillo amedrantaron a una persona y le hurtaron un celular, el aparato m\u00f3vil fue recuperado y los dos presuntos delincuentes fueron capturados y dejados a disposici\u00f3n de la autoridad judicial competente.<\/p>\n\n\n\n<p>El capit\u00e1n Renson Segura comandante de polic\u00eda La Plata asegur\u00f3 que estas acciones contra la delincuencia se han venido realizando de manera recurrente en la localidad en el marco del plan choque por la seguridad 360.<\/p>\n","protected":false},"excerpt":{"rendered":"<p>En los planes de registro y control a personas realizados en jurisdicci\u00f3n de La Galer\u00eda y el barrio La Pola del municipio de La Plata, fue capturado un sujeto con 15 dosis de bazuco, asimismo, otros dos sujetos fueron capturados con 25 envolturas m\u00e1s que conten\u00edan la misma sustancia. Entre tanto,&nbsp; una pareja que se [&hellip;]<\/p>\n","protected":false},"author":2,"featured_media":0,"comment_status":"open","ping_status":"open","sticky":false,"template":"","format":"standard","meta":{"footnotes":""},"categories":[36,29],"tags":[],"class_list":["post-61483","post","type-post","status-publish","format-standard","hentry","category-destacado","category-judicial"],"yoast_head":"<!-- This site is optimized with the Yoast SEO plugin v26.6 - https:\/\/yoast.com\/wordpress\/plugins\/seo\/ -->\n<title>Polic\u00eda arremeti\u00f3 contra la delincuencia en La Plata, Huila -<\/title>\n<meta name=\"robots\" content=\"index, follow, max-snippet:-1, max-image-preview:large, max-video-preview:-1\" \/>\n<link rel=\"canonical\" href=\"https:\/\/luchonoticias.com\/editor\/policia-arremetio-contra-la-delincuencia-en-la-plata-huila\/\" \/>\n<meta property=\"og:locale\" content=\"es_ES\" \/>\n<meta property=\"og:type\" content=\"article\" \/>\n<meta property=\"og:title\" content=\"Polic\u00eda arremeti\u00f3 contra la delincuencia en La Plata, Huila -\" \/>\n<meta property=\"og:url\" content=\"https:\/\/luchonoticias.com\/editor\/policia-arremetio-contra-la-delincuencia-en-la-plata-huila\/\" \/>\n<meta property=\"article:publisher\" content=\"https:\/\/www.facebook.com\/luchonoticiasneiva\" \/>\n<meta property=\"article:published_time\" content=\"2023-10-03T18:39:26+00:00\" \/>\n<meta property=\"article:modified_time\" content=\"2023-10-03T18:39:27+00:00\" \/>\n<meta name=\"author\" content=\"Editor General\" \/>\n<meta name=\"twitter:card\" content=\"summary_large_image\" \/>\n<meta name=\"twitter:label1\" content=\"Escrito por\" \/>\n\t<meta name=\"twitter:data1\" content=\"Editor General\" \/>\n\t<meta name=\"twitter:label2\" content=\"Tiempo de lectura\" \/>\n\t<meta name=\"twitter:data2\" content=\"1 minuto\" \/>\n<script type=\"application\/ld+json\" class=\"yoast-schema-graph\">{\"@context\":\"https:\/\/schema.org\",\"@graph\":[{\"@type\":\"Article\",\"@id\":\"https:\/\/luchonoticias.com\/editor\/policia-arremetio-contra-la-delincuencia-en-la-plata-huila\/#article\",\"isPartOf\":{\"@id\":\"https:\/\/luchonoticias.com\/editor\/policia-arremetio-contra-la-delincuencia-en-la-plata-huila\/\"},\"author\":{\"name\":\"Editor General\",\"@id\":\"https:\/\/luchonoticias.com\/editor\/#\/schema\/person\/29217990ddf6f14e35912b2866d591fb\"},\"headline\":\"Polic\u00eda arremeti\u00f3 contra la delincuencia en La Plata, Huila\",\"datePublished\":\"2023-10-03T18:39:26+00:00\",\"dateModified\":\"2023-10-03T18:39:27+00:00\",\"mainEntityOfPage\":{\"@id\":\"https:\/\/luchonoticias.com\/editor\/policia-arremetio-contra-la-delincuencia-en-la-plata-huila\/\"},\"wordCount\":188,\"commentCount\":0,\"publisher\":{\"@id\":\"https:\/\/luchonoticias.com\/editor\/#\/schema\/person\/7a7fd911f58561fd056dbac7b55af9cd\"},\"articleSection\":[\"Destacado\",\"Judicial\"],\"inLanguage\":\"es\",\"potentialAction\":[{\"@type\":\"CommentAction\",\"name\":\"Comment\",\"target\":[\"https:\/\/luchonoticias.com\/editor\/policia-arremetio-contra-la-delincuencia-en-la-plata-huila\/#respond\"]}]},{\"@type\":\"WebPage\",\"@id\":\"https:\/\/luchonoticias.com\/editor\/policia-arremetio-contra-la-delincuencia-en-la-plata-huila\/\",\"url\":\"https:\/\/luchonoticias.com\/editor\/policia-arremetio-contra-la-delincuencia-en-la-plata-huila\/\",\"name\":\"Polic\u00eda arremeti\u00f3 contra la delincuencia en La Plata, Huila -\",\"isPartOf\":{\"@id\":\"https:\/\/luchonoticias.com\/editor\/#website\"},\"datePublished\":\"2023-10-03T18:39:26+00:00\",\"dateModified\":\"2023-10-03T18:39:27+00:00\",\"breadcrumb\":{\"@id\":\"https:\/\/luchonoticias.com\/editor\/policia-arremetio-contra-la-delincuencia-en-la-plata-huila\/#breadcrumb\"},\"inLanguage\":\"es\",\"potentialAction\":[{\"@type\":\"ReadAction\",\"target\":[\"https:\/\/luchonoticias.com\/editor\/policia-arremetio-contra-la-delincuencia-en-la-plata-huila\/\"]}]},{\"@type\":\"BreadcrumbList\",\"@id\":\"https:\/\/luchonoticias.com\/editor\/policia-arremetio-contra-la-delincuencia-en-la-plata-huila\/#breadcrumb\",\"itemListElement\":[{\"@type\":\"ListItem\",\"position\":1,\"name\":\"Portada\",\"item\":\"https:\/\/luchonoticias.com\/editor\/\"},{\"@type\":\"ListItem\",\"position\":2,\"name\":\"Polic\u00eda arremeti\u00f3 contra la delincuencia en La Plata, Huila\"}]},{\"@type\":\"WebSite\",\"@id\":\"https:\/\/luchonoticias.com\/editor\/#website\",\"url\":\"https:\/\/luchonoticias.com\/editor\/\",\"name\":\"\",\"description\":\"\",\"publisher\":{\"@id\":\"https:\/\/luchonoticias.com\/editor\/#\/schema\/person\/7a7fd911f58561fd056dbac7b55af9cd\"},\"potentialAction\":[{\"@type\":\"SearchAction\",\"target\":{\"@type\":\"EntryPoint\",\"urlTemplate\":\"https:\/\/luchonoticias.com\/editor\/?s={search_term_string}\"},\"query-input\":{\"@type\":\"PropertyValueSpecification\",\"valueRequired\":true,\"valueName\":\"search_term_string\"}}],\"inLanguage\":\"es\"},{\"@type\":[\"Person\",\"Organization\"],\"@id\":\"https:\/\/luchonoticias.com\/editor\/#\/schema\/person\/7a7fd911f58561fd056dbac7b55af9cd\",\"name\":\"admin\",\"image\":{\"@type\":\"ImageObject\",\"inLanguage\":\"es\",\"@id\":\"https:\/\/luchonoticias.com\/editor\/#\/schema\/person\/image\/\",\"url\":\"https:\/\/luchonoticias.com\/editor\/wp-content\/uploads\/2024\/02\/cropped-cropped-logolu.webp\",\"contentUrl\":\"https:\/\/luchonoticias.com\/editor\/wp-content\/uploads\/2024\/02\/cropped-cropped-logolu.webp\",\"width\":382,\"height\":170,\"caption\":\"admin\"},\"logo\":{\"@id\":\"https:\/\/luchonoticias.com\/editor\/#\/schema\/person\/image\/\"},\"sameAs\":[\"https:\/\/www.facebook.com\/luchonoticiasneiva\"]},{\"@type\":\"Person\",\"@id\":\"https:\/\/luchonoticias.com\/editor\/#\/schema\/person\/29217990ddf6f14e35912b2866d591fb\",\"name\":\"Editor General\",\"image\":{\"@type\":\"ImageObject\",\"inLanguage\":\"es\",\"@id\":\"https:\/\/luchonoticias.com\/editor\/#\/schema\/person\/image\/\",\"url\":\"https:\/\/luchonoticias.com\/editor\/wp-content\/uploads\/2024\/02\/cropped-cropped-logolu-150x150.webp\",\"contentUrl\":\"https:\/\/luchonoticias.com\/editor\/wp-content\/uploads\/2024\/02\/cropped-cropped-logolu-150x150.webp\",\"caption\":\"Editor General\"},\"sameAs\":[\"https:\/\/luchonoticias.com\/\"],\"url\":\"https:\/\/luchonoticias.com\/editor\/author\/editor-general\/\"}]}<\/script>\n<!-- \/ Yoast SEO plugin. -->","yoast_head_json":{"title":"Polic\u00eda arremeti\u00f3 contra la delincuencia en La Plata, Huila -","robots":{"index":"index","follow":"follow","max-snippet":"max-snippet:-1","max-image-preview":"max-image-preview:large","max-video-preview":"max-video-preview:-1"},"canonical":"https:\/\/luchonoticias.com\/editor\/policia-arremetio-contra-la-delincuencia-en-la-plata-huila\/","og_locale":"es_ES","og_type":"article","og_title":"Polic\u00eda arremeti\u00f3 contra la delincuencia en La Plata, Huila -","og_url":"https:\/\/luchonoticias.com\/editor\/policia-arremetio-contra-la-delincuencia-en-la-plata-huila\/","article_publisher":"https:\/\/www.facebook.com\/luchonoticiasneiva","article_published_time":"2023-10-03T18:39:26+00:00","article_modified_time":"2023-10-03T18:39:27+00:00","author":"Editor General","twitter_card":"summary_large_image","twitter_misc":{"Escrito por":"Editor General","Tiempo de lectura":"1 minuto"},"schema":{"@context":"https:\/\/schema.org","@graph":[{"@type":"Article","@id":"https:\/\/luchonoticias.com\/editor\/policia-arremetio-contra-la-delincuencia-en-la-plata-huila\/#article","isPartOf":{"@id":"https:\/\/luchonoticias.com\/editor\/policia-arremetio-contra-la-delincuencia-en-la-plata-huila\/"},"author":{"name":"Editor General","@id":"https:\/\/luchonoticias.com\/editor\/#\/schema\/person\/29217990ddf6f14e35912b2866d591fb"},"headline":"Polic\u00eda arremeti\u00f3 contra la delincuencia en La Plata, Huila","datePublished":"2023-10-03T18:39:26+00:00","dateModified":"2023-10-03T18:39:27+00:00","mainEntityOfPage":{"@id":"https:\/\/luchonoticias.com\/editor\/policia-arremetio-contra-la-delincuencia-en-la-plata-huila\/"},"wordCount":188,"commentCount":0,"publisher":{"@id":"https:\/\/luchonoticias.com\/editor\/#\/schema\/person\/7a7fd911f58561fd056dbac7b55af9cd"},"articleSection":["Destacado","Judicial"],"inLanguage":"es","potentialAction":[{"@type":"CommentAction","name":"Comment","target":["https:\/\/luchonoticias.com\/editor\/policia-arremetio-contra-la-delincuencia-en-la-plata-huila\/#respond"]}]},{"@type":"WebPage","@id":"https:\/\/luchonoticias.com\/editor\/policia-arremetio-contra-la-delincuencia-en-la-plata-huila\/","url":"https:\/\/luchonoticias.com\/editor\/policia-arremetio-contra-la-delincuencia-en-la-plata-huila\/","name":"Polic\u00eda arremeti\u00f3 contra la delincuencia en La Plata, Huila -","isPartOf":{"@id":"https:\/\/luchonoticias.com\/editor\/#website"},"datePublished":"2023-10-03T18:39:26+00:00","dateModified":"2023-10-03T18:39:27+00:00","breadcrumb":{"@id":"https:\/\/luchonoticias.com\/editor\/policia-arremetio-contra-la-delincuencia-en-la-plata-huila\/#breadcrumb"},"inLanguage":"es","potentialAction":[{"@type":"ReadAction","target":["https:\/\/luchonoticias.com\/editor\/policia-arremetio-contra-la-delincuencia-en-la-plata-huila\/"]}]},{"@type":"BreadcrumbList","@id":"https:\/\/luchonoticias.com\/editor\/policia-arremetio-contra-la-delincuencia-en-la-plata-huila\/#breadcrumb","itemListElement":[{"@type":"ListItem","position":1,"name":"Portada","item":"https:\/\/luchonoticias.com\/editor\/"},{"@type":"ListItem","position":2,"name":"Polic\u00eda arremeti\u00f3 contra la delincuencia en La Plata, Huila"}]},{"@type":"WebSite","@id":"https:\/\/luchonoticias.com\/editor\/#website","url":"https:\/\/luchonoticias.com\/editor\/","name":"","description":"","publisher":{"@id":"https:\/\/luchonoticias.com\/editor\/#\/schema\/person\/7a7fd911f58561fd056dbac7b55af9cd"},"potentialAction":[{"@type":"SearchAction","target":{"@type":"EntryPoint","urlTemplate":"https:\/\/luchonoticias.com\/editor\/?s={search_term_string}"},"query-input":{"@type":"PropertyValueSpecification","valueRequired":true,"valueName":"search_term_string"}}],"inLanguage":"es"},{"@type":["Person","Organization"],"@id":"https:\/\/luchonoticias.com\/editor\/#\/schema\/person\/7a7fd911f58561fd056dbac7b55af9cd","name":"admin","image":{"@type":"ImageObject","inLanguage":"es","@id":"https:\/\/luchonoticias.com\/editor\/#\/schema\/person\/image\/","url":"https:\/\/luchonoticias.com\/editor\/wp-content\/uploads\/2024\/02\/cropped-cropped-logolu.webp","contentUrl":"https:\/\/luchonoticias.com\/editor\/wp-content\/uploads\/2024\/02\/cropped-cropped-logolu.webp","width":382,"height":170,"caption":"admin"},"logo":{"@id":"https:\/\/luchonoticias.com\/editor\/#\/schema\/person\/image\/"},"sameAs":["https:\/\/www.facebook.com\/luchonoticiasneiva"]},{"@type":"Person","@id":"https:\/\/luchonoticias.com\/editor\/#\/schema\/person\/29217990ddf6f14e35912b2866d591fb","name":"Editor General","image":{"@type":"ImageObject","inLanguage":"es","@id":"https:\/\/luchonoticias.com\/editor\/#\/schema\/person\/image\/","url":"https:\/\/luchonoticias.com\/editor\/wp-content\/uploads\/2024\/02\/cropped-cropped-logolu-150x150.webp","contentUrl":"https:\/\/luchonoticias.com\/editor\/wp-content\/uploads\/2024\/02\/cropped-cropped-logolu-150x150.webp","caption":"Editor General"},"sameAs":["https:\/\/luchonoticias.com\/"],"url":"https:\/\/luchonoticias.com\/editor\/author\/editor-general\/"}]}},"_links":{"self":[{"href":"https:\/\/luchonoticias.com\/editor\/wp-json\/wp\/v2\/posts\/61483","targetHints":{"allow":["GET"]}}],"collection":[{"href":"https:\/\/luchonoticias.com\/editor\/wp-json\/wp\/v2\/posts"}],"about":[{"href":"https:\/\/luchonoticias.com\/editor\/wp-json\/wp\/v2\/types\/post"}],"author":[{"embeddable":true,"href":"https:\/\/luchonoticias.com\/editor\/wp-json\/wp\/v2\/users\/2"}],"replies":[{"embeddable":true,"href":"https:\/\/luchonoticias.com\/editor\/wp-json\/wp\/v2\/comments?post=61483"}],"version-history":[{"count":0,"href":"https:\/\/luchonoticias.com\/editor\/wp-json\/wp\/v2\/posts\/61483\/revisions"}],"wp:attachment":[{"href":"https:\/\/luchonoticias.com\/editor\/wp-json\/wp\/v2\/media?parent=61483"}],"wp:term":[{"taxonomy":"category","embeddable":true,"href":"https:\/\/luchonoticias.com\/editor\/wp-json\/wp\/v2\/categories?post=61483"},{"taxonomy":"post_tag","embeddable":true,"href":"https:\/\/luchonoticias.com\/editor\/wp-json\/wp\/v2\/tags?post=61483"}],"curies":[{"name":"wp","href":"https:\/\/api.w.org\/{rel}","templated":true}]}}