{"id":61490,"date":"2023-10-03T13:51:42","date_gmt":"2023-10-03T18:51:42","guid":{"rendered":"https:\/\/luchonoticias.com\/?p=61490"},"modified":"2023-10-03T13:51:43","modified_gmt":"2023-10-03T18:51:43","slug":"pasa-a-segundo-debate-proyecto-sobre-salud-mental","status":"publish","type":"post","link":"https:\/\/luchonoticias.com\/editor\/pasa-a-segundo-debate-proyecto-sobre-salud-mental\/","title":{"rendered":"Pasa a segundo debate proyecto sobre salud mental"},"content":{"rendered":"\n<p>La Comisi\u00f3n S\u00e9ptima de Senado, aprob\u00f3 en com\u00fan acuerdo el proyecto que busca fortalecer la ley 1616 de 2013 y la pol\u00edtica nacional de salud mental. Iniciativa de los congresistas pertenecientes al Partido MIRA; Ana Paola Agudelo Garc\u00eda, Manuel Virg\u00fcez Piraquive, Carlos Eduardo Guevara Villab\u00f3n, Irma Luz Herrera Rodr\u00edguez.<\/p>\n\n\n\n<p>En la explicaci\u00f3n de la ponencia, la senadora Ana Paola Agudelo, expres\u00f3 que con la iniciativa se pretende que haya caracterizaci\u00f3n de la poblaci\u00f3n, fortalecimiento de las redes de apoyo, porque todos pueden salvar una vida. Al igual que exista la armonizaci\u00f3n de las pol\u00edticas publicas para el adulto mayor, el habitante de calle, adictos a sustancias sicoactivas, \u201cespecialmente al fortalecimiento de los tratamientos y acceso a los medicamentos, ya que hemos evidenciado que existen dificultades, no es lo mismo suspender un medicamento de salud mental que otro, porque la suspensi\u00f3n puede conllevar a un suicidio\u201d.<\/p>\n\n\n\n<p>Entre tanto el&nbsp;<strong>senador Honorio Henr\u00edquez (Centro Democr\u00e1tico),<\/strong>&nbsp;hizo un llamado para que se tomen las medidas preventivas, anot\u00f3 que muchas de las causas del suicidio en el pa\u00eds, es por causa del bul\u00edn y otros factores relacionados con la sexualidad. As\u00ed mismo se refiri\u00f3 al desabastecimiento de los medicamentos, esto afecta a todas las personas con problemas mentales y dem\u00e1s enfermedades. Son los colombianos que est\u00e1n padeciendo la escasez de los mismos.<\/p>\n\n\n\n<p>Por su parte el&nbsp;<strong>senador Miguel \u00c1ngel Pinto( Partido Liberal)<\/strong>, dijo que las decisiones medicas no lo est\u00e1n tomando los m\u00e9dicos, \u201cla est\u00e1n tomando los abogados y esto es de riesgo\u201d. Sugiri\u00f3 a la ponente que en el transito del proyecto, se pueda incluir el tema de la regulaci\u00f3n de los medicamentos.<\/p>\n\n\n\n<p>De igual manera los congresistas aprobaron por unanimidad el proyecto de Ley que dispone la instalaci\u00f3n obligatoria de bebederos de agua potable en el espacio p\u00fablico, con la ponencia del senador Fabian Diaz. Teniendo en cuenta las proposiciones presentadas por los diferentes senadores de la c\u00e9lula legislativa.<\/p>\n\n\n\n<p>La comisi\u00f3n sesionar\u00e1 ma\u00f1ana a partir de las 8:00a.m. para realizar un debate de control pol\u00edtico sobre al director del ADRES. &nbsp;<\/p>\n","protected":false},"excerpt":{"rendered":"<p>La Comisi\u00f3n S\u00e9ptima de Senado, aprob\u00f3 en com\u00fan acuerdo el proyecto que busca fortalecer la ley 1616 de 2013 y la pol\u00edtica nacional de salud mental. Iniciativa de los congresistas pertenecientes al Partido MIRA; Ana Paola Agudelo Garc\u00eda, Manuel Virg\u00fcez Piraquive, Carlos Eduardo Guevara Villab\u00f3n, Irma Luz Herrera Rodr\u00edguez. En la explicaci\u00f3n de la ponencia, [&hellip;]<\/p>\n","protected":false},"author":2,"featured_media":0,"comment_status":"open","ping_status":"open","sticky":false,"template":"","format":"standard","meta":{"footnotes":""},"categories":[36,617],"tags":[],"class_list":["post-61490","post","type-post","status-publish","format-standard","hentry","category-destacado","category-politica"],"yoast_head":"<!-- This site is optimized with the Yoast SEO plugin v26.6 - https:\/\/yoast.com\/wordpress\/plugins\/seo\/ -->\n<title>Pasa a segundo debate proyecto sobre salud mental -<\/title>\n<meta name=\"robots\" content=\"index, follow, max-snippet:-1, max-image-preview:large, max-video-preview:-1\" \/>\n<link rel=\"canonical\" href=\"https:\/\/luchonoticias.com\/editor\/pasa-a-segundo-debate-proyecto-sobre-salud-mental\/\" \/>\n<meta property=\"og:locale\" content=\"es_ES\" \/>\n<meta property=\"og:type\" content=\"article\" \/>\n<meta property=\"og:title\" content=\"Pasa a segundo debate proyecto sobre salud mental -\" \/>\n<meta property=\"og:url\" content=\"https:\/\/luchonoticias.com\/editor\/pasa-a-segundo-debate-proyecto-sobre-salud-mental\/\" \/>\n<meta property=\"article:publisher\" content=\"https:\/\/www.facebook.com\/luchonoticiasneiva\" \/>\n<meta property=\"article:published_time\" content=\"2023-10-03T18:51:42+00:00\" \/>\n<meta property=\"article:modified_time\" content=\"2023-10-03T18:51:43+00:00\" \/>\n<meta name=\"author\" content=\"Editor General\" \/>\n<meta name=\"twitter:card\" content=\"summary_large_image\" \/>\n<meta name=\"twitter:label1\" content=\"Escrito por\" \/>\n\t<meta name=\"twitter:data1\" content=\"Editor General\" \/>\n\t<meta name=\"twitter:label2\" content=\"Tiempo de lectura\" \/>\n\t<meta name=\"twitter:data2\" content=\"2 minutos\" \/>\n<script type=\"application\/ld+json\" class=\"yoast-schema-graph\">{\"@context\":\"https:\/\/schema.org\",\"@graph\":[{\"@type\":\"Article\",\"@id\":\"https:\/\/luchonoticias.com\/editor\/pasa-a-segundo-debate-proyecto-sobre-salud-mental\/#article\",\"isPartOf\":{\"@id\":\"https:\/\/luchonoticias.com\/editor\/pasa-a-segundo-debate-proyecto-sobre-salud-mental\/\"},\"author\":{\"name\":\"Editor General\",\"@id\":\"https:\/\/luchonoticias.com\/editor\/#\/schema\/person\/29217990ddf6f14e35912b2866d591fb\"},\"headline\":\"Pasa a segundo debate proyecto sobre salud mental\",\"datePublished\":\"2023-10-03T18:51:42+00:00\",\"dateModified\":\"2023-10-03T18:51:43+00:00\",\"mainEntityOfPage\":{\"@id\":\"https:\/\/luchonoticias.com\/editor\/pasa-a-segundo-debate-proyecto-sobre-salud-mental\/\"},\"wordCount\":379,\"commentCount\":0,\"publisher\":{\"@id\":\"https:\/\/luchonoticias.com\/editor\/#\/schema\/person\/7a7fd911f58561fd056dbac7b55af9cd\"},\"articleSection\":[\"Destacado\",\"Pol\u00edtica\"],\"inLanguage\":\"es\",\"potentialAction\":[{\"@type\":\"CommentAction\",\"name\":\"Comment\",\"target\":[\"https:\/\/luchonoticias.com\/editor\/pasa-a-segundo-debate-proyecto-sobre-salud-mental\/#respond\"]}]},{\"@type\":\"WebPage\",\"@id\":\"https:\/\/luchonoticias.com\/editor\/pasa-a-segundo-debate-proyecto-sobre-salud-mental\/\",\"url\":\"https:\/\/luchonoticias.com\/editor\/pasa-a-segundo-debate-proyecto-sobre-salud-mental\/\",\"name\":\"Pasa a segundo debate proyecto sobre salud mental -\",\"isPartOf\":{\"@id\":\"https:\/\/luchonoticias.com\/editor\/#website\"},\"datePublished\":\"2023-10-03T18:51:42+00:00\",\"dateModified\":\"2023-10-03T18:51:43+00:00\",\"breadcrumb\":{\"@id\":\"https:\/\/luchonoticias.com\/editor\/pasa-a-segundo-debate-proyecto-sobre-salud-mental\/#breadcrumb\"},\"inLanguage\":\"es\",\"potentialAction\":[{\"@type\":\"ReadAction\",\"target\":[\"https:\/\/luchonoticias.com\/editor\/pasa-a-segundo-debate-proyecto-sobre-salud-mental\/\"]}]},{\"@type\":\"BreadcrumbList\",\"@id\":\"https:\/\/luchonoticias.com\/editor\/pasa-a-segundo-debate-proyecto-sobre-salud-mental\/#breadcrumb\",\"itemListElement\":[{\"@type\":\"ListItem\",\"position\":1,\"name\":\"Portada\",\"item\":\"https:\/\/luchonoticias.com\/editor\/\"},{\"@type\":\"ListItem\",\"position\":2,\"name\":\"Pasa a segundo debate proyecto sobre salud mental\"}]},{\"@type\":\"WebSite\",\"@id\":\"https:\/\/luchonoticias.com\/editor\/#website\",\"url\":\"https:\/\/luchonoticias.com\/editor\/\",\"name\":\"\",\"description\":\"\",\"publisher\":{\"@id\":\"https:\/\/luchonoticias.com\/editor\/#\/schema\/person\/7a7fd911f58561fd056dbac7b55af9cd\"},\"potentialAction\":[{\"@type\":\"SearchAction\",\"target\":{\"@type\":\"EntryPoint\",\"urlTemplate\":\"https:\/\/luchonoticias.com\/editor\/?s={search_term_string}\"},\"query-input\":{\"@type\":\"PropertyValueSpecification\",\"valueRequired\":true,\"valueName\":\"search_term_string\"}}],\"inLanguage\":\"es\"},{\"@type\":[\"Person\",\"Organization\"],\"@id\":\"https:\/\/luchonoticias.com\/editor\/#\/schema\/person\/7a7fd911f58561fd056dbac7b55af9cd\",\"name\":\"admin\",\"image\":{\"@type\":\"ImageObject\",\"inLanguage\":\"es\",\"@id\":\"https:\/\/luchonoticias.com\/editor\/#\/schema\/person\/image\/\",\"url\":\"https:\/\/luchonoticias.com\/editor\/wp-content\/uploads\/2024\/02\/cropped-cropped-logolu.webp\",\"contentUrl\":\"https:\/\/luchonoticias.com\/editor\/wp-content\/uploads\/2024\/02\/cropped-cropped-logolu.webp\",\"width\":382,\"height\":170,\"caption\":\"admin\"},\"logo\":{\"@id\":\"https:\/\/luchonoticias.com\/editor\/#\/schema\/person\/image\/\"},\"sameAs\":[\"https:\/\/www.facebook.com\/luchonoticiasneiva\"]},{\"@type\":\"Person\",\"@id\":\"https:\/\/luchonoticias.com\/editor\/#\/schema\/person\/29217990ddf6f14e35912b2866d591fb\",\"name\":\"Editor General\",\"image\":{\"@type\":\"ImageObject\",\"inLanguage\":\"es\",\"@id\":\"https:\/\/luchonoticias.com\/editor\/#\/schema\/person\/image\/\",\"url\":\"https:\/\/luchonoticias.com\/editor\/wp-content\/uploads\/2024\/02\/cropped-cropped-logolu-150x150.webp\",\"contentUrl\":\"https:\/\/luchonoticias.com\/editor\/wp-content\/uploads\/2024\/02\/cropped-cropped-logolu-150x150.webp\",\"caption\":\"Editor General\"},\"sameAs\":[\"https:\/\/luchonoticias.com\/\"],\"url\":\"https:\/\/luchonoticias.com\/editor\/author\/editor-general\/\"}]}<\/script>\n<!-- \/ Yoast SEO plugin. -->","yoast_head_json":{"title":"Pasa a segundo debate proyecto sobre salud mental -","robots":{"index":"index","follow":"follow","max-snippet":"max-snippet:-1","max-image-preview":"max-image-preview:large","max-video-preview":"max-video-preview:-1"},"canonical":"https:\/\/luchonoticias.com\/editor\/pasa-a-segundo-debate-proyecto-sobre-salud-mental\/","og_locale":"es_ES","og_type":"article","og_title":"Pasa a segundo debate proyecto sobre salud mental -","og_url":"https:\/\/luchonoticias.com\/editor\/pasa-a-segundo-debate-proyecto-sobre-salud-mental\/","article_publisher":"https:\/\/www.facebook.com\/luchonoticiasneiva","article_published_time":"2023-10-03T18:51:42+00:00","article_modified_time":"2023-10-03T18:51:43+00:00","author":"Editor General","twitter_card":"summary_large_image","twitter_misc":{"Escrito por":"Editor General","Tiempo de lectura":"2 minutos"},"schema":{"@context":"https:\/\/schema.org","@graph":[{"@type":"Article","@id":"https:\/\/luchonoticias.com\/editor\/pasa-a-segundo-debate-proyecto-sobre-salud-mental\/#article","isPartOf":{"@id":"https:\/\/luchonoticias.com\/editor\/pasa-a-segundo-debate-proyecto-sobre-salud-mental\/"},"author":{"name":"Editor General","@id":"https:\/\/luchonoticias.com\/editor\/#\/schema\/person\/29217990ddf6f14e35912b2866d591fb"},"headline":"Pasa a segundo debate proyecto sobre salud mental","datePublished":"2023-10-03T18:51:42+00:00","dateModified":"2023-10-03T18:51:43+00:00","mainEntityOfPage":{"@id":"https:\/\/luchonoticias.com\/editor\/pasa-a-segundo-debate-proyecto-sobre-salud-mental\/"},"wordCount":379,"commentCount":0,"publisher":{"@id":"https:\/\/luchonoticias.com\/editor\/#\/schema\/person\/7a7fd911f58561fd056dbac7b55af9cd"},"articleSection":["Destacado","Pol\u00edtica"],"inLanguage":"es","potentialAction":[{"@type":"CommentAction","name":"Comment","target":["https:\/\/luchonoticias.com\/editor\/pasa-a-segundo-debate-proyecto-sobre-salud-mental\/#respond"]}]},{"@type":"WebPage","@id":"https:\/\/luchonoticias.com\/editor\/pasa-a-segundo-debate-proyecto-sobre-salud-mental\/","url":"https:\/\/luchonoticias.com\/editor\/pasa-a-segundo-debate-proyecto-sobre-salud-mental\/","name":"Pasa a segundo debate proyecto sobre salud mental -","isPartOf":{"@id":"https:\/\/luchonoticias.com\/editor\/#website"},"datePublished":"2023-10-03T18:51:42+00:00","dateModified":"2023-10-03T18:51:43+00:00","breadcrumb":{"@id":"https:\/\/luchonoticias.com\/editor\/pasa-a-segundo-debate-proyecto-sobre-salud-mental\/#breadcrumb"},"inLanguage":"es","potentialAction":[{"@type":"ReadAction","target":["https:\/\/luchonoticias.com\/editor\/pasa-a-segundo-debate-proyecto-sobre-salud-mental\/"]}]},{"@type":"BreadcrumbList","@id":"https:\/\/luchonoticias.com\/editor\/pasa-a-segundo-debate-proyecto-sobre-salud-mental\/#breadcrumb","itemListElement":[{"@type":"ListItem","position":1,"name":"Portada","item":"https:\/\/luchonoticias.com\/editor\/"},{"@type":"ListItem","position":2,"name":"Pasa a segundo debate proyecto sobre salud mental"}]},{"@type":"WebSite","@id":"https:\/\/luchonoticias.com\/editor\/#website","url":"https:\/\/luchonoticias.com\/editor\/","name":"","description":"","publisher":{"@id":"https:\/\/luchonoticias.com\/editor\/#\/schema\/person\/7a7fd911f58561fd056dbac7b55af9cd"},"potentialAction":[{"@type":"SearchAction","target":{"@type":"EntryPoint","urlTemplate":"https:\/\/luchonoticias.com\/editor\/?s={search_term_string}"},"query-input":{"@type":"PropertyValueSpecification","valueRequired":true,"valueName":"search_term_string"}}],"inLanguage":"es"},{"@type":["Person","Organization"],"@id":"https:\/\/luchonoticias.com\/editor\/#\/schema\/person\/7a7fd911f58561fd056dbac7b55af9cd","name":"admin","image":{"@type":"ImageObject","inLanguage":"es","@id":"https:\/\/luchonoticias.com\/editor\/#\/schema\/person\/image\/","url":"https:\/\/luchonoticias.com\/editor\/wp-content\/uploads\/2024\/02\/cropped-cropped-logolu.webp","contentUrl":"https:\/\/luchonoticias.com\/editor\/wp-content\/uploads\/2024\/02\/cropped-cropped-logolu.webp","width":382,"height":170,"caption":"admin"},"logo":{"@id":"https:\/\/luchonoticias.com\/editor\/#\/schema\/person\/image\/"},"sameAs":["https:\/\/www.facebook.com\/luchonoticiasneiva"]},{"@type":"Person","@id":"https:\/\/luchonoticias.com\/editor\/#\/schema\/person\/29217990ddf6f14e35912b2866d591fb","name":"Editor General","image":{"@type":"ImageObject","inLanguage":"es","@id":"https:\/\/luchonoticias.com\/editor\/#\/schema\/person\/image\/","url":"https:\/\/luchonoticias.com\/editor\/wp-content\/uploads\/2024\/02\/cropped-cropped-logolu-150x150.webp","contentUrl":"https:\/\/luchonoticias.com\/editor\/wp-content\/uploads\/2024\/02\/cropped-cropped-logolu-150x150.webp","caption":"Editor General"},"sameAs":["https:\/\/luchonoticias.com\/"],"url":"https:\/\/luchonoticias.com\/editor\/author\/editor-general\/"}]}},"_links":{"self":[{"href":"https:\/\/luchonoticias.com\/editor\/wp-json\/wp\/v2\/posts\/61490","targetHints":{"allow":["GET"]}}],"collection":[{"href":"https:\/\/luchonoticias.com\/editor\/wp-json\/wp\/v2\/posts"}],"about":[{"href":"https:\/\/luchonoticias.com\/editor\/wp-json\/wp\/v2\/types\/post"}],"author":[{"embeddable":true,"href":"https:\/\/luchonoticias.com\/editor\/wp-json\/wp\/v2\/users\/2"}],"replies":[{"embeddable":true,"href":"https:\/\/luchonoticias.com\/editor\/wp-json\/wp\/v2\/comments?post=61490"}],"version-history":[{"count":0,"href":"https:\/\/luchonoticias.com\/editor\/wp-json\/wp\/v2\/posts\/61490\/revisions"}],"wp:attachment":[{"href":"https:\/\/luchonoticias.com\/editor\/wp-json\/wp\/v2\/media?parent=61490"}],"wp:term":[{"taxonomy":"category","embeddable":true,"href":"https:\/\/luchonoticias.com\/editor\/wp-json\/wp\/v2\/categories?post=61490"},{"taxonomy":"post_tag","embeddable":true,"href":"https:\/\/luchonoticias.com\/editor\/wp-json\/wp\/v2\/tags?post=61490"}],"curies":[{"name":"wp","href":"https:\/\/api.w.org\/{rel}","templated":true}]}}