{"id":61660,"date":"2023-10-06T10:06:08","date_gmt":"2023-10-06T15:06:08","guid":{"rendered":"https:\/\/luchonoticias.com\/?p=61660"},"modified":"2023-10-06T10:06:10","modified_gmt":"2023-10-06T15:06:10","slug":"fiscalia-radica-escrito-de-acusacion-contra-la-exministra-de-transporte-cecilia-alvarez","status":"publish","type":"post","link":"https:\/\/luchonoticias.com\/editor\/fiscalia-radica-escrito-de-acusacion-contra-la-exministra-de-transporte-cecilia-alvarez\/","title":{"rendered":"Fiscal\u00eda radica escrito de acusaci\u00f3n contra la Exministra de Transporte Cecilia \u00c1lvarez"},"content":{"rendered":"\n<p>Un fiscal delegado ante la Corte Suprema de Justicia radic\u00f3 escrito de acusaci\u00f3n en contra de la exministra de Transporte, Cecilia Elvira \u00c1lvarez &#8211; Correa Glen, como presunta responsable de viabilizar la ejecuci\u00f3n irregular de los otros\u00edes 3 y 6 al contrato \u2018Ruta del Sol II\u2019, los cuales adicionaron el tramo Oca\u00f1a \u2013 Gamarra al proyecto vial.<\/p>\n\n\n\n<p>La exfuncionaria habr\u00eda desconocido las normas contractuales, la jurisprudencia y un concepto de la Sala de Consulta del Consejo de Estado.<\/p>\n\n\n\n<p>Seg\u00fan el escrito de acusaci\u00f3n, la exministra no impidi\u00f3 que la Agencia Nacional de Infraestructura (ANI), entidad adscrita al Ministerio de Transporte, realizara dos adiciones improcedentes que permitieron al Consorcio Ruta del Sol, del que hac\u00eda parte Odebrecht, asumir la construcci\u00f3n del nuevo trayecto sin que mediara un proceso de contrataci\u00f3n en el que concurrieran varios oferentes.<\/p>\n\n\n\n<p>Por lo anterior, la Fiscal\u00eda considera que la exministra de Transporte ser\u00eda responsable del delito de inter\u00e9s indebido en la celebraci\u00f3n de contratos. La audiencia de acusaci\u00f3n ser\u00e1 programada en la fecha que fije la Sala Especial de Primera Instancia de la Corte Suprema de Justicia.<\/p>\n","protected":false},"excerpt":{"rendered":"<p>Un fiscal delegado ante la Corte Suprema de Justicia radic\u00f3 escrito de acusaci\u00f3n en contra de la exministra de Transporte, Cecilia Elvira \u00c1lvarez &#8211; Correa Glen, como presunta responsable de viabilizar la ejecuci\u00f3n irregular de los otros\u00edes 3 y 6 al contrato \u2018Ruta del Sol II\u2019, los cuales adicionaron el tramo Oca\u00f1a \u2013 Gamarra al [&hellip;]<\/p>\n","protected":false},"author":2,"featured_media":0,"comment_status":"open","ping_status":"open","sticky":false,"template":"","format":"standard","meta":{"footnotes":""},"categories":[36,29],"tags":[],"class_list":["post-61660","post","type-post","status-publish","format-standard","hentry","category-destacado","category-judicial"],"yoast_head":"<!-- This site is optimized with the Yoast SEO plugin v26.6 - https:\/\/yoast.com\/wordpress\/plugins\/seo\/ -->\n<title>Fiscal\u00eda radica escrito de acusaci\u00f3n contra la Exministra de Transporte Cecilia \u00c1lvarez -<\/title>\n<meta name=\"robots\" content=\"index, follow, max-snippet:-1, max-image-preview:large, max-video-preview:-1\" \/>\n<link rel=\"canonical\" href=\"https:\/\/luchonoticias.com\/editor\/fiscalia-radica-escrito-de-acusacion-contra-la-exministra-de-transporte-cecilia-alvarez\/\" \/>\n<meta property=\"og:locale\" content=\"es_ES\" \/>\n<meta property=\"og:type\" content=\"article\" \/>\n<meta property=\"og:title\" content=\"Fiscal\u00eda radica escrito de acusaci\u00f3n contra la Exministra de Transporte Cecilia \u00c1lvarez -\" \/>\n<meta property=\"og:url\" content=\"https:\/\/luchonoticias.com\/editor\/fiscalia-radica-escrito-de-acusacion-contra-la-exministra-de-transporte-cecilia-alvarez\/\" \/>\n<meta property=\"article:publisher\" content=\"https:\/\/www.facebook.com\/luchonoticiasneiva\" \/>\n<meta property=\"article:published_time\" content=\"2023-10-06T15:06:08+00:00\" \/>\n<meta property=\"article:modified_time\" content=\"2023-10-06T15:06:10+00:00\" \/>\n<meta name=\"author\" content=\"Editor General\" \/>\n<meta name=\"twitter:card\" content=\"summary_large_image\" \/>\n<meta name=\"twitter:label1\" content=\"Escrito por\" \/>\n\t<meta name=\"twitter:data1\" content=\"Editor General\" \/>\n\t<meta name=\"twitter:label2\" content=\"Tiempo de lectura\" \/>\n\t<meta name=\"twitter:data2\" content=\"1 minuto\" \/>\n<script type=\"application\/ld+json\" class=\"yoast-schema-graph\">{\"@context\":\"https:\/\/schema.org\",\"@graph\":[{\"@type\":\"Article\",\"@id\":\"https:\/\/luchonoticias.com\/editor\/fiscalia-radica-escrito-de-acusacion-contra-la-exministra-de-transporte-cecilia-alvarez\/#article\",\"isPartOf\":{\"@id\":\"https:\/\/luchonoticias.com\/editor\/fiscalia-radica-escrito-de-acusacion-contra-la-exministra-de-transporte-cecilia-alvarez\/\"},\"author\":{\"name\":\"Editor General\",\"@id\":\"https:\/\/luchonoticias.com\/editor\/#\/schema\/person\/29217990ddf6f14e35912b2866d591fb\"},\"headline\":\"Fiscal\u00eda radica escrito de acusaci\u00f3n contra la Exministra de Transporte Cecilia \u00c1lvarez\",\"datePublished\":\"2023-10-06T15:06:08+00:00\",\"dateModified\":\"2023-10-06T15:06:10+00:00\",\"mainEntityOfPage\":{\"@id\":\"https:\/\/luchonoticias.com\/editor\/fiscalia-radica-escrito-de-acusacion-contra-la-exministra-de-transporte-cecilia-alvarez\/\"},\"wordCount\":207,\"commentCount\":0,\"publisher\":{\"@id\":\"https:\/\/luchonoticias.com\/editor\/#\/schema\/person\/7a7fd911f58561fd056dbac7b55af9cd\"},\"articleSection\":[\"Destacado\",\"Judicial\"],\"inLanguage\":\"es\",\"potentialAction\":[{\"@type\":\"CommentAction\",\"name\":\"Comment\",\"target\":[\"https:\/\/luchonoticias.com\/editor\/fiscalia-radica-escrito-de-acusacion-contra-la-exministra-de-transporte-cecilia-alvarez\/#respond\"]}]},{\"@type\":\"WebPage\",\"@id\":\"https:\/\/luchonoticias.com\/editor\/fiscalia-radica-escrito-de-acusacion-contra-la-exministra-de-transporte-cecilia-alvarez\/\",\"url\":\"https:\/\/luchonoticias.com\/editor\/fiscalia-radica-escrito-de-acusacion-contra-la-exministra-de-transporte-cecilia-alvarez\/\",\"name\":\"Fiscal\u00eda radica escrito de acusaci\u00f3n contra la Exministra de Transporte Cecilia \u00c1lvarez -\",\"isPartOf\":{\"@id\":\"https:\/\/luchonoticias.com\/editor\/#website\"},\"datePublished\":\"2023-10-06T15:06:08+00:00\",\"dateModified\":\"2023-10-06T15:06:10+00:00\",\"breadcrumb\":{\"@id\":\"https:\/\/luchonoticias.com\/editor\/fiscalia-radica-escrito-de-acusacion-contra-la-exministra-de-transporte-cecilia-alvarez\/#breadcrumb\"},\"inLanguage\":\"es\",\"potentialAction\":[{\"@type\":\"ReadAction\",\"target\":[\"https:\/\/luchonoticias.com\/editor\/fiscalia-radica-escrito-de-acusacion-contra-la-exministra-de-transporte-cecilia-alvarez\/\"]}]},{\"@type\":\"BreadcrumbList\",\"@id\":\"https:\/\/luchonoticias.com\/editor\/fiscalia-radica-escrito-de-acusacion-contra-la-exministra-de-transporte-cecilia-alvarez\/#breadcrumb\",\"itemListElement\":[{\"@type\":\"ListItem\",\"position\":1,\"name\":\"Portada\",\"item\":\"https:\/\/luchonoticias.com\/editor\/\"},{\"@type\":\"ListItem\",\"position\":2,\"name\":\"Fiscal\u00eda radica escrito de acusaci\u00f3n contra la Exministra de Transporte Cecilia \u00c1lvarez\"}]},{\"@type\":\"WebSite\",\"@id\":\"https:\/\/luchonoticias.com\/editor\/#website\",\"url\":\"https:\/\/luchonoticias.com\/editor\/\",\"name\":\"\",\"description\":\"\",\"publisher\":{\"@id\":\"https:\/\/luchonoticias.com\/editor\/#\/schema\/person\/7a7fd911f58561fd056dbac7b55af9cd\"},\"potentialAction\":[{\"@type\":\"SearchAction\",\"target\":{\"@type\":\"EntryPoint\",\"urlTemplate\":\"https:\/\/luchonoticias.com\/editor\/?s={search_term_string}\"},\"query-input\":{\"@type\":\"PropertyValueSpecification\",\"valueRequired\":true,\"valueName\":\"search_term_string\"}}],\"inLanguage\":\"es\"},{\"@type\":[\"Person\",\"Organization\"],\"@id\":\"https:\/\/luchonoticias.com\/editor\/#\/schema\/person\/7a7fd911f58561fd056dbac7b55af9cd\",\"name\":\"admin\",\"image\":{\"@type\":\"ImageObject\",\"inLanguage\":\"es\",\"@id\":\"https:\/\/luchonoticias.com\/editor\/#\/schema\/person\/image\/\",\"url\":\"https:\/\/luchonoticias.com\/editor\/wp-content\/uploads\/2024\/02\/cropped-cropped-logolu.webp\",\"contentUrl\":\"https:\/\/luchonoticias.com\/editor\/wp-content\/uploads\/2024\/02\/cropped-cropped-logolu.webp\",\"width\":382,\"height\":170,\"caption\":\"admin\"},\"logo\":{\"@id\":\"https:\/\/luchonoticias.com\/editor\/#\/schema\/person\/image\/\"},\"sameAs\":[\"https:\/\/www.facebook.com\/luchonoticiasneiva\"]},{\"@type\":\"Person\",\"@id\":\"https:\/\/luchonoticias.com\/editor\/#\/schema\/person\/29217990ddf6f14e35912b2866d591fb\",\"name\":\"Editor General\",\"image\":{\"@type\":\"ImageObject\",\"inLanguage\":\"es\",\"@id\":\"https:\/\/luchonoticias.com\/editor\/#\/schema\/person\/image\/\",\"url\":\"https:\/\/luchonoticias.com\/editor\/wp-content\/uploads\/2024\/02\/cropped-cropped-logolu-150x150.webp\",\"contentUrl\":\"https:\/\/luchonoticias.com\/editor\/wp-content\/uploads\/2024\/02\/cropped-cropped-logolu-150x150.webp\",\"caption\":\"Editor General\"},\"sameAs\":[\"https:\/\/luchonoticias.com\/\"],\"url\":\"https:\/\/luchonoticias.com\/editor\/author\/editor-general\/\"}]}<\/script>\n<!-- \/ Yoast SEO plugin. -->","yoast_head_json":{"title":"Fiscal\u00eda radica escrito de acusaci\u00f3n contra la Exministra de Transporte Cecilia \u00c1lvarez -","robots":{"index":"index","follow":"follow","max-snippet":"max-snippet:-1","max-image-preview":"max-image-preview:large","max-video-preview":"max-video-preview:-1"},"canonical":"https:\/\/luchonoticias.com\/editor\/fiscalia-radica-escrito-de-acusacion-contra-la-exministra-de-transporte-cecilia-alvarez\/","og_locale":"es_ES","og_type":"article","og_title":"Fiscal\u00eda radica escrito de acusaci\u00f3n contra la Exministra de Transporte Cecilia \u00c1lvarez -","og_url":"https:\/\/luchonoticias.com\/editor\/fiscalia-radica-escrito-de-acusacion-contra-la-exministra-de-transporte-cecilia-alvarez\/","article_publisher":"https:\/\/www.facebook.com\/luchonoticiasneiva","article_published_time":"2023-10-06T15:06:08+00:00","article_modified_time":"2023-10-06T15:06:10+00:00","author":"Editor General","twitter_card":"summary_large_image","twitter_misc":{"Escrito por":"Editor General","Tiempo de lectura":"1 minuto"},"schema":{"@context":"https:\/\/schema.org","@graph":[{"@type":"Article","@id":"https:\/\/luchonoticias.com\/editor\/fiscalia-radica-escrito-de-acusacion-contra-la-exministra-de-transporte-cecilia-alvarez\/#article","isPartOf":{"@id":"https:\/\/luchonoticias.com\/editor\/fiscalia-radica-escrito-de-acusacion-contra-la-exministra-de-transporte-cecilia-alvarez\/"},"author":{"name":"Editor General","@id":"https:\/\/luchonoticias.com\/editor\/#\/schema\/person\/29217990ddf6f14e35912b2866d591fb"},"headline":"Fiscal\u00eda radica escrito de acusaci\u00f3n contra la Exministra de Transporte Cecilia \u00c1lvarez","datePublished":"2023-10-06T15:06:08+00:00","dateModified":"2023-10-06T15:06:10+00:00","mainEntityOfPage":{"@id":"https:\/\/luchonoticias.com\/editor\/fiscalia-radica-escrito-de-acusacion-contra-la-exministra-de-transporte-cecilia-alvarez\/"},"wordCount":207,"commentCount":0,"publisher":{"@id":"https:\/\/luchonoticias.com\/editor\/#\/schema\/person\/7a7fd911f58561fd056dbac7b55af9cd"},"articleSection":["Destacado","Judicial"],"inLanguage":"es","potentialAction":[{"@type":"CommentAction","name":"Comment","target":["https:\/\/luchonoticias.com\/editor\/fiscalia-radica-escrito-de-acusacion-contra-la-exministra-de-transporte-cecilia-alvarez\/#respond"]}]},{"@type":"WebPage","@id":"https:\/\/luchonoticias.com\/editor\/fiscalia-radica-escrito-de-acusacion-contra-la-exministra-de-transporte-cecilia-alvarez\/","url":"https:\/\/luchonoticias.com\/editor\/fiscalia-radica-escrito-de-acusacion-contra-la-exministra-de-transporte-cecilia-alvarez\/","name":"Fiscal\u00eda radica escrito de acusaci\u00f3n contra la Exministra de Transporte Cecilia \u00c1lvarez -","isPartOf":{"@id":"https:\/\/luchonoticias.com\/editor\/#website"},"datePublished":"2023-10-06T15:06:08+00:00","dateModified":"2023-10-06T15:06:10+00:00","breadcrumb":{"@id":"https:\/\/luchonoticias.com\/editor\/fiscalia-radica-escrito-de-acusacion-contra-la-exministra-de-transporte-cecilia-alvarez\/#breadcrumb"},"inLanguage":"es","potentialAction":[{"@type":"ReadAction","target":["https:\/\/luchonoticias.com\/editor\/fiscalia-radica-escrito-de-acusacion-contra-la-exministra-de-transporte-cecilia-alvarez\/"]}]},{"@type":"BreadcrumbList","@id":"https:\/\/luchonoticias.com\/editor\/fiscalia-radica-escrito-de-acusacion-contra-la-exministra-de-transporte-cecilia-alvarez\/#breadcrumb","itemListElement":[{"@type":"ListItem","position":1,"name":"Portada","item":"https:\/\/luchonoticias.com\/editor\/"},{"@type":"ListItem","position":2,"name":"Fiscal\u00eda radica escrito de acusaci\u00f3n contra la Exministra de Transporte Cecilia \u00c1lvarez"}]},{"@type":"WebSite","@id":"https:\/\/luchonoticias.com\/editor\/#website","url":"https:\/\/luchonoticias.com\/editor\/","name":"","description":"","publisher":{"@id":"https:\/\/luchonoticias.com\/editor\/#\/schema\/person\/7a7fd911f58561fd056dbac7b55af9cd"},"potentialAction":[{"@type":"SearchAction","target":{"@type":"EntryPoint","urlTemplate":"https:\/\/luchonoticias.com\/editor\/?s={search_term_string}"},"query-input":{"@type":"PropertyValueSpecification","valueRequired":true,"valueName":"search_term_string"}}],"inLanguage":"es"},{"@type":["Person","Organization"],"@id":"https:\/\/luchonoticias.com\/editor\/#\/schema\/person\/7a7fd911f58561fd056dbac7b55af9cd","name":"admin","image":{"@type":"ImageObject","inLanguage":"es","@id":"https:\/\/luchonoticias.com\/editor\/#\/schema\/person\/image\/","url":"https:\/\/luchonoticias.com\/editor\/wp-content\/uploads\/2024\/02\/cropped-cropped-logolu.webp","contentUrl":"https:\/\/luchonoticias.com\/editor\/wp-content\/uploads\/2024\/02\/cropped-cropped-logolu.webp","width":382,"height":170,"caption":"admin"},"logo":{"@id":"https:\/\/luchonoticias.com\/editor\/#\/schema\/person\/image\/"},"sameAs":["https:\/\/www.facebook.com\/luchonoticiasneiva"]},{"@type":"Person","@id":"https:\/\/luchonoticias.com\/editor\/#\/schema\/person\/29217990ddf6f14e35912b2866d591fb","name":"Editor General","image":{"@type":"ImageObject","inLanguage":"es","@id":"https:\/\/luchonoticias.com\/editor\/#\/schema\/person\/image\/","url":"https:\/\/luchonoticias.com\/editor\/wp-content\/uploads\/2024\/02\/cropped-cropped-logolu-150x150.webp","contentUrl":"https:\/\/luchonoticias.com\/editor\/wp-content\/uploads\/2024\/02\/cropped-cropped-logolu-150x150.webp","caption":"Editor General"},"sameAs":["https:\/\/luchonoticias.com\/"],"url":"https:\/\/luchonoticias.com\/editor\/author\/editor-general\/"}]}},"_links":{"self":[{"href":"https:\/\/luchonoticias.com\/editor\/wp-json\/wp\/v2\/posts\/61660","targetHints":{"allow":["GET"]}}],"collection":[{"href":"https:\/\/luchonoticias.com\/editor\/wp-json\/wp\/v2\/posts"}],"about":[{"href":"https:\/\/luchonoticias.com\/editor\/wp-json\/wp\/v2\/types\/post"}],"author":[{"embeddable":true,"href":"https:\/\/luchonoticias.com\/editor\/wp-json\/wp\/v2\/users\/2"}],"replies":[{"embeddable":true,"href":"https:\/\/luchonoticias.com\/editor\/wp-json\/wp\/v2\/comments?post=61660"}],"version-history":[{"count":0,"href":"https:\/\/luchonoticias.com\/editor\/wp-json\/wp\/v2\/posts\/61660\/revisions"}],"wp:attachment":[{"href":"https:\/\/luchonoticias.com\/editor\/wp-json\/wp\/v2\/media?parent=61660"}],"wp:term":[{"taxonomy":"category","embeddable":true,"href":"https:\/\/luchonoticias.com\/editor\/wp-json\/wp\/v2\/categories?post=61660"},{"taxonomy":"post_tag","embeddable":true,"href":"https:\/\/luchonoticias.com\/editor\/wp-json\/wp\/v2\/tags?post=61660"}],"curies":[{"name":"wp","href":"https:\/\/api.w.org\/{rel}","templated":true}]}}