{"id":61663,"date":"2023-10-06T10:17:28","date_gmt":"2023-10-06T15:17:28","guid":{"rendered":"https:\/\/luchonoticias.com\/?p=61663"},"modified":"2023-10-06T10:17:31","modified_gmt":"2023-10-06T15:17:31","slug":"soat-no-puede-ser-un-regimen-aparte-del-sistema-de-salud-guillermo-jaramillo-ministro-de-salud","status":"publish","type":"post","link":"https:\/\/luchonoticias.com\/editor\/soat-no-puede-ser-un-regimen-aparte-del-sistema-de-salud-guillermo-jaramillo-ministro-de-salud\/","title":{"rendered":"\u201cSoat no puede ser un r\u00e9gimen aparte del sistema de salud\u201d: Guillermo Jaramillo, Ministro de Salud"},"content":{"rendered":"\n<p>El ministro de Salud, Guillermo Alfonso Jaramillo, afirm\u00f3 que el Servicio Obligatorio contra Accidentes de Tr\u00e1nsito, Soat, no deber\u00eda existir en Colombia y que, por el contrario, deber\u00eda cambiarse por una \u00absistema universal de salud\u00bb.<\/p>\n\n\n\n<p>De igual forma, el Ministro se\u00f1al\u00f3 que el beneficio de la tarifa diferencial para motos de bajo cilindraje, que alcanza hasta un 50 %, no ha cumplido el objetivo de aumentar los conductores con este seguro obligatorio.<\/p>\n\n\n\n<p>El anunci\u00f3 del ministro Guillermo Alfonso Jaramillo se da luego de que la Federaci\u00f3n de Aseguradores Colombianos, Fasecolda, advirtiera que en lo corrido del 2023 se han reportado 5.267 casos de fraude con el Soat que ascienden a $2.650 millones.<\/p>\n\n\n\n<p>\u201cSi le ofrecen el Soat a trav\u00e9s de WhatsApp, desconf\u00ede, puede ser un fraude. Ninguna compa\u00f1\u00eda de seguros autorizada solicita pagos a trav\u00e9s de este canal\u201d, fue una de las principales advertencias del gremio asegurador.<\/p>\n","protected":false},"excerpt":{"rendered":"<p>El ministro de Salud, Guillermo Alfonso Jaramillo, afirm\u00f3 que el Servicio Obligatorio contra Accidentes de Tr\u00e1nsito, Soat, no deber\u00eda existir en Colombia y que, por el contrario, deber\u00eda cambiarse por una \u00absistema universal de salud\u00bb. De igual forma, el Ministro se\u00f1al\u00f3 que el beneficio de la tarifa diferencial para motos de bajo cilindraje, que alcanza [&hellip;]<\/p>\n","protected":false},"author":2,"featured_media":0,"comment_status":"open","ping_status":"open","sticky":false,"template":"","format":"standard","meta":{"footnotes":""},"categories":[28,36],"tags":[],"class_list":["post-61663","post","type-post","status-publish","format-standard","hentry","category-actualidad","category-destacado"],"yoast_head":"<!-- This site is optimized with the Yoast SEO plugin v26.6 - https:\/\/yoast.com\/wordpress\/plugins\/seo\/ -->\n<title>\u201cSoat no puede ser un r\u00e9gimen aparte del sistema de salud\u201d: Guillermo Jaramillo, Ministro de Salud -<\/title>\n<meta name=\"robots\" content=\"index, follow, max-snippet:-1, max-image-preview:large, max-video-preview:-1\" \/>\n<link rel=\"canonical\" href=\"https:\/\/luchonoticias.com\/editor\/soat-no-puede-ser-un-regimen-aparte-del-sistema-de-salud-guillermo-jaramillo-ministro-de-salud\/\" \/>\n<meta property=\"og:locale\" content=\"es_ES\" \/>\n<meta property=\"og:type\" content=\"article\" \/>\n<meta property=\"og:title\" content=\"\u201cSoat no puede ser un r\u00e9gimen aparte del sistema de salud\u201d: Guillermo Jaramillo, Ministro de Salud -\" \/>\n<meta property=\"og:url\" content=\"https:\/\/luchonoticias.com\/editor\/soat-no-puede-ser-un-regimen-aparte-del-sistema-de-salud-guillermo-jaramillo-ministro-de-salud\/\" \/>\n<meta property=\"article:publisher\" content=\"https:\/\/www.facebook.com\/luchonoticiasneiva\" \/>\n<meta property=\"article:published_time\" content=\"2023-10-06T15:17:28+00:00\" \/>\n<meta property=\"article:modified_time\" content=\"2023-10-06T15:17:31+00:00\" \/>\n<meta name=\"author\" content=\"Editor General\" \/>\n<meta name=\"twitter:card\" content=\"summary_large_image\" \/>\n<meta name=\"twitter:label1\" content=\"Escrito por\" \/>\n\t<meta name=\"twitter:data1\" content=\"Editor General\" \/>\n\t<meta name=\"twitter:label2\" content=\"Tiempo de lectura\" \/>\n\t<meta name=\"twitter:data2\" content=\"1 minuto\" \/>\n<script type=\"application\/ld+json\" class=\"yoast-schema-graph\">{\"@context\":\"https:\/\/schema.org\",\"@graph\":[{\"@type\":\"Article\",\"@id\":\"https:\/\/luchonoticias.com\/editor\/soat-no-puede-ser-un-regimen-aparte-del-sistema-de-salud-guillermo-jaramillo-ministro-de-salud\/#article\",\"isPartOf\":{\"@id\":\"https:\/\/luchonoticias.com\/editor\/soat-no-puede-ser-un-regimen-aparte-del-sistema-de-salud-guillermo-jaramillo-ministro-de-salud\/\"},\"author\":{\"name\":\"Editor General\",\"@id\":\"https:\/\/luchonoticias.com\/editor\/#\/schema\/person\/29217990ddf6f14e35912b2866d591fb\"},\"headline\":\"\u201cSoat no puede ser un r\u00e9gimen aparte del sistema de salud\u201d: Guillermo Jaramillo, Ministro de Salud\",\"datePublished\":\"2023-10-06T15:17:28+00:00\",\"dateModified\":\"2023-10-06T15:17:31+00:00\",\"mainEntityOfPage\":{\"@id\":\"https:\/\/luchonoticias.com\/editor\/soat-no-puede-ser-un-regimen-aparte-del-sistema-de-salud-guillermo-jaramillo-ministro-de-salud\/\"},\"wordCount\":168,\"commentCount\":0,\"publisher\":{\"@id\":\"https:\/\/luchonoticias.com\/editor\/#\/schema\/person\/7a7fd911f58561fd056dbac7b55af9cd\"},\"articleSection\":[\"Actualidad\",\"Destacado\"],\"inLanguage\":\"es\",\"potentialAction\":[{\"@type\":\"CommentAction\",\"name\":\"Comment\",\"target\":[\"https:\/\/luchonoticias.com\/editor\/soat-no-puede-ser-un-regimen-aparte-del-sistema-de-salud-guillermo-jaramillo-ministro-de-salud\/#respond\"]}]},{\"@type\":\"WebPage\",\"@id\":\"https:\/\/luchonoticias.com\/editor\/soat-no-puede-ser-un-regimen-aparte-del-sistema-de-salud-guillermo-jaramillo-ministro-de-salud\/\",\"url\":\"https:\/\/luchonoticias.com\/editor\/soat-no-puede-ser-un-regimen-aparte-del-sistema-de-salud-guillermo-jaramillo-ministro-de-salud\/\",\"name\":\"\u201cSoat no puede ser un r\u00e9gimen aparte del sistema de salud\u201d: Guillermo Jaramillo, Ministro de Salud -\",\"isPartOf\":{\"@id\":\"https:\/\/luchonoticias.com\/editor\/#website\"},\"datePublished\":\"2023-10-06T15:17:28+00:00\",\"dateModified\":\"2023-10-06T15:17:31+00:00\",\"breadcrumb\":{\"@id\":\"https:\/\/luchonoticias.com\/editor\/soat-no-puede-ser-un-regimen-aparte-del-sistema-de-salud-guillermo-jaramillo-ministro-de-salud\/#breadcrumb\"},\"inLanguage\":\"es\",\"potentialAction\":[{\"@type\":\"ReadAction\",\"target\":[\"https:\/\/luchonoticias.com\/editor\/soat-no-puede-ser-un-regimen-aparte-del-sistema-de-salud-guillermo-jaramillo-ministro-de-salud\/\"]}]},{\"@type\":\"BreadcrumbList\",\"@id\":\"https:\/\/luchonoticias.com\/editor\/soat-no-puede-ser-un-regimen-aparte-del-sistema-de-salud-guillermo-jaramillo-ministro-de-salud\/#breadcrumb\",\"itemListElement\":[{\"@type\":\"ListItem\",\"position\":1,\"name\":\"Portada\",\"item\":\"https:\/\/luchonoticias.com\/editor\/\"},{\"@type\":\"ListItem\",\"position\":2,\"name\":\"\u201cSoat no puede ser un r\u00e9gimen aparte del sistema de salud\u201d: Guillermo Jaramillo, Ministro de Salud\"}]},{\"@type\":\"WebSite\",\"@id\":\"https:\/\/luchonoticias.com\/editor\/#website\",\"url\":\"https:\/\/luchonoticias.com\/editor\/\",\"name\":\"\",\"description\":\"\",\"publisher\":{\"@id\":\"https:\/\/luchonoticias.com\/editor\/#\/schema\/person\/7a7fd911f58561fd056dbac7b55af9cd\"},\"potentialAction\":[{\"@type\":\"SearchAction\",\"target\":{\"@type\":\"EntryPoint\",\"urlTemplate\":\"https:\/\/luchonoticias.com\/editor\/?s={search_term_string}\"},\"query-input\":{\"@type\":\"PropertyValueSpecification\",\"valueRequired\":true,\"valueName\":\"search_term_string\"}}],\"inLanguage\":\"es\"},{\"@type\":[\"Person\",\"Organization\"],\"@id\":\"https:\/\/luchonoticias.com\/editor\/#\/schema\/person\/7a7fd911f58561fd056dbac7b55af9cd\",\"name\":\"admin\",\"image\":{\"@type\":\"ImageObject\",\"inLanguage\":\"es\",\"@id\":\"https:\/\/luchonoticias.com\/editor\/#\/schema\/person\/image\/\",\"url\":\"https:\/\/luchonoticias.com\/editor\/wp-content\/uploads\/2024\/02\/cropped-cropped-logolu.webp\",\"contentUrl\":\"https:\/\/luchonoticias.com\/editor\/wp-content\/uploads\/2024\/02\/cropped-cropped-logolu.webp\",\"width\":382,\"height\":170,\"caption\":\"admin\"},\"logo\":{\"@id\":\"https:\/\/luchonoticias.com\/editor\/#\/schema\/person\/image\/\"},\"sameAs\":[\"https:\/\/www.facebook.com\/luchonoticiasneiva\"]},{\"@type\":\"Person\",\"@id\":\"https:\/\/luchonoticias.com\/editor\/#\/schema\/person\/29217990ddf6f14e35912b2866d591fb\",\"name\":\"Editor General\",\"image\":{\"@type\":\"ImageObject\",\"inLanguage\":\"es\",\"@id\":\"https:\/\/luchonoticias.com\/editor\/#\/schema\/person\/image\/\",\"url\":\"https:\/\/luchonoticias.com\/editor\/wp-content\/uploads\/2024\/02\/cropped-cropped-logolu-150x150.webp\",\"contentUrl\":\"https:\/\/luchonoticias.com\/editor\/wp-content\/uploads\/2024\/02\/cropped-cropped-logolu-150x150.webp\",\"caption\":\"Editor General\"},\"sameAs\":[\"https:\/\/luchonoticias.com\/\"],\"url\":\"https:\/\/luchonoticias.com\/editor\/author\/editor-general\/\"}]}<\/script>\n<!-- \/ Yoast SEO plugin. -->","yoast_head_json":{"title":"\u201cSoat no puede ser un r\u00e9gimen aparte del sistema de salud\u201d: Guillermo Jaramillo, Ministro de Salud -","robots":{"index":"index","follow":"follow","max-snippet":"max-snippet:-1","max-image-preview":"max-image-preview:large","max-video-preview":"max-video-preview:-1"},"canonical":"https:\/\/luchonoticias.com\/editor\/soat-no-puede-ser-un-regimen-aparte-del-sistema-de-salud-guillermo-jaramillo-ministro-de-salud\/","og_locale":"es_ES","og_type":"article","og_title":"\u201cSoat no puede ser un r\u00e9gimen aparte del sistema de salud\u201d: Guillermo Jaramillo, Ministro de Salud -","og_url":"https:\/\/luchonoticias.com\/editor\/soat-no-puede-ser-un-regimen-aparte-del-sistema-de-salud-guillermo-jaramillo-ministro-de-salud\/","article_publisher":"https:\/\/www.facebook.com\/luchonoticiasneiva","article_published_time":"2023-10-06T15:17:28+00:00","article_modified_time":"2023-10-06T15:17:31+00:00","author":"Editor General","twitter_card":"summary_large_image","twitter_misc":{"Escrito por":"Editor General","Tiempo de lectura":"1 minuto"},"schema":{"@context":"https:\/\/schema.org","@graph":[{"@type":"Article","@id":"https:\/\/luchonoticias.com\/editor\/soat-no-puede-ser-un-regimen-aparte-del-sistema-de-salud-guillermo-jaramillo-ministro-de-salud\/#article","isPartOf":{"@id":"https:\/\/luchonoticias.com\/editor\/soat-no-puede-ser-un-regimen-aparte-del-sistema-de-salud-guillermo-jaramillo-ministro-de-salud\/"},"author":{"name":"Editor General","@id":"https:\/\/luchonoticias.com\/editor\/#\/schema\/person\/29217990ddf6f14e35912b2866d591fb"},"headline":"\u201cSoat no puede ser un r\u00e9gimen aparte del sistema de salud\u201d: Guillermo Jaramillo, Ministro de Salud","datePublished":"2023-10-06T15:17:28+00:00","dateModified":"2023-10-06T15:17:31+00:00","mainEntityOfPage":{"@id":"https:\/\/luchonoticias.com\/editor\/soat-no-puede-ser-un-regimen-aparte-del-sistema-de-salud-guillermo-jaramillo-ministro-de-salud\/"},"wordCount":168,"commentCount":0,"publisher":{"@id":"https:\/\/luchonoticias.com\/editor\/#\/schema\/person\/7a7fd911f58561fd056dbac7b55af9cd"},"articleSection":["Actualidad","Destacado"],"inLanguage":"es","potentialAction":[{"@type":"CommentAction","name":"Comment","target":["https:\/\/luchonoticias.com\/editor\/soat-no-puede-ser-un-regimen-aparte-del-sistema-de-salud-guillermo-jaramillo-ministro-de-salud\/#respond"]}]},{"@type":"WebPage","@id":"https:\/\/luchonoticias.com\/editor\/soat-no-puede-ser-un-regimen-aparte-del-sistema-de-salud-guillermo-jaramillo-ministro-de-salud\/","url":"https:\/\/luchonoticias.com\/editor\/soat-no-puede-ser-un-regimen-aparte-del-sistema-de-salud-guillermo-jaramillo-ministro-de-salud\/","name":"\u201cSoat no puede ser un r\u00e9gimen aparte del sistema de salud\u201d: Guillermo Jaramillo, Ministro de Salud -","isPartOf":{"@id":"https:\/\/luchonoticias.com\/editor\/#website"},"datePublished":"2023-10-06T15:17:28+00:00","dateModified":"2023-10-06T15:17:31+00:00","breadcrumb":{"@id":"https:\/\/luchonoticias.com\/editor\/soat-no-puede-ser-un-regimen-aparte-del-sistema-de-salud-guillermo-jaramillo-ministro-de-salud\/#breadcrumb"},"inLanguage":"es","potentialAction":[{"@type":"ReadAction","target":["https:\/\/luchonoticias.com\/editor\/soat-no-puede-ser-un-regimen-aparte-del-sistema-de-salud-guillermo-jaramillo-ministro-de-salud\/"]}]},{"@type":"BreadcrumbList","@id":"https:\/\/luchonoticias.com\/editor\/soat-no-puede-ser-un-regimen-aparte-del-sistema-de-salud-guillermo-jaramillo-ministro-de-salud\/#breadcrumb","itemListElement":[{"@type":"ListItem","position":1,"name":"Portada","item":"https:\/\/luchonoticias.com\/editor\/"},{"@type":"ListItem","position":2,"name":"\u201cSoat no puede ser un r\u00e9gimen aparte del sistema de salud\u201d: Guillermo Jaramillo, Ministro de Salud"}]},{"@type":"WebSite","@id":"https:\/\/luchonoticias.com\/editor\/#website","url":"https:\/\/luchonoticias.com\/editor\/","name":"","description":"","publisher":{"@id":"https:\/\/luchonoticias.com\/editor\/#\/schema\/person\/7a7fd911f58561fd056dbac7b55af9cd"},"potentialAction":[{"@type":"SearchAction","target":{"@type":"EntryPoint","urlTemplate":"https:\/\/luchonoticias.com\/editor\/?s={search_term_string}"},"query-input":{"@type":"PropertyValueSpecification","valueRequired":true,"valueName":"search_term_string"}}],"inLanguage":"es"},{"@type":["Person","Organization"],"@id":"https:\/\/luchonoticias.com\/editor\/#\/schema\/person\/7a7fd911f58561fd056dbac7b55af9cd","name":"admin","image":{"@type":"ImageObject","inLanguage":"es","@id":"https:\/\/luchonoticias.com\/editor\/#\/schema\/person\/image\/","url":"https:\/\/luchonoticias.com\/editor\/wp-content\/uploads\/2024\/02\/cropped-cropped-logolu.webp","contentUrl":"https:\/\/luchonoticias.com\/editor\/wp-content\/uploads\/2024\/02\/cropped-cropped-logolu.webp","width":382,"height":170,"caption":"admin"},"logo":{"@id":"https:\/\/luchonoticias.com\/editor\/#\/schema\/person\/image\/"},"sameAs":["https:\/\/www.facebook.com\/luchonoticiasneiva"]},{"@type":"Person","@id":"https:\/\/luchonoticias.com\/editor\/#\/schema\/person\/29217990ddf6f14e35912b2866d591fb","name":"Editor General","image":{"@type":"ImageObject","inLanguage":"es","@id":"https:\/\/luchonoticias.com\/editor\/#\/schema\/person\/image\/","url":"https:\/\/luchonoticias.com\/editor\/wp-content\/uploads\/2024\/02\/cropped-cropped-logolu-150x150.webp","contentUrl":"https:\/\/luchonoticias.com\/editor\/wp-content\/uploads\/2024\/02\/cropped-cropped-logolu-150x150.webp","caption":"Editor General"},"sameAs":["https:\/\/luchonoticias.com\/"],"url":"https:\/\/luchonoticias.com\/editor\/author\/editor-general\/"}]}},"_links":{"self":[{"href":"https:\/\/luchonoticias.com\/editor\/wp-json\/wp\/v2\/posts\/61663","targetHints":{"allow":["GET"]}}],"collection":[{"href":"https:\/\/luchonoticias.com\/editor\/wp-json\/wp\/v2\/posts"}],"about":[{"href":"https:\/\/luchonoticias.com\/editor\/wp-json\/wp\/v2\/types\/post"}],"author":[{"embeddable":true,"href":"https:\/\/luchonoticias.com\/editor\/wp-json\/wp\/v2\/users\/2"}],"replies":[{"embeddable":true,"href":"https:\/\/luchonoticias.com\/editor\/wp-json\/wp\/v2\/comments?post=61663"}],"version-history":[{"count":0,"href":"https:\/\/luchonoticias.com\/editor\/wp-json\/wp\/v2\/posts\/61663\/revisions"}],"wp:attachment":[{"href":"https:\/\/luchonoticias.com\/editor\/wp-json\/wp\/v2\/media?parent=61663"}],"wp:term":[{"taxonomy":"category","embeddable":true,"href":"https:\/\/luchonoticias.com\/editor\/wp-json\/wp\/v2\/categories?post=61663"},{"taxonomy":"post_tag","embeddable":true,"href":"https:\/\/luchonoticias.com\/editor\/wp-json\/wp\/v2\/tags?post=61663"}],"curies":[{"name":"wp","href":"https:\/\/api.w.org\/{rel}","templated":true}]}}