{"id":61666,"date":"2023-10-06T10:22:02","date_gmt":"2023-10-06T15:22:02","guid":{"rendered":"https:\/\/luchonoticias.com\/?p=61666"},"modified":"2023-10-06T10:22:02","modified_gmt":"2023-10-06T15:22:02","slug":"precio-del-acpm-comenzara-a-subir-en-febrero-de-2024-minhacienda","status":"publish","type":"post","link":"https:\/\/luchonoticias.com\/editor\/precio-del-acpm-comenzara-a-subir-en-febrero-de-2024-minhacienda\/","title":{"rendered":"Precio del Acpm comenzar\u00e1 a subir en febrero de 2024: MinHacienda"},"content":{"rendered":"\n<p>El ministro de Hacienda, Ricardo Bonilla, sostuvo durante el Congreso de Colfecar que desde el mes de febrero de 2024 comenzar\u00e1 el incremento en los precios del Acpm o di\u00e9sel.<\/p>\n\n\n\n<p>El funcionario resalt\u00f3 que este aumento ser\u00e1 paulatino, as\u00ed como se ha venido haciendo con el precio de la gasolina corriente que ya cumple un a\u00f1o con estos incrementos en vigencia.<\/p>\n\n\n\n<p>\u201cLa brecha del diesel o Acpm es de casi $8 mil, entonces se debe subir, pero eso no significa que sea una subida de golpe, en eso hay que organizarnos. No queremos cogerle sorpresa a nadie y creo que lo podemos concertar, y eso llevar\u00eda entre 18 meses y hasta dos a\u00f1os para poderlo ajustar\u201d, expres\u00f3 el jefe de la cartera de Hacienda.<\/p>\n\n\n\n<p>Finalmente, dentro de las declaraciones del ministro de Hacienda, aclar\u00f3 que para concretar el aumento del ACPM primero se deber\u00e1 llegar a una serie de acuerdos con los gremios, principalmente los transportadores que son los que m\u00e1s utilizan este tipo de combustible y que al incrementar los precios podr\u00eda tener un impacto en los costos de sus servicios.<\/p>\n","protected":false},"excerpt":{"rendered":"<p>El ministro de Hacienda, Ricardo Bonilla, sostuvo durante el Congreso de Colfecar que desde el mes de febrero de 2024 comenzar\u00e1 el incremento en los precios del Acpm o di\u00e9sel. El funcionario resalt\u00f3 que este aumento ser\u00e1 paulatino, as\u00ed como se ha venido haciendo con el precio de la gasolina corriente que ya cumple un [&hellip;]<\/p>\n","protected":false},"author":2,"featured_media":0,"comment_status":"open","ping_status":"open","sticky":false,"template":"","format":"standard","meta":{"footnotes":""},"categories":[36,32],"tags":[],"class_list":["post-61666","post","type-post","status-publish","format-standard","hentry","category-destacado","category-nacional"],"yoast_head":"<!-- This site is optimized with the Yoast SEO plugin v26.6 - https:\/\/yoast.com\/wordpress\/plugins\/seo\/ -->\n<title>Precio del Acpm comenzar\u00e1 a subir en febrero de 2024: MinHacienda -<\/title>\n<meta name=\"robots\" content=\"index, follow, max-snippet:-1, max-image-preview:large, max-video-preview:-1\" \/>\n<link rel=\"canonical\" href=\"https:\/\/luchonoticias.com\/editor\/precio-del-acpm-comenzara-a-subir-en-febrero-de-2024-minhacienda\/\" \/>\n<meta property=\"og:locale\" content=\"es_ES\" \/>\n<meta property=\"og:type\" content=\"article\" \/>\n<meta property=\"og:title\" content=\"Precio del Acpm comenzar\u00e1 a subir en febrero de 2024: MinHacienda -\" \/>\n<meta property=\"og:url\" content=\"https:\/\/luchonoticias.com\/editor\/precio-del-acpm-comenzara-a-subir-en-febrero-de-2024-minhacienda\/\" \/>\n<meta property=\"article:publisher\" content=\"https:\/\/www.facebook.com\/luchonoticiasneiva\" \/>\n<meta property=\"article:published_time\" content=\"2023-10-06T15:22:02+00:00\" \/>\n<meta name=\"author\" content=\"Editor General\" \/>\n<meta name=\"twitter:card\" content=\"summary_large_image\" \/>\n<meta name=\"twitter:label1\" content=\"Escrito por\" \/>\n\t<meta name=\"twitter:data1\" content=\"Editor General\" \/>\n\t<meta name=\"twitter:label2\" content=\"Tiempo de lectura\" \/>\n\t<meta name=\"twitter:data2\" content=\"1 minuto\" \/>\n<script type=\"application\/ld+json\" class=\"yoast-schema-graph\">{\"@context\":\"https:\/\/schema.org\",\"@graph\":[{\"@type\":\"Article\",\"@id\":\"https:\/\/luchonoticias.com\/editor\/precio-del-acpm-comenzara-a-subir-en-febrero-de-2024-minhacienda\/#article\",\"isPartOf\":{\"@id\":\"https:\/\/luchonoticias.com\/editor\/precio-del-acpm-comenzara-a-subir-en-febrero-de-2024-minhacienda\/\"},\"author\":{\"name\":\"Editor General\",\"@id\":\"https:\/\/luchonoticias.com\/editor\/#\/schema\/person\/29217990ddf6f14e35912b2866d591fb\"},\"headline\":\"Precio del Acpm comenzar\u00e1 a subir en febrero de 2024: MinHacienda\",\"datePublished\":\"2023-10-06T15:22:02+00:00\",\"mainEntityOfPage\":{\"@id\":\"https:\/\/luchonoticias.com\/editor\/precio-del-acpm-comenzara-a-subir-en-febrero-de-2024-minhacienda\/\"},\"wordCount\":195,\"commentCount\":0,\"publisher\":{\"@id\":\"https:\/\/luchonoticias.com\/editor\/#\/schema\/person\/7a7fd911f58561fd056dbac7b55af9cd\"},\"articleSection\":[\"Destacado\",\"Nacional\"],\"inLanguage\":\"es\",\"potentialAction\":[{\"@type\":\"CommentAction\",\"name\":\"Comment\",\"target\":[\"https:\/\/luchonoticias.com\/editor\/precio-del-acpm-comenzara-a-subir-en-febrero-de-2024-minhacienda\/#respond\"]}]},{\"@type\":\"WebPage\",\"@id\":\"https:\/\/luchonoticias.com\/editor\/precio-del-acpm-comenzara-a-subir-en-febrero-de-2024-minhacienda\/\",\"url\":\"https:\/\/luchonoticias.com\/editor\/precio-del-acpm-comenzara-a-subir-en-febrero-de-2024-minhacienda\/\",\"name\":\"Precio del Acpm comenzar\u00e1 a subir en febrero de 2024: MinHacienda -\",\"isPartOf\":{\"@id\":\"https:\/\/luchonoticias.com\/editor\/#website\"},\"datePublished\":\"2023-10-06T15:22:02+00:00\",\"breadcrumb\":{\"@id\":\"https:\/\/luchonoticias.com\/editor\/precio-del-acpm-comenzara-a-subir-en-febrero-de-2024-minhacienda\/#breadcrumb\"},\"inLanguage\":\"es\",\"potentialAction\":[{\"@type\":\"ReadAction\",\"target\":[\"https:\/\/luchonoticias.com\/editor\/precio-del-acpm-comenzara-a-subir-en-febrero-de-2024-minhacienda\/\"]}]},{\"@type\":\"BreadcrumbList\",\"@id\":\"https:\/\/luchonoticias.com\/editor\/precio-del-acpm-comenzara-a-subir-en-febrero-de-2024-minhacienda\/#breadcrumb\",\"itemListElement\":[{\"@type\":\"ListItem\",\"position\":1,\"name\":\"Portada\",\"item\":\"https:\/\/luchonoticias.com\/editor\/\"},{\"@type\":\"ListItem\",\"position\":2,\"name\":\"Precio del Acpm comenzar\u00e1 a subir en febrero de 2024: MinHacienda\"}]},{\"@type\":\"WebSite\",\"@id\":\"https:\/\/luchonoticias.com\/editor\/#website\",\"url\":\"https:\/\/luchonoticias.com\/editor\/\",\"name\":\"\",\"description\":\"\",\"publisher\":{\"@id\":\"https:\/\/luchonoticias.com\/editor\/#\/schema\/person\/7a7fd911f58561fd056dbac7b55af9cd\"},\"potentialAction\":[{\"@type\":\"SearchAction\",\"target\":{\"@type\":\"EntryPoint\",\"urlTemplate\":\"https:\/\/luchonoticias.com\/editor\/?s={search_term_string}\"},\"query-input\":{\"@type\":\"PropertyValueSpecification\",\"valueRequired\":true,\"valueName\":\"search_term_string\"}}],\"inLanguage\":\"es\"},{\"@type\":[\"Person\",\"Organization\"],\"@id\":\"https:\/\/luchonoticias.com\/editor\/#\/schema\/person\/7a7fd911f58561fd056dbac7b55af9cd\",\"name\":\"admin\",\"image\":{\"@type\":\"ImageObject\",\"inLanguage\":\"es\",\"@id\":\"https:\/\/luchonoticias.com\/editor\/#\/schema\/person\/image\/\",\"url\":\"https:\/\/luchonoticias.com\/editor\/wp-content\/uploads\/2024\/02\/cropped-cropped-logolu.webp\",\"contentUrl\":\"https:\/\/luchonoticias.com\/editor\/wp-content\/uploads\/2024\/02\/cropped-cropped-logolu.webp\",\"width\":382,\"height\":170,\"caption\":\"admin\"},\"logo\":{\"@id\":\"https:\/\/luchonoticias.com\/editor\/#\/schema\/person\/image\/\"},\"sameAs\":[\"https:\/\/www.facebook.com\/luchonoticiasneiva\"]},{\"@type\":\"Person\",\"@id\":\"https:\/\/luchonoticias.com\/editor\/#\/schema\/person\/29217990ddf6f14e35912b2866d591fb\",\"name\":\"Editor General\",\"image\":{\"@type\":\"ImageObject\",\"inLanguage\":\"es\",\"@id\":\"https:\/\/luchonoticias.com\/editor\/#\/schema\/person\/image\/\",\"url\":\"https:\/\/luchonoticias.com\/editor\/wp-content\/uploads\/2024\/02\/cropped-cropped-logolu-150x150.webp\",\"contentUrl\":\"https:\/\/luchonoticias.com\/editor\/wp-content\/uploads\/2024\/02\/cropped-cropped-logolu-150x150.webp\",\"caption\":\"Editor General\"},\"sameAs\":[\"https:\/\/luchonoticias.com\/\"],\"url\":\"https:\/\/luchonoticias.com\/editor\/author\/editor-general\/\"}]}<\/script>\n<!-- \/ Yoast SEO plugin. -->","yoast_head_json":{"title":"Precio del Acpm comenzar\u00e1 a subir en febrero de 2024: MinHacienda -","robots":{"index":"index","follow":"follow","max-snippet":"max-snippet:-1","max-image-preview":"max-image-preview:large","max-video-preview":"max-video-preview:-1"},"canonical":"https:\/\/luchonoticias.com\/editor\/precio-del-acpm-comenzara-a-subir-en-febrero-de-2024-minhacienda\/","og_locale":"es_ES","og_type":"article","og_title":"Precio del Acpm comenzar\u00e1 a subir en febrero de 2024: MinHacienda -","og_url":"https:\/\/luchonoticias.com\/editor\/precio-del-acpm-comenzara-a-subir-en-febrero-de-2024-minhacienda\/","article_publisher":"https:\/\/www.facebook.com\/luchonoticiasneiva","article_published_time":"2023-10-06T15:22:02+00:00","author":"Editor General","twitter_card":"summary_large_image","twitter_misc":{"Escrito por":"Editor General","Tiempo de lectura":"1 minuto"},"schema":{"@context":"https:\/\/schema.org","@graph":[{"@type":"Article","@id":"https:\/\/luchonoticias.com\/editor\/precio-del-acpm-comenzara-a-subir-en-febrero-de-2024-minhacienda\/#article","isPartOf":{"@id":"https:\/\/luchonoticias.com\/editor\/precio-del-acpm-comenzara-a-subir-en-febrero-de-2024-minhacienda\/"},"author":{"name":"Editor General","@id":"https:\/\/luchonoticias.com\/editor\/#\/schema\/person\/29217990ddf6f14e35912b2866d591fb"},"headline":"Precio del Acpm comenzar\u00e1 a subir en febrero de 2024: MinHacienda","datePublished":"2023-10-06T15:22:02+00:00","mainEntityOfPage":{"@id":"https:\/\/luchonoticias.com\/editor\/precio-del-acpm-comenzara-a-subir-en-febrero-de-2024-minhacienda\/"},"wordCount":195,"commentCount":0,"publisher":{"@id":"https:\/\/luchonoticias.com\/editor\/#\/schema\/person\/7a7fd911f58561fd056dbac7b55af9cd"},"articleSection":["Destacado","Nacional"],"inLanguage":"es","potentialAction":[{"@type":"CommentAction","name":"Comment","target":["https:\/\/luchonoticias.com\/editor\/precio-del-acpm-comenzara-a-subir-en-febrero-de-2024-minhacienda\/#respond"]}]},{"@type":"WebPage","@id":"https:\/\/luchonoticias.com\/editor\/precio-del-acpm-comenzara-a-subir-en-febrero-de-2024-minhacienda\/","url":"https:\/\/luchonoticias.com\/editor\/precio-del-acpm-comenzara-a-subir-en-febrero-de-2024-minhacienda\/","name":"Precio del Acpm comenzar\u00e1 a subir en febrero de 2024: MinHacienda -","isPartOf":{"@id":"https:\/\/luchonoticias.com\/editor\/#website"},"datePublished":"2023-10-06T15:22:02+00:00","breadcrumb":{"@id":"https:\/\/luchonoticias.com\/editor\/precio-del-acpm-comenzara-a-subir-en-febrero-de-2024-minhacienda\/#breadcrumb"},"inLanguage":"es","potentialAction":[{"@type":"ReadAction","target":["https:\/\/luchonoticias.com\/editor\/precio-del-acpm-comenzara-a-subir-en-febrero-de-2024-minhacienda\/"]}]},{"@type":"BreadcrumbList","@id":"https:\/\/luchonoticias.com\/editor\/precio-del-acpm-comenzara-a-subir-en-febrero-de-2024-minhacienda\/#breadcrumb","itemListElement":[{"@type":"ListItem","position":1,"name":"Portada","item":"https:\/\/luchonoticias.com\/editor\/"},{"@type":"ListItem","position":2,"name":"Precio del Acpm comenzar\u00e1 a subir en febrero de 2024: MinHacienda"}]},{"@type":"WebSite","@id":"https:\/\/luchonoticias.com\/editor\/#website","url":"https:\/\/luchonoticias.com\/editor\/","name":"","description":"","publisher":{"@id":"https:\/\/luchonoticias.com\/editor\/#\/schema\/person\/7a7fd911f58561fd056dbac7b55af9cd"},"potentialAction":[{"@type":"SearchAction","target":{"@type":"EntryPoint","urlTemplate":"https:\/\/luchonoticias.com\/editor\/?s={search_term_string}"},"query-input":{"@type":"PropertyValueSpecification","valueRequired":true,"valueName":"search_term_string"}}],"inLanguage":"es"},{"@type":["Person","Organization"],"@id":"https:\/\/luchonoticias.com\/editor\/#\/schema\/person\/7a7fd911f58561fd056dbac7b55af9cd","name":"admin","image":{"@type":"ImageObject","inLanguage":"es","@id":"https:\/\/luchonoticias.com\/editor\/#\/schema\/person\/image\/","url":"https:\/\/luchonoticias.com\/editor\/wp-content\/uploads\/2024\/02\/cropped-cropped-logolu.webp","contentUrl":"https:\/\/luchonoticias.com\/editor\/wp-content\/uploads\/2024\/02\/cropped-cropped-logolu.webp","width":382,"height":170,"caption":"admin"},"logo":{"@id":"https:\/\/luchonoticias.com\/editor\/#\/schema\/person\/image\/"},"sameAs":["https:\/\/www.facebook.com\/luchonoticiasneiva"]},{"@type":"Person","@id":"https:\/\/luchonoticias.com\/editor\/#\/schema\/person\/29217990ddf6f14e35912b2866d591fb","name":"Editor General","image":{"@type":"ImageObject","inLanguage":"es","@id":"https:\/\/luchonoticias.com\/editor\/#\/schema\/person\/image\/","url":"https:\/\/luchonoticias.com\/editor\/wp-content\/uploads\/2024\/02\/cropped-cropped-logolu-150x150.webp","contentUrl":"https:\/\/luchonoticias.com\/editor\/wp-content\/uploads\/2024\/02\/cropped-cropped-logolu-150x150.webp","caption":"Editor General"},"sameAs":["https:\/\/luchonoticias.com\/"],"url":"https:\/\/luchonoticias.com\/editor\/author\/editor-general\/"}]}},"_links":{"self":[{"href":"https:\/\/luchonoticias.com\/editor\/wp-json\/wp\/v2\/posts\/61666","targetHints":{"allow":["GET"]}}],"collection":[{"href":"https:\/\/luchonoticias.com\/editor\/wp-json\/wp\/v2\/posts"}],"about":[{"href":"https:\/\/luchonoticias.com\/editor\/wp-json\/wp\/v2\/types\/post"}],"author":[{"embeddable":true,"href":"https:\/\/luchonoticias.com\/editor\/wp-json\/wp\/v2\/users\/2"}],"replies":[{"embeddable":true,"href":"https:\/\/luchonoticias.com\/editor\/wp-json\/wp\/v2\/comments?post=61666"}],"version-history":[{"count":0,"href":"https:\/\/luchonoticias.com\/editor\/wp-json\/wp\/v2\/posts\/61666\/revisions"}],"wp:attachment":[{"href":"https:\/\/luchonoticias.com\/editor\/wp-json\/wp\/v2\/media?parent=61666"}],"wp:term":[{"taxonomy":"category","embeddable":true,"href":"https:\/\/luchonoticias.com\/editor\/wp-json\/wp\/v2\/categories?post=61666"},{"taxonomy":"post_tag","embeddable":true,"href":"https:\/\/luchonoticias.com\/editor\/wp-json\/wp\/v2\/tags?post=61666"}],"curies":[{"name":"wp","href":"https:\/\/api.w.org\/{rel}","templated":true}]}}