{"id":61843,"date":"2023-10-09T15:08:44","date_gmt":"2023-10-09T20:08:44","guid":{"rendered":"https:\/\/luchonoticias.com\/?p=61843"},"modified":"2023-10-09T15:08:45","modified_gmt":"2023-10-09T20:08:45","slug":"asesinado-a-tiros-en-el-barrio-12-de-octubre-de-campoalegre","status":"publish","type":"post","link":"https:\/\/luchonoticias.com\/editor\/asesinado-a-tiros-en-el-barrio-12-de-octubre-de-campoalegre\/","title":{"rendered":"Asesinado a tiros en el barrio 12 de octubre de Campoalegre"},"content":{"rendered":"\n<p>Las autoridades huilenses, reportaron un hecho de sangre ocurrido en la ma\u00f1ana de este lunes, el municipio de Campoalegre. Un hombre identificado como Jose Albeiro Puentes Guaraca, perdi\u00f3 la vida tras ser atacado a tiros por un individuo desconocido mientras se desplazaba en una motocicleta por un sector del barrio 12 de octubre.<\/p>\n\n\n\n<p>Seg\u00fan informaciones de testigos, el agresor se aproxim\u00f3 a la v\u00edctima sin mediar palabra alguna, le dispar\u00f3 con un arma de fuego, dejando a Albeiro Puentes gravemente herido, que pese a pesar de los esfuerzos por parte de personas cercanas y el r\u00e1pido traslado al Hospital local, la v\u00edctima no logr\u00f3 sobrevivir debido a la gravedad de las heridas.<\/p>\n\n\n\n<p>Este tr\u00e1gico suceso vuelve a resaltar la preocupante situaci\u00f3n de violencia que aqueja a Campoalegre. El municipio ha registrado un alto \u00edndice de homicidios durante el presente a\u00f1o, y a pesar de las preocupaciones de la comunidad, las autoridades y la administraci\u00f3n municipal a\u00fan no han logrado contener esta ola de violencia que afecta a la poblaci\u00f3n.<\/p>\n","protected":false},"excerpt":{"rendered":"<p>Las autoridades huilenses, reportaron un hecho de sangre ocurrido en la ma\u00f1ana de este lunes, el municipio de Campoalegre. Un hombre identificado como Jose Albeiro Puentes Guaraca, perdi\u00f3 la vida tras ser atacado a tiros por un individuo desconocido mientras se desplazaba en una motocicleta por un sector del barrio 12 de octubre. Seg\u00fan informaciones [&hellip;]<\/p>\n","protected":false},"author":2,"featured_media":0,"comment_status":"open","ping_status":"open","sticky":false,"template":"","format":"standard","meta":{"footnotes":""},"categories":[36,29],"tags":[],"class_list":["post-61843","post","type-post","status-publish","format-standard","hentry","category-destacado","category-judicial"],"yoast_head":"<!-- This site is optimized with the Yoast SEO plugin v26.6 - https:\/\/yoast.com\/wordpress\/plugins\/seo\/ -->\n<title>Asesinado a tiros en el barrio 12 de octubre de Campoalegre -<\/title>\n<meta name=\"robots\" content=\"index, follow, max-snippet:-1, max-image-preview:large, max-video-preview:-1\" \/>\n<link rel=\"canonical\" href=\"https:\/\/luchonoticias.com\/editor\/asesinado-a-tiros-en-el-barrio-12-de-octubre-de-campoalegre\/\" \/>\n<meta property=\"og:locale\" content=\"es_ES\" \/>\n<meta property=\"og:type\" content=\"article\" \/>\n<meta property=\"og:title\" content=\"Asesinado a tiros en el barrio 12 de octubre de Campoalegre -\" \/>\n<meta property=\"og:url\" content=\"https:\/\/luchonoticias.com\/editor\/asesinado-a-tiros-en-el-barrio-12-de-octubre-de-campoalegre\/\" \/>\n<meta property=\"article:publisher\" content=\"https:\/\/www.facebook.com\/luchonoticiasneiva\" \/>\n<meta property=\"article:published_time\" content=\"2023-10-09T20:08:44+00:00\" \/>\n<meta property=\"article:modified_time\" content=\"2023-10-09T20:08:45+00:00\" \/>\n<meta name=\"author\" content=\"Editor General\" \/>\n<meta name=\"twitter:card\" content=\"summary_large_image\" \/>\n<meta name=\"twitter:label1\" content=\"Escrito por\" \/>\n\t<meta name=\"twitter:data1\" content=\"Editor General\" \/>\n\t<meta name=\"twitter:label2\" content=\"Tiempo de lectura\" \/>\n\t<meta name=\"twitter:data2\" content=\"1 minuto\" \/>\n<script type=\"application\/ld+json\" class=\"yoast-schema-graph\">{\"@context\":\"https:\/\/schema.org\",\"@graph\":[{\"@type\":\"Article\",\"@id\":\"https:\/\/luchonoticias.com\/editor\/asesinado-a-tiros-en-el-barrio-12-de-octubre-de-campoalegre\/#article\",\"isPartOf\":{\"@id\":\"https:\/\/luchonoticias.com\/editor\/asesinado-a-tiros-en-el-barrio-12-de-octubre-de-campoalegre\/\"},\"author\":{\"name\":\"Editor General\",\"@id\":\"https:\/\/luchonoticias.com\/editor\/#\/schema\/person\/29217990ddf6f14e35912b2866d591fb\"},\"headline\":\"Asesinado a tiros en el barrio 12 de octubre de Campoalegre\",\"datePublished\":\"2023-10-09T20:08:44+00:00\",\"dateModified\":\"2023-10-09T20:08:45+00:00\",\"mainEntityOfPage\":{\"@id\":\"https:\/\/luchonoticias.com\/editor\/asesinado-a-tiros-en-el-barrio-12-de-octubre-de-campoalegre\/\"},\"wordCount\":189,\"commentCount\":0,\"publisher\":{\"@id\":\"https:\/\/luchonoticias.com\/editor\/#\/schema\/person\/7a7fd911f58561fd056dbac7b55af9cd\"},\"articleSection\":[\"Destacado\",\"Judicial\"],\"inLanguage\":\"es\",\"potentialAction\":[{\"@type\":\"CommentAction\",\"name\":\"Comment\",\"target\":[\"https:\/\/luchonoticias.com\/editor\/asesinado-a-tiros-en-el-barrio-12-de-octubre-de-campoalegre\/#respond\"]}]},{\"@type\":\"WebPage\",\"@id\":\"https:\/\/luchonoticias.com\/editor\/asesinado-a-tiros-en-el-barrio-12-de-octubre-de-campoalegre\/\",\"url\":\"https:\/\/luchonoticias.com\/editor\/asesinado-a-tiros-en-el-barrio-12-de-octubre-de-campoalegre\/\",\"name\":\"Asesinado a tiros en el barrio 12 de octubre de Campoalegre -\",\"isPartOf\":{\"@id\":\"https:\/\/luchonoticias.com\/editor\/#website\"},\"datePublished\":\"2023-10-09T20:08:44+00:00\",\"dateModified\":\"2023-10-09T20:08:45+00:00\",\"breadcrumb\":{\"@id\":\"https:\/\/luchonoticias.com\/editor\/asesinado-a-tiros-en-el-barrio-12-de-octubre-de-campoalegre\/#breadcrumb\"},\"inLanguage\":\"es\",\"potentialAction\":[{\"@type\":\"ReadAction\",\"target\":[\"https:\/\/luchonoticias.com\/editor\/asesinado-a-tiros-en-el-barrio-12-de-octubre-de-campoalegre\/\"]}]},{\"@type\":\"BreadcrumbList\",\"@id\":\"https:\/\/luchonoticias.com\/editor\/asesinado-a-tiros-en-el-barrio-12-de-octubre-de-campoalegre\/#breadcrumb\",\"itemListElement\":[{\"@type\":\"ListItem\",\"position\":1,\"name\":\"Portada\",\"item\":\"https:\/\/luchonoticias.com\/editor\/\"},{\"@type\":\"ListItem\",\"position\":2,\"name\":\"Asesinado a tiros en el barrio 12 de octubre de Campoalegre\"}]},{\"@type\":\"WebSite\",\"@id\":\"https:\/\/luchonoticias.com\/editor\/#website\",\"url\":\"https:\/\/luchonoticias.com\/editor\/\",\"name\":\"\",\"description\":\"\",\"publisher\":{\"@id\":\"https:\/\/luchonoticias.com\/editor\/#\/schema\/person\/7a7fd911f58561fd056dbac7b55af9cd\"},\"potentialAction\":[{\"@type\":\"SearchAction\",\"target\":{\"@type\":\"EntryPoint\",\"urlTemplate\":\"https:\/\/luchonoticias.com\/editor\/?s={search_term_string}\"},\"query-input\":{\"@type\":\"PropertyValueSpecification\",\"valueRequired\":true,\"valueName\":\"search_term_string\"}}],\"inLanguage\":\"es\"},{\"@type\":[\"Person\",\"Organization\"],\"@id\":\"https:\/\/luchonoticias.com\/editor\/#\/schema\/person\/7a7fd911f58561fd056dbac7b55af9cd\",\"name\":\"admin\",\"image\":{\"@type\":\"ImageObject\",\"inLanguage\":\"es\",\"@id\":\"https:\/\/luchonoticias.com\/editor\/#\/schema\/person\/image\/\",\"url\":\"https:\/\/luchonoticias.com\/editor\/wp-content\/uploads\/2024\/02\/cropped-cropped-logolu.webp\",\"contentUrl\":\"https:\/\/luchonoticias.com\/editor\/wp-content\/uploads\/2024\/02\/cropped-cropped-logolu.webp\",\"width\":382,\"height\":170,\"caption\":\"admin\"},\"logo\":{\"@id\":\"https:\/\/luchonoticias.com\/editor\/#\/schema\/person\/image\/\"},\"sameAs\":[\"https:\/\/www.facebook.com\/luchonoticiasneiva\"]},{\"@type\":\"Person\",\"@id\":\"https:\/\/luchonoticias.com\/editor\/#\/schema\/person\/29217990ddf6f14e35912b2866d591fb\",\"name\":\"Editor General\",\"image\":{\"@type\":\"ImageObject\",\"inLanguage\":\"es\",\"@id\":\"https:\/\/luchonoticias.com\/editor\/#\/schema\/person\/image\/\",\"url\":\"https:\/\/luchonoticias.com\/editor\/wp-content\/uploads\/2024\/02\/cropped-cropped-logolu-150x150.webp\",\"contentUrl\":\"https:\/\/luchonoticias.com\/editor\/wp-content\/uploads\/2024\/02\/cropped-cropped-logolu-150x150.webp\",\"caption\":\"Editor General\"},\"sameAs\":[\"https:\/\/luchonoticias.com\/\"],\"url\":\"https:\/\/luchonoticias.com\/editor\/author\/editor-general\/\"}]}<\/script>\n<!-- \/ Yoast SEO plugin. -->","yoast_head_json":{"title":"Asesinado a tiros en el barrio 12 de octubre de Campoalegre -","robots":{"index":"index","follow":"follow","max-snippet":"max-snippet:-1","max-image-preview":"max-image-preview:large","max-video-preview":"max-video-preview:-1"},"canonical":"https:\/\/luchonoticias.com\/editor\/asesinado-a-tiros-en-el-barrio-12-de-octubre-de-campoalegre\/","og_locale":"es_ES","og_type":"article","og_title":"Asesinado a tiros en el barrio 12 de octubre de Campoalegre -","og_url":"https:\/\/luchonoticias.com\/editor\/asesinado-a-tiros-en-el-barrio-12-de-octubre-de-campoalegre\/","article_publisher":"https:\/\/www.facebook.com\/luchonoticiasneiva","article_published_time":"2023-10-09T20:08:44+00:00","article_modified_time":"2023-10-09T20:08:45+00:00","author":"Editor General","twitter_card":"summary_large_image","twitter_misc":{"Escrito por":"Editor General","Tiempo de lectura":"1 minuto"},"schema":{"@context":"https:\/\/schema.org","@graph":[{"@type":"Article","@id":"https:\/\/luchonoticias.com\/editor\/asesinado-a-tiros-en-el-barrio-12-de-octubre-de-campoalegre\/#article","isPartOf":{"@id":"https:\/\/luchonoticias.com\/editor\/asesinado-a-tiros-en-el-barrio-12-de-octubre-de-campoalegre\/"},"author":{"name":"Editor General","@id":"https:\/\/luchonoticias.com\/editor\/#\/schema\/person\/29217990ddf6f14e35912b2866d591fb"},"headline":"Asesinado a tiros en el barrio 12 de octubre de Campoalegre","datePublished":"2023-10-09T20:08:44+00:00","dateModified":"2023-10-09T20:08:45+00:00","mainEntityOfPage":{"@id":"https:\/\/luchonoticias.com\/editor\/asesinado-a-tiros-en-el-barrio-12-de-octubre-de-campoalegre\/"},"wordCount":189,"commentCount":0,"publisher":{"@id":"https:\/\/luchonoticias.com\/editor\/#\/schema\/person\/7a7fd911f58561fd056dbac7b55af9cd"},"articleSection":["Destacado","Judicial"],"inLanguage":"es","potentialAction":[{"@type":"CommentAction","name":"Comment","target":["https:\/\/luchonoticias.com\/editor\/asesinado-a-tiros-en-el-barrio-12-de-octubre-de-campoalegre\/#respond"]}]},{"@type":"WebPage","@id":"https:\/\/luchonoticias.com\/editor\/asesinado-a-tiros-en-el-barrio-12-de-octubre-de-campoalegre\/","url":"https:\/\/luchonoticias.com\/editor\/asesinado-a-tiros-en-el-barrio-12-de-octubre-de-campoalegre\/","name":"Asesinado a tiros en el barrio 12 de octubre de Campoalegre -","isPartOf":{"@id":"https:\/\/luchonoticias.com\/editor\/#website"},"datePublished":"2023-10-09T20:08:44+00:00","dateModified":"2023-10-09T20:08:45+00:00","breadcrumb":{"@id":"https:\/\/luchonoticias.com\/editor\/asesinado-a-tiros-en-el-barrio-12-de-octubre-de-campoalegre\/#breadcrumb"},"inLanguage":"es","potentialAction":[{"@type":"ReadAction","target":["https:\/\/luchonoticias.com\/editor\/asesinado-a-tiros-en-el-barrio-12-de-octubre-de-campoalegre\/"]}]},{"@type":"BreadcrumbList","@id":"https:\/\/luchonoticias.com\/editor\/asesinado-a-tiros-en-el-barrio-12-de-octubre-de-campoalegre\/#breadcrumb","itemListElement":[{"@type":"ListItem","position":1,"name":"Portada","item":"https:\/\/luchonoticias.com\/editor\/"},{"@type":"ListItem","position":2,"name":"Asesinado a tiros en el barrio 12 de octubre de Campoalegre"}]},{"@type":"WebSite","@id":"https:\/\/luchonoticias.com\/editor\/#website","url":"https:\/\/luchonoticias.com\/editor\/","name":"","description":"","publisher":{"@id":"https:\/\/luchonoticias.com\/editor\/#\/schema\/person\/7a7fd911f58561fd056dbac7b55af9cd"},"potentialAction":[{"@type":"SearchAction","target":{"@type":"EntryPoint","urlTemplate":"https:\/\/luchonoticias.com\/editor\/?s={search_term_string}"},"query-input":{"@type":"PropertyValueSpecification","valueRequired":true,"valueName":"search_term_string"}}],"inLanguage":"es"},{"@type":["Person","Organization"],"@id":"https:\/\/luchonoticias.com\/editor\/#\/schema\/person\/7a7fd911f58561fd056dbac7b55af9cd","name":"admin","image":{"@type":"ImageObject","inLanguage":"es","@id":"https:\/\/luchonoticias.com\/editor\/#\/schema\/person\/image\/","url":"https:\/\/luchonoticias.com\/editor\/wp-content\/uploads\/2024\/02\/cropped-cropped-logolu.webp","contentUrl":"https:\/\/luchonoticias.com\/editor\/wp-content\/uploads\/2024\/02\/cropped-cropped-logolu.webp","width":382,"height":170,"caption":"admin"},"logo":{"@id":"https:\/\/luchonoticias.com\/editor\/#\/schema\/person\/image\/"},"sameAs":["https:\/\/www.facebook.com\/luchonoticiasneiva"]},{"@type":"Person","@id":"https:\/\/luchonoticias.com\/editor\/#\/schema\/person\/29217990ddf6f14e35912b2866d591fb","name":"Editor General","image":{"@type":"ImageObject","inLanguage":"es","@id":"https:\/\/luchonoticias.com\/editor\/#\/schema\/person\/image\/","url":"https:\/\/luchonoticias.com\/editor\/wp-content\/uploads\/2024\/02\/cropped-cropped-logolu-150x150.webp","contentUrl":"https:\/\/luchonoticias.com\/editor\/wp-content\/uploads\/2024\/02\/cropped-cropped-logolu-150x150.webp","caption":"Editor General"},"sameAs":["https:\/\/luchonoticias.com\/"],"url":"https:\/\/luchonoticias.com\/editor\/author\/editor-general\/"}]}},"_links":{"self":[{"href":"https:\/\/luchonoticias.com\/editor\/wp-json\/wp\/v2\/posts\/61843","targetHints":{"allow":["GET"]}}],"collection":[{"href":"https:\/\/luchonoticias.com\/editor\/wp-json\/wp\/v2\/posts"}],"about":[{"href":"https:\/\/luchonoticias.com\/editor\/wp-json\/wp\/v2\/types\/post"}],"author":[{"embeddable":true,"href":"https:\/\/luchonoticias.com\/editor\/wp-json\/wp\/v2\/users\/2"}],"replies":[{"embeddable":true,"href":"https:\/\/luchonoticias.com\/editor\/wp-json\/wp\/v2\/comments?post=61843"}],"version-history":[{"count":0,"href":"https:\/\/luchonoticias.com\/editor\/wp-json\/wp\/v2\/posts\/61843\/revisions"}],"wp:attachment":[{"href":"https:\/\/luchonoticias.com\/editor\/wp-json\/wp\/v2\/media?parent=61843"}],"wp:term":[{"taxonomy":"category","embeddable":true,"href":"https:\/\/luchonoticias.com\/editor\/wp-json\/wp\/v2\/categories?post=61843"},{"taxonomy":"post_tag","embeddable":true,"href":"https:\/\/luchonoticias.com\/editor\/wp-json\/wp\/v2\/tags?post=61843"}],"curies":[{"name":"wp","href":"https:\/\/api.w.org\/{rel}","templated":true}]}}