{"id":61846,"date":"2023-10-09T15:16:24","date_gmt":"2023-10-09T20:16:24","guid":{"rendered":"https:\/\/luchonoticias.com\/?p=61846"},"modified":"2023-10-09T15:16:25","modified_gmt":"2023-10-09T20:16:25","slug":"fiscalia-imputa-cargos-a-exdirectivos-de-la-ani","status":"publish","type":"post","link":"https:\/\/luchonoticias.com\/editor\/fiscalia-imputa-cargos-a-exdirectivos-de-la-ani\/","title":{"rendered":"Fiscal\u00eda imputa cargos a exdirectivos de la ANI"},"content":{"rendered":"\n<p>La Fiscal\u00eda General de la Naci\u00f3n imput\u00f3 a tres exdirectivos de la Agencia Nacional de Infraestructura (ANI) como presuntos responsables del delito de inter\u00e9s indebido en la celebraci\u00f3n de contratos.<\/p>\n\n\n\n<p>Se trata del vicepresidente de Gesti\u00f3n Contractual, Camilo Mendoza Rozo; del exgerente de Proyectos, Jos\u00e9 Andr\u00e9s Torres Rodr\u00edguez; y el exvicepresidente jur\u00eddico, H\u00e9ctor Jaime Pinilla Ortiz. Estas personas habr\u00edan tramitado y permitido la aprobaci\u00f3n de manera irregular de los otros\u00edes 1, 2, 4, 5 y 8 del contrato de concesi\u00f3n 001 de 2010, \u2018Ruta del Sol II\u2019.<\/p>\n\n\n\n<p>Los elementos de prueba indican que, en el ejercicio de sus cargos, formularon, avalaron y firmaron estudios de conveniencia, actas de comit\u00e9 de contrataci\u00f3n, entre otras actuaciones que les dieron viabilidad a las adiciones hechas al proyecto vial. De esta manera, fueron modificadas y ajustadas las condiciones financieras y t\u00e9cnicas del contrato en favor del concesionario, del que hac\u00eda parte Odebrecht, sin que existieran estudios serios y completos.<\/p>\n\n\n\n<p>Peritos especializados de la Fiscal\u00eda constataron que una de las adiciones aprob\u00f3 la disminuci\u00f3n de la huella asf\u00e1ltica, lo que redujo la calidad de la obra y disminuy\u00f3 los costos de construcci\u00f3n en favor del contratista.<\/p>\n\n\n\n<p>Asimismo, acreditaron que se autorizaron pagos por trayectos no terminados, se hicieron giros anticipados, se ampliaron plazos, ajustaron cronogramas de obra, fueron omitidas las sanciones por demoras o ausencia de licencias ambientales, se adicion\u00f3 la construcci\u00f3n de la intersecci\u00f3n de Puerto Boyac\u00e1 que no ten\u00eda relaci\u00f3n con el contrato original, y se comprometieron recursos y vigencias futuras sin autorizaci\u00f3n del Consejo Nacional de Pol\u00edtica Econ\u00f3mica y Social (CONPES) y del Consejo Superior de Pol\u00edtica Fiscal (CONFIS).<\/p>\n","protected":false},"excerpt":{"rendered":"<p>La Fiscal\u00eda General de la Naci\u00f3n imput\u00f3 a tres exdirectivos de la Agencia Nacional de Infraestructura (ANI) como presuntos responsables del delito de inter\u00e9s indebido en la celebraci\u00f3n de contratos. Se trata del vicepresidente de Gesti\u00f3n Contractual, Camilo Mendoza Rozo; del exgerente de Proyectos, Jos\u00e9 Andr\u00e9s Torres Rodr\u00edguez; y el exvicepresidente jur\u00eddico, H\u00e9ctor Jaime Pinilla [&hellip;]<\/p>\n","protected":false},"author":2,"featured_media":0,"comment_status":"open","ping_status":"open","sticky":false,"template":"","format":"standard","meta":{"footnotes":""},"categories":[36,32],"tags":[],"class_list":["post-61846","post","type-post","status-publish","format-standard","hentry","category-destacado","category-nacional"],"yoast_head":"<!-- This site is optimized with the Yoast SEO plugin v26.6 - https:\/\/yoast.com\/wordpress\/plugins\/seo\/ -->\n<title>Fiscal\u00eda imputa cargos a exdirectivos de la ANI -<\/title>\n<meta name=\"robots\" content=\"index, follow, max-snippet:-1, max-image-preview:large, max-video-preview:-1\" \/>\n<link rel=\"canonical\" href=\"https:\/\/luchonoticias.com\/editor\/fiscalia-imputa-cargos-a-exdirectivos-de-la-ani\/\" \/>\n<meta property=\"og:locale\" content=\"es_ES\" \/>\n<meta property=\"og:type\" content=\"article\" \/>\n<meta property=\"og:title\" content=\"Fiscal\u00eda imputa cargos a exdirectivos de la ANI -\" \/>\n<meta property=\"og:url\" content=\"https:\/\/luchonoticias.com\/editor\/fiscalia-imputa-cargos-a-exdirectivos-de-la-ani\/\" \/>\n<meta property=\"article:publisher\" content=\"https:\/\/www.facebook.com\/luchonoticiasneiva\" \/>\n<meta property=\"article:published_time\" content=\"2023-10-09T20:16:24+00:00\" \/>\n<meta property=\"article:modified_time\" content=\"2023-10-09T20:16:25+00:00\" \/>\n<meta name=\"author\" content=\"Editor General\" \/>\n<meta name=\"twitter:card\" content=\"summary_large_image\" \/>\n<meta name=\"twitter:label1\" content=\"Escrito por\" \/>\n\t<meta name=\"twitter:data1\" content=\"Editor General\" \/>\n\t<meta name=\"twitter:label2\" content=\"Tiempo de lectura\" \/>\n\t<meta name=\"twitter:data2\" content=\"1 minuto\" \/>\n<script type=\"application\/ld+json\" class=\"yoast-schema-graph\">{\"@context\":\"https:\/\/schema.org\",\"@graph\":[{\"@type\":\"Article\",\"@id\":\"https:\/\/luchonoticias.com\/editor\/fiscalia-imputa-cargos-a-exdirectivos-de-la-ani\/#article\",\"isPartOf\":{\"@id\":\"https:\/\/luchonoticias.com\/editor\/fiscalia-imputa-cargos-a-exdirectivos-de-la-ani\/\"},\"author\":{\"name\":\"Editor General\",\"@id\":\"https:\/\/luchonoticias.com\/editor\/#\/schema\/person\/29217990ddf6f14e35912b2866d591fb\"},\"headline\":\"Fiscal\u00eda imputa cargos a exdirectivos de la ANI\",\"datePublished\":\"2023-10-09T20:16:24+00:00\",\"dateModified\":\"2023-10-09T20:16:25+00:00\",\"mainEntityOfPage\":{\"@id\":\"https:\/\/luchonoticias.com\/editor\/fiscalia-imputa-cargos-a-exdirectivos-de-la-ani\/\"},\"wordCount\":297,\"commentCount\":0,\"publisher\":{\"@id\":\"https:\/\/luchonoticias.com\/editor\/#\/schema\/person\/7a7fd911f58561fd056dbac7b55af9cd\"},\"articleSection\":[\"Destacado\",\"Nacional\"],\"inLanguage\":\"es\",\"potentialAction\":[{\"@type\":\"CommentAction\",\"name\":\"Comment\",\"target\":[\"https:\/\/luchonoticias.com\/editor\/fiscalia-imputa-cargos-a-exdirectivos-de-la-ani\/#respond\"]}]},{\"@type\":\"WebPage\",\"@id\":\"https:\/\/luchonoticias.com\/editor\/fiscalia-imputa-cargos-a-exdirectivos-de-la-ani\/\",\"url\":\"https:\/\/luchonoticias.com\/editor\/fiscalia-imputa-cargos-a-exdirectivos-de-la-ani\/\",\"name\":\"Fiscal\u00eda imputa cargos a exdirectivos de la ANI -\",\"isPartOf\":{\"@id\":\"https:\/\/luchonoticias.com\/editor\/#website\"},\"datePublished\":\"2023-10-09T20:16:24+00:00\",\"dateModified\":\"2023-10-09T20:16:25+00:00\",\"breadcrumb\":{\"@id\":\"https:\/\/luchonoticias.com\/editor\/fiscalia-imputa-cargos-a-exdirectivos-de-la-ani\/#breadcrumb\"},\"inLanguage\":\"es\",\"potentialAction\":[{\"@type\":\"ReadAction\",\"target\":[\"https:\/\/luchonoticias.com\/editor\/fiscalia-imputa-cargos-a-exdirectivos-de-la-ani\/\"]}]},{\"@type\":\"BreadcrumbList\",\"@id\":\"https:\/\/luchonoticias.com\/editor\/fiscalia-imputa-cargos-a-exdirectivos-de-la-ani\/#breadcrumb\",\"itemListElement\":[{\"@type\":\"ListItem\",\"position\":1,\"name\":\"Portada\",\"item\":\"https:\/\/luchonoticias.com\/editor\/\"},{\"@type\":\"ListItem\",\"position\":2,\"name\":\"Fiscal\u00eda imputa cargos a exdirectivos de la ANI\"}]},{\"@type\":\"WebSite\",\"@id\":\"https:\/\/luchonoticias.com\/editor\/#website\",\"url\":\"https:\/\/luchonoticias.com\/editor\/\",\"name\":\"\",\"description\":\"\",\"publisher\":{\"@id\":\"https:\/\/luchonoticias.com\/editor\/#\/schema\/person\/7a7fd911f58561fd056dbac7b55af9cd\"},\"potentialAction\":[{\"@type\":\"SearchAction\",\"target\":{\"@type\":\"EntryPoint\",\"urlTemplate\":\"https:\/\/luchonoticias.com\/editor\/?s={search_term_string}\"},\"query-input\":{\"@type\":\"PropertyValueSpecification\",\"valueRequired\":true,\"valueName\":\"search_term_string\"}}],\"inLanguage\":\"es\"},{\"@type\":[\"Person\",\"Organization\"],\"@id\":\"https:\/\/luchonoticias.com\/editor\/#\/schema\/person\/7a7fd911f58561fd056dbac7b55af9cd\",\"name\":\"admin\",\"image\":{\"@type\":\"ImageObject\",\"inLanguage\":\"es\",\"@id\":\"https:\/\/luchonoticias.com\/editor\/#\/schema\/person\/image\/\",\"url\":\"https:\/\/luchonoticias.com\/editor\/wp-content\/uploads\/2024\/02\/cropped-cropped-logolu.webp\",\"contentUrl\":\"https:\/\/luchonoticias.com\/editor\/wp-content\/uploads\/2024\/02\/cropped-cropped-logolu.webp\",\"width\":382,\"height\":170,\"caption\":\"admin\"},\"logo\":{\"@id\":\"https:\/\/luchonoticias.com\/editor\/#\/schema\/person\/image\/\"},\"sameAs\":[\"https:\/\/www.facebook.com\/luchonoticiasneiva\"]},{\"@type\":\"Person\",\"@id\":\"https:\/\/luchonoticias.com\/editor\/#\/schema\/person\/29217990ddf6f14e35912b2866d591fb\",\"name\":\"Editor General\",\"image\":{\"@type\":\"ImageObject\",\"inLanguage\":\"es\",\"@id\":\"https:\/\/luchonoticias.com\/editor\/#\/schema\/person\/image\/\",\"url\":\"https:\/\/luchonoticias.com\/editor\/wp-content\/uploads\/2024\/02\/cropped-cropped-logolu-150x150.webp\",\"contentUrl\":\"https:\/\/luchonoticias.com\/editor\/wp-content\/uploads\/2024\/02\/cropped-cropped-logolu-150x150.webp\",\"caption\":\"Editor General\"},\"sameAs\":[\"https:\/\/luchonoticias.com\/\"],\"url\":\"https:\/\/luchonoticias.com\/editor\/author\/editor-general\/\"}]}<\/script>\n<!-- \/ Yoast SEO plugin. -->","yoast_head_json":{"title":"Fiscal\u00eda imputa cargos a exdirectivos de la ANI -","robots":{"index":"index","follow":"follow","max-snippet":"max-snippet:-1","max-image-preview":"max-image-preview:large","max-video-preview":"max-video-preview:-1"},"canonical":"https:\/\/luchonoticias.com\/editor\/fiscalia-imputa-cargos-a-exdirectivos-de-la-ani\/","og_locale":"es_ES","og_type":"article","og_title":"Fiscal\u00eda imputa cargos a exdirectivos de la ANI -","og_url":"https:\/\/luchonoticias.com\/editor\/fiscalia-imputa-cargos-a-exdirectivos-de-la-ani\/","article_publisher":"https:\/\/www.facebook.com\/luchonoticiasneiva","article_published_time":"2023-10-09T20:16:24+00:00","article_modified_time":"2023-10-09T20:16:25+00:00","author":"Editor General","twitter_card":"summary_large_image","twitter_misc":{"Escrito por":"Editor General","Tiempo de lectura":"1 minuto"},"schema":{"@context":"https:\/\/schema.org","@graph":[{"@type":"Article","@id":"https:\/\/luchonoticias.com\/editor\/fiscalia-imputa-cargos-a-exdirectivos-de-la-ani\/#article","isPartOf":{"@id":"https:\/\/luchonoticias.com\/editor\/fiscalia-imputa-cargos-a-exdirectivos-de-la-ani\/"},"author":{"name":"Editor General","@id":"https:\/\/luchonoticias.com\/editor\/#\/schema\/person\/29217990ddf6f14e35912b2866d591fb"},"headline":"Fiscal\u00eda imputa cargos a exdirectivos de la ANI","datePublished":"2023-10-09T20:16:24+00:00","dateModified":"2023-10-09T20:16:25+00:00","mainEntityOfPage":{"@id":"https:\/\/luchonoticias.com\/editor\/fiscalia-imputa-cargos-a-exdirectivos-de-la-ani\/"},"wordCount":297,"commentCount":0,"publisher":{"@id":"https:\/\/luchonoticias.com\/editor\/#\/schema\/person\/7a7fd911f58561fd056dbac7b55af9cd"},"articleSection":["Destacado","Nacional"],"inLanguage":"es","potentialAction":[{"@type":"CommentAction","name":"Comment","target":["https:\/\/luchonoticias.com\/editor\/fiscalia-imputa-cargos-a-exdirectivos-de-la-ani\/#respond"]}]},{"@type":"WebPage","@id":"https:\/\/luchonoticias.com\/editor\/fiscalia-imputa-cargos-a-exdirectivos-de-la-ani\/","url":"https:\/\/luchonoticias.com\/editor\/fiscalia-imputa-cargos-a-exdirectivos-de-la-ani\/","name":"Fiscal\u00eda imputa cargos a exdirectivos de la ANI -","isPartOf":{"@id":"https:\/\/luchonoticias.com\/editor\/#website"},"datePublished":"2023-10-09T20:16:24+00:00","dateModified":"2023-10-09T20:16:25+00:00","breadcrumb":{"@id":"https:\/\/luchonoticias.com\/editor\/fiscalia-imputa-cargos-a-exdirectivos-de-la-ani\/#breadcrumb"},"inLanguage":"es","potentialAction":[{"@type":"ReadAction","target":["https:\/\/luchonoticias.com\/editor\/fiscalia-imputa-cargos-a-exdirectivos-de-la-ani\/"]}]},{"@type":"BreadcrumbList","@id":"https:\/\/luchonoticias.com\/editor\/fiscalia-imputa-cargos-a-exdirectivos-de-la-ani\/#breadcrumb","itemListElement":[{"@type":"ListItem","position":1,"name":"Portada","item":"https:\/\/luchonoticias.com\/editor\/"},{"@type":"ListItem","position":2,"name":"Fiscal\u00eda imputa cargos a exdirectivos de la ANI"}]},{"@type":"WebSite","@id":"https:\/\/luchonoticias.com\/editor\/#website","url":"https:\/\/luchonoticias.com\/editor\/","name":"","description":"","publisher":{"@id":"https:\/\/luchonoticias.com\/editor\/#\/schema\/person\/7a7fd911f58561fd056dbac7b55af9cd"},"potentialAction":[{"@type":"SearchAction","target":{"@type":"EntryPoint","urlTemplate":"https:\/\/luchonoticias.com\/editor\/?s={search_term_string}"},"query-input":{"@type":"PropertyValueSpecification","valueRequired":true,"valueName":"search_term_string"}}],"inLanguage":"es"},{"@type":["Person","Organization"],"@id":"https:\/\/luchonoticias.com\/editor\/#\/schema\/person\/7a7fd911f58561fd056dbac7b55af9cd","name":"admin","image":{"@type":"ImageObject","inLanguage":"es","@id":"https:\/\/luchonoticias.com\/editor\/#\/schema\/person\/image\/","url":"https:\/\/luchonoticias.com\/editor\/wp-content\/uploads\/2024\/02\/cropped-cropped-logolu.webp","contentUrl":"https:\/\/luchonoticias.com\/editor\/wp-content\/uploads\/2024\/02\/cropped-cropped-logolu.webp","width":382,"height":170,"caption":"admin"},"logo":{"@id":"https:\/\/luchonoticias.com\/editor\/#\/schema\/person\/image\/"},"sameAs":["https:\/\/www.facebook.com\/luchonoticiasneiva"]},{"@type":"Person","@id":"https:\/\/luchonoticias.com\/editor\/#\/schema\/person\/29217990ddf6f14e35912b2866d591fb","name":"Editor General","image":{"@type":"ImageObject","inLanguage":"es","@id":"https:\/\/luchonoticias.com\/editor\/#\/schema\/person\/image\/","url":"https:\/\/luchonoticias.com\/editor\/wp-content\/uploads\/2024\/02\/cropped-cropped-logolu-150x150.webp","contentUrl":"https:\/\/luchonoticias.com\/editor\/wp-content\/uploads\/2024\/02\/cropped-cropped-logolu-150x150.webp","caption":"Editor General"},"sameAs":["https:\/\/luchonoticias.com\/"],"url":"https:\/\/luchonoticias.com\/editor\/author\/editor-general\/"}]}},"_links":{"self":[{"href":"https:\/\/luchonoticias.com\/editor\/wp-json\/wp\/v2\/posts\/61846","targetHints":{"allow":["GET"]}}],"collection":[{"href":"https:\/\/luchonoticias.com\/editor\/wp-json\/wp\/v2\/posts"}],"about":[{"href":"https:\/\/luchonoticias.com\/editor\/wp-json\/wp\/v2\/types\/post"}],"author":[{"embeddable":true,"href":"https:\/\/luchonoticias.com\/editor\/wp-json\/wp\/v2\/users\/2"}],"replies":[{"embeddable":true,"href":"https:\/\/luchonoticias.com\/editor\/wp-json\/wp\/v2\/comments?post=61846"}],"version-history":[{"count":0,"href":"https:\/\/luchonoticias.com\/editor\/wp-json\/wp\/v2\/posts\/61846\/revisions"}],"wp:attachment":[{"href":"https:\/\/luchonoticias.com\/editor\/wp-json\/wp\/v2\/media?parent=61846"}],"wp:term":[{"taxonomy":"category","embeddable":true,"href":"https:\/\/luchonoticias.com\/editor\/wp-json\/wp\/v2\/categories?post=61846"},{"taxonomy":"post_tag","embeddable":true,"href":"https:\/\/luchonoticias.com\/editor\/wp-json\/wp\/v2\/tags?post=61846"}],"curies":[{"name":"wp","href":"https:\/\/api.w.org\/{rel}","templated":true}]}}