{"id":61852,"date":"2023-10-10T05:06:09","date_gmt":"2023-10-10T10:06:09","guid":{"rendered":"https:\/\/luchonoticias.com\/?p=61852"},"modified":"2023-10-10T05:06:11","modified_gmt":"2023-10-10T10:06:11","slug":"socializado-proyecto-de-vivienda-en-santa-maria","status":"publish","type":"post","link":"https:\/\/luchonoticias.com\/editor\/socializado-proyecto-de-vivienda-en-santa-maria\/","title":{"rendered":"Socializado proyecto de vivienda en Santa Mar\u00eda"},"content":{"rendered":"\n<p>Hasta el parque principal del&nbsp;<strong>municipio de Santa Mar\u00eda&nbsp;<\/strong>en el Huila, llegaron los constructores y delegados del gobierno \u201cHuila Crece\u201d, para<strong>&nbsp;socializar el plan de vivienda \u201cTorres de Verano\u201d&nbsp;<\/strong>que ser\u00e1 construido en esta localidad, as\u00ed como los subsidios por parte del gobierno departamental que podr\u00e1n garantizar que las familias samarias tengan su vivienda nueva.<\/p>\n\n\n\n<p>El ingeniero Fabi\u00e1n C\u00e1rdenas, del Consorcio Santa Mar\u00eda, aliado constructor del proyecto de vivienda, dio a conocer detalles del mismo. \u201cEs un&nbsp;<strong>programa de cien unidades de vivienda enmarcado dentro del programa Mi casa ya,<\/strong>&nbsp;el cual cuenta con cinco torres, apartamentos de 54 metros cuadrados, tres habitaciones, dos ba\u00f1os, sala comedor, balc\u00f3n, zona de ropas, adicional a eso el conjunto cuenta con unas muy buenas zonas sociales, como es zona de piscina, BBQ, porter\u00eda, cuarto de basuras, juegos infantiles y zonas verdes\u201d.<\/p>\n\n\n\n<p>Al respecto, el alcalde de Santa Mar\u00eda, Julio Cesar Peralta, manifest\u00f3 el&nbsp;<strong>apoyo hist\u00f3rico, por parte del gobernador Luis Enrique Duss\u00e1n<\/strong>&nbsp;para lograr el beneficio para las familias de su municipio. \u201cSin duda alguna nuestro gobernador ha sido un aliado fundamental en todos los proyectos de nuestro municipio\u2026yo creo que Santa Mar\u00eda en la historia nunca m\u00e1s va a volver a tener este tipo de ayuda, cien apartamentos, para cien familias, va a ser hist\u00f3rico\u201d.<\/p>\n","protected":false},"excerpt":{"rendered":"<p>Hasta el parque principal del&nbsp;municipio de Santa Mar\u00eda&nbsp;en el Huila, llegaron los constructores y delegados del gobierno \u201cHuila Crece\u201d, para&nbsp;socializar el plan de vivienda \u201cTorres de Verano\u201d&nbsp;que ser\u00e1 construido en esta localidad, as\u00ed como los subsidios por parte del gobierno departamental que podr\u00e1n garantizar que las familias samarias tengan su vivienda nueva. El ingeniero Fabi\u00e1n [&hellip;]<\/p>\n","protected":false},"author":2,"featured_media":0,"comment_status":"open","ping_status":"open","sticky":false,"template":"","format":"standard","meta":{"footnotes":""},"categories":[33],"tags":[],"class_list":["post-61852","post","type-post","status-publish","format-standard","hentry","category-huila"],"yoast_head":"<!-- This site is optimized with the Yoast SEO plugin v26.6 - https:\/\/yoast.com\/wordpress\/plugins\/seo\/ -->\n<title>Socializado proyecto de vivienda en Santa Mar\u00eda -<\/title>\n<meta name=\"robots\" content=\"index, follow, max-snippet:-1, max-image-preview:large, max-video-preview:-1\" \/>\n<link rel=\"canonical\" href=\"https:\/\/luchonoticias.com\/editor\/socializado-proyecto-de-vivienda-en-santa-maria\/\" \/>\n<meta property=\"og:locale\" content=\"es_ES\" \/>\n<meta property=\"og:type\" content=\"article\" \/>\n<meta property=\"og:title\" content=\"Socializado proyecto de vivienda en Santa Mar\u00eda -\" \/>\n<meta property=\"og:url\" content=\"https:\/\/luchonoticias.com\/editor\/socializado-proyecto-de-vivienda-en-santa-maria\/\" \/>\n<meta property=\"article:publisher\" content=\"https:\/\/www.facebook.com\/luchonoticiasneiva\" \/>\n<meta property=\"article:published_time\" content=\"2023-10-10T10:06:09+00:00\" \/>\n<meta property=\"article:modified_time\" content=\"2023-10-10T10:06:11+00:00\" \/>\n<meta name=\"author\" content=\"Editor General\" \/>\n<meta name=\"twitter:card\" content=\"summary_large_image\" \/>\n<meta name=\"twitter:label1\" content=\"Escrito por\" \/>\n\t<meta name=\"twitter:data1\" content=\"Editor General\" \/>\n\t<meta name=\"twitter:label2\" content=\"Tiempo de lectura\" \/>\n\t<meta name=\"twitter:data2\" content=\"1 minuto\" \/>\n<script type=\"application\/ld+json\" class=\"yoast-schema-graph\">{\"@context\":\"https:\/\/schema.org\",\"@graph\":[{\"@type\":\"Article\",\"@id\":\"https:\/\/luchonoticias.com\/editor\/socializado-proyecto-de-vivienda-en-santa-maria\/#article\",\"isPartOf\":{\"@id\":\"https:\/\/luchonoticias.com\/editor\/socializado-proyecto-de-vivienda-en-santa-maria\/\"},\"author\":{\"name\":\"Editor General\",\"@id\":\"https:\/\/luchonoticias.com\/editor\/#\/schema\/person\/29217990ddf6f14e35912b2866d591fb\"},\"headline\":\"Socializado proyecto de vivienda en Santa Mar\u00eda\",\"datePublished\":\"2023-10-10T10:06:09+00:00\",\"dateModified\":\"2023-10-10T10:06:11+00:00\",\"mainEntityOfPage\":{\"@id\":\"https:\/\/luchonoticias.com\/editor\/socializado-proyecto-de-vivienda-en-santa-maria\/\"},\"wordCount\":244,\"commentCount\":0,\"publisher\":{\"@id\":\"https:\/\/luchonoticias.com\/editor\/#\/schema\/person\/7a7fd911f58561fd056dbac7b55af9cd\"},\"articleSection\":[\"Huila\"],\"inLanguage\":\"es\",\"potentialAction\":[{\"@type\":\"CommentAction\",\"name\":\"Comment\",\"target\":[\"https:\/\/luchonoticias.com\/editor\/socializado-proyecto-de-vivienda-en-santa-maria\/#respond\"]}]},{\"@type\":\"WebPage\",\"@id\":\"https:\/\/luchonoticias.com\/editor\/socializado-proyecto-de-vivienda-en-santa-maria\/\",\"url\":\"https:\/\/luchonoticias.com\/editor\/socializado-proyecto-de-vivienda-en-santa-maria\/\",\"name\":\"Socializado proyecto de vivienda en Santa Mar\u00eda -\",\"isPartOf\":{\"@id\":\"https:\/\/luchonoticias.com\/editor\/#website\"},\"datePublished\":\"2023-10-10T10:06:09+00:00\",\"dateModified\":\"2023-10-10T10:06:11+00:00\",\"breadcrumb\":{\"@id\":\"https:\/\/luchonoticias.com\/editor\/socializado-proyecto-de-vivienda-en-santa-maria\/#breadcrumb\"},\"inLanguage\":\"es\",\"potentialAction\":[{\"@type\":\"ReadAction\",\"target\":[\"https:\/\/luchonoticias.com\/editor\/socializado-proyecto-de-vivienda-en-santa-maria\/\"]}]},{\"@type\":\"BreadcrumbList\",\"@id\":\"https:\/\/luchonoticias.com\/editor\/socializado-proyecto-de-vivienda-en-santa-maria\/#breadcrumb\",\"itemListElement\":[{\"@type\":\"ListItem\",\"position\":1,\"name\":\"Portada\",\"item\":\"https:\/\/luchonoticias.com\/editor\/\"},{\"@type\":\"ListItem\",\"position\":2,\"name\":\"Socializado proyecto de vivienda en Santa Mar\u00eda\"}]},{\"@type\":\"WebSite\",\"@id\":\"https:\/\/luchonoticias.com\/editor\/#website\",\"url\":\"https:\/\/luchonoticias.com\/editor\/\",\"name\":\"\",\"description\":\"\",\"publisher\":{\"@id\":\"https:\/\/luchonoticias.com\/editor\/#\/schema\/person\/7a7fd911f58561fd056dbac7b55af9cd\"},\"potentialAction\":[{\"@type\":\"SearchAction\",\"target\":{\"@type\":\"EntryPoint\",\"urlTemplate\":\"https:\/\/luchonoticias.com\/editor\/?s={search_term_string}\"},\"query-input\":{\"@type\":\"PropertyValueSpecification\",\"valueRequired\":true,\"valueName\":\"search_term_string\"}}],\"inLanguage\":\"es\"},{\"@type\":[\"Person\",\"Organization\"],\"@id\":\"https:\/\/luchonoticias.com\/editor\/#\/schema\/person\/7a7fd911f58561fd056dbac7b55af9cd\",\"name\":\"admin\",\"image\":{\"@type\":\"ImageObject\",\"inLanguage\":\"es\",\"@id\":\"https:\/\/luchonoticias.com\/editor\/#\/schema\/person\/image\/\",\"url\":\"https:\/\/luchonoticias.com\/editor\/wp-content\/uploads\/2024\/02\/cropped-cropped-logolu.webp\",\"contentUrl\":\"https:\/\/luchonoticias.com\/editor\/wp-content\/uploads\/2024\/02\/cropped-cropped-logolu.webp\",\"width\":382,\"height\":170,\"caption\":\"admin\"},\"logo\":{\"@id\":\"https:\/\/luchonoticias.com\/editor\/#\/schema\/person\/image\/\"},\"sameAs\":[\"https:\/\/www.facebook.com\/luchonoticiasneiva\"]},{\"@type\":\"Person\",\"@id\":\"https:\/\/luchonoticias.com\/editor\/#\/schema\/person\/29217990ddf6f14e35912b2866d591fb\",\"name\":\"Editor General\",\"image\":{\"@type\":\"ImageObject\",\"inLanguage\":\"es\",\"@id\":\"https:\/\/luchonoticias.com\/editor\/#\/schema\/person\/image\/\",\"url\":\"https:\/\/luchonoticias.com\/editor\/wp-content\/uploads\/2024\/02\/cropped-cropped-logolu-150x150.webp\",\"contentUrl\":\"https:\/\/luchonoticias.com\/editor\/wp-content\/uploads\/2024\/02\/cropped-cropped-logolu-150x150.webp\",\"caption\":\"Editor General\"},\"sameAs\":[\"https:\/\/luchonoticias.com\/\"],\"url\":\"https:\/\/luchonoticias.com\/editor\/author\/editor-general\/\"}]}<\/script>\n<!-- \/ Yoast SEO plugin. -->","yoast_head_json":{"title":"Socializado proyecto de vivienda en Santa Mar\u00eda -","robots":{"index":"index","follow":"follow","max-snippet":"max-snippet:-1","max-image-preview":"max-image-preview:large","max-video-preview":"max-video-preview:-1"},"canonical":"https:\/\/luchonoticias.com\/editor\/socializado-proyecto-de-vivienda-en-santa-maria\/","og_locale":"es_ES","og_type":"article","og_title":"Socializado proyecto de vivienda en Santa Mar\u00eda -","og_url":"https:\/\/luchonoticias.com\/editor\/socializado-proyecto-de-vivienda-en-santa-maria\/","article_publisher":"https:\/\/www.facebook.com\/luchonoticiasneiva","article_published_time":"2023-10-10T10:06:09+00:00","article_modified_time":"2023-10-10T10:06:11+00:00","author":"Editor General","twitter_card":"summary_large_image","twitter_misc":{"Escrito por":"Editor General","Tiempo de lectura":"1 minuto"},"schema":{"@context":"https:\/\/schema.org","@graph":[{"@type":"Article","@id":"https:\/\/luchonoticias.com\/editor\/socializado-proyecto-de-vivienda-en-santa-maria\/#article","isPartOf":{"@id":"https:\/\/luchonoticias.com\/editor\/socializado-proyecto-de-vivienda-en-santa-maria\/"},"author":{"name":"Editor General","@id":"https:\/\/luchonoticias.com\/editor\/#\/schema\/person\/29217990ddf6f14e35912b2866d591fb"},"headline":"Socializado proyecto de vivienda en Santa Mar\u00eda","datePublished":"2023-10-10T10:06:09+00:00","dateModified":"2023-10-10T10:06:11+00:00","mainEntityOfPage":{"@id":"https:\/\/luchonoticias.com\/editor\/socializado-proyecto-de-vivienda-en-santa-maria\/"},"wordCount":244,"commentCount":0,"publisher":{"@id":"https:\/\/luchonoticias.com\/editor\/#\/schema\/person\/7a7fd911f58561fd056dbac7b55af9cd"},"articleSection":["Huila"],"inLanguage":"es","potentialAction":[{"@type":"CommentAction","name":"Comment","target":["https:\/\/luchonoticias.com\/editor\/socializado-proyecto-de-vivienda-en-santa-maria\/#respond"]}]},{"@type":"WebPage","@id":"https:\/\/luchonoticias.com\/editor\/socializado-proyecto-de-vivienda-en-santa-maria\/","url":"https:\/\/luchonoticias.com\/editor\/socializado-proyecto-de-vivienda-en-santa-maria\/","name":"Socializado proyecto de vivienda en Santa Mar\u00eda -","isPartOf":{"@id":"https:\/\/luchonoticias.com\/editor\/#website"},"datePublished":"2023-10-10T10:06:09+00:00","dateModified":"2023-10-10T10:06:11+00:00","breadcrumb":{"@id":"https:\/\/luchonoticias.com\/editor\/socializado-proyecto-de-vivienda-en-santa-maria\/#breadcrumb"},"inLanguage":"es","potentialAction":[{"@type":"ReadAction","target":["https:\/\/luchonoticias.com\/editor\/socializado-proyecto-de-vivienda-en-santa-maria\/"]}]},{"@type":"BreadcrumbList","@id":"https:\/\/luchonoticias.com\/editor\/socializado-proyecto-de-vivienda-en-santa-maria\/#breadcrumb","itemListElement":[{"@type":"ListItem","position":1,"name":"Portada","item":"https:\/\/luchonoticias.com\/editor\/"},{"@type":"ListItem","position":2,"name":"Socializado proyecto de vivienda en Santa Mar\u00eda"}]},{"@type":"WebSite","@id":"https:\/\/luchonoticias.com\/editor\/#website","url":"https:\/\/luchonoticias.com\/editor\/","name":"","description":"","publisher":{"@id":"https:\/\/luchonoticias.com\/editor\/#\/schema\/person\/7a7fd911f58561fd056dbac7b55af9cd"},"potentialAction":[{"@type":"SearchAction","target":{"@type":"EntryPoint","urlTemplate":"https:\/\/luchonoticias.com\/editor\/?s={search_term_string}"},"query-input":{"@type":"PropertyValueSpecification","valueRequired":true,"valueName":"search_term_string"}}],"inLanguage":"es"},{"@type":["Person","Organization"],"@id":"https:\/\/luchonoticias.com\/editor\/#\/schema\/person\/7a7fd911f58561fd056dbac7b55af9cd","name":"admin","image":{"@type":"ImageObject","inLanguage":"es","@id":"https:\/\/luchonoticias.com\/editor\/#\/schema\/person\/image\/","url":"https:\/\/luchonoticias.com\/editor\/wp-content\/uploads\/2024\/02\/cropped-cropped-logolu.webp","contentUrl":"https:\/\/luchonoticias.com\/editor\/wp-content\/uploads\/2024\/02\/cropped-cropped-logolu.webp","width":382,"height":170,"caption":"admin"},"logo":{"@id":"https:\/\/luchonoticias.com\/editor\/#\/schema\/person\/image\/"},"sameAs":["https:\/\/www.facebook.com\/luchonoticiasneiva"]},{"@type":"Person","@id":"https:\/\/luchonoticias.com\/editor\/#\/schema\/person\/29217990ddf6f14e35912b2866d591fb","name":"Editor General","image":{"@type":"ImageObject","inLanguage":"es","@id":"https:\/\/luchonoticias.com\/editor\/#\/schema\/person\/image\/","url":"https:\/\/luchonoticias.com\/editor\/wp-content\/uploads\/2024\/02\/cropped-cropped-logolu-150x150.webp","contentUrl":"https:\/\/luchonoticias.com\/editor\/wp-content\/uploads\/2024\/02\/cropped-cropped-logolu-150x150.webp","caption":"Editor General"},"sameAs":["https:\/\/luchonoticias.com\/"],"url":"https:\/\/luchonoticias.com\/editor\/author\/editor-general\/"}]}},"_links":{"self":[{"href":"https:\/\/luchonoticias.com\/editor\/wp-json\/wp\/v2\/posts\/61852","targetHints":{"allow":["GET"]}}],"collection":[{"href":"https:\/\/luchonoticias.com\/editor\/wp-json\/wp\/v2\/posts"}],"about":[{"href":"https:\/\/luchonoticias.com\/editor\/wp-json\/wp\/v2\/types\/post"}],"author":[{"embeddable":true,"href":"https:\/\/luchonoticias.com\/editor\/wp-json\/wp\/v2\/users\/2"}],"replies":[{"embeddable":true,"href":"https:\/\/luchonoticias.com\/editor\/wp-json\/wp\/v2\/comments?post=61852"}],"version-history":[{"count":0,"href":"https:\/\/luchonoticias.com\/editor\/wp-json\/wp\/v2\/posts\/61852\/revisions"}],"wp:attachment":[{"href":"https:\/\/luchonoticias.com\/editor\/wp-json\/wp\/v2\/media?parent=61852"}],"wp:term":[{"taxonomy":"category","embeddable":true,"href":"https:\/\/luchonoticias.com\/editor\/wp-json\/wp\/v2\/categories?post=61852"},{"taxonomy":"post_tag","embeddable":true,"href":"https:\/\/luchonoticias.com\/editor\/wp-json\/wp\/v2\/tags?post=61852"}],"curies":[{"name":"wp","href":"https:\/\/api.w.org\/{rel}","templated":true}]}}