{"id":61899,"date":"2023-10-10T13:29:23","date_gmt":"2023-10-10T18:29:23","guid":{"rendered":"https:\/\/luchonoticias.com\/?p=61899"},"modified":"2023-10-10T13:29:24","modified_gmt":"2023-10-10T18:29:24","slug":"a-la-carcel-por-el-homicidio-de-una-persona-que-intervino-en-una-pelea","status":"publish","type":"post","link":"https:\/\/luchonoticias.com\/editor\/a-la-carcel-por-el-homicidio-de-una-persona-que-intervino-en-una-pelea\/","title":{"rendered":"A la c\u00e1rcel por el homicidio de una persona que intervino en una pelea"},"content":{"rendered":"\n<p>Medida de aseguramiento en centro carcelario le fue impuesta a Fabi\u00e1n Andr\u00e9s S\u00e1nchez L\u00f3pez, por su presunta participaci\u00f3n en el homicidio de Bilver Andr\u00e9s Trujillo S\u00e1nchez, el pasado 28 de mayo en horas de la madrugada en zona rosa del municipio de Palermo (Huila).<\/p>\n\n\n\n<p>La Fiscal\u00eda a trav\u00e9s de un despacho local que asumi\u00f3 la indagaci\u00f3n, recogi\u00f3 los elementos materiales de prueba suficientes para demostrar que el procesado, el d\u00eda de los hechos, junto con otros dos hombres, redujeron a la v\u00edctima para posteriormente atacarla y herirla con un cuchillo y elementos cortopunzantes; lesiones que le ocasionaron un trauma tor\u00e1cico penetrante que le lacer\u00f3 el pulm\u00f3n izquierdo desencadenando su muerte.<\/p>\n\n\n\n<p>Actividades investigativas permitieron establecer de manera preliminar, que la v\u00edctima se encontraba compartiendo en los bares de la zona con amigos y conocidos, cuando medi\u00f3 para evitar una pelea en el lugar, siendo atacado por los sujetos en menci\u00f3n.<\/p>\n\n\n\n<p>El hoy privado de la libertad de 19 a\u00f1os, fue detenido en la calle 8\u00b0 con carrera 39 de Neiva por parte de la Polic\u00eda Nacional, en cumplimiento a la orden judicial que pesaba en su contra.<\/p>\n\n\n\n<figure class=\"wp-block-audio\"><audio controls src=\"https:\/\/luchonoticias.com\/wp-content\/uploads\/2023\/10\/9019afa0-2b42-484d-8210-00763ca6be0f.mp3\" autoplay><\/audio><\/figure>\n","protected":false},"excerpt":{"rendered":"<p>Medida de aseguramiento en centro carcelario le fue impuesta a Fabi\u00e1n Andr\u00e9s S\u00e1nchez L\u00f3pez, por su presunta participaci\u00f3n en el homicidio de Bilver Andr\u00e9s Trujillo S\u00e1nchez, el pasado 28 de mayo en horas de la madrugada en zona rosa del municipio de Palermo (Huila). La Fiscal\u00eda a trav\u00e9s de un despacho local que asumi\u00f3 la [&hellip;]<\/p>\n","protected":false},"author":2,"featured_media":0,"comment_status":"open","ping_status":"open","sticky":false,"template":"","format":"standard","meta":{"footnotes":""},"categories":[36,29],"tags":[],"class_list":["post-61899","post","type-post","status-publish","format-standard","hentry","category-destacado","category-judicial"],"yoast_head":"<!-- This site is optimized with the Yoast SEO plugin v26.6 - https:\/\/yoast.com\/wordpress\/plugins\/seo\/ -->\n<title>A la c\u00e1rcel por el homicidio de una persona que intervino en una pelea -<\/title>\n<meta name=\"robots\" content=\"index, follow, max-snippet:-1, max-image-preview:large, max-video-preview:-1\" \/>\n<link rel=\"canonical\" href=\"https:\/\/luchonoticias.com\/editor\/a-la-carcel-por-el-homicidio-de-una-persona-que-intervino-en-una-pelea\/\" \/>\n<meta property=\"og:locale\" content=\"es_ES\" \/>\n<meta property=\"og:type\" content=\"article\" \/>\n<meta property=\"og:title\" content=\"A la c\u00e1rcel por el homicidio de una persona que intervino en una pelea -\" \/>\n<meta property=\"og:url\" content=\"https:\/\/luchonoticias.com\/editor\/a-la-carcel-por-el-homicidio-de-una-persona-que-intervino-en-una-pelea\/\" \/>\n<meta property=\"article:publisher\" content=\"https:\/\/www.facebook.com\/luchonoticiasneiva\" \/>\n<meta property=\"article:published_time\" content=\"2023-10-10T18:29:23+00:00\" \/>\n<meta property=\"article:modified_time\" content=\"2023-10-10T18:29:24+00:00\" \/>\n<meta name=\"author\" content=\"Editor General\" \/>\n<meta name=\"twitter:card\" content=\"summary_large_image\" \/>\n<meta name=\"twitter:label1\" content=\"Escrito por\" \/>\n\t<meta name=\"twitter:data1\" content=\"Editor General\" \/>\n\t<meta name=\"twitter:label2\" content=\"Tiempo de lectura\" \/>\n\t<meta name=\"twitter:data2\" content=\"1 minuto\" \/>\n<script type=\"application\/ld+json\" class=\"yoast-schema-graph\">{\"@context\":\"https:\/\/schema.org\",\"@graph\":[{\"@type\":\"Article\",\"@id\":\"https:\/\/luchonoticias.com\/editor\/a-la-carcel-por-el-homicidio-de-una-persona-que-intervino-en-una-pelea\/#article\",\"isPartOf\":{\"@id\":\"https:\/\/luchonoticias.com\/editor\/a-la-carcel-por-el-homicidio-de-una-persona-que-intervino-en-una-pelea\/\"},\"author\":{\"name\":\"Editor General\",\"@id\":\"https:\/\/luchonoticias.com\/editor\/#\/schema\/person\/29217990ddf6f14e35912b2866d591fb\"},\"headline\":\"A la c\u00e1rcel por el homicidio de una persona que intervino en una pelea\",\"datePublished\":\"2023-10-10T18:29:23+00:00\",\"dateModified\":\"2023-10-10T18:29:24+00:00\",\"mainEntityOfPage\":{\"@id\":\"https:\/\/luchonoticias.com\/editor\/a-la-carcel-por-el-homicidio-de-una-persona-que-intervino-en-una-pelea\/\"},\"wordCount\":215,\"commentCount\":0,\"publisher\":{\"@id\":\"https:\/\/luchonoticias.com\/editor\/#\/schema\/person\/7a7fd911f58561fd056dbac7b55af9cd\"},\"articleSection\":[\"Destacado\",\"Judicial\"],\"inLanguage\":\"es\",\"potentialAction\":[{\"@type\":\"CommentAction\",\"name\":\"Comment\",\"target\":[\"https:\/\/luchonoticias.com\/editor\/a-la-carcel-por-el-homicidio-de-una-persona-que-intervino-en-una-pelea\/#respond\"]}]},{\"@type\":\"WebPage\",\"@id\":\"https:\/\/luchonoticias.com\/editor\/a-la-carcel-por-el-homicidio-de-una-persona-que-intervino-en-una-pelea\/\",\"url\":\"https:\/\/luchonoticias.com\/editor\/a-la-carcel-por-el-homicidio-de-una-persona-que-intervino-en-una-pelea\/\",\"name\":\"A la c\u00e1rcel por el homicidio de una persona que intervino en una pelea -\",\"isPartOf\":{\"@id\":\"https:\/\/luchonoticias.com\/editor\/#website\"},\"datePublished\":\"2023-10-10T18:29:23+00:00\",\"dateModified\":\"2023-10-10T18:29:24+00:00\",\"breadcrumb\":{\"@id\":\"https:\/\/luchonoticias.com\/editor\/a-la-carcel-por-el-homicidio-de-una-persona-que-intervino-en-una-pelea\/#breadcrumb\"},\"inLanguage\":\"es\",\"potentialAction\":[{\"@type\":\"ReadAction\",\"target\":[\"https:\/\/luchonoticias.com\/editor\/a-la-carcel-por-el-homicidio-de-una-persona-que-intervino-en-una-pelea\/\"]}]},{\"@type\":\"BreadcrumbList\",\"@id\":\"https:\/\/luchonoticias.com\/editor\/a-la-carcel-por-el-homicidio-de-una-persona-que-intervino-en-una-pelea\/#breadcrumb\",\"itemListElement\":[{\"@type\":\"ListItem\",\"position\":1,\"name\":\"Portada\",\"item\":\"https:\/\/luchonoticias.com\/editor\/\"},{\"@type\":\"ListItem\",\"position\":2,\"name\":\"A la c\u00e1rcel por el homicidio de una persona que intervino en una pelea\"}]},{\"@type\":\"WebSite\",\"@id\":\"https:\/\/luchonoticias.com\/editor\/#website\",\"url\":\"https:\/\/luchonoticias.com\/editor\/\",\"name\":\"\",\"description\":\"\",\"publisher\":{\"@id\":\"https:\/\/luchonoticias.com\/editor\/#\/schema\/person\/7a7fd911f58561fd056dbac7b55af9cd\"},\"potentialAction\":[{\"@type\":\"SearchAction\",\"target\":{\"@type\":\"EntryPoint\",\"urlTemplate\":\"https:\/\/luchonoticias.com\/editor\/?s={search_term_string}\"},\"query-input\":{\"@type\":\"PropertyValueSpecification\",\"valueRequired\":true,\"valueName\":\"search_term_string\"}}],\"inLanguage\":\"es\"},{\"@type\":[\"Person\",\"Organization\"],\"@id\":\"https:\/\/luchonoticias.com\/editor\/#\/schema\/person\/7a7fd911f58561fd056dbac7b55af9cd\",\"name\":\"admin\",\"image\":{\"@type\":\"ImageObject\",\"inLanguage\":\"es\",\"@id\":\"https:\/\/luchonoticias.com\/editor\/#\/schema\/person\/image\/\",\"url\":\"https:\/\/luchonoticias.com\/editor\/wp-content\/uploads\/2024\/02\/cropped-cropped-logolu.webp\",\"contentUrl\":\"https:\/\/luchonoticias.com\/editor\/wp-content\/uploads\/2024\/02\/cropped-cropped-logolu.webp\",\"width\":382,\"height\":170,\"caption\":\"admin\"},\"logo\":{\"@id\":\"https:\/\/luchonoticias.com\/editor\/#\/schema\/person\/image\/\"},\"sameAs\":[\"https:\/\/www.facebook.com\/luchonoticiasneiva\"]},{\"@type\":\"Person\",\"@id\":\"https:\/\/luchonoticias.com\/editor\/#\/schema\/person\/29217990ddf6f14e35912b2866d591fb\",\"name\":\"Editor General\",\"image\":{\"@type\":\"ImageObject\",\"inLanguage\":\"es\",\"@id\":\"https:\/\/luchonoticias.com\/editor\/#\/schema\/person\/image\/\",\"url\":\"https:\/\/luchonoticias.com\/editor\/wp-content\/uploads\/2024\/02\/cropped-cropped-logolu-150x150.webp\",\"contentUrl\":\"https:\/\/luchonoticias.com\/editor\/wp-content\/uploads\/2024\/02\/cropped-cropped-logolu-150x150.webp\",\"caption\":\"Editor General\"},\"sameAs\":[\"https:\/\/luchonoticias.com\/\"],\"url\":\"https:\/\/luchonoticias.com\/editor\/author\/editor-general\/\"}]}<\/script>\n<!-- \/ Yoast SEO plugin. -->","yoast_head_json":{"title":"A la c\u00e1rcel por el homicidio de una persona que intervino en una pelea -","robots":{"index":"index","follow":"follow","max-snippet":"max-snippet:-1","max-image-preview":"max-image-preview:large","max-video-preview":"max-video-preview:-1"},"canonical":"https:\/\/luchonoticias.com\/editor\/a-la-carcel-por-el-homicidio-de-una-persona-que-intervino-en-una-pelea\/","og_locale":"es_ES","og_type":"article","og_title":"A la c\u00e1rcel por el homicidio de una persona que intervino en una pelea -","og_url":"https:\/\/luchonoticias.com\/editor\/a-la-carcel-por-el-homicidio-de-una-persona-que-intervino-en-una-pelea\/","article_publisher":"https:\/\/www.facebook.com\/luchonoticiasneiva","article_published_time":"2023-10-10T18:29:23+00:00","article_modified_time":"2023-10-10T18:29:24+00:00","author":"Editor General","twitter_card":"summary_large_image","twitter_misc":{"Escrito por":"Editor General","Tiempo de lectura":"1 minuto"},"schema":{"@context":"https:\/\/schema.org","@graph":[{"@type":"Article","@id":"https:\/\/luchonoticias.com\/editor\/a-la-carcel-por-el-homicidio-de-una-persona-que-intervino-en-una-pelea\/#article","isPartOf":{"@id":"https:\/\/luchonoticias.com\/editor\/a-la-carcel-por-el-homicidio-de-una-persona-que-intervino-en-una-pelea\/"},"author":{"name":"Editor General","@id":"https:\/\/luchonoticias.com\/editor\/#\/schema\/person\/29217990ddf6f14e35912b2866d591fb"},"headline":"A la c\u00e1rcel por el homicidio de una persona que intervino en una pelea","datePublished":"2023-10-10T18:29:23+00:00","dateModified":"2023-10-10T18:29:24+00:00","mainEntityOfPage":{"@id":"https:\/\/luchonoticias.com\/editor\/a-la-carcel-por-el-homicidio-de-una-persona-que-intervino-en-una-pelea\/"},"wordCount":215,"commentCount":0,"publisher":{"@id":"https:\/\/luchonoticias.com\/editor\/#\/schema\/person\/7a7fd911f58561fd056dbac7b55af9cd"},"articleSection":["Destacado","Judicial"],"inLanguage":"es","potentialAction":[{"@type":"CommentAction","name":"Comment","target":["https:\/\/luchonoticias.com\/editor\/a-la-carcel-por-el-homicidio-de-una-persona-que-intervino-en-una-pelea\/#respond"]}]},{"@type":"WebPage","@id":"https:\/\/luchonoticias.com\/editor\/a-la-carcel-por-el-homicidio-de-una-persona-que-intervino-en-una-pelea\/","url":"https:\/\/luchonoticias.com\/editor\/a-la-carcel-por-el-homicidio-de-una-persona-que-intervino-en-una-pelea\/","name":"A la c\u00e1rcel por el homicidio de una persona que intervino en una pelea -","isPartOf":{"@id":"https:\/\/luchonoticias.com\/editor\/#website"},"datePublished":"2023-10-10T18:29:23+00:00","dateModified":"2023-10-10T18:29:24+00:00","breadcrumb":{"@id":"https:\/\/luchonoticias.com\/editor\/a-la-carcel-por-el-homicidio-de-una-persona-que-intervino-en-una-pelea\/#breadcrumb"},"inLanguage":"es","potentialAction":[{"@type":"ReadAction","target":["https:\/\/luchonoticias.com\/editor\/a-la-carcel-por-el-homicidio-de-una-persona-que-intervino-en-una-pelea\/"]}]},{"@type":"BreadcrumbList","@id":"https:\/\/luchonoticias.com\/editor\/a-la-carcel-por-el-homicidio-de-una-persona-que-intervino-en-una-pelea\/#breadcrumb","itemListElement":[{"@type":"ListItem","position":1,"name":"Portada","item":"https:\/\/luchonoticias.com\/editor\/"},{"@type":"ListItem","position":2,"name":"A la c\u00e1rcel por el homicidio de una persona que intervino en una pelea"}]},{"@type":"WebSite","@id":"https:\/\/luchonoticias.com\/editor\/#website","url":"https:\/\/luchonoticias.com\/editor\/","name":"","description":"","publisher":{"@id":"https:\/\/luchonoticias.com\/editor\/#\/schema\/person\/7a7fd911f58561fd056dbac7b55af9cd"},"potentialAction":[{"@type":"SearchAction","target":{"@type":"EntryPoint","urlTemplate":"https:\/\/luchonoticias.com\/editor\/?s={search_term_string}"},"query-input":{"@type":"PropertyValueSpecification","valueRequired":true,"valueName":"search_term_string"}}],"inLanguage":"es"},{"@type":["Person","Organization"],"@id":"https:\/\/luchonoticias.com\/editor\/#\/schema\/person\/7a7fd911f58561fd056dbac7b55af9cd","name":"admin","image":{"@type":"ImageObject","inLanguage":"es","@id":"https:\/\/luchonoticias.com\/editor\/#\/schema\/person\/image\/","url":"https:\/\/luchonoticias.com\/editor\/wp-content\/uploads\/2024\/02\/cropped-cropped-logolu.webp","contentUrl":"https:\/\/luchonoticias.com\/editor\/wp-content\/uploads\/2024\/02\/cropped-cropped-logolu.webp","width":382,"height":170,"caption":"admin"},"logo":{"@id":"https:\/\/luchonoticias.com\/editor\/#\/schema\/person\/image\/"},"sameAs":["https:\/\/www.facebook.com\/luchonoticiasneiva"]},{"@type":"Person","@id":"https:\/\/luchonoticias.com\/editor\/#\/schema\/person\/29217990ddf6f14e35912b2866d591fb","name":"Editor General","image":{"@type":"ImageObject","inLanguage":"es","@id":"https:\/\/luchonoticias.com\/editor\/#\/schema\/person\/image\/","url":"https:\/\/luchonoticias.com\/editor\/wp-content\/uploads\/2024\/02\/cropped-cropped-logolu-150x150.webp","contentUrl":"https:\/\/luchonoticias.com\/editor\/wp-content\/uploads\/2024\/02\/cropped-cropped-logolu-150x150.webp","caption":"Editor General"},"sameAs":["https:\/\/luchonoticias.com\/"],"url":"https:\/\/luchonoticias.com\/editor\/author\/editor-general\/"}]}},"_links":{"self":[{"href":"https:\/\/luchonoticias.com\/editor\/wp-json\/wp\/v2\/posts\/61899","targetHints":{"allow":["GET"]}}],"collection":[{"href":"https:\/\/luchonoticias.com\/editor\/wp-json\/wp\/v2\/posts"}],"about":[{"href":"https:\/\/luchonoticias.com\/editor\/wp-json\/wp\/v2\/types\/post"}],"author":[{"embeddable":true,"href":"https:\/\/luchonoticias.com\/editor\/wp-json\/wp\/v2\/users\/2"}],"replies":[{"embeddable":true,"href":"https:\/\/luchonoticias.com\/editor\/wp-json\/wp\/v2\/comments?post=61899"}],"version-history":[{"count":0,"href":"https:\/\/luchonoticias.com\/editor\/wp-json\/wp\/v2\/posts\/61899\/revisions"}],"wp:attachment":[{"href":"https:\/\/luchonoticias.com\/editor\/wp-json\/wp\/v2\/media?parent=61899"}],"wp:term":[{"taxonomy":"category","embeddable":true,"href":"https:\/\/luchonoticias.com\/editor\/wp-json\/wp\/v2\/categories?post=61899"},{"taxonomy":"post_tag","embeddable":true,"href":"https:\/\/luchonoticias.com\/editor\/wp-json\/wp\/v2\/tags?post=61899"}],"curies":[{"name":"wp","href":"https:\/\/api.w.org\/{rel}","templated":true}]}}