{"id":62134,"date":"2023-10-14T06:19:38","date_gmt":"2023-10-14T11:19:38","guid":{"rendered":"https:\/\/luchonoticias.com\/?p=62134"},"modified":"2023-10-14T06:19:39","modified_gmt":"2023-10-14T11:19:39","slug":"el-huila-esta-listo-para-el-eclipse-anular","status":"publish","type":"post","link":"https:\/\/luchonoticias.com\/editor\/el-huila-esta-listo-para-el-eclipse-anular\/","title":{"rendered":"El Huila est\u00e1 listo para el eclipse anular"},"content":{"rendered":"\n<p>La Gobernaci\u00f3n del Huila a trav\u00e9s de la Secretar\u00eda de Desarrollo Econ\u00f3mico y Turismo, la Alcald\u00eda de Villavieja, prestadores de servicios tur\u00edsticos, los observatorios y dem\u00e1s involucrados, revelaron que ya est\u00e1 todo organizando para que los huilenses, puedan disfrutar del eclipse solar anular que ocurrir\u00e1 hoy s\u00e1bado 14 de octubre pr\u00f3ximo, y que se podr\u00e1 ver en el desierto de la Tatacoa.<\/p>\n\n\n\n<p>Este fen\u00f3meno ocurre cuando la luna se alinea entre el sol y la tierra, y cuando la luna est\u00e9 frente al sol, se ver\u00e1 un disco oscuro encima de un disco brillante m\u00e1s grande, esto hacer ver lo que parece a un anillo alrededor de la luna.<\/p>\n\n\n\n<p>El eclipse parcial comenzar\u00e1 a las 11:48:58, en ese momento el sol se encontrar\u00e1 a una altura de 79\u00b0 sobre el horizonte. A las 13:34:11 comenzar\u00e1 el eclipse anular, este es un acontecimiento poco com\u00fan, lo que lo hace muy especial, y se podr\u00e1 presenciar en el desierto de la Tatacoa, acompa\u00f1ado de una gran variedad de eventos acad\u00e9micos.<\/p>\n\n\n\n<p><strong>Como ver y protegerse ante el eclipse solar anular<\/strong><\/p>\n\n\n\n<p>Mirar de frente dicho fen\u00f3meno planetario podr\u00eda causar ceguera al exponerse visual y directamente al sol y su radiaci\u00f3n nociva. Dicha radiaci\u00f3n podr\u00eda da\u00f1ar las c\u00e9lulas fotorreceptoras de la retina generando quemaduras temporales o permanentes conocidas como retinopat\u00eda solar.<\/p>\n\n\n\n<p>Por tanto, la&nbsp;<strong>Facultad de Ciencias de la Salud de la Universidad de La Salle&nbsp;<\/strong>comparte las siguientes recomendaciones para vivenciar este eclipse solar anular:<\/p>\n\n\n\n<ol class=\"wp-block-list\" type=\"1\">\n<li><strong><em>Utilice visores de eclipses solares aprobados<\/em><\/strong>. La \u00fanica forma segura de ver un sol parcialmente eclipsado es a trav\u00e9s de filtros solares especiales o, visores que cumplan con la norma internacional ISO 12312-2 para una visualizaci\u00f3n segura.<\/li>\n\n\n\n<li><strong>Las gafas de sol, los cristales ahumados, los telescopios o lupas sin filtro y los filtros polarizadores no son seguros para visualizar este eclipse.<\/strong>&nbsp;Verifique que los visores o gafas especiales para eclipses no est\u00e9n rotas o rayadas.<\/li>\n\n\n\n<li><strong>Sobreponga sus gafas de eclipse o visor solar antes de mirar hacia arriba<\/strong>. S\u00f3lo cuando deje de mirar al sol, retire o deje de usar las gafas especiales.<\/li>\n\n\n\n<li><strong>Si utiliza correcci\u00f3n formulada<\/strong>, las gafas especiales para eclipses deben sobreponerse ante las gafas formuladas.<\/li>\n\n\n\n<li><strong>Si luego de observar este fen\u00f3meno astron\u00f3mico experimenta alg\u00fan s\u00edntoma visual como<\/strong>:<em><u>&nbsp;disminuci\u00f3n de la agudeza visual, distorsi\u00f3n de la visi\u00f3n o alteraci\u00f3n a la visi\u00f3n de los colores<\/u><\/em>; no dude en consultar a su especialista de la salud visual y ocular.<\/li>\n<\/ol>\n","protected":false},"excerpt":{"rendered":"<p>La Gobernaci\u00f3n del Huila a trav\u00e9s de la Secretar\u00eda de Desarrollo Econ\u00f3mico y Turismo, la Alcald\u00eda de Villavieja, prestadores de servicios tur\u00edsticos, los observatorios y dem\u00e1s involucrados, revelaron que ya est\u00e1 todo organizando para que los huilenses, puedan disfrutar del eclipse solar anular que ocurrir\u00e1 hoy s\u00e1bado 14 de octubre pr\u00f3ximo, y que se podr\u00e1 [&hellip;]<\/p>\n","protected":false},"author":2,"featured_media":0,"comment_status":"open","ping_status":"open","sticky":false,"template":"","format":"standard","meta":{"footnotes":""},"categories":[36,35],"tags":[],"class_list":["post-62134","post","type-post","status-publish","format-standard","hentry","category-destacado","category-regional"],"yoast_head":"<!-- This site is optimized with the Yoast SEO plugin v26.6 - https:\/\/yoast.com\/wordpress\/plugins\/seo\/ -->\n<title>El Huila est\u00e1 listo para el eclipse anular -<\/title>\n<meta name=\"robots\" content=\"index, follow, max-snippet:-1, max-image-preview:large, max-video-preview:-1\" \/>\n<link rel=\"canonical\" href=\"https:\/\/luchonoticias.com\/editor\/el-huila-esta-listo-para-el-eclipse-anular\/\" \/>\n<meta property=\"og:locale\" content=\"es_ES\" \/>\n<meta property=\"og:type\" content=\"article\" \/>\n<meta property=\"og:title\" content=\"El Huila est\u00e1 listo para el eclipse anular -\" \/>\n<meta property=\"og:url\" content=\"https:\/\/luchonoticias.com\/editor\/el-huila-esta-listo-para-el-eclipse-anular\/\" \/>\n<meta property=\"article:publisher\" content=\"https:\/\/www.facebook.com\/luchonoticiasneiva\" \/>\n<meta property=\"article:published_time\" content=\"2023-10-14T11:19:38+00:00\" \/>\n<meta property=\"article:modified_time\" content=\"2023-10-14T11:19:39+00:00\" \/>\n<meta name=\"author\" content=\"Editor General\" \/>\n<meta name=\"twitter:card\" content=\"summary_large_image\" \/>\n<meta name=\"twitter:label1\" content=\"Escrito por\" \/>\n\t<meta name=\"twitter:data1\" content=\"Editor General\" \/>\n\t<meta name=\"twitter:label2\" content=\"Tiempo de lectura\" \/>\n\t<meta name=\"twitter:data2\" content=\"2 minutos\" \/>\n<script type=\"application\/ld+json\" class=\"yoast-schema-graph\">{\"@context\":\"https:\/\/schema.org\",\"@graph\":[{\"@type\":\"Article\",\"@id\":\"https:\/\/luchonoticias.com\/editor\/el-huila-esta-listo-para-el-eclipse-anular\/#article\",\"isPartOf\":{\"@id\":\"https:\/\/luchonoticias.com\/editor\/el-huila-esta-listo-para-el-eclipse-anular\/\"},\"author\":{\"name\":\"Editor General\",\"@id\":\"https:\/\/luchonoticias.com\/editor\/#\/schema\/person\/29217990ddf6f14e35912b2866d591fb\"},\"headline\":\"El Huila est\u00e1 listo para el eclipse anular\",\"datePublished\":\"2023-10-14T11:19:38+00:00\",\"dateModified\":\"2023-10-14T11:19:39+00:00\",\"mainEntityOfPage\":{\"@id\":\"https:\/\/luchonoticias.com\/editor\/el-huila-esta-listo-para-el-eclipse-anular\/\"},\"wordCount\":445,\"commentCount\":0,\"publisher\":{\"@id\":\"https:\/\/luchonoticias.com\/editor\/#\/schema\/person\/7a7fd911f58561fd056dbac7b55af9cd\"},\"articleSection\":[\"Destacado\",\"Regional\"],\"inLanguage\":\"es\",\"potentialAction\":[{\"@type\":\"CommentAction\",\"name\":\"Comment\",\"target\":[\"https:\/\/luchonoticias.com\/editor\/el-huila-esta-listo-para-el-eclipse-anular\/#respond\"]}]},{\"@type\":\"WebPage\",\"@id\":\"https:\/\/luchonoticias.com\/editor\/el-huila-esta-listo-para-el-eclipse-anular\/\",\"url\":\"https:\/\/luchonoticias.com\/editor\/el-huila-esta-listo-para-el-eclipse-anular\/\",\"name\":\"El Huila est\u00e1 listo para el eclipse anular -\",\"isPartOf\":{\"@id\":\"https:\/\/luchonoticias.com\/editor\/#website\"},\"datePublished\":\"2023-10-14T11:19:38+00:00\",\"dateModified\":\"2023-10-14T11:19:39+00:00\",\"breadcrumb\":{\"@id\":\"https:\/\/luchonoticias.com\/editor\/el-huila-esta-listo-para-el-eclipse-anular\/#breadcrumb\"},\"inLanguage\":\"es\",\"potentialAction\":[{\"@type\":\"ReadAction\",\"target\":[\"https:\/\/luchonoticias.com\/editor\/el-huila-esta-listo-para-el-eclipse-anular\/\"]}]},{\"@type\":\"BreadcrumbList\",\"@id\":\"https:\/\/luchonoticias.com\/editor\/el-huila-esta-listo-para-el-eclipse-anular\/#breadcrumb\",\"itemListElement\":[{\"@type\":\"ListItem\",\"position\":1,\"name\":\"Portada\",\"item\":\"https:\/\/luchonoticias.com\/editor\/\"},{\"@type\":\"ListItem\",\"position\":2,\"name\":\"El Huila est\u00e1 listo para el eclipse anular\"}]},{\"@type\":\"WebSite\",\"@id\":\"https:\/\/luchonoticias.com\/editor\/#website\",\"url\":\"https:\/\/luchonoticias.com\/editor\/\",\"name\":\"\",\"description\":\"\",\"publisher\":{\"@id\":\"https:\/\/luchonoticias.com\/editor\/#\/schema\/person\/7a7fd911f58561fd056dbac7b55af9cd\"},\"potentialAction\":[{\"@type\":\"SearchAction\",\"target\":{\"@type\":\"EntryPoint\",\"urlTemplate\":\"https:\/\/luchonoticias.com\/editor\/?s={search_term_string}\"},\"query-input\":{\"@type\":\"PropertyValueSpecification\",\"valueRequired\":true,\"valueName\":\"search_term_string\"}}],\"inLanguage\":\"es\"},{\"@type\":[\"Person\",\"Organization\"],\"@id\":\"https:\/\/luchonoticias.com\/editor\/#\/schema\/person\/7a7fd911f58561fd056dbac7b55af9cd\",\"name\":\"admin\",\"image\":{\"@type\":\"ImageObject\",\"inLanguage\":\"es\",\"@id\":\"https:\/\/luchonoticias.com\/editor\/#\/schema\/person\/image\/\",\"url\":\"https:\/\/luchonoticias.com\/editor\/wp-content\/uploads\/2024\/02\/cropped-cropped-logolu.webp\",\"contentUrl\":\"https:\/\/luchonoticias.com\/editor\/wp-content\/uploads\/2024\/02\/cropped-cropped-logolu.webp\",\"width\":382,\"height\":170,\"caption\":\"admin\"},\"logo\":{\"@id\":\"https:\/\/luchonoticias.com\/editor\/#\/schema\/person\/image\/\"},\"sameAs\":[\"https:\/\/www.facebook.com\/luchonoticiasneiva\"]},{\"@type\":\"Person\",\"@id\":\"https:\/\/luchonoticias.com\/editor\/#\/schema\/person\/29217990ddf6f14e35912b2866d591fb\",\"name\":\"Editor General\",\"image\":{\"@type\":\"ImageObject\",\"inLanguage\":\"es\",\"@id\":\"https:\/\/luchonoticias.com\/editor\/#\/schema\/person\/image\/\",\"url\":\"https:\/\/luchonoticias.com\/editor\/wp-content\/uploads\/2024\/02\/cropped-cropped-logolu-150x150.webp\",\"contentUrl\":\"https:\/\/luchonoticias.com\/editor\/wp-content\/uploads\/2024\/02\/cropped-cropped-logolu-150x150.webp\",\"caption\":\"Editor General\"},\"sameAs\":[\"https:\/\/luchonoticias.com\/\"],\"url\":\"https:\/\/luchonoticias.com\/editor\/author\/editor-general\/\"}]}<\/script>\n<!-- \/ Yoast SEO plugin. -->","yoast_head_json":{"title":"El Huila est\u00e1 listo para el eclipse anular -","robots":{"index":"index","follow":"follow","max-snippet":"max-snippet:-1","max-image-preview":"max-image-preview:large","max-video-preview":"max-video-preview:-1"},"canonical":"https:\/\/luchonoticias.com\/editor\/el-huila-esta-listo-para-el-eclipse-anular\/","og_locale":"es_ES","og_type":"article","og_title":"El Huila est\u00e1 listo para el eclipse anular -","og_url":"https:\/\/luchonoticias.com\/editor\/el-huila-esta-listo-para-el-eclipse-anular\/","article_publisher":"https:\/\/www.facebook.com\/luchonoticiasneiva","article_published_time":"2023-10-14T11:19:38+00:00","article_modified_time":"2023-10-14T11:19:39+00:00","author":"Editor General","twitter_card":"summary_large_image","twitter_misc":{"Escrito por":"Editor General","Tiempo de lectura":"2 minutos"},"schema":{"@context":"https:\/\/schema.org","@graph":[{"@type":"Article","@id":"https:\/\/luchonoticias.com\/editor\/el-huila-esta-listo-para-el-eclipse-anular\/#article","isPartOf":{"@id":"https:\/\/luchonoticias.com\/editor\/el-huila-esta-listo-para-el-eclipse-anular\/"},"author":{"name":"Editor General","@id":"https:\/\/luchonoticias.com\/editor\/#\/schema\/person\/29217990ddf6f14e35912b2866d591fb"},"headline":"El Huila est\u00e1 listo para el eclipse anular","datePublished":"2023-10-14T11:19:38+00:00","dateModified":"2023-10-14T11:19:39+00:00","mainEntityOfPage":{"@id":"https:\/\/luchonoticias.com\/editor\/el-huila-esta-listo-para-el-eclipse-anular\/"},"wordCount":445,"commentCount":0,"publisher":{"@id":"https:\/\/luchonoticias.com\/editor\/#\/schema\/person\/7a7fd911f58561fd056dbac7b55af9cd"},"articleSection":["Destacado","Regional"],"inLanguage":"es","potentialAction":[{"@type":"CommentAction","name":"Comment","target":["https:\/\/luchonoticias.com\/editor\/el-huila-esta-listo-para-el-eclipse-anular\/#respond"]}]},{"@type":"WebPage","@id":"https:\/\/luchonoticias.com\/editor\/el-huila-esta-listo-para-el-eclipse-anular\/","url":"https:\/\/luchonoticias.com\/editor\/el-huila-esta-listo-para-el-eclipse-anular\/","name":"El Huila est\u00e1 listo para el eclipse anular -","isPartOf":{"@id":"https:\/\/luchonoticias.com\/editor\/#website"},"datePublished":"2023-10-14T11:19:38+00:00","dateModified":"2023-10-14T11:19:39+00:00","breadcrumb":{"@id":"https:\/\/luchonoticias.com\/editor\/el-huila-esta-listo-para-el-eclipse-anular\/#breadcrumb"},"inLanguage":"es","potentialAction":[{"@type":"ReadAction","target":["https:\/\/luchonoticias.com\/editor\/el-huila-esta-listo-para-el-eclipse-anular\/"]}]},{"@type":"BreadcrumbList","@id":"https:\/\/luchonoticias.com\/editor\/el-huila-esta-listo-para-el-eclipse-anular\/#breadcrumb","itemListElement":[{"@type":"ListItem","position":1,"name":"Portada","item":"https:\/\/luchonoticias.com\/editor\/"},{"@type":"ListItem","position":2,"name":"El Huila est\u00e1 listo para el eclipse anular"}]},{"@type":"WebSite","@id":"https:\/\/luchonoticias.com\/editor\/#website","url":"https:\/\/luchonoticias.com\/editor\/","name":"","description":"","publisher":{"@id":"https:\/\/luchonoticias.com\/editor\/#\/schema\/person\/7a7fd911f58561fd056dbac7b55af9cd"},"potentialAction":[{"@type":"SearchAction","target":{"@type":"EntryPoint","urlTemplate":"https:\/\/luchonoticias.com\/editor\/?s={search_term_string}"},"query-input":{"@type":"PropertyValueSpecification","valueRequired":true,"valueName":"search_term_string"}}],"inLanguage":"es"},{"@type":["Person","Organization"],"@id":"https:\/\/luchonoticias.com\/editor\/#\/schema\/person\/7a7fd911f58561fd056dbac7b55af9cd","name":"admin","image":{"@type":"ImageObject","inLanguage":"es","@id":"https:\/\/luchonoticias.com\/editor\/#\/schema\/person\/image\/","url":"https:\/\/luchonoticias.com\/editor\/wp-content\/uploads\/2024\/02\/cropped-cropped-logolu.webp","contentUrl":"https:\/\/luchonoticias.com\/editor\/wp-content\/uploads\/2024\/02\/cropped-cropped-logolu.webp","width":382,"height":170,"caption":"admin"},"logo":{"@id":"https:\/\/luchonoticias.com\/editor\/#\/schema\/person\/image\/"},"sameAs":["https:\/\/www.facebook.com\/luchonoticiasneiva"]},{"@type":"Person","@id":"https:\/\/luchonoticias.com\/editor\/#\/schema\/person\/29217990ddf6f14e35912b2866d591fb","name":"Editor General","image":{"@type":"ImageObject","inLanguage":"es","@id":"https:\/\/luchonoticias.com\/editor\/#\/schema\/person\/image\/","url":"https:\/\/luchonoticias.com\/editor\/wp-content\/uploads\/2024\/02\/cropped-cropped-logolu-150x150.webp","contentUrl":"https:\/\/luchonoticias.com\/editor\/wp-content\/uploads\/2024\/02\/cropped-cropped-logolu-150x150.webp","caption":"Editor General"},"sameAs":["https:\/\/luchonoticias.com\/"],"url":"https:\/\/luchonoticias.com\/editor\/author\/editor-general\/"}]}},"_links":{"self":[{"href":"https:\/\/luchonoticias.com\/editor\/wp-json\/wp\/v2\/posts\/62134","targetHints":{"allow":["GET"]}}],"collection":[{"href":"https:\/\/luchonoticias.com\/editor\/wp-json\/wp\/v2\/posts"}],"about":[{"href":"https:\/\/luchonoticias.com\/editor\/wp-json\/wp\/v2\/types\/post"}],"author":[{"embeddable":true,"href":"https:\/\/luchonoticias.com\/editor\/wp-json\/wp\/v2\/users\/2"}],"replies":[{"embeddable":true,"href":"https:\/\/luchonoticias.com\/editor\/wp-json\/wp\/v2\/comments?post=62134"}],"version-history":[{"count":0,"href":"https:\/\/luchonoticias.com\/editor\/wp-json\/wp\/v2\/posts\/62134\/revisions"}],"wp:attachment":[{"href":"https:\/\/luchonoticias.com\/editor\/wp-json\/wp\/v2\/media?parent=62134"}],"wp:term":[{"taxonomy":"category","embeddable":true,"href":"https:\/\/luchonoticias.com\/editor\/wp-json\/wp\/v2\/categories?post=62134"},{"taxonomy":"post_tag","embeddable":true,"href":"https:\/\/luchonoticias.com\/editor\/wp-json\/wp\/v2\/tags?post=62134"}],"curies":[{"name":"wp","href":"https:\/\/api.w.org\/{rel}","templated":true}]}}