{"id":62181,"date":"2023-10-15T07:17:47","date_gmt":"2023-10-15T12:17:47","guid":{"rendered":"https:\/\/luchonoticias.com\/?p=62181"},"modified":"2023-10-15T07:17:49","modified_gmt":"2023-10-15T12:17:49","slug":"infancia-y-adolescencia-prioridad-de-la-policia-nacional-en-neiva","status":"publish","type":"post","link":"https:\/\/luchonoticias.com\/editor\/infancia-y-adolescencia-prioridad-de-la-policia-nacional-en-neiva\/","title":{"rendered":"Infancia y adolescencia prioridad de la Polic\u00eda Nacional en Neiva"},"content":{"rendered":"\n<p>En las \u00faltimas horas, uniformados del grupo de Gesti\u00f3n Comunitaria, Infancia y Adolescencia, en coordinaci\u00f3n con la Secretaria de Tr\u00e1nsito Municipal, llevaron a cabo una actividad dirigida a los ni\u00f1os, ni\u00f1as y adolescentes del Barrio Los Pinos, en la comuna 2 de Neiva<\/p>\n\n\n\n<p>\u201cDurante la jornada se les entreg\u00f3 mensajes de prevenci\u00f3n al consumo de sustancias, as\u00ed como tambi\u00e9n se sensibiliz\u00f3 sobre la importancia de cuidar y proteger su cuerpo, as\u00ed mismo se les hizo pintucaritas, show de globoflexia, animaci\u00f3n, recreaci\u00f3n, entrega de dulces, refrigerios, paletas y detalles para cada uno de los ni\u00f1os, as\u00ed como tambi\u00e9n premios para los participantes y ganadores de los concursos de baile y canto\u201d, indicaron voceros de la jornada.<\/p>\n\n\n\n<figure class=\"wp-block-gallery has-nested-images columns-default is-cropped wp-block-gallery-1 is-layout-flex wp-block-gallery-is-layout-flex\">\n<figure class=\"wp-block-image size-large\"><img decoding=\"async\" data-id=\"62183\" src=\"https:\/\/luchonoticias.com\/wp-content\/uploads\/2023\/10\/WhatsApp-Image-2023-10-14-at-3.42.58-PM.jpeg\" alt=\"\" class=\"wp-image-62183\"\/><\/figure>\n\n\n\n<figure class=\"wp-block-image size-large\"><img decoding=\"async\" data-id=\"62184\" src=\"https:\/\/luchonoticias.com\/wp-content\/uploads\/2023\/10\/WhatsApp-Image-2023-10-14-at-3.42.57-PM-1.jpeg\" alt=\"\" class=\"wp-image-62184\"\/><\/figure>\n<\/figure>\n\n\n\n<p>Finalmente, las autoridades neivanas ratificaron que, con estas actividades, dan continuidad a la semana de receso, as\u00ed como tambi\u00e9n de sensibilizar a los padres de familia para utilizar el di\u00e1logo como m\u00e9todo en la resoluci\u00f3n de conflictos.<\/p>\n\n\n\n<p>\u201cLa Polic\u00eda Nacional seguir\u00e1 llevando a cabo estas actividades en las diferentes comunas de la ciudad\u201d, concluyeron.<\/p>\n","protected":false},"excerpt":{"rendered":"<p>En las \u00faltimas horas, uniformados del grupo de Gesti\u00f3n Comunitaria, Infancia y Adolescencia, en coordinaci\u00f3n con la Secretaria de Tr\u00e1nsito Municipal, llevaron a cabo una actividad dirigida a los ni\u00f1os, ni\u00f1as y adolescentes del Barrio Los Pinos, en la comuna 2 de Neiva \u201cDurante la jornada se les entreg\u00f3 mensajes de prevenci\u00f3n al consumo de [&hellip;]<\/p>\n","protected":false},"author":2,"featured_media":0,"comment_status":"open","ping_status":"open","sticky":false,"template":"","format":"standard","meta":{"footnotes":""},"categories":[3961,36],"tags":[],"class_list":["post-62181","post","type-post","status-publish","format-standard","hentry","category-comunidad","category-destacado"],"yoast_head":"<!-- This site is optimized with the Yoast SEO plugin v26.6 - https:\/\/yoast.com\/wordpress\/plugins\/seo\/ -->\n<title>Infancia y adolescencia prioridad de la Polic\u00eda Nacional en Neiva -<\/title>\n<meta name=\"robots\" content=\"index, follow, max-snippet:-1, max-image-preview:large, max-video-preview:-1\" \/>\n<link rel=\"canonical\" href=\"https:\/\/luchonoticias.com\/editor\/infancia-y-adolescencia-prioridad-de-la-policia-nacional-en-neiva\/\" \/>\n<meta property=\"og:locale\" content=\"es_ES\" \/>\n<meta property=\"og:type\" content=\"article\" \/>\n<meta property=\"og:title\" content=\"Infancia y adolescencia prioridad de la Polic\u00eda Nacional en Neiva -\" \/>\n<meta property=\"og:url\" content=\"https:\/\/luchonoticias.com\/editor\/infancia-y-adolescencia-prioridad-de-la-policia-nacional-en-neiva\/\" \/>\n<meta property=\"article:publisher\" content=\"https:\/\/www.facebook.com\/luchonoticiasneiva\" \/>\n<meta property=\"article:published_time\" content=\"2023-10-15T12:17:47+00:00\" \/>\n<meta property=\"article:modified_time\" content=\"2023-10-15T12:17:49+00:00\" \/>\n<meta property=\"og:image\" content=\"https:\/\/luchonoticias.com\/wp-content\/uploads\/2023\/10\/WhatsApp-Image-2023-10-14-at-3.42.58-PM.jpeg\" \/>\n<meta name=\"author\" content=\"Editor General\" \/>\n<meta name=\"twitter:card\" content=\"summary_large_image\" \/>\n<meta name=\"twitter:label1\" content=\"Escrito por\" \/>\n\t<meta name=\"twitter:data1\" content=\"Editor General\" \/>\n\t<meta name=\"twitter:label2\" content=\"Tiempo de lectura\" \/>\n\t<meta name=\"twitter:data2\" content=\"1 minuto\" \/>\n<script type=\"application\/ld+json\" class=\"yoast-schema-graph\">{\"@context\":\"https:\/\/schema.org\",\"@graph\":[{\"@type\":\"Article\",\"@id\":\"https:\/\/luchonoticias.com\/editor\/infancia-y-adolescencia-prioridad-de-la-policia-nacional-en-neiva\/#article\",\"isPartOf\":{\"@id\":\"https:\/\/luchonoticias.com\/editor\/infancia-y-adolescencia-prioridad-de-la-policia-nacional-en-neiva\/\"},\"author\":{\"name\":\"Editor General\",\"@id\":\"https:\/\/luchonoticias.com\/editor\/#\/schema\/person\/29217990ddf6f14e35912b2866d591fb\"},\"headline\":\"Infancia y adolescencia prioridad de la Polic\u00eda Nacional en Neiva\",\"datePublished\":\"2023-10-15T12:17:47+00:00\",\"dateModified\":\"2023-10-15T12:17:49+00:00\",\"mainEntityOfPage\":{\"@id\":\"https:\/\/luchonoticias.com\/editor\/infancia-y-adolescencia-prioridad-de-la-policia-nacional-en-neiva\/\"},\"wordCount\":195,\"commentCount\":0,\"publisher\":{\"@id\":\"https:\/\/luchonoticias.com\/editor\/#\/schema\/person\/7a7fd911f58561fd056dbac7b55af9cd\"},\"image\":{\"@id\":\"https:\/\/luchonoticias.com\/editor\/infancia-y-adolescencia-prioridad-de-la-policia-nacional-en-neiva\/#primaryimage\"},\"thumbnailUrl\":\"https:\/\/luchonoticias.com\/wp-content\/uploads\/2023\/10\/WhatsApp-Image-2023-10-14-at-3.42.58-PM.jpeg\",\"articleSection\":[\"Comunidad\",\"Destacado\"],\"inLanguage\":\"es\",\"potentialAction\":[{\"@type\":\"CommentAction\",\"name\":\"Comment\",\"target\":[\"https:\/\/luchonoticias.com\/editor\/infancia-y-adolescencia-prioridad-de-la-policia-nacional-en-neiva\/#respond\"]}]},{\"@type\":\"WebPage\",\"@id\":\"https:\/\/luchonoticias.com\/editor\/infancia-y-adolescencia-prioridad-de-la-policia-nacional-en-neiva\/\",\"url\":\"https:\/\/luchonoticias.com\/editor\/infancia-y-adolescencia-prioridad-de-la-policia-nacional-en-neiva\/\",\"name\":\"Infancia y adolescencia prioridad de la Polic\u00eda Nacional en Neiva -\",\"isPartOf\":{\"@id\":\"https:\/\/luchonoticias.com\/editor\/#website\"},\"primaryImageOfPage\":{\"@id\":\"https:\/\/luchonoticias.com\/editor\/infancia-y-adolescencia-prioridad-de-la-policia-nacional-en-neiva\/#primaryimage\"},\"image\":{\"@id\":\"https:\/\/luchonoticias.com\/editor\/infancia-y-adolescencia-prioridad-de-la-policia-nacional-en-neiva\/#primaryimage\"},\"thumbnailUrl\":\"https:\/\/luchonoticias.com\/wp-content\/uploads\/2023\/10\/WhatsApp-Image-2023-10-14-at-3.42.58-PM.jpeg\",\"datePublished\":\"2023-10-15T12:17:47+00:00\",\"dateModified\":\"2023-10-15T12:17:49+00:00\",\"breadcrumb\":{\"@id\":\"https:\/\/luchonoticias.com\/editor\/infancia-y-adolescencia-prioridad-de-la-policia-nacional-en-neiva\/#breadcrumb\"},\"inLanguage\":\"es\",\"potentialAction\":[{\"@type\":\"ReadAction\",\"target\":[\"https:\/\/luchonoticias.com\/editor\/infancia-y-adolescencia-prioridad-de-la-policia-nacional-en-neiva\/\"]}]},{\"@type\":\"ImageObject\",\"inLanguage\":\"es\",\"@id\":\"https:\/\/luchonoticias.com\/editor\/infancia-y-adolescencia-prioridad-de-la-policia-nacional-en-neiva\/#primaryimage\",\"url\":\"https:\/\/luchonoticias.com\/wp-content\/uploads\/2023\/10\/WhatsApp-Image-2023-10-14-at-3.42.58-PM.jpeg\",\"contentUrl\":\"https:\/\/luchonoticias.com\/wp-content\/uploads\/2023\/10\/WhatsApp-Image-2023-10-14-at-3.42.58-PM.jpeg\"},{\"@type\":\"BreadcrumbList\",\"@id\":\"https:\/\/luchonoticias.com\/editor\/infancia-y-adolescencia-prioridad-de-la-policia-nacional-en-neiva\/#breadcrumb\",\"itemListElement\":[{\"@type\":\"ListItem\",\"position\":1,\"name\":\"Portada\",\"item\":\"https:\/\/luchonoticias.com\/editor\/\"},{\"@type\":\"ListItem\",\"position\":2,\"name\":\"Infancia y adolescencia prioridad de la Polic\u00eda Nacional en Neiva\"}]},{\"@type\":\"WebSite\",\"@id\":\"https:\/\/luchonoticias.com\/editor\/#website\",\"url\":\"https:\/\/luchonoticias.com\/editor\/\",\"name\":\"\",\"description\":\"\",\"publisher\":{\"@id\":\"https:\/\/luchonoticias.com\/editor\/#\/schema\/person\/7a7fd911f58561fd056dbac7b55af9cd\"},\"potentialAction\":[{\"@type\":\"SearchAction\",\"target\":{\"@type\":\"EntryPoint\",\"urlTemplate\":\"https:\/\/luchonoticias.com\/editor\/?s={search_term_string}\"},\"query-input\":{\"@type\":\"PropertyValueSpecification\",\"valueRequired\":true,\"valueName\":\"search_term_string\"}}],\"inLanguage\":\"es\"},{\"@type\":[\"Person\",\"Organization\"],\"@id\":\"https:\/\/luchonoticias.com\/editor\/#\/schema\/person\/7a7fd911f58561fd056dbac7b55af9cd\",\"name\":\"admin\",\"image\":{\"@type\":\"ImageObject\",\"inLanguage\":\"es\",\"@id\":\"https:\/\/luchonoticias.com\/editor\/#\/schema\/person\/image\/\",\"url\":\"https:\/\/luchonoticias.com\/editor\/wp-content\/uploads\/2024\/02\/cropped-cropped-logolu.webp\",\"contentUrl\":\"https:\/\/luchonoticias.com\/editor\/wp-content\/uploads\/2024\/02\/cropped-cropped-logolu.webp\",\"width\":382,\"height\":170,\"caption\":\"admin\"},\"logo\":{\"@id\":\"https:\/\/luchonoticias.com\/editor\/#\/schema\/person\/image\/\"},\"sameAs\":[\"https:\/\/www.facebook.com\/luchonoticiasneiva\"]},{\"@type\":\"Person\",\"@id\":\"https:\/\/luchonoticias.com\/editor\/#\/schema\/person\/29217990ddf6f14e35912b2866d591fb\",\"name\":\"Editor General\",\"image\":{\"@type\":\"ImageObject\",\"inLanguage\":\"es\",\"@id\":\"https:\/\/luchonoticias.com\/editor\/#\/schema\/person\/image\/\",\"url\":\"https:\/\/luchonoticias.com\/editor\/wp-content\/uploads\/2024\/02\/cropped-cropped-logolu-150x150.webp\",\"contentUrl\":\"https:\/\/luchonoticias.com\/editor\/wp-content\/uploads\/2024\/02\/cropped-cropped-logolu-150x150.webp\",\"caption\":\"Editor General\"},\"sameAs\":[\"https:\/\/luchonoticias.com\/\"],\"url\":\"https:\/\/luchonoticias.com\/editor\/author\/editor-general\/\"}]}<\/script>\n<!-- \/ Yoast SEO plugin. -->","yoast_head_json":{"title":"Infancia y adolescencia prioridad de la Polic\u00eda Nacional en Neiva -","robots":{"index":"index","follow":"follow","max-snippet":"max-snippet:-1","max-image-preview":"max-image-preview:large","max-video-preview":"max-video-preview:-1"},"canonical":"https:\/\/luchonoticias.com\/editor\/infancia-y-adolescencia-prioridad-de-la-policia-nacional-en-neiva\/","og_locale":"es_ES","og_type":"article","og_title":"Infancia y adolescencia prioridad de la Polic\u00eda Nacional en Neiva -","og_url":"https:\/\/luchonoticias.com\/editor\/infancia-y-adolescencia-prioridad-de-la-policia-nacional-en-neiva\/","article_publisher":"https:\/\/www.facebook.com\/luchonoticiasneiva","article_published_time":"2023-10-15T12:17:47+00:00","article_modified_time":"2023-10-15T12:17:49+00:00","og_image":[{"url":"https:\/\/luchonoticias.com\/wp-content\/uploads\/2023\/10\/WhatsApp-Image-2023-10-14-at-3.42.58-PM.jpeg","type":"","width":"","height":""}],"author":"Editor General","twitter_card":"summary_large_image","twitter_misc":{"Escrito por":"Editor General","Tiempo de lectura":"1 minuto"},"schema":{"@context":"https:\/\/schema.org","@graph":[{"@type":"Article","@id":"https:\/\/luchonoticias.com\/editor\/infancia-y-adolescencia-prioridad-de-la-policia-nacional-en-neiva\/#article","isPartOf":{"@id":"https:\/\/luchonoticias.com\/editor\/infancia-y-adolescencia-prioridad-de-la-policia-nacional-en-neiva\/"},"author":{"name":"Editor General","@id":"https:\/\/luchonoticias.com\/editor\/#\/schema\/person\/29217990ddf6f14e35912b2866d591fb"},"headline":"Infancia y adolescencia prioridad de la Polic\u00eda Nacional en Neiva","datePublished":"2023-10-15T12:17:47+00:00","dateModified":"2023-10-15T12:17:49+00:00","mainEntityOfPage":{"@id":"https:\/\/luchonoticias.com\/editor\/infancia-y-adolescencia-prioridad-de-la-policia-nacional-en-neiva\/"},"wordCount":195,"commentCount":0,"publisher":{"@id":"https:\/\/luchonoticias.com\/editor\/#\/schema\/person\/7a7fd911f58561fd056dbac7b55af9cd"},"image":{"@id":"https:\/\/luchonoticias.com\/editor\/infancia-y-adolescencia-prioridad-de-la-policia-nacional-en-neiva\/#primaryimage"},"thumbnailUrl":"https:\/\/luchonoticias.com\/wp-content\/uploads\/2023\/10\/WhatsApp-Image-2023-10-14-at-3.42.58-PM.jpeg","articleSection":["Comunidad","Destacado"],"inLanguage":"es","potentialAction":[{"@type":"CommentAction","name":"Comment","target":["https:\/\/luchonoticias.com\/editor\/infancia-y-adolescencia-prioridad-de-la-policia-nacional-en-neiva\/#respond"]}]},{"@type":"WebPage","@id":"https:\/\/luchonoticias.com\/editor\/infancia-y-adolescencia-prioridad-de-la-policia-nacional-en-neiva\/","url":"https:\/\/luchonoticias.com\/editor\/infancia-y-adolescencia-prioridad-de-la-policia-nacional-en-neiva\/","name":"Infancia y adolescencia prioridad de la Polic\u00eda Nacional en Neiva -","isPartOf":{"@id":"https:\/\/luchonoticias.com\/editor\/#website"},"primaryImageOfPage":{"@id":"https:\/\/luchonoticias.com\/editor\/infancia-y-adolescencia-prioridad-de-la-policia-nacional-en-neiva\/#primaryimage"},"image":{"@id":"https:\/\/luchonoticias.com\/editor\/infancia-y-adolescencia-prioridad-de-la-policia-nacional-en-neiva\/#primaryimage"},"thumbnailUrl":"https:\/\/luchonoticias.com\/wp-content\/uploads\/2023\/10\/WhatsApp-Image-2023-10-14-at-3.42.58-PM.jpeg","datePublished":"2023-10-15T12:17:47+00:00","dateModified":"2023-10-15T12:17:49+00:00","breadcrumb":{"@id":"https:\/\/luchonoticias.com\/editor\/infancia-y-adolescencia-prioridad-de-la-policia-nacional-en-neiva\/#breadcrumb"},"inLanguage":"es","potentialAction":[{"@type":"ReadAction","target":["https:\/\/luchonoticias.com\/editor\/infancia-y-adolescencia-prioridad-de-la-policia-nacional-en-neiva\/"]}]},{"@type":"ImageObject","inLanguage":"es","@id":"https:\/\/luchonoticias.com\/editor\/infancia-y-adolescencia-prioridad-de-la-policia-nacional-en-neiva\/#primaryimage","url":"https:\/\/luchonoticias.com\/wp-content\/uploads\/2023\/10\/WhatsApp-Image-2023-10-14-at-3.42.58-PM.jpeg","contentUrl":"https:\/\/luchonoticias.com\/wp-content\/uploads\/2023\/10\/WhatsApp-Image-2023-10-14-at-3.42.58-PM.jpeg"},{"@type":"BreadcrumbList","@id":"https:\/\/luchonoticias.com\/editor\/infancia-y-adolescencia-prioridad-de-la-policia-nacional-en-neiva\/#breadcrumb","itemListElement":[{"@type":"ListItem","position":1,"name":"Portada","item":"https:\/\/luchonoticias.com\/editor\/"},{"@type":"ListItem","position":2,"name":"Infancia y adolescencia prioridad de la Polic\u00eda Nacional en Neiva"}]},{"@type":"WebSite","@id":"https:\/\/luchonoticias.com\/editor\/#website","url":"https:\/\/luchonoticias.com\/editor\/","name":"","description":"","publisher":{"@id":"https:\/\/luchonoticias.com\/editor\/#\/schema\/person\/7a7fd911f58561fd056dbac7b55af9cd"},"potentialAction":[{"@type":"SearchAction","target":{"@type":"EntryPoint","urlTemplate":"https:\/\/luchonoticias.com\/editor\/?s={search_term_string}"},"query-input":{"@type":"PropertyValueSpecification","valueRequired":true,"valueName":"search_term_string"}}],"inLanguage":"es"},{"@type":["Person","Organization"],"@id":"https:\/\/luchonoticias.com\/editor\/#\/schema\/person\/7a7fd911f58561fd056dbac7b55af9cd","name":"admin","image":{"@type":"ImageObject","inLanguage":"es","@id":"https:\/\/luchonoticias.com\/editor\/#\/schema\/person\/image\/","url":"https:\/\/luchonoticias.com\/editor\/wp-content\/uploads\/2024\/02\/cropped-cropped-logolu.webp","contentUrl":"https:\/\/luchonoticias.com\/editor\/wp-content\/uploads\/2024\/02\/cropped-cropped-logolu.webp","width":382,"height":170,"caption":"admin"},"logo":{"@id":"https:\/\/luchonoticias.com\/editor\/#\/schema\/person\/image\/"},"sameAs":["https:\/\/www.facebook.com\/luchonoticiasneiva"]},{"@type":"Person","@id":"https:\/\/luchonoticias.com\/editor\/#\/schema\/person\/29217990ddf6f14e35912b2866d591fb","name":"Editor General","image":{"@type":"ImageObject","inLanguage":"es","@id":"https:\/\/luchonoticias.com\/editor\/#\/schema\/person\/image\/","url":"https:\/\/luchonoticias.com\/editor\/wp-content\/uploads\/2024\/02\/cropped-cropped-logolu-150x150.webp","contentUrl":"https:\/\/luchonoticias.com\/editor\/wp-content\/uploads\/2024\/02\/cropped-cropped-logolu-150x150.webp","caption":"Editor General"},"sameAs":["https:\/\/luchonoticias.com\/"],"url":"https:\/\/luchonoticias.com\/editor\/author\/editor-general\/"}]}},"_links":{"self":[{"href":"https:\/\/luchonoticias.com\/editor\/wp-json\/wp\/v2\/posts\/62181","targetHints":{"allow":["GET"]}}],"collection":[{"href":"https:\/\/luchonoticias.com\/editor\/wp-json\/wp\/v2\/posts"}],"about":[{"href":"https:\/\/luchonoticias.com\/editor\/wp-json\/wp\/v2\/types\/post"}],"author":[{"embeddable":true,"href":"https:\/\/luchonoticias.com\/editor\/wp-json\/wp\/v2\/users\/2"}],"replies":[{"embeddable":true,"href":"https:\/\/luchonoticias.com\/editor\/wp-json\/wp\/v2\/comments?post=62181"}],"version-history":[{"count":0,"href":"https:\/\/luchonoticias.com\/editor\/wp-json\/wp\/v2\/posts\/62181\/revisions"}],"wp:attachment":[{"href":"https:\/\/luchonoticias.com\/editor\/wp-json\/wp\/v2\/media?parent=62181"}],"wp:term":[{"taxonomy":"category","embeddable":true,"href":"https:\/\/luchonoticias.com\/editor\/wp-json\/wp\/v2\/categories?post=62181"},{"taxonomy":"post_tag","embeddable":true,"href":"https:\/\/luchonoticias.com\/editor\/wp-json\/wp\/v2\/tags?post=62181"}],"curies":[{"name":"wp","href":"https:\/\/api.w.org\/{rel}","templated":true}]}}