{"id":62235,"date":"2023-10-16T17:36:52","date_gmt":"2023-10-16T22:36:52","guid":{"rendered":"https:\/\/luchonoticias.com\/?p=62235"},"modified":"2023-10-16T17:36:52","modified_gmt":"2023-10-16T22:36:52","slug":"aun-la-democracia-tiene-su-oportunidad-que-se-aferra-a-la-paz-y-a-la-vida-de-la-humanidad-y-del-planeta-presidente-petro","status":"publish","type":"post","link":"https:\/\/luchonoticias.com\/editor\/aun-la-democracia-tiene-su-oportunidad-que-se-aferra-a-la-paz-y-a-la-vida-de-la-humanidad-y-del-planeta-presidente-petro\/","title":{"rendered":"A\u00fan la democracia tiene su oportunidad que se aferra a la paz y a la vida de la humanidad y del planeta: Presidente Petro"},"content":{"rendered":"\n<p>El presidente Gustavo Petro lament\u00f3 la muerte de 1.300 ni\u00f1os y ni\u00f1as en Palestina durante la guerra que ese pa\u00eds libra desde hace una semana con su vecino Israel, y de paso cuestion\u00f3 \u201cla indiferencia\u201d del mundo frente a esos hechos.<\/p>\n\n\n\n<p>A trav\u00e9s de su cuenta en la red social X (antes Twitter), el mandatario asegur\u00f3 que \u201cla indiferencia es lo que permite el aplauso a quienes ordenaron la muerte de nuestros 6.402 j\u00f3venes inocentes bajo armas del Estado y a quienes han asesinado 1.030 ni\u00f1os en Palestina bombardeados\u201d.<\/p>\n\n\n\n<p>El jefe de Estado sostuvo que eso ha sido \u201cla barbarie\u201d, pues agreg\u00f3 que cada 15 minutos asesinan un ni\u00f1o en la tierra donde surgi\u00f3 una religi\u00f3n basada en el amor\u201d, y dijo que \u201cen Colombia mataron 350 ni\u00f1os bombardeados en este siglo y asesinaron 6.402 j\u00f3venes sin armas en apenas unos a\u00f1os\u201d.<\/p>\n\n\n\n<p>Con esas palabras, el presidente colombiano se refiri\u00f3 a la cifra \u2013un ni\u00f1o asesinado cada 15 minutos- que divulg\u00f3 una publicaci\u00f3n del Diario ECSaharaui, considerado uno de los medios l\u00edderes en informaci\u00f3n en espa\u00f1ol sobre el S\u00e1hara Occidental que, a su vez, cita como fuente a la ONU.<\/p>\n\n\n\n<p>Critic\u00f3 tambi\u00e9n el mandatario a quienes \u201cno defienden los ni\u00f1os en peligro sino el Herodes desencadenado\u201d, y lo mismo a \u201cmuchos de los que hoy se consideran miembros de esa religi\u00f3n del amor\u201d.<\/p>\n\n\n\n<p>As\u00ed mismo, calific\u00f3 de \u201cignorantes\u201d a quienes lo han criticado de ser, supuestamente, \u201cantisemita\u201d y de apoyar a Ham\u00e1s.<\/p>\n\n\n\n<p>\u201cNo puedo defender una organizaci\u00f3n que sostiene la fusi\u00f3n entre Religi\u00f3n y Estado porque eso lo combatimos en nuestro propio pa\u00eds, y porque la visi\u00f3n de los que se creen pueblo elegido y raza superior lleva a la masacre de los dem\u00e1s pueblos\u201d, afirm\u00f3 el presidente en la red social.<\/p>\n\n\n\n<p>Y asegur\u00f3 que ni \u00e9l ni sus padres y abuelos biol\u00f3gicos o ideol\u00f3gicos estuvieron con Hitler \u201ccomo s\u00ed lo hizo la oligarqu\u00eda y la prensa que me ataca\u201d.<\/p>\n\n\n\n<p>Le puede interesar: Ni el genocidio de Hitler llega a ese punto<\/p>\n\n\n\n<p>\u201cEst\u00e1n resucitando a Hitler en los tiempos de la crisis clim\u00e1tica y vuelve id\u00e9ntico con sus campos de concentraci\u00f3n y la destrucci\u00f3n completa de los pueblos. Hitler renace como pr\u00e1ctica del poder pol\u00edtico y econ\u00f3mico sobre la divisi\u00f3n misma de la humanidad, sobre sus debilidades y sus miedos. El miedo al diferente es el padre de Hitler\u201d, explic\u00f3.<\/p>\n\n\n\n<p>El presidente Petro dijo que ese miedo a la diferencia es lo que hace que el poder pol\u00edtico de Europa aplauda que expulsen a los palestinos hacia el sur, y cuestion\u00f3 que \u201c(Europa) se opondr\u00eda con armas en los dientes si la expulsi\u00f3n fuera hacia el norte\u201d.<\/p>\n\n\n\n<p>Con todo, consider\u00f3 que \u201ca\u00fan la democracia tiene su oportunidad\u201d que se aferra a la paz y a la vida de la humanidad y del planeta. \u201cEsa vida integral de humanos y naturaleza que no se puede defender sino a trav\u00e9s de la unidad de las diferencias. La reivindicaci\u00f3n de la diferencia mata a Hitler\u201d, a\u00f1adi\u00f3.<\/p>\n\n\n\n<p>Seg\u00fan el mandatario colombiano, la democracia mundial es la voz poderosa del sur haci\u00e9ndose escuchar. \u201cLos pueblos condenados de la tierra est\u00e1n al sur y deben hoy gritar porque en la tormenta desatada por una atm\u00f3sfera da\u00f1ada por los gases que provienen del consumo enorme del norte y su riqueza, pueden perecer\u201d.<\/p>\n\n\n\n<p>El presidente concluy\u00f3 que el consumo de la riqueza de hoy \u201cse basa en la muerte de los dem\u00e1s, y crece solo si hace crecer la indiferencia y logra acabar la democracia\u201d.<\/p>\n\n\n\n<p>Le puede interesar: Lograr una econom\u00eda descarbonizada es un reto de la humanidad, dijo Presidente Petro en Naciones Unidas<\/p>\n\n\n\n<p>Por lo mismo, concluy\u00f3: \u201cHoy Colombia y el mundo eligen entre la esperanza y la barbarie\u201d.<\/p>\n","protected":false},"excerpt":{"rendered":"<p>El presidente Gustavo Petro lament\u00f3 la muerte de 1.300 ni\u00f1os y ni\u00f1as en Palestina durante la guerra que ese pa\u00eds libra desde hace una semana con su vecino Israel, y de paso cuestion\u00f3 \u201cla indiferencia\u201d del mundo frente a esos hechos. A trav\u00e9s de su cuenta en la red social X (antes Twitter), el mandatario [&hellip;]<\/p>\n","protected":false},"author":2,"featured_media":0,"comment_status":"open","ping_status":"open","sticky":false,"template":"","format":"standard","meta":{"footnotes":""},"categories":[36,32],"tags":[],"class_list":["post-62235","post","type-post","status-publish","format-standard","hentry","category-destacado","category-nacional"],"yoast_head":"<!-- This site is optimized with the Yoast SEO plugin v26.6 - https:\/\/yoast.com\/wordpress\/plugins\/seo\/ -->\n<title>A\u00fan la democracia tiene su oportunidad que se aferra a la paz y a la vida de la humanidad y del planeta: Presidente Petro -<\/title>\n<meta name=\"robots\" content=\"index, follow, max-snippet:-1, max-image-preview:large, max-video-preview:-1\" \/>\n<link rel=\"canonical\" href=\"https:\/\/luchonoticias.com\/editor\/aun-la-democracia-tiene-su-oportunidad-que-se-aferra-a-la-paz-y-a-la-vida-de-la-humanidad-y-del-planeta-presidente-petro\/\" \/>\n<meta property=\"og:locale\" content=\"es_ES\" \/>\n<meta property=\"og:type\" content=\"article\" \/>\n<meta property=\"og:title\" content=\"A\u00fan la democracia tiene su oportunidad que se aferra a la paz y a la vida de la humanidad y del planeta: Presidente Petro -\" \/>\n<meta property=\"og:url\" content=\"https:\/\/luchonoticias.com\/editor\/aun-la-democracia-tiene-su-oportunidad-que-se-aferra-a-la-paz-y-a-la-vida-de-la-humanidad-y-del-planeta-presidente-petro\/\" \/>\n<meta property=\"article:publisher\" content=\"https:\/\/www.facebook.com\/luchonoticiasneiva\" \/>\n<meta property=\"article:published_time\" content=\"2023-10-16T22:36:52+00:00\" \/>\n<meta name=\"author\" content=\"Editor General\" \/>\n<meta name=\"twitter:card\" content=\"summary_large_image\" \/>\n<meta name=\"twitter:label1\" content=\"Escrito por\" \/>\n\t<meta name=\"twitter:data1\" content=\"Editor General\" \/>\n\t<meta name=\"twitter:label2\" content=\"Tiempo de lectura\" \/>\n\t<meta name=\"twitter:data2\" content=\"3 minutos\" \/>\n<script type=\"application\/ld+json\" class=\"yoast-schema-graph\">{\"@context\":\"https:\/\/schema.org\",\"@graph\":[{\"@type\":\"Article\",\"@id\":\"https:\/\/luchonoticias.com\/editor\/aun-la-democracia-tiene-su-oportunidad-que-se-aferra-a-la-paz-y-a-la-vida-de-la-humanidad-y-del-planeta-presidente-petro\/#article\",\"isPartOf\":{\"@id\":\"https:\/\/luchonoticias.com\/editor\/aun-la-democracia-tiene-su-oportunidad-que-se-aferra-a-la-paz-y-a-la-vida-de-la-humanidad-y-del-planeta-presidente-petro\/\"},\"author\":{\"name\":\"Editor General\",\"@id\":\"https:\/\/luchonoticias.com\/editor\/#\/schema\/person\/29217990ddf6f14e35912b2866d591fb\"},\"headline\":\"A\u00fan la democracia tiene su oportunidad que se aferra a la paz y a la vida de la humanidad y del planeta: Presidente Petro\",\"datePublished\":\"2023-10-16T22:36:52+00:00\",\"mainEntityOfPage\":{\"@id\":\"https:\/\/luchonoticias.com\/editor\/aun-la-democracia-tiene-su-oportunidad-que-se-aferra-a-la-paz-y-a-la-vida-de-la-humanidad-y-del-planeta-presidente-petro\/\"},\"wordCount\":683,\"commentCount\":0,\"publisher\":{\"@id\":\"https:\/\/luchonoticias.com\/editor\/#\/schema\/person\/7a7fd911f58561fd056dbac7b55af9cd\"},\"articleSection\":[\"Destacado\",\"Nacional\"],\"inLanguage\":\"es\",\"potentialAction\":[{\"@type\":\"CommentAction\",\"name\":\"Comment\",\"target\":[\"https:\/\/luchonoticias.com\/editor\/aun-la-democracia-tiene-su-oportunidad-que-se-aferra-a-la-paz-y-a-la-vida-de-la-humanidad-y-del-planeta-presidente-petro\/#respond\"]}]},{\"@type\":\"WebPage\",\"@id\":\"https:\/\/luchonoticias.com\/editor\/aun-la-democracia-tiene-su-oportunidad-que-se-aferra-a-la-paz-y-a-la-vida-de-la-humanidad-y-del-planeta-presidente-petro\/\",\"url\":\"https:\/\/luchonoticias.com\/editor\/aun-la-democracia-tiene-su-oportunidad-que-se-aferra-a-la-paz-y-a-la-vida-de-la-humanidad-y-del-planeta-presidente-petro\/\",\"name\":\"A\u00fan la democracia tiene su oportunidad que se aferra a la paz y a la vida de la humanidad y del planeta: Presidente Petro -\",\"isPartOf\":{\"@id\":\"https:\/\/luchonoticias.com\/editor\/#website\"},\"datePublished\":\"2023-10-16T22:36:52+00:00\",\"breadcrumb\":{\"@id\":\"https:\/\/luchonoticias.com\/editor\/aun-la-democracia-tiene-su-oportunidad-que-se-aferra-a-la-paz-y-a-la-vida-de-la-humanidad-y-del-planeta-presidente-petro\/#breadcrumb\"},\"inLanguage\":\"es\",\"potentialAction\":[{\"@type\":\"ReadAction\",\"target\":[\"https:\/\/luchonoticias.com\/editor\/aun-la-democracia-tiene-su-oportunidad-que-se-aferra-a-la-paz-y-a-la-vida-de-la-humanidad-y-del-planeta-presidente-petro\/\"]}]},{\"@type\":\"BreadcrumbList\",\"@id\":\"https:\/\/luchonoticias.com\/editor\/aun-la-democracia-tiene-su-oportunidad-que-se-aferra-a-la-paz-y-a-la-vida-de-la-humanidad-y-del-planeta-presidente-petro\/#breadcrumb\",\"itemListElement\":[{\"@type\":\"ListItem\",\"position\":1,\"name\":\"Portada\",\"item\":\"https:\/\/luchonoticias.com\/editor\/\"},{\"@type\":\"ListItem\",\"position\":2,\"name\":\"A\u00fan la democracia tiene su oportunidad que se aferra a la paz y a la vida de la humanidad y del planeta: Presidente Petro\"}]},{\"@type\":\"WebSite\",\"@id\":\"https:\/\/luchonoticias.com\/editor\/#website\",\"url\":\"https:\/\/luchonoticias.com\/editor\/\",\"name\":\"\",\"description\":\"\",\"publisher\":{\"@id\":\"https:\/\/luchonoticias.com\/editor\/#\/schema\/person\/7a7fd911f58561fd056dbac7b55af9cd\"},\"potentialAction\":[{\"@type\":\"SearchAction\",\"target\":{\"@type\":\"EntryPoint\",\"urlTemplate\":\"https:\/\/luchonoticias.com\/editor\/?s={search_term_string}\"},\"query-input\":{\"@type\":\"PropertyValueSpecification\",\"valueRequired\":true,\"valueName\":\"search_term_string\"}}],\"inLanguage\":\"es\"},{\"@type\":[\"Person\",\"Organization\"],\"@id\":\"https:\/\/luchonoticias.com\/editor\/#\/schema\/person\/7a7fd911f58561fd056dbac7b55af9cd\",\"name\":\"admin\",\"image\":{\"@type\":\"ImageObject\",\"inLanguage\":\"es\",\"@id\":\"https:\/\/luchonoticias.com\/editor\/#\/schema\/person\/image\/\",\"url\":\"https:\/\/luchonoticias.com\/editor\/wp-content\/uploads\/2024\/02\/cropped-cropped-logolu.webp\",\"contentUrl\":\"https:\/\/luchonoticias.com\/editor\/wp-content\/uploads\/2024\/02\/cropped-cropped-logolu.webp\",\"width\":382,\"height\":170,\"caption\":\"admin\"},\"logo\":{\"@id\":\"https:\/\/luchonoticias.com\/editor\/#\/schema\/person\/image\/\"},\"sameAs\":[\"https:\/\/www.facebook.com\/luchonoticiasneiva\"]},{\"@type\":\"Person\",\"@id\":\"https:\/\/luchonoticias.com\/editor\/#\/schema\/person\/29217990ddf6f14e35912b2866d591fb\",\"name\":\"Editor General\",\"image\":{\"@type\":\"ImageObject\",\"inLanguage\":\"es\",\"@id\":\"https:\/\/luchonoticias.com\/editor\/#\/schema\/person\/image\/\",\"url\":\"https:\/\/luchonoticias.com\/editor\/wp-content\/uploads\/2024\/02\/cropped-cropped-logolu-150x150.webp\",\"contentUrl\":\"https:\/\/luchonoticias.com\/editor\/wp-content\/uploads\/2024\/02\/cropped-cropped-logolu-150x150.webp\",\"caption\":\"Editor General\"},\"sameAs\":[\"https:\/\/luchonoticias.com\/\"],\"url\":\"https:\/\/luchonoticias.com\/editor\/author\/editor-general\/\"}]}<\/script>\n<!-- \/ Yoast SEO plugin. -->","yoast_head_json":{"title":"A\u00fan la democracia tiene su oportunidad que se aferra a la paz y a la vida de la humanidad y del planeta: Presidente Petro -","robots":{"index":"index","follow":"follow","max-snippet":"max-snippet:-1","max-image-preview":"max-image-preview:large","max-video-preview":"max-video-preview:-1"},"canonical":"https:\/\/luchonoticias.com\/editor\/aun-la-democracia-tiene-su-oportunidad-que-se-aferra-a-la-paz-y-a-la-vida-de-la-humanidad-y-del-planeta-presidente-petro\/","og_locale":"es_ES","og_type":"article","og_title":"A\u00fan la democracia tiene su oportunidad que se aferra a la paz y a la vida de la humanidad y del planeta: Presidente Petro -","og_url":"https:\/\/luchonoticias.com\/editor\/aun-la-democracia-tiene-su-oportunidad-que-se-aferra-a-la-paz-y-a-la-vida-de-la-humanidad-y-del-planeta-presidente-petro\/","article_publisher":"https:\/\/www.facebook.com\/luchonoticiasneiva","article_published_time":"2023-10-16T22:36:52+00:00","author":"Editor General","twitter_card":"summary_large_image","twitter_misc":{"Escrito por":"Editor General","Tiempo de lectura":"3 minutos"},"schema":{"@context":"https:\/\/schema.org","@graph":[{"@type":"Article","@id":"https:\/\/luchonoticias.com\/editor\/aun-la-democracia-tiene-su-oportunidad-que-se-aferra-a-la-paz-y-a-la-vida-de-la-humanidad-y-del-planeta-presidente-petro\/#article","isPartOf":{"@id":"https:\/\/luchonoticias.com\/editor\/aun-la-democracia-tiene-su-oportunidad-que-se-aferra-a-la-paz-y-a-la-vida-de-la-humanidad-y-del-planeta-presidente-petro\/"},"author":{"name":"Editor General","@id":"https:\/\/luchonoticias.com\/editor\/#\/schema\/person\/29217990ddf6f14e35912b2866d591fb"},"headline":"A\u00fan la democracia tiene su oportunidad que se aferra a la paz y a la vida de la humanidad y del planeta: Presidente Petro","datePublished":"2023-10-16T22:36:52+00:00","mainEntityOfPage":{"@id":"https:\/\/luchonoticias.com\/editor\/aun-la-democracia-tiene-su-oportunidad-que-se-aferra-a-la-paz-y-a-la-vida-de-la-humanidad-y-del-planeta-presidente-petro\/"},"wordCount":683,"commentCount":0,"publisher":{"@id":"https:\/\/luchonoticias.com\/editor\/#\/schema\/person\/7a7fd911f58561fd056dbac7b55af9cd"},"articleSection":["Destacado","Nacional"],"inLanguage":"es","potentialAction":[{"@type":"CommentAction","name":"Comment","target":["https:\/\/luchonoticias.com\/editor\/aun-la-democracia-tiene-su-oportunidad-que-se-aferra-a-la-paz-y-a-la-vida-de-la-humanidad-y-del-planeta-presidente-petro\/#respond"]}]},{"@type":"WebPage","@id":"https:\/\/luchonoticias.com\/editor\/aun-la-democracia-tiene-su-oportunidad-que-se-aferra-a-la-paz-y-a-la-vida-de-la-humanidad-y-del-planeta-presidente-petro\/","url":"https:\/\/luchonoticias.com\/editor\/aun-la-democracia-tiene-su-oportunidad-que-se-aferra-a-la-paz-y-a-la-vida-de-la-humanidad-y-del-planeta-presidente-petro\/","name":"A\u00fan la democracia tiene su oportunidad que se aferra a la paz y a la vida de la humanidad y del planeta: Presidente Petro -","isPartOf":{"@id":"https:\/\/luchonoticias.com\/editor\/#website"},"datePublished":"2023-10-16T22:36:52+00:00","breadcrumb":{"@id":"https:\/\/luchonoticias.com\/editor\/aun-la-democracia-tiene-su-oportunidad-que-se-aferra-a-la-paz-y-a-la-vida-de-la-humanidad-y-del-planeta-presidente-petro\/#breadcrumb"},"inLanguage":"es","potentialAction":[{"@type":"ReadAction","target":["https:\/\/luchonoticias.com\/editor\/aun-la-democracia-tiene-su-oportunidad-que-se-aferra-a-la-paz-y-a-la-vida-de-la-humanidad-y-del-planeta-presidente-petro\/"]}]},{"@type":"BreadcrumbList","@id":"https:\/\/luchonoticias.com\/editor\/aun-la-democracia-tiene-su-oportunidad-que-se-aferra-a-la-paz-y-a-la-vida-de-la-humanidad-y-del-planeta-presidente-petro\/#breadcrumb","itemListElement":[{"@type":"ListItem","position":1,"name":"Portada","item":"https:\/\/luchonoticias.com\/editor\/"},{"@type":"ListItem","position":2,"name":"A\u00fan la democracia tiene su oportunidad que se aferra a la paz y a la vida de la humanidad y del planeta: Presidente Petro"}]},{"@type":"WebSite","@id":"https:\/\/luchonoticias.com\/editor\/#website","url":"https:\/\/luchonoticias.com\/editor\/","name":"","description":"","publisher":{"@id":"https:\/\/luchonoticias.com\/editor\/#\/schema\/person\/7a7fd911f58561fd056dbac7b55af9cd"},"potentialAction":[{"@type":"SearchAction","target":{"@type":"EntryPoint","urlTemplate":"https:\/\/luchonoticias.com\/editor\/?s={search_term_string}"},"query-input":{"@type":"PropertyValueSpecification","valueRequired":true,"valueName":"search_term_string"}}],"inLanguage":"es"},{"@type":["Person","Organization"],"@id":"https:\/\/luchonoticias.com\/editor\/#\/schema\/person\/7a7fd911f58561fd056dbac7b55af9cd","name":"admin","image":{"@type":"ImageObject","inLanguage":"es","@id":"https:\/\/luchonoticias.com\/editor\/#\/schema\/person\/image\/","url":"https:\/\/luchonoticias.com\/editor\/wp-content\/uploads\/2024\/02\/cropped-cropped-logolu.webp","contentUrl":"https:\/\/luchonoticias.com\/editor\/wp-content\/uploads\/2024\/02\/cropped-cropped-logolu.webp","width":382,"height":170,"caption":"admin"},"logo":{"@id":"https:\/\/luchonoticias.com\/editor\/#\/schema\/person\/image\/"},"sameAs":["https:\/\/www.facebook.com\/luchonoticiasneiva"]},{"@type":"Person","@id":"https:\/\/luchonoticias.com\/editor\/#\/schema\/person\/29217990ddf6f14e35912b2866d591fb","name":"Editor General","image":{"@type":"ImageObject","inLanguage":"es","@id":"https:\/\/luchonoticias.com\/editor\/#\/schema\/person\/image\/","url":"https:\/\/luchonoticias.com\/editor\/wp-content\/uploads\/2024\/02\/cropped-cropped-logolu-150x150.webp","contentUrl":"https:\/\/luchonoticias.com\/editor\/wp-content\/uploads\/2024\/02\/cropped-cropped-logolu-150x150.webp","caption":"Editor General"},"sameAs":["https:\/\/luchonoticias.com\/"],"url":"https:\/\/luchonoticias.com\/editor\/author\/editor-general\/"}]}},"_links":{"self":[{"href":"https:\/\/luchonoticias.com\/editor\/wp-json\/wp\/v2\/posts\/62235","targetHints":{"allow":["GET"]}}],"collection":[{"href":"https:\/\/luchonoticias.com\/editor\/wp-json\/wp\/v2\/posts"}],"about":[{"href":"https:\/\/luchonoticias.com\/editor\/wp-json\/wp\/v2\/types\/post"}],"author":[{"embeddable":true,"href":"https:\/\/luchonoticias.com\/editor\/wp-json\/wp\/v2\/users\/2"}],"replies":[{"embeddable":true,"href":"https:\/\/luchonoticias.com\/editor\/wp-json\/wp\/v2\/comments?post=62235"}],"version-history":[{"count":0,"href":"https:\/\/luchonoticias.com\/editor\/wp-json\/wp\/v2\/posts\/62235\/revisions"}],"wp:attachment":[{"href":"https:\/\/luchonoticias.com\/editor\/wp-json\/wp\/v2\/media?parent=62235"}],"wp:term":[{"taxonomy":"category","embeddable":true,"href":"https:\/\/luchonoticias.com\/editor\/wp-json\/wp\/v2\/categories?post=62235"},{"taxonomy":"post_tag","embeddable":true,"href":"https:\/\/luchonoticias.com\/editor\/wp-json\/wp\/v2\/tags?post=62235"}],"curies":[{"name":"wp","href":"https:\/\/api.w.org\/{rel}","templated":true}]}}