{"id":62238,"date":"2023-10-16T17:41:50","date_gmt":"2023-10-16T22:41:50","guid":{"rendered":"https:\/\/luchonoticias.com\/?p=62238"},"modified":"2023-10-16T17:41:51","modified_gmt":"2023-10-16T22:41:51","slug":"policia-de-neiva-no-baja-la-guardia-contra-el-trafico-de-estupefacientes","status":"publish","type":"post","link":"https:\/\/luchonoticias.com\/editor\/policia-de-neiva-no-baja-la-guardia-contra-el-trafico-de-estupefacientes\/","title":{"rendered":"Polic\u00eda de Neiva \u2018no baja la guardia\u2019 contra el tr\u00e1fico de estupefacientes"},"content":{"rendered":"\n<p>Integrantes de la Seccional de Investigaci\u00f3n Criminal, lograron la captura de un hombre de 24 a\u00f1os de edad, en el barrio Caracoli comuna 3, de la ciudad de Neiva, es se\u00f1alado por presuntamente dedicarse a la comercializaci\u00f3n de sustancias de estupefacientes en modalidad narcomenudeo y ser parte de la reconocida banda \u2018Los Mohanes\u2019.<\/p>\n\n\n\n<p>\u201c\u2019Steed\u2019 fue presentado ante un juez de control de garant\u00eda, el cual decidi\u00f3 cobijarlo con medida de aseguramiento, por el delito de tr\u00e1fico, fabricaci\u00f3n y porte de estupefacientes\u201d, indic\u00f3 el Coronel Domingo Alfredo L\u00f3pez Dales.<\/p>\n\n\n\n<p>Finalmente, el alto oficial hace un llamado para que continuemos protegiendo los ni\u00f1os, ni\u00f1as y adolescentes, denunciando cualquier hecho delictivo a la l\u00ednea de emergencia 123.<\/p>\n","protected":false},"excerpt":{"rendered":"<p>Integrantes de la Seccional de Investigaci\u00f3n Criminal, lograron la captura de un hombre de 24 a\u00f1os de edad, en el barrio Caracoli comuna 3, de la ciudad de Neiva, es se\u00f1alado por presuntamente dedicarse a la comercializaci\u00f3n de sustancias de estupefacientes en modalidad narcomenudeo y ser parte de la reconocida banda \u2018Los Mohanes\u2019. \u201c\u2019Steed\u2019 fue [&hellip;]<\/p>\n","protected":false},"author":2,"featured_media":0,"comment_status":"open","ping_status":"open","sticky":false,"template":"","format":"standard","meta":{"footnotes":""},"categories":[36,29],"tags":[],"class_list":["post-62238","post","type-post","status-publish","format-standard","hentry","category-destacado","category-judicial"],"yoast_head":"<!-- This site is optimized with the Yoast SEO plugin v26.6 - https:\/\/yoast.com\/wordpress\/plugins\/seo\/ -->\n<title>Polic\u00eda de Neiva \u2018no baja la guardia\u2019 contra el tr\u00e1fico de estupefacientes -<\/title>\n<meta name=\"robots\" content=\"index, follow, max-snippet:-1, max-image-preview:large, max-video-preview:-1\" \/>\n<link rel=\"canonical\" href=\"https:\/\/luchonoticias.com\/editor\/policia-de-neiva-no-baja-la-guardia-contra-el-trafico-de-estupefacientes\/\" \/>\n<meta property=\"og:locale\" content=\"es_ES\" \/>\n<meta property=\"og:type\" content=\"article\" \/>\n<meta property=\"og:title\" content=\"Polic\u00eda de Neiva \u2018no baja la guardia\u2019 contra el tr\u00e1fico de estupefacientes -\" \/>\n<meta property=\"og:url\" content=\"https:\/\/luchonoticias.com\/editor\/policia-de-neiva-no-baja-la-guardia-contra-el-trafico-de-estupefacientes\/\" \/>\n<meta property=\"article:publisher\" content=\"https:\/\/www.facebook.com\/luchonoticiasneiva\" \/>\n<meta property=\"article:published_time\" content=\"2023-10-16T22:41:50+00:00\" \/>\n<meta property=\"article:modified_time\" content=\"2023-10-16T22:41:51+00:00\" \/>\n<meta name=\"author\" content=\"Editor General\" \/>\n<meta name=\"twitter:card\" content=\"summary_large_image\" \/>\n<meta name=\"twitter:label1\" content=\"Escrito por\" \/>\n\t<meta name=\"twitter:data1\" content=\"Editor General\" \/>\n\t<meta name=\"twitter:label2\" content=\"Tiempo de lectura\" \/>\n\t<meta name=\"twitter:data2\" content=\"1 minuto\" \/>\n<script type=\"application\/ld+json\" class=\"yoast-schema-graph\">{\"@context\":\"https:\/\/schema.org\",\"@graph\":[{\"@type\":\"Article\",\"@id\":\"https:\/\/luchonoticias.com\/editor\/policia-de-neiva-no-baja-la-guardia-contra-el-trafico-de-estupefacientes\/#article\",\"isPartOf\":{\"@id\":\"https:\/\/luchonoticias.com\/editor\/policia-de-neiva-no-baja-la-guardia-contra-el-trafico-de-estupefacientes\/\"},\"author\":{\"name\":\"Editor General\",\"@id\":\"https:\/\/luchonoticias.com\/editor\/#\/schema\/person\/29217990ddf6f14e35912b2866d591fb\"},\"headline\":\"Polic\u00eda de Neiva \u2018no baja la guardia\u2019 contra el tr\u00e1fico de estupefacientes\",\"datePublished\":\"2023-10-16T22:41:50+00:00\",\"dateModified\":\"2023-10-16T22:41:51+00:00\",\"mainEntityOfPage\":{\"@id\":\"https:\/\/luchonoticias.com\/editor\/policia-de-neiva-no-baja-la-guardia-contra-el-trafico-de-estupefacientes\/\"},\"wordCount\":136,\"commentCount\":0,\"publisher\":{\"@id\":\"https:\/\/luchonoticias.com\/editor\/#\/schema\/person\/7a7fd911f58561fd056dbac7b55af9cd\"},\"articleSection\":[\"Destacado\",\"Judicial\"],\"inLanguage\":\"es\",\"potentialAction\":[{\"@type\":\"CommentAction\",\"name\":\"Comment\",\"target\":[\"https:\/\/luchonoticias.com\/editor\/policia-de-neiva-no-baja-la-guardia-contra-el-trafico-de-estupefacientes\/#respond\"]}]},{\"@type\":\"WebPage\",\"@id\":\"https:\/\/luchonoticias.com\/editor\/policia-de-neiva-no-baja-la-guardia-contra-el-trafico-de-estupefacientes\/\",\"url\":\"https:\/\/luchonoticias.com\/editor\/policia-de-neiva-no-baja-la-guardia-contra-el-trafico-de-estupefacientes\/\",\"name\":\"Polic\u00eda de Neiva \u2018no baja la guardia\u2019 contra el tr\u00e1fico de estupefacientes -\",\"isPartOf\":{\"@id\":\"https:\/\/luchonoticias.com\/editor\/#website\"},\"datePublished\":\"2023-10-16T22:41:50+00:00\",\"dateModified\":\"2023-10-16T22:41:51+00:00\",\"breadcrumb\":{\"@id\":\"https:\/\/luchonoticias.com\/editor\/policia-de-neiva-no-baja-la-guardia-contra-el-trafico-de-estupefacientes\/#breadcrumb\"},\"inLanguage\":\"es\",\"potentialAction\":[{\"@type\":\"ReadAction\",\"target\":[\"https:\/\/luchonoticias.com\/editor\/policia-de-neiva-no-baja-la-guardia-contra-el-trafico-de-estupefacientes\/\"]}]},{\"@type\":\"BreadcrumbList\",\"@id\":\"https:\/\/luchonoticias.com\/editor\/policia-de-neiva-no-baja-la-guardia-contra-el-trafico-de-estupefacientes\/#breadcrumb\",\"itemListElement\":[{\"@type\":\"ListItem\",\"position\":1,\"name\":\"Portada\",\"item\":\"https:\/\/luchonoticias.com\/editor\/\"},{\"@type\":\"ListItem\",\"position\":2,\"name\":\"Polic\u00eda de Neiva \u2018no baja la guardia\u2019 contra el tr\u00e1fico de estupefacientes\"}]},{\"@type\":\"WebSite\",\"@id\":\"https:\/\/luchonoticias.com\/editor\/#website\",\"url\":\"https:\/\/luchonoticias.com\/editor\/\",\"name\":\"\",\"description\":\"\",\"publisher\":{\"@id\":\"https:\/\/luchonoticias.com\/editor\/#\/schema\/person\/7a7fd911f58561fd056dbac7b55af9cd\"},\"potentialAction\":[{\"@type\":\"SearchAction\",\"target\":{\"@type\":\"EntryPoint\",\"urlTemplate\":\"https:\/\/luchonoticias.com\/editor\/?s={search_term_string}\"},\"query-input\":{\"@type\":\"PropertyValueSpecification\",\"valueRequired\":true,\"valueName\":\"search_term_string\"}}],\"inLanguage\":\"es\"},{\"@type\":[\"Person\",\"Organization\"],\"@id\":\"https:\/\/luchonoticias.com\/editor\/#\/schema\/person\/7a7fd911f58561fd056dbac7b55af9cd\",\"name\":\"admin\",\"image\":{\"@type\":\"ImageObject\",\"inLanguage\":\"es\",\"@id\":\"https:\/\/luchonoticias.com\/editor\/#\/schema\/person\/image\/\",\"url\":\"https:\/\/luchonoticias.com\/editor\/wp-content\/uploads\/2024\/02\/cropped-cropped-logolu.webp\",\"contentUrl\":\"https:\/\/luchonoticias.com\/editor\/wp-content\/uploads\/2024\/02\/cropped-cropped-logolu.webp\",\"width\":382,\"height\":170,\"caption\":\"admin\"},\"logo\":{\"@id\":\"https:\/\/luchonoticias.com\/editor\/#\/schema\/person\/image\/\"},\"sameAs\":[\"https:\/\/www.facebook.com\/luchonoticiasneiva\"]},{\"@type\":\"Person\",\"@id\":\"https:\/\/luchonoticias.com\/editor\/#\/schema\/person\/29217990ddf6f14e35912b2866d591fb\",\"name\":\"Editor General\",\"image\":{\"@type\":\"ImageObject\",\"inLanguage\":\"es\",\"@id\":\"https:\/\/luchonoticias.com\/editor\/#\/schema\/person\/image\/\",\"url\":\"https:\/\/luchonoticias.com\/editor\/wp-content\/uploads\/2024\/02\/cropped-cropped-logolu-150x150.webp\",\"contentUrl\":\"https:\/\/luchonoticias.com\/editor\/wp-content\/uploads\/2024\/02\/cropped-cropped-logolu-150x150.webp\",\"caption\":\"Editor General\"},\"sameAs\":[\"https:\/\/luchonoticias.com\/\"],\"url\":\"https:\/\/luchonoticias.com\/editor\/author\/editor-general\/\"}]}<\/script>\n<!-- \/ Yoast SEO plugin. -->","yoast_head_json":{"title":"Polic\u00eda de Neiva \u2018no baja la guardia\u2019 contra el tr\u00e1fico de estupefacientes -","robots":{"index":"index","follow":"follow","max-snippet":"max-snippet:-1","max-image-preview":"max-image-preview:large","max-video-preview":"max-video-preview:-1"},"canonical":"https:\/\/luchonoticias.com\/editor\/policia-de-neiva-no-baja-la-guardia-contra-el-trafico-de-estupefacientes\/","og_locale":"es_ES","og_type":"article","og_title":"Polic\u00eda de Neiva \u2018no baja la guardia\u2019 contra el tr\u00e1fico de estupefacientes -","og_url":"https:\/\/luchonoticias.com\/editor\/policia-de-neiva-no-baja-la-guardia-contra-el-trafico-de-estupefacientes\/","article_publisher":"https:\/\/www.facebook.com\/luchonoticiasneiva","article_published_time":"2023-10-16T22:41:50+00:00","article_modified_time":"2023-10-16T22:41:51+00:00","author":"Editor General","twitter_card":"summary_large_image","twitter_misc":{"Escrito por":"Editor General","Tiempo de lectura":"1 minuto"},"schema":{"@context":"https:\/\/schema.org","@graph":[{"@type":"Article","@id":"https:\/\/luchonoticias.com\/editor\/policia-de-neiva-no-baja-la-guardia-contra-el-trafico-de-estupefacientes\/#article","isPartOf":{"@id":"https:\/\/luchonoticias.com\/editor\/policia-de-neiva-no-baja-la-guardia-contra-el-trafico-de-estupefacientes\/"},"author":{"name":"Editor General","@id":"https:\/\/luchonoticias.com\/editor\/#\/schema\/person\/29217990ddf6f14e35912b2866d591fb"},"headline":"Polic\u00eda de Neiva \u2018no baja la guardia\u2019 contra el tr\u00e1fico de estupefacientes","datePublished":"2023-10-16T22:41:50+00:00","dateModified":"2023-10-16T22:41:51+00:00","mainEntityOfPage":{"@id":"https:\/\/luchonoticias.com\/editor\/policia-de-neiva-no-baja-la-guardia-contra-el-trafico-de-estupefacientes\/"},"wordCount":136,"commentCount":0,"publisher":{"@id":"https:\/\/luchonoticias.com\/editor\/#\/schema\/person\/7a7fd911f58561fd056dbac7b55af9cd"},"articleSection":["Destacado","Judicial"],"inLanguage":"es","potentialAction":[{"@type":"CommentAction","name":"Comment","target":["https:\/\/luchonoticias.com\/editor\/policia-de-neiva-no-baja-la-guardia-contra-el-trafico-de-estupefacientes\/#respond"]}]},{"@type":"WebPage","@id":"https:\/\/luchonoticias.com\/editor\/policia-de-neiva-no-baja-la-guardia-contra-el-trafico-de-estupefacientes\/","url":"https:\/\/luchonoticias.com\/editor\/policia-de-neiva-no-baja-la-guardia-contra-el-trafico-de-estupefacientes\/","name":"Polic\u00eda de Neiva \u2018no baja la guardia\u2019 contra el tr\u00e1fico de estupefacientes -","isPartOf":{"@id":"https:\/\/luchonoticias.com\/editor\/#website"},"datePublished":"2023-10-16T22:41:50+00:00","dateModified":"2023-10-16T22:41:51+00:00","breadcrumb":{"@id":"https:\/\/luchonoticias.com\/editor\/policia-de-neiva-no-baja-la-guardia-contra-el-trafico-de-estupefacientes\/#breadcrumb"},"inLanguage":"es","potentialAction":[{"@type":"ReadAction","target":["https:\/\/luchonoticias.com\/editor\/policia-de-neiva-no-baja-la-guardia-contra-el-trafico-de-estupefacientes\/"]}]},{"@type":"BreadcrumbList","@id":"https:\/\/luchonoticias.com\/editor\/policia-de-neiva-no-baja-la-guardia-contra-el-trafico-de-estupefacientes\/#breadcrumb","itemListElement":[{"@type":"ListItem","position":1,"name":"Portada","item":"https:\/\/luchonoticias.com\/editor\/"},{"@type":"ListItem","position":2,"name":"Polic\u00eda de Neiva \u2018no baja la guardia\u2019 contra el tr\u00e1fico de estupefacientes"}]},{"@type":"WebSite","@id":"https:\/\/luchonoticias.com\/editor\/#website","url":"https:\/\/luchonoticias.com\/editor\/","name":"","description":"","publisher":{"@id":"https:\/\/luchonoticias.com\/editor\/#\/schema\/person\/7a7fd911f58561fd056dbac7b55af9cd"},"potentialAction":[{"@type":"SearchAction","target":{"@type":"EntryPoint","urlTemplate":"https:\/\/luchonoticias.com\/editor\/?s={search_term_string}"},"query-input":{"@type":"PropertyValueSpecification","valueRequired":true,"valueName":"search_term_string"}}],"inLanguage":"es"},{"@type":["Person","Organization"],"@id":"https:\/\/luchonoticias.com\/editor\/#\/schema\/person\/7a7fd911f58561fd056dbac7b55af9cd","name":"admin","image":{"@type":"ImageObject","inLanguage":"es","@id":"https:\/\/luchonoticias.com\/editor\/#\/schema\/person\/image\/","url":"https:\/\/luchonoticias.com\/editor\/wp-content\/uploads\/2024\/02\/cropped-cropped-logolu.webp","contentUrl":"https:\/\/luchonoticias.com\/editor\/wp-content\/uploads\/2024\/02\/cropped-cropped-logolu.webp","width":382,"height":170,"caption":"admin"},"logo":{"@id":"https:\/\/luchonoticias.com\/editor\/#\/schema\/person\/image\/"},"sameAs":["https:\/\/www.facebook.com\/luchonoticiasneiva"]},{"@type":"Person","@id":"https:\/\/luchonoticias.com\/editor\/#\/schema\/person\/29217990ddf6f14e35912b2866d591fb","name":"Editor General","image":{"@type":"ImageObject","inLanguage":"es","@id":"https:\/\/luchonoticias.com\/editor\/#\/schema\/person\/image\/","url":"https:\/\/luchonoticias.com\/editor\/wp-content\/uploads\/2024\/02\/cropped-cropped-logolu-150x150.webp","contentUrl":"https:\/\/luchonoticias.com\/editor\/wp-content\/uploads\/2024\/02\/cropped-cropped-logolu-150x150.webp","caption":"Editor General"},"sameAs":["https:\/\/luchonoticias.com\/"],"url":"https:\/\/luchonoticias.com\/editor\/author\/editor-general\/"}]}},"_links":{"self":[{"href":"https:\/\/luchonoticias.com\/editor\/wp-json\/wp\/v2\/posts\/62238","targetHints":{"allow":["GET"]}}],"collection":[{"href":"https:\/\/luchonoticias.com\/editor\/wp-json\/wp\/v2\/posts"}],"about":[{"href":"https:\/\/luchonoticias.com\/editor\/wp-json\/wp\/v2\/types\/post"}],"author":[{"embeddable":true,"href":"https:\/\/luchonoticias.com\/editor\/wp-json\/wp\/v2\/users\/2"}],"replies":[{"embeddable":true,"href":"https:\/\/luchonoticias.com\/editor\/wp-json\/wp\/v2\/comments?post=62238"}],"version-history":[{"count":0,"href":"https:\/\/luchonoticias.com\/editor\/wp-json\/wp\/v2\/posts\/62238\/revisions"}],"wp:attachment":[{"href":"https:\/\/luchonoticias.com\/editor\/wp-json\/wp\/v2\/media?parent=62238"}],"wp:term":[{"taxonomy":"category","embeddable":true,"href":"https:\/\/luchonoticias.com\/editor\/wp-json\/wp\/v2\/categories?post=62238"},{"taxonomy":"post_tag","embeddable":true,"href":"https:\/\/luchonoticias.com\/editor\/wp-json\/wp\/v2\/tags?post=62238"}],"curies":[{"name":"wp","href":"https:\/\/api.w.org\/{rel}","templated":true}]}}