{"id":62607,"date":"2023-10-23T05:00:08","date_gmt":"2023-10-23T10:00:08","guid":{"rendered":"https:\/\/luchonoticias.com\/?p=62607"},"modified":"2023-10-23T05:00:09","modified_gmt":"2023-10-23T10:00:09","slug":"feria-de-emprendimiento-femenino-en-neiva","status":"publish","type":"post","link":"https:\/\/luchonoticias.com\/editor\/feria-de-emprendimiento-femenino-en-neiva\/","title":{"rendered":"Feria de emprendimiento femenino en Neiva"},"content":{"rendered":"\n<p>El Gobierno \u2018Huila Crece\u2019, con su Secretar\u00eda de la Mujer, Familia e Inclusi\u00f3n Social, y en articulaci\u00f3n con la Fundaci\u00f3n Visi\u00f3n Salud, realizaron la&nbsp;<strong>Feria Empresarial Las Opitas Emprenden\u2019<\/strong>, como parte del fortalecimiento institucional y empresarial del Proyecto Tipo Empoderamiento Mujer para las huilenses.<\/p>\n\n\n\n<p>El evento que&nbsp;<strong>se desarroll\u00f3 en la plaza de banderas de la Gobernaci\u00f3n del Huila<\/strong>, cont\u00f3 con la presencia de&nbsp;<strong>40 emprendedoras de diferentes municipios del departamento<\/strong>, quienes fueron beneficiarias del fortalecimiento en bienes por cerca de 5 millones de pesos que ha entregado el Gobierno Huila Crece, a trav\u00e9s de la Fundaci\u00f3n Visi\u00f3n Salud, operadora del \u2018Proyecto Tipo Empoderamiento Mujer\u2019 para 500 de ellas en todo el territorio opita.<\/p>\n\n\n\n<p>Sobre el objetivo de la feria, se refiri\u00f3 Paola Roc\u00edo Mu\u00f1oz, directora Proyecto Tipo Empoderamiento Mujer: \u201cEstamos culminando parte de nuestras actividades con una feria empresarial la cual es&nbsp;<strong>producto del fortalecimiento a 500 unidades productivas que se vieron beneficiadas en todo el Huila<\/strong>, el d\u00eda de hoy tenemos una muestra representativa de cada uno de los municipios en los cuales podemos encontrar artesan\u00edas, gastronom\u00eda, orfebrer\u00eda, tenemos&nbsp;<strong>una variedad de personas y mujeres que sacan adelante sus familias, que mejoran su calidad de vida&nbsp;<\/strong>con cada uno de estos emprendimientos que el d\u00eda de hoy traen una muestra muy linda para cada uno de los huilenses\u201d.<\/p>\n","protected":false},"excerpt":{"rendered":"<p>El Gobierno \u2018Huila Crece\u2019, con su Secretar\u00eda de la Mujer, Familia e Inclusi\u00f3n Social, y en articulaci\u00f3n con la Fundaci\u00f3n Visi\u00f3n Salud, realizaron la&nbsp;Feria Empresarial Las Opitas Emprenden\u2019, como parte del fortalecimiento institucional y empresarial del Proyecto Tipo Empoderamiento Mujer para las huilenses. El evento que&nbsp;se desarroll\u00f3 en la plaza de banderas de la Gobernaci\u00f3n [&hellip;]<\/p>\n","protected":false},"author":2,"featured_media":0,"comment_status":"open","ping_status":"open","sticky":false,"template":"","format":"standard","meta":{"footnotes":""},"categories":[33],"tags":[],"class_list":["post-62607","post","type-post","status-publish","format-standard","hentry","category-huila"],"yoast_head":"<!-- This site is optimized with the Yoast SEO plugin v26.6 - https:\/\/yoast.com\/wordpress\/plugins\/seo\/ -->\n<title>Feria de emprendimiento femenino en Neiva -<\/title>\n<meta name=\"robots\" content=\"index, follow, max-snippet:-1, max-image-preview:large, max-video-preview:-1\" \/>\n<link rel=\"canonical\" href=\"https:\/\/luchonoticias.com\/editor\/feria-de-emprendimiento-femenino-en-neiva\/\" \/>\n<meta property=\"og:locale\" content=\"es_ES\" \/>\n<meta property=\"og:type\" content=\"article\" \/>\n<meta property=\"og:title\" content=\"Feria de emprendimiento femenino en Neiva -\" \/>\n<meta property=\"og:url\" content=\"https:\/\/luchonoticias.com\/editor\/feria-de-emprendimiento-femenino-en-neiva\/\" \/>\n<meta property=\"article:publisher\" content=\"https:\/\/www.facebook.com\/luchonoticiasneiva\" \/>\n<meta property=\"article:published_time\" content=\"2023-10-23T10:00:08+00:00\" \/>\n<meta property=\"article:modified_time\" content=\"2023-10-23T10:00:09+00:00\" \/>\n<meta name=\"author\" content=\"Editor General\" \/>\n<meta name=\"twitter:card\" content=\"summary_large_image\" \/>\n<meta name=\"twitter:label1\" content=\"Escrito por\" \/>\n\t<meta name=\"twitter:data1\" content=\"Editor General\" \/>\n\t<meta name=\"twitter:label2\" content=\"Tiempo de lectura\" \/>\n\t<meta name=\"twitter:data2\" content=\"1 minuto\" \/>\n<script type=\"application\/ld+json\" class=\"yoast-schema-graph\">{\"@context\":\"https:\/\/schema.org\",\"@graph\":[{\"@type\":\"Article\",\"@id\":\"https:\/\/luchonoticias.com\/editor\/feria-de-emprendimiento-femenino-en-neiva\/#article\",\"isPartOf\":{\"@id\":\"https:\/\/luchonoticias.com\/editor\/feria-de-emprendimiento-femenino-en-neiva\/\"},\"author\":{\"name\":\"Editor General\",\"@id\":\"https:\/\/luchonoticias.com\/editor\/#\/schema\/person\/29217990ddf6f14e35912b2866d591fb\"},\"headline\":\"Feria de emprendimiento femenino en Neiva\",\"datePublished\":\"2023-10-23T10:00:08+00:00\",\"dateModified\":\"2023-10-23T10:00:09+00:00\",\"mainEntityOfPage\":{\"@id\":\"https:\/\/luchonoticias.com\/editor\/feria-de-emprendimiento-femenino-en-neiva\/\"},\"wordCount\":244,\"commentCount\":0,\"publisher\":{\"@id\":\"https:\/\/luchonoticias.com\/editor\/#\/schema\/person\/7a7fd911f58561fd056dbac7b55af9cd\"},\"articleSection\":[\"Huila\"],\"inLanguage\":\"es\",\"potentialAction\":[{\"@type\":\"CommentAction\",\"name\":\"Comment\",\"target\":[\"https:\/\/luchonoticias.com\/editor\/feria-de-emprendimiento-femenino-en-neiva\/#respond\"]}]},{\"@type\":\"WebPage\",\"@id\":\"https:\/\/luchonoticias.com\/editor\/feria-de-emprendimiento-femenino-en-neiva\/\",\"url\":\"https:\/\/luchonoticias.com\/editor\/feria-de-emprendimiento-femenino-en-neiva\/\",\"name\":\"Feria de emprendimiento femenino en Neiva -\",\"isPartOf\":{\"@id\":\"https:\/\/luchonoticias.com\/editor\/#website\"},\"datePublished\":\"2023-10-23T10:00:08+00:00\",\"dateModified\":\"2023-10-23T10:00:09+00:00\",\"breadcrumb\":{\"@id\":\"https:\/\/luchonoticias.com\/editor\/feria-de-emprendimiento-femenino-en-neiva\/#breadcrumb\"},\"inLanguage\":\"es\",\"potentialAction\":[{\"@type\":\"ReadAction\",\"target\":[\"https:\/\/luchonoticias.com\/editor\/feria-de-emprendimiento-femenino-en-neiva\/\"]}]},{\"@type\":\"BreadcrumbList\",\"@id\":\"https:\/\/luchonoticias.com\/editor\/feria-de-emprendimiento-femenino-en-neiva\/#breadcrumb\",\"itemListElement\":[{\"@type\":\"ListItem\",\"position\":1,\"name\":\"Portada\",\"item\":\"https:\/\/luchonoticias.com\/editor\/\"},{\"@type\":\"ListItem\",\"position\":2,\"name\":\"Feria de emprendimiento femenino en Neiva\"}]},{\"@type\":\"WebSite\",\"@id\":\"https:\/\/luchonoticias.com\/editor\/#website\",\"url\":\"https:\/\/luchonoticias.com\/editor\/\",\"name\":\"\",\"description\":\"\",\"publisher\":{\"@id\":\"https:\/\/luchonoticias.com\/editor\/#\/schema\/person\/7a7fd911f58561fd056dbac7b55af9cd\"},\"potentialAction\":[{\"@type\":\"SearchAction\",\"target\":{\"@type\":\"EntryPoint\",\"urlTemplate\":\"https:\/\/luchonoticias.com\/editor\/?s={search_term_string}\"},\"query-input\":{\"@type\":\"PropertyValueSpecification\",\"valueRequired\":true,\"valueName\":\"search_term_string\"}}],\"inLanguage\":\"es\"},{\"@type\":[\"Person\",\"Organization\"],\"@id\":\"https:\/\/luchonoticias.com\/editor\/#\/schema\/person\/7a7fd911f58561fd056dbac7b55af9cd\",\"name\":\"admin\",\"image\":{\"@type\":\"ImageObject\",\"inLanguage\":\"es\",\"@id\":\"https:\/\/luchonoticias.com\/editor\/#\/schema\/person\/image\/\",\"url\":\"https:\/\/luchonoticias.com\/editor\/wp-content\/uploads\/2024\/02\/cropped-cropped-logolu.webp\",\"contentUrl\":\"https:\/\/luchonoticias.com\/editor\/wp-content\/uploads\/2024\/02\/cropped-cropped-logolu.webp\",\"width\":382,\"height\":170,\"caption\":\"admin\"},\"logo\":{\"@id\":\"https:\/\/luchonoticias.com\/editor\/#\/schema\/person\/image\/\"},\"sameAs\":[\"https:\/\/www.facebook.com\/luchonoticiasneiva\"]},{\"@type\":\"Person\",\"@id\":\"https:\/\/luchonoticias.com\/editor\/#\/schema\/person\/29217990ddf6f14e35912b2866d591fb\",\"name\":\"Editor General\",\"image\":{\"@type\":\"ImageObject\",\"inLanguage\":\"es\",\"@id\":\"https:\/\/luchonoticias.com\/editor\/#\/schema\/person\/image\/\",\"url\":\"https:\/\/luchonoticias.com\/editor\/wp-content\/uploads\/2024\/02\/cropped-cropped-logolu-150x150.webp\",\"contentUrl\":\"https:\/\/luchonoticias.com\/editor\/wp-content\/uploads\/2024\/02\/cropped-cropped-logolu-150x150.webp\",\"caption\":\"Editor General\"},\"sameAs\":[\"https:\/\/luchonoticias.com\/\"],\"url\":\"https:\/\/luchonoticias.com\/editor\/author\/editor-general\/\"}]}<\/script>\n<!-- \/ Yoast SEO plugin. -->","yoast_head_json":{"title":"Feria de emprendimiento femenino en Neiva -","robots":{"index":"index","follow":"follow","max-snippet":"max-snippet:-1","max-image-preview":"max-image-preview:large","max-video-preview":"max-video-preview:-1"},"canonical":"https:\/\/luchonoticias.com\/editor\/feria-de-emprendimiento-femenino-en-neiva\/","og_locale":"es_ES","og_type":"article","og_title":"Feria de emprendimiento femenino en Neiva -","og_url":"https:\/\/luchonoticias.com\/editor\/feria-de-emprendimiento-femenino-en-neiva\/","article_publisher":"https:\/\/www.facebook.com\/luchonoticiasneiva","article_published_time":"2023-10-23T10:00:08+00:00","article_modified_time":"2023-10-23T10:00:09+00:00","author":"Editor General","twitter_card":"summary_large_image","twitter_misc":{"Escrito por":"Editor General","Tiempo de lectura":"1 minuto"},"schema":{"@context":"https:\/\/schema.org","@graph":[{"@type":"Article","@id":"https:\/\/luchonoticias.com\/editor\/feria-de-emprendimiento-femenino-en-neiva\/#article","isPartOf":{"@id":"https:\/\/luchonoticias.com\/editor\/feria-de-emprendimiento-femenino-en-neiva\/"},"author":{"name":"Editor General","@id":"https:\/\/luchonoticias.com\/editor\/#\/schema\/person\/29217990ddf6f14e35912b2866d591fb"},"headline":"Feria de emprendimiento femenino en Neiva","datePublished":"2023-10-23T10:00:08+00:00","dateModified":"2023-10-23T10:00:09+00:00","mainEntityOfPage":{"@id":"https:\/\/luchonoticias.com\/editor\/feria-de-emprendimiento-femenino-en-neiva\/"},"wordCount":244,"commentCount":0,"publisher":{"@id":"https:\/\/luchonoticias.com\/editor\/#\/schema\/person\/7a7fd911f58561fd056dbac7b55af9cd"},"articleSection":["Huila"],"inLanguage":"es","potentialAction":[{"@type":"CommentAction","name":"Comment","target":["https:\/\/luchonoticias.com\/editor\/feria-de-emprendimiento-femenino-en-neiva\/#respond"]}]},{"@type":"WebPage","@id":"https:\/\/luchonoticias.com\/editor\/feria-de-emprendimiento-femenino-en-neiva\/","url":"https:\/\/luchonoticias.com\/editor\/feria-de-emprendimiento-femenino-en-neiva\/","name":"Feria de emprendimiento femenino en Neiva -","isPartOf":{"@id":"https:\/\/luchonoticias.com\/editor\/#website"},"datePublished":"2023-10-23T10:00:08+00:00","dateModified":"2023-10-23T10:00:09+00:00","breadcrumb":{"@id":"https:\/\/luchonoticias.com\/editor\/feria-de-emprendimiento-femenino-en-neiva\/#breadcrumb"},"inLanguage":"es","potentialAction":[{"@type":"ReadAction","target":["https:\/\/luchonoticias.com\/editor\/feria-de-emprendimiento-femenino-en-neiva\/"]}]},{"@type":"BreadcrumbList","@id":"https:\/\/luchonoticias.com\/editor\/feria-de-emprendimiento-femenino-en-neiva\/#breadcrumb","itemListElement":[{"@type":"ListItem","position":1,"name":"Portada","item":"https:\/\/luchonoticias.com\/editor\/"},{"@type":"ListItem","position":2,"name":"Feria de emprendimiento femenino en Neiva"}]},{"@type":"WebSite","@id":"https:\/\/luchonoticias.com\/editor\/#website","url":"https:\/\/luchonoticias.com\/editor\/","name":"","description":"","publisher":{"@id":"https:\/\/luchonoticias.com\/editor\/#\/schema\/person\/7a7fd911f58561fd056dbac7b55af9cd"},"potentialAction":[{"@type":"SearchAction","target":{"@type":"EntryPoint","urlTemplate":"https:\/\/luchonoticias.com\/editor\/?s={search_term_string}"},"query-input":{"@type":"PropertyValueSpecification","valueRequired":true,"valueName":"search_term_string"}}],"inLanguage":"es"},{"@type":["Person","Organization"],"@id":"https:\/\/luchonoticias.com\/editor\/#\/schema\/person\/7a7fd911f58561fd056dbac7b55af9cd","name":"admin","image":{"@type":"ImageObject","inLanguage":"es","@id":"https:\/\/luchonoticias.com\/editor\/#\/schema\/person\/image\/","url":"https:\/\/luchonoticias.com\/editor\/wp-content\/uploads\/2024\/02\/cropped-cropped-logolu.webp","contentUrl":"https:\/\/luchonoticias.com\/editor\/wp-content\/uploads\/2024\/02\/cropped-cropped-logolu.webp","width":382,"height":170,"caption":"admin"},"logo":{"@id":"https:\/\/luchonoticias.com\/editor\/#\/schema\/person\/image\/"},"sameAs":["https:\/\/www.facebook.com\/luchonoticiasneiva"]},{"@type":"Person","@id":"https:\/\/luchonoticias.com\/editor\/#\/schema\/person\/29217990ddf6f14e35912b2866d591fb","name":"Editor General","image":{"@type":"ImageObject","inLanguage":"es","@id":"https:\/\/luchonoticias.com\/editor\/#\/schema\/person\/image\/","url":"https:\/\/luchonoticias.com\/editor\/wp-content\/uploads\/2024\/02\/cropped-cropped-logolu-150x150.webp","contentUrl":"https:\/\/luchonoticias.com\/editor\/wp-content\/uploads\/2024\/02\/cropped-cropped-logolu-150x150.webp","caption":"Editor General"},"sameAs":["https:\/\/luchonoticias.com\/"],"url":"https:\/\/luchonoticias.com\/editor\/author\/editor-general\/"}]}},"_links":{"self":[{"href":"https:\/\/luchonoticias.com\/editor\/wp-json\/wp\/v2\/posts\/62607","targetHints":{"allow":["GET"]}}],"collection":[{"href":"https:\/\/luchonoticias.com\/editor\/wp-json\/wp\/v2\/posts"}],"about":[{"href":"https:\/\/luchonoticias.com\/editor\/wp-json\/wp\/v2\/types\/post"}],"author":[{"embeddable":true,"href":"https:\/\/luchonoticias.com\/editor\/wp-json\/wp\/v2\/users\/2"}],"replies":[{"embeddable":true,"href":"https:\/\/luchonoticias.com\/editor\/wp-json\/wp\/v2\/comments?post=62607"}],"version-history":[{"count":0,"href":"https:\/\/luchonoticias.com\/editor\/wp-json\/wp\/v2\/posts\/62607\/revisions"}],"wp:attachment":[{"href":"https:\/\/luchonoticias.com\/editor\/wp-json\/wp\/v2\/media?parent=62607"}],"wp:term":[{"taxonomy":"category","embeddable":true,"href":"https:\/\/luchonoticias.com\/editor\/wp-json\/wp\/v2\/categories?post=62607"},{"taxonomy":"post_tag","embeddable":true,"href":"https:\/\/luchonoticias.com\/editor\/wp-json\/wp\/v2\/tags?post=62607"}],"curies":[{"name":"wp","href":"https:\/\/api.w.org\/{rel}","templated":true}]}}