{"id":62981,"date":"2023-10-27T20:03:38","date_gmt":"2023-10-28T01:03:38","guid":{"rendered":"https:\/\/luchonoticias.com\/?p=62981"},"modified":"2023-10-27T20:03:39","modified_gmt":"2023-10-28T01:03:39","slug":"huila-le-enredo-las-cuentas-a-santa-fe","status":"publish","type":"post","link":"https:\/\/luchonoticias.com\/editor\/huila-le-enredo-las-cuentas-a-santa-fe\/","title":{"rendered":"Huila &#8216;le enred\u00f3 las cuentas&#8217; a Santa Fe"},"content":{"rendered":"\n<p><strong>Atl\u00e9tico Huila igual\u00f3<\/strong>&nbsp;a dos goles ante&nbsp;<strong>Santa Fe&nbsp;<\/strong>como local en juego por la pen\u00faltima fecha del campeonato de liga.<\/p>\n\n\n\n<p>Pese a estar descendido de forma anticipada, el cuadro dirigido por Diego Corredor (quien no pudo dirigir por termas personales, en su lugar estuvo el asistente Marcos Canchila) logr\u00f3 al menos llevarse un punto y de paso comprometer a un Santa Fe que contaba con la victoria pensando en alguna opci\u00f3n matem\u00e1tica para clasificar.<\/p>\n\n\n\n<p>La&nbsp;<strong>primera mitad fue bastante activa&nbsp;<\/strong>con opciones por igual para ambos bandos: en el caso del Huila con opciones protagonizadas por hombres como Wilfrido De la Rosa, Marcus Vinicius (dos opciones), Andr\u00e9s Ariza y Blas D\u00edaz.<\/p>\n\n\n\n<p>Sobre el final de la primera parte&nbsp;<strong>la visita intensifica sus acciones&nbsp;<\/strong>y en el final de este&nbsp;<strong>Ever Valencia&nbsp;<\/strong>marca el primero de la noche aprovechando un rebote de la defensa huilense, con ese resultado ambos equipos entraron al descanso.<\/p>\n\n\n\n<h5 class=\"wp-block-heading\">La respuesta del local<\/h5>\n\n\n\n<p>Sobre el minuto 58 una falta dentro del \u00e1rea del Santa Fe (falta de Harold Rivera sobre Blas D\u00edaz) se tradujo en un<strong>&nbsp;tiro penal&nbsp;<\/strong>que fue ejecutado de forma efectiva por&nbsp;<strong>Marcus Vinicius.<\/strong><\/p>\n\n\n\n<p>Sobre el minuto 78 la visita con&nbsp;<strong>Jeison Moreno coloc\u00f3 el segundo gol cardenal&nbsp;<\/strong>tras un segundo cabezazo de tiro de esquina pero la ventaja visitante tan solo dura cuatro minutos ya que&nbsp;<strong>Exneyder Guerrero<\/strong>&nbsp;a los 83 minutos y de media distancia hace&nbsp;<strong>la diana del empate local.<\/strong><\/p>\n","protected":false},"excerpt":{"rendered":"<p>Atl\u00e9tico Huila igual\u00f3&nbsp;a dos goles ante&nbsp;Santa Fe&nbsp;como local en juego por la pen\u00faltima fecha del campeonato de liga. Pese a estar descendido de forma anticipada, el cuadro dirigido por Diego Corredor (quien no pudo dirigir por termas personales, en su lugar estuvo el asistente Marcos Canchila) logr\u00f3 al menos llevarse un punto y de paso [&hellip;]<\/p>\n","protected":false},"author":2,"featured_media":0,"comment_status":"open","ping_status":"open","sticky":false,"template":"","format":"standard","meta":{"footnotes":""},"categories":[34],"tags":[],"class_list":["post-62981","post","type-post","status-publish","format-standard","hentry","category-deportes"],"yoast_head":"<!-- This site is optimized with the Yoast SEO plugin v26.6 - https:\/\/yoast.com\/wordpress\/plugins\/seo\/ -->\n<title>Huila &#039;le enred\u00f3 las cuentas&#039; a Santa Fe -<\/title>\n<meta name=\"robots\" content=\"index, follow, max-snippet:-1, max-image-preview:large, max-video-preview:-1\" \/>\n<link rel=\"canonical\" href=\"https:\/\/luchonoticias.com\/editor\/huila-le-enredo-las-cuentas-a-santa-fe\/\" \/>\n<meta property=\"og:locale\" content=\"es_ES\" \/>\n<meta property=\"og:type\" content=\"article\" \/>\n<meta property=\"og:title\" content=\"Huila &#039;le enred\u00f3 las cuentas&#039; a Santa Fe -\" \/>\n<meta property=\"og:url\" content=\"https:\/\/luchonoticias.com\/editor\/huila-le-enredo-las-cuentas-a-santa-fe\/\" \/>\n<meta property=\"article:publisher\" content=\"https:\/\/www.facebook.com\/luchonoticiasneiva\" \/>\n<meta property=\"article:published_time\" content=\"2023-10-28T01:03:38+00:00\" \/>\n<meta property=\"article:modified_time\" content=\"2023-10-28T01:03:39+00:00\" \/>\n<meta name=\"author\" content=\"Editor General\" \/>\n<meta name=\"twitter:card\" content=\"summary_large_image\" \/>\n<meta name=\"twitter:label1\" content=\"Escrito por\" \/>\n\t<meta name=\"twitter:data1\" content=\"Editor General\" \/>\n\t<meta name=\"twitter:label2\" content=\"Tiempo de lectura\" \/>\n\t<meta name=\"twitter:data2\" content=\"1 minuto\" \/>\n<script type=\"application\/ld+json\" class=\"yoast-schema-graph\">{\"@context\":\"https:\/\/schema.org\",\"@graph\":[{\"@type\":\"Article\",\"@id\":\"https:\/\/luchonoticias.com\/editor\/huila-le-enredo-las-cuentas-a-santa-fe\/#article\",\"isPartOf\":{\"@id\":\"https:\/\/luchonoticias.com\/editor\/huila-le-enredo-las-cuentas-a-santa-fe\/\"},\"author\":{\"name\":\"Editor General\",\"@id\":\"https:\/\/luchonoticias.com\/editor\/#\/schema\/person\/29217990ddf6f14e35912b2866d591fb\"},\"headline\":\"Huila &#8216;le enred\u00f3 las cuentas&#8217; a Santa Fe\",\"datePublished\":\"2023-10-28T01:03:38+00:00\",\"dateModified\":\"2023-10-28T01:03:39+00:00\",\"mainEntityOfPage\":{\"@id\":\"https:\/\/luchonoticias.com\/editor\/huila-le-enredo-las-cuentas-a-santa-fe\/\"},\"wordCount\":269,\"commentCount\":0,\"publisher\":{\"@id\":\"https:\/\/luchonoticias.com\/editor\/#\/schema\/person\/7a7fd911f58561fd056dbac7b55af9cd\"},\"articleSection\":[\"Deportes\"],\"inLanguage\":\"es\",\"potentialAction\":[{\"@type\":\"CommentAction\",\"name\":\"Comment\",\"target\":[\"https:\/\/luchonoticias.com\/editor\/huila-le-enredo-las-cuentas-a-santa-fe\/#respond\"]}]},{\"@type\":\"WebPage\",\"@id\":\"https:\/\/luchonoticias.com\/editor\/huila-le-enredo-las-cuentas-a-santa-fe\/\",\"url\":\"https:\/\/luchonoticias.com\/editor\/huila-le-enredo-las-cuentas-a-santa-fe\/\",\"name\":\"Huila 'le enred\u00f3 las cuentas' a Santa Fe -\",\"isPartOf\":{\"@id\":\"https:\/\/luchonoticias.com\/editor\/#website\"},\"datePublished\":\"2023-10-28T01:03:38+00:00\",\"dateModified\":\"2023-10-28T01:03:39+00:00\",\"breadcrumb\":{\"@id\":\"https:\/\/luchonoticias.com\/editor\/huila-le-enredo-las-cuentas-a-santa-fe\/#breadcrumb\"},\"inLanguage\":\"es\",\"potentialAction\":[{\"@type\":\"ReadAction\",\"target\":[\"https:\/\/luchonoticias.com\/editor\/huila-le-enredo-las-cuentas-a-santa-fe\/\"]}]},{\"@type\":\"BreadcrumbList\",\"@id\":\"https:\/\/luchonoticias.com\/editor\/huila-le-enredo-las-cuentas-a-santa-fe\/#breadcrumb\",\"itemListElement\":[{\"@type\":\"ListItem\",\"position\":1,\"name\":\"Portada\",\"item\":\"https:\/\/luchonoticias.com\/editor\/\"},{\"@type\":\"ListItem\",\"position\":2,\"name\":\"Huila &#8216;le enred\u00f3 las cuentas&#8217; a Santa Fe\"}]},{\"@type\":\"WebSite\",\"@id\":\"https:\/\/luchonoticias.com\/editor\/#website\",\"url\":\"https:\/\/luchonoticias.com\/editor\/\",\"name\":\"\",\"description\":\"\",\"publisher\":{\"@id\":\"https:\/\/luchonoticias.com\/editor\/#\/schema\/person\/7a7fd911f58561fd056dbac7b55af9cd\"},\"potentialAction\":[{\"@type\":\"SearchAction\",\"target\":{\"@type\":\"EntryPoint\",\"urlTemplate\":\"https:\/\/luchonoticias.com\/editor\/?s={search_term_string}\"},\"query-input\":{\"@type\":\"PropertyValueSpecification\",\"valueRequired\":true,\"valueName\":\"search_term_string\"}}],\"inLanguage\":\"es\"},{\"@type\":[\"Person\",\"Organization\"],\"@id\":\"https:\/\/luchonoticias.com\/editor\/#\/schema\/person\/7a7fd911f58561fd056dbac7b55af9cd\",\"name\":\"admin\",\"image\":{\"@type\":\"ImageObject\",\"inLanguage\":\"es\",\"@id\":\"https:\/\/luchonoticias.com\/editor\/#\/schema\/person\/image\/\",\"url\":\"https:\/\/luchonoticias.com\/editor\/wp-content\/uploads\/2024\/02\/cropped-cropped-logolu.webp\",\"contentUrl\":\"https:\/\/luchonoticias.com\/editor\/wp-content\/uploads\/2024\/02\/cropped-cropped-logolu.webp\",\"width\":382,\"height\":170,\"caption\":\"admin\"},\"logo\":{\"@id\":\"https:\/\/luchonoticias.com\/editor\/#\/schema\/person\/image\/\"},\"sameAs\":[\"https:\/\/www.facebook.com\/luchonoticiasneiva\"]},{\"@type\":\"Person\",\"@id\":\"https:\/\/luchonoticias.com\/editor\/#\/schema\/person\/29217990ddf6f14e35912b2866d591fb\",\"name\":\"Editor General\",\"image\":{\"@type\":\"ImageObject\",\"inLanguage\":\"es\",\"@id\":\"https:\/\/luchonoticias.com\/editor\/#\/schema\/person\/image\/\",\"url\":\"https:\/\/luchonoticias.com\/editor\/wp-content\/uploads\/2024\/02\/cropped-cropped-logolu-150x150.webp\",\"contentUrl\":\"https:\/\/luchonoticias.com\/editor\/wp-content\/uploads\/2024\/02\/cropped-cropped-logolu-150x150.webp\",\"caption\":\"Editor General\"},\"sameAs\":[\"https:\/\/luchonoticias.com\/\"],\"url\":\"https:\/\/luchonoticias.com\/editor\/author\/editor-general\/\"}]}<\/script>\n<!-- \/ Yoast SEO plugin. -->","yoast_head_json":{"title":"Huila 'le enred\u00f3 las cuentas' a Santa Fe -","robots":{"index":"index","follow":"follow","max-snippet":"max-snippet:-1","max-image-preview":"max-image-preview:large","max-video-preview":"max-video-preview:-1"},"canonical":"https:\/\/luchonoticias.com\/editor\/huila-le-enredo-las-cuentas-a-santa-fe\/","og_locale":"es_ES","og_type":"article","og_title":"Huila 'le enred\u00f3 las cuentas' a Santa Fe -","og_url":"https:\/\/luchonoticias.com\/editor\/huila-le-enredo-las-cuentas-a-santa-fe\/","article_publisher":"https:\/\/www.facebook.com\/luchonoticiasneiva","article_published_time":"2023-10-28T01:03:38+00:00","article_modified_time":"2023-10-28T01:03:39+00:00","author":"Editor General","twitter_card":"summary_large_image","twitter_misc":{"Escrito por":"Editor General","Tiempo de lectura":"1 minuto"},"schema":{"@context":"https:\/\/schema.org","@graph":[{"@type":"Article","@id":"https:\/\/luchonoticias.com\/editor\/huila-le-enredo-las-cuentas-a-santa-fe\/#article","isPartOf":{"@id":"https:\/\/luchonoticias.com\/editor\/huila-le-enredo-las-cuentas-a-santa-fe\/"},"author":{"name":"Editor General","@id":"https:\/\/luchonoticias.com\/editor\/#\/schema\/person\/29217990ddf6f14e35912b2866d591fb"},"headline":"Huila &#8216;le enred\u00f3 las cuentas&#8217; a Santa Fe","datePublished":"2023-10-28T01:03:38+00:00","dateModified":"2023-10-28T01:03:39+00:00","mainEntityOfPage":{"@id":"https:\/\/luchonoticias.com\/editor\/huila-le-enredo-las-cuentas-a-santa-fe\/"},"wordCount":269,"commentCount":0,"publisher":{"@id":"https:\/\/luchonoticias.com\/editor\/#\/schema\/person\/7a7fd911f58561fd056dbac7b55af9cd"},"articleSection":["Deportes"],"inLanguage":"es","potentialAction":[{"@type":"CommentAction","name":"Comment","target":["https:\/\/luchonoticias.com\/editor\/huila-le-enredo-las-cuentas-a-santa-fe\/#respond"]}]},{"@type":"WebPage","@id":"https:\/\/luchonoticias.com\/editor\/huila-le-enredo-las-cuentas-a-santa-fe\/","url":"https:\/\/luchonoticias.com\/editor\/huila-le-enredo-las-cuentas-a-santa-fe\/","name":"Huila 'le enred\u00f3 las cuentas' a Santa Fe -","isPartOf":{"@id":"https:\/\/luchonoticias.com\/editor\/#website"},"datePublished":"2023-10-28T01:03:38+00:00","dateModified":"2023-10-28T01:03:39+00:00","breadcrumb":{"@id":"https:\/\/luchonoticias.com\/editor\/huila-le-enredo-las-cuentas-a-santa-fe\/#breadcrumb"},"inLanguage":"es","potentialAction":[{"@type":"ReadAction","target":["https:\/\/luchonoticias.com\/editor\/huila-le-enredo-las-cuentas-a-santa-fe\/"]}]},{"@type":"BreadcrumbList","@id":"https:\/\/luchonoticias.com\/editor\/huila-le-enredo-las-cuentas-a-santa-fe\/#breadcrumb","itemListElement":[{"@type":"ListItem","position":1,"name":"Portada","item":"https:\/\/luchonoticias.com\/editor\/"},{"@type":"ListItem","position":2,"name":"Huila &#8216;le enred\u00f3 las cuentas&#8217; a Santa Fe"}]},{"@type":"WebSite","@id":"https:\/\/luchonoticias.com\/editor\/#website","url":"https:\/\/luchonoticias.com\/editor\/","name":"","description":"","publisher":{"@id":"https:\/\/luchonoticias.com\/editor\/#\/schema\/person\/7a7fd911f58561fd056dbac7b55af9cd"},"potentialAction":[{"@type":"SearchAction","target":{"@type":"EntryPoint","urlTemplate":"https:\/\/luchonoticias.com\/editor\/?s={search_term_string}"},"query-input":{"@type":"PropertyValueSpecification","valueRequired":true,"valueName":"search_term_string"}}],"inLanguage":"es"},{"@type":["Person","Organization"],"@id":"https:\/\/luchonoticias.com\/editor\/#\/schema\/person\/7a7fd911f58561fd056dbac7b55af9cd","name":"admin","image":{"@type":"ImageObject","inLanguage":"es","@id":"https:\/\/luchonoticias.com\/editor\/#\/schema\/person\/image\/","url":"https:\/\/luchonoticias.com\/editor\/wp-content\/uploads\/2024\/02\/cropped-cropped-logolu.webp","contentUrl":"https:\/\/luchonoticias.com\/editor\/wp-content\/uploads\/2024\/02\/cropped-cropped-logolu.webp","width":382,"height":170,"caption":"admin"},"logo":{"@id":"https:\/\/luchonoticias.com\/editor\/#\/schema\/person\/image\/"},"sameAs":["https:\/\/www.facebook.com\/luchonoticiasneiva"]},{"@type":"Person","@id":"https:\/\/luchonoticias.com\/editor\/#\/schema\/person\/29217990ddf6f14e35912b2866d591fb","name":"Editor General","image":{"@type":"ImageObject","inLanguage":"es","@id":"https:\/\/luchonoticias.com\/editor\/#\/schema\/person\/image\/","url":"https:\/\/luchonoticias.com\/editor\/wp-content\/uploads\/2024\/02\/cropped-cropped-logolu-150x150.webp","contentUrl":"https:\/\/luchonoticias.com\/editor\/wp-content\/uploads\/2024\/02\/cropped-cropped-logolu-150x150.webp","caption":"Editor General"},"sameAs":["https:\/\/luchonoticias.com\/"],"url":"https:\/\/luchonoticias.com\/editor\/author\/editor-general\/"}]}},"_links":{"self":[{"href":"https:\/\/luchonoticias.com\/editor\/wp-json\/wp\/v2\/posts\/62981","targetHints":{"allow":["GET"]}}],"collection":[{"href":"https:\/\/luchonoticias.com\/editor\/wp-json\/wp\/v2\/posts"}],"about":[{"href":"https:\/\/luchonoticias.com\/editor\/wp-json\/wp\/v2\/types\/post"}],"author":[{"embeddable":true,"href":"https:\/\/luchonoticias.com\/editor\/wp-json\/wp\/v2\/users\/2"}],"replies":[{"embeddable":true,"href":"https:\/\/luchonoticias.com\/editor\/wp-json\/wp\/v2\/comments?post=62981"}],"version-history":[{"count":0,"href":"https:\/\/luchonoticias.com\/editor\/wp-json\/wp\/v2\/posts\/62981\/revisions"}],"wp:attachment":[{"href":"https:\/\/luchonoticias.com\/editor\/wp-json\/wp\/v2\/media?parent=62981"}],"wp:term":[{"taxonomy":"category","embeddable":true,"href":"https:\/\/luchonoticias.com\/editor\/wp-json\/wp\/v2\/categories?post=62981"},{"taxonomy":"post_tag","embeddable":true,"href":"https:\/\/luchonoticias.com\/editor\/wp-json\/wp\/v2\/tags?post=62981"}],"curies":[{"name":"wp","href":"https:\/\/api.w.org\/{rel}","templated":true}]}}