{"id":62987,"date":"2023-10-28T04:58:03","date_gmt":"2023-10-28T09:58:03","guid":{"rendered":"https:\/\/luchonoticias.com\/?p=62987"},"modified":"2023-10-28T04:58:04","modified_gmt":"2023-10-28T09:58:04","slug":"regreso-de-nairo-quintana-al-movistar","status":"publish","type":"post","link":"https:\/\/luchonoticias.com\/editor\/regreso-de-nairo-quintana-al-movistar\/","title":{"rendered":"Regreso de Nairo Quintana al Movistar"},"content":{"rendered":"\n<p>El equipo ciclista espa\u00f1ol Movistar confirm\u00f3 el&nbsp;<strong>retorno&nbsp;<\/strong>del pedalista boyacense<strong>&nbsp;Nairo Quintana<\/strong>&nbsp;para el a\u00f1o entrante.<\/p>\n\n\n\n<p>El equipo que dirige Eusebio Unzu\u00e9&nbsp;<strong>abre sus puertas a una leyenda de su estructura deportiva,&nbsp;<\/strong>uno de los ciclistas que mayores \u00e9xitos ha logrado para la marca Telef\u00f3nica en la etapa en que \u00e9sta ha patrocinado a Abarca Sports (nombre oficial de la estructura) desde 2011.<\/p>\n\n\n\n<p>Quintana (33 a\u00f1os) regresa a la estructura ib\u00e9rica&nbsp;<strong>tras tres temporadas corriendo en la escuadra francesa Arkea Samsic&nbsp;<\/strong>adem\u00e1s de un a\u00f1o de inactividad luego de su positivo por tramadol.<\/p>\n\n\n\n<p>\u00ab<strong>Estoy emocionado por volver a casa.<\/strong>&nbsp;Ha sido un a\u00f1o dif\u00edcil. D\u00edas sin dormir, muchas jornadas de enorme sacrificio, subi\u00e9ndome a la bicicleta y tratando de caminar hacia adelante, con sol o con lluvia.&nbsp;<strong>Pero ha valido la pena. No voy a desaprovechar la oportunidad.<\/strong>&nbsp;Conozco los valores del equipo, los valores del deporte. Voy a dar todo de mi parte para hacerlo bien y quiero aportar al equipo para obtener los mejores resultados\u00bb. dijo el corredor.<\/p>\n\n\n\n<p>Recordar que durante su periodo en el Movistar, Quintana obtuvo un t\u00edtulo del Giro d\u2019Italia en 2014, uno de la Vuelta a Espa\u00f1a dos a\u00f1os m\u00e1s tarde y tres podios en el Tour de Francia.<\/p>\n","protected":false},"excerpt":{"rendered":"<p>El equipo ciclista espa\u00f1ol Movistar confirm\u00f3 el&nbsp;retorno&nbsp;del pedalista boyacense&nbsp;Nairo Quintana&nbsp;para el a\u00f1o entrante. El equipo que dirige Eusebio Unzu\u00e9&nbsp;abre sus puertas a una leyenda de su estructura deportiva,&nbsp;uno de los ciclistas que mayores \u00e9xitos ha logrado para la marca Telef\u00f3nica en la etapa en que \u00e9sta ha patrocinado a Abarca Sports (nombre oficial de la [&hellip;]<\/p>\n","protected":false},"author":2,"featured_media":0,"comment_status":"open","ping_status":"open","sticky":false,"template":"","format":"standard","meta":{"footnotes":""},"categories":[34],"tags":[],"class_list":["post-62987","post","type-post","status-publish","format-standard","hentry","category-deportes"],"yoast_head":"<!-- This site is optimized with the Yoast SEO plugin v26.6 - https:\/\/yoast.com\/wordpress\/plugins\/seo\/ -->\n<title>Regreso de Nairo Quintana al Movistar -<\/title>\n<meta name=\"robots\" content=\"index, follow, max-snippet:-1, max-image-preview:large, max-video-preview:-1\" \/>\n<link rel=\"canonical\" href=\"https:\/\/luchonoticias.com\/editor\/regreso-de-nairo-quintana-al-movistar\/\" \/>\n<meta property=\"og:locale\" content=\"es_ES\" \/>\n<meta property=\"og:type\" content=\"article\" \/>\n<meta property=\"og:title\" content=\"Regreso de Nairo Quintana al Movistar -\" \/>\n<meta property=\"og:url\" content=\"https:\/\/luchonoticias.com\/editor\/regreso-de-nairo-quintana-al-movistar\/\" \/>\n<meta property=\"article:publisher\" content=\"https:\/\/www.facebook.com\/luchonoticiasneiva\" \/>\n<meta property=\"article:published_time\" content=\"2023-10-28T09:58:03+00:00\" \/>\n<meta property=\"article:modified_time\" content=\"2023-10-28T09:58:04+00:00\" \/>\n<meta name=\"author\" content=\"Editor General\" \/>\n<meta name=\"twitter:card\" content=\"summary_large_image\" \/>\n<meta name=\"twitter:label1\" content=\"Escrito por\" \/>\n\t<meta name=\"twitter:data1\" content=\"Editor General\" \/>\n\t<meta name=\"twitter:label2\" content=\"Tiempo de lectura\" \/>\n\t<meta name=\"twitter:data2\" content=\"1 minuto\" \/>\n<script type=\"application\/ld+json\" class=\"yoast-schema-graph\">{\"@context\":\"https:\/\/schema.org\",\"@graph\":[{\"@type\":\"Article\",\"@id\":\"https:\/\/luchonoticias.com\/editor\/regreso-de-nairo-quintana-al-movistar\/#article\",\"isPartOf\":{\"@id\":\"https:\/\/luchonoticias.com\/editor\/regreso-de-nairo-quintana-al-movistar\/\"},\"author\":{\"name\":\"Editor General\",\"@id\":\"https:\/\/luchonoticias.com\/editor\/#\/schema\/person\/29217990ddf6f14e35912b2866d591fb\"},\"headline\":\"Regreso de Nairo Quintana al Movistar\",\"datePublished\":\"2023-10-28T09:58:03+00:00\",\"dateModified\":\"2023-10-28T09:58:04+00:00\",\"mainEntityOfPage\":{\"@id\":\"https:\/\/luchonoticias.com\/editor\/regreso-de-nairo-quintana-al-movistar\/\"},\"wordCount\":236,\"commentCount\":0,\"publisher\":{\"@id\":\"https:\/\/luchonoticias.com\/editor\/#\/schema\/person\/7a7fd911f58561fd056dbac7b55af9cd\"},\"articleSection\":[\"Deportes\"],\"inLanguage\":\"es\",\"potentialAction\":[{\"@type\":\"CommentAction\",\"name\":\"Comment\",\"target\":[\"https:\/\/luchonoticias.com\/editor\/regreso-de-nairo-quintana-al-movistar\/#respond\"]}]},{\"@type\":\"WebPage\",\"@id\":\"https:\/\/luchonoticias.com\/editor\/regreso-de-nairo-quintana-al-movistar\/\",\"url\":\"https:\/\/luchonoticias.com\/editor\/regreso-de-nairo-quintana-al-movistar\/\",\"name\":\"Regreso de Nairo Quintana al Movistar -\",\"isPartOf\":{\"@id\":\"https:\/\/luchonoticias.com\/editor\/#website\"},\"datePublished\":\"2023-10-28T09:58:03+00:00\",\"dateModified\":\"2023-10-28T09:58:04+00:00\",\"breadcrumb\":{\"@id\":\"https:\/\/luchonoticias.com\/editor\/regreso-de-nairo-quintana-al-movistar\/#breadcrumb\"},\"inLanguage\":\"es\",\"potentialAction\":[{\"@type\":\"ReadAction\",\"target\":[\"https:\/\/luchonoticias.com\/editor\/regreso-de-nairo-quintana-al-movistar\/\"]}]},{\"@type\":\"BreadcrumbList\",\"@id\":\"https:\/\/luchonoticias.com\/editor\/regreso-de-nairo-quintana-al-movistar\/#breadcrumb\",\"itemListElement\":[{\"@type\":\"ListItem\",\"position\":1,\"name\":\"Portada\",\"item\":\"https:\/\/luchonoticias.com\/editor\/\"},{\"@type\":\"ListItem\",\"position\":2,\"name\":\"Regreso de Nairo Quintana al Movistar\"}]},{\"@type\":\"WebSite\",\"@id\":\"https:\/\/luchonoticias.com\/editor\/#website\",\"url\":\"https:\/\/luchonoticias.com\/editor\/\",\"name\":\"\",\"description\":\"\",\"publisher\":{\"@id\":\"https:\/\/luchonoticias.com\/editor\/#\/schema\/person\/7a7fd911f58561fd056dbac7b55af9cd\"},\"potentialAction\":[{\"@type\":\"SearchAction\",\"target\":{\"@type\":\"EntryPoint\",\"urlTemplate\":\"https:\/\/luchonoticias.com\/editor\/?s={search_term_string}\"},\"query-input\":{\"@type\":\"PropertyValueSpecification\",\"valueRequired\":true,\"valueName\":\"search_term_string\"}}],\"inLanguage\":\"es\"},{\"@type\":[\"Person\",\"Organization\"],\"@id\":\"https:\/\/luchonoticias.com\/editor\/#\/schema\/person\/7a7fd911f58561fd056dbac7b55af9cd\",\"name\":\"admin\",\"image\":{\"@type\":\"ImageObject\",\"inLanguage\":\"es\",\"@id\":\"https:\/\/luchonoticias.com\/editor\/#\/schema\/person\/image\/\",\"url\":\"https:\/\/luchonoticias.com\/editor\/wp-content\/uploads\/2024\/02\/cropped-cropped-logolu.webp\",\"contentUrl\":\"https:\/\/luchonoticias.com\/editor\/wp-content\/uploads\/2024\/02\/cropped-cropped-logolu.webp\",\"width\":382,\"height\":170,\"caption\":\"admin\"},\"logo\":{\"@id\":\"https:\/\/luchonoticias.com\/editor\/#\/schema\/person\/image\/\"},\"sameAs\":[\"https:\/\/www.facebook.com\/luchonoticiasneiva\"]},{\"@type\":\"Person\",\"@id\":\"https:\/\/luchonoticias.com\/editor\/#\/schema\/person\/29217990ddf6f14e35912b2866d591fb\",\"name\":\"Editor General\",\"image\":{\"@type\":\"ImageObject\",\"inLanguage\":\"es\",\"@id\":\"https:\/\/luchonoticias.com\/editor\/#\/schema\/person\/image\/\",\"url\":\"https:\/\/luchonoticias.com\/editor\/wp-content\/uploads\/2024\/02\/cropped-cropped-logolu-150x150.webp\",\"contentUrl\":\"https:\/\/luchonoticias.com\/editor\/wp-content\/uploads\/2024\/02\/cropped-cropped-logolu-150x150.webp\",\"caption\":\"Editor General\"},\"sameAs\":[\"https:\/\/luchonoticias.com\/\"],\"url\":\"https:\/\/luchonoticias.com\/editor\/author\/editor-general\/\"}]}<\/script>\n<!-- \/ Yoast SEO plugin. -->","yoast_head_json":{"title":"Regreso de Nairo Quintana al Movistar -","robots":{"index":"index","follow":"follow","max-snippet":"max-snippet:-1","max-image-preview":"max-image-preview:large","max-video-preview":"max-video-preview:-1"},"canonical":"https:\/\/luchonoticias.com\/editor\/regreso-de-nairo-quintana-al-movistar\/","og_locale":"es_ES","og_type":"article","og_title":"Regreso de Nairo Quintana al Movistar -","og_url":"https:\/\/luchonoticias.com\/editor\/regreso-de-nairo-quintana-al-movistar\/","article_publisher":"https:\/\/www.facebook.com\/luchonoticiasneiva","article_published_time":"2023-10-28T09:58:03+00:00","article_modified_time":"2023-10-28T09:58:04+00:00","author":"Editor General","twitter_card":"summary_large_image","twitter_misc":{"Escrito por":"Editor General","Tiempo de lectura":"1 minuto"},"schema":{"@context":"https:\/\/schema.org","@graph":[{"@type":"Article","@id":"https:\/\/luchonoticias.com\/editor\/regreso-de-nairo-quintana-al-movistar\/#article","isPartOf":{"@id":"https:\/\/luchonoticias.com\/editor\/regreso-de-nairo-quintana-al-movistar\/"},"author":{"name":"Editor General","@id":"https:\/\/luchonoticias.com\/editor\/#\/schema\/person\/29217990ddf6f14e35912b2866d591fb"},"headline":"Regreso de Nairo Quintana al Movistar","datePublished":"2023-10-28T09:58:03+00:00","dateModified":"2023-10-28T09:58:04+00:00","mainEntityOfPage":{"@id":"https:\/\/luchonoticias.com\/editor\/regreso-de-nairo-quintana-al-movistar\/"},"wordCount":236,"commentCount":0,"publisher":{"@id":"https:\/\/luchonoticias.com\/editor\/#\/schema\/person\/7a7fd911f58561fd056dbac7b55af9cd"},"articleSection":["Deportes"],"inLanguage":"es","potentialAction":[{"@type":"CommentAction","name":"Comment","target":["https:\/\/luchonoticias.com\/editor\/regreso-de-nairo-quintana-al-movistar\/#respond"]}]},{"@type":"WebPage","@id":"https:\/\/luchonoticias.com\/editor\/regreso-de-nairo-quintana-al-movistar\/","url":"https:\/\/luchonoticias.com\/editor\/regreso-de-nairo-quintana-al-movistar\/","name":"Regreso de Nairo Quintana al Movistar -","isPartOf":{"@id":"https:\/\/luchonoticias.com\/editor\/#website"},"datePublished":"2023-10-28T09:58:03+00:00","dateModified":"2023-10-28T09:58:04+00:00","breadcrumb":{"@id":"https:\/\/luchonoticias.com\/editor\/regreso-de-nairo-quintana-al-movistar\/#breadcrumb"},"inLanguage":"es","potentialAction":[{"@type":"ReadAction","target":["https:\/\/luchonoticias.com\/editor\/regreso-de-nairo-quintana-al-movistar\/"]}]},{"@type":"BreadcrumbList","@id":"https:\/\/luchonoticias.com\/editor\/regreso-de-nairo-quintana-al-movistar\/#breadcrumb","itemListElement":[{"@type":"ListItem","position":1,"name":"Portada","item":"https:\/\/luchonoticias.com\/editor\/"},{"@type":"ListItem","position":2,"name":"Regreso de Nairo Quintana al Movistar"}]},{"@type":"WebSite","@id":"https:\/\/luchonoticias.com\/editor\/#website","url":"https:\/\/luchonoticias.com\/editor\/","name":"","description":"","publisher":{"@id":"https:\/\/luchonoticias.com\/editor\/#\/schema\/person\/7a7fd911f58561fd056dbac7b55af9cd"},"potentialAction":[{"@type":"SearchAction","target":{"@type":"EntryPoint","urlTemplate":"https:\/\/luchonoticias.com\/editor\/?s={search_term_string}"},"query-input":{"@type":"PropertyValueSpecification","valueRequired":true,"valueName":"search_term_string"}}],"inLanguage":"es"},{"@type":["Person","Organization"],"@id":"https:\/\/luchonoticias.com\/editor\/#\/schema\/person\/7a7fd911f58561fd056dbac7b55af9cd","name":"admin","image":{"@type":"ImageObject","inLanguage":"es","@id":"https:\/\/luchonoticias.com\/editor\/#\/schema\/person\/image\/","url":"https:\/\/luchonoticias.com\/editor\/wp-content\/uploads\/2024\/02\/cropped-cropped-logolu.webp","contentUrl":"https:\/\/luchonoticias.com\/editor\/wp-content\/uploads\/2024\/02\/cropped-cropped-logolu.webp","width":382,"height":170,"caption":"admin"},"logo":{"@id":"https:\/\/luchonoticias.com\/editor\/#\/schema\/person\/image\/"},"sameAs":["https:\/\/www.facebook.com\/luchonoticiasneiva"]},{"@type":"Person","@id":"https:\/\/luchonoticias.com\/editor\/#\/schema\/person\/29217990ddf6f14e35912b2866d591fb","name":"Editor General","image":{"@type":"ImageObject","inLanguage":"es","@id":"https:\/\/luchonoticias.com\/editor\/#\/schema\/person\/image\/","url":"https:\/\/luchonoticias.com\/editor\/wp-content\/uploads\/2024\/02\/cropped-cropped-logolu-150x150.webp","contentUrl":"https:\/\/luchonoticias.com\/editor\/wp-content\/uploads\/2024\/02\/cropped-cropped-logolu-150x150.webp","caption":"Editor General"},"sameAs":["https:\/\/luchonoticias.com\/"],"url":"https:\/\/luchonoticias.com\/editor\/author\/editor-general\/"}]}},"_links":{"self":[{"href":"https:\/\/luchonoticias.com\/editor\/wp-json\/wp\/v2\/posts\/62987","targetHints":{"allow":["GET"]}}],"collection":[{"href":"https:\/\/luchonoticias.com\/editor\/wp-json\/wp\/v2\/posts"}],"about":[{"href":"https:\/\/luchonoticias.com\/editor\/wp-json\/wp\/v2\/types\/post"}],"author":[{"embeddable":true,"href":"https:\/\/luchonoticias.com\/editor\/wp-json\/wp\/v2\/users\/2"}],"replies":[{"embeddable":true,"href":"https:\/\/luchonoticias.com\/editor\/wp-json\/wp\/v2\/comments?post=62987"}],"version-history":[{"count":0,"href":"https:\/\/luchonoticias.com\/editor\/wp-json\/wp\/v2\/posts\/62987\/revisions"}],"wp:attachment":[{"href":"https:\/\/luchonoticias.com\/editor\/wp-json\/wp\/v2\/media?parent=62987"}],"wp:term":[{"taxonomy":"category","embeddable":true,"href":"https:\/\/luchonoticias.com\/editor\/wp-json\/wp\/v2\/categories?post=62987"},{"taxonomy":"post_tag","embeddable":true,"href":"https:\/\/luchonoticias.com\/editor\/wp-json\/wp\/v2\/tags?post=62987"}],"curies":[{"name":"wp","href":"https:\/\/api.w.org\/{rel}","templated":true}]}}