{"id":63069,"date":"2023-10-29T18:29:17","date_gmt":"2023-10-29T23:29:17","guid":{"rendered":"https:\/\/luchonoticias.com\/?p=63069"},"modified":"2023-10-29T18:29:18","modified_gmt":"2023-10-29T23:29:18","slug":"palermo-campoalegre-baraya-y-la-plata-ya-tienen-alcaldes-electos","status":"publish","type":"post","link":"https:\/\/luchonoticias.com\/editor\/palermo-campoalegre-baraya-y-la-plata-ya-tienen-alcaldes-electos\/","title":{"rendered":"Palermo, Campoalegre, Baraya y La Plata ya tienen alcaldes electos"},"content":{"rendered":"\n<p>Como se viene conociendo los resultados entregados por la Registradur\u00eda Nacional, donde deja visto ya a algunos candidatos como electos en las diferentes Alcald\u00edas de los municipios del Huila.<\/p>\n\n\n\n<p>Con m\u00e1s de 1837 votos a favor del candidato <strong>Luis Enrique Cardoso Tova<\/strong>r por el partido Cambio Radical, logr\u00f3 el triunfo por la Administraci\u00f3n de las arcas de los Barayunos, as\u00ed lo inform\u00f3 la Registradur\u00eda Nacional en los comicios electorales regionales.<\/p>\n\n\n\n<p>Seg\u00fan lo informado por la entidad, la contienda electoral fue re\u00f1ida, ya que por otro lado la candidatada Eulalia Tafur Herrera por el partido Dignidad y Compromiso, logr\u00f3 el segundo puesto con 1565 votos, dejando una peque\u00f1a diferencia de 272 votos.<\/p>\n\n\n\n<p><strong>Campoalegre y La Plata tienen Alcaldes<\/strong><\/p>\n\n\n\n<p>Por parte del sector del sur del Huila, la entidad report\u00f3 que el candidato <strong>V\u00edctor Ramon Vargas,<\/strong> logr\u00f3 el triunfo con 5947 votos para un 38,64 % en contra del Rodrigo Lizcano con 3406 votos por un porcentaje 22.13 por ciento.<\/p>\n\n\n\n<p>Por parte del municipio de La Plata, la Registradur\u00eda Inform\u00f3 que como favorito por los plate\u00f1os, al candidato por el Partido Conservador Camilo Ospina con 8673 votos con un porcentaje de 46.69%, dejando como segundo ganador Diego Alexander Mampotes con 4692 votos.<\/p>\n\n\n\n<p>Kleiver Oviedo nuevo Acalde de La Palermo<\/p>\n\n\n\n<p>Por parte del norte del Huila, se conoci\u00f3 que el aspirante por el partido Salvemos Palermo, Kleiver Oviedo logr\u00f3 el triunfo de la Administraci\u00f3n Municipal 6260 votos para un 46.10% de los palermunos que votaron a favor de \u00e9l.<\/p>\n","protected":false},"excerpt":{"rendered":"<p>Como se viene conociendo los resultados entregados por la Registradur\u00eda Nacional, donde deja visto ya a algunos candidatos como electos en las diferentes Alcald\u00edas de los municipios del Huila. Con m\u00e1s de 1837 votos a favor del candidato Luis Enrique Cardoso Tovar por el partido Cambio Radical, logr\u00f3 el triunfo por la Administraci\u00f3n de las [&hellip;]<\/p>\n","protected":false},"author":2,"featured_media":0,"comment_status":"open","ping_status":"open","sticky":false,"template":"","format":"standard","meta":{"footnotes":""},"categories":[36,617],"tags":[],"class_list":["post-63069","post","type-post","status-publish","format-standard","hentry","category-destacado","category-politica"],"yoast_head":"<!-- This site is optimized with the Yoast SEO plugin v26.6 - https:\/\/yoast.com\/wordpress\/plugins\/seo\/ -->\n<title>Palermo, Campoalegre, Baraya y La Plata ya tienen alcaldes electos -<\/title>\n<meta name=\"robots\" content=\"index, follow, max-snippet:-1, max-image-preview:large, max-video-preview:-1\" \/>\n<link rel=\"canonical\" href=\"https:\/\/luchonoticias.com\/editor\/palermo-campoalegre-baraya-y-la-plata-ya-tienen-alcaldes-electos\/\" \/>\n<meta property=\"og:locale\" content=\"es_ES\" \/>\n<meta property=\"og:type\" content=\"article\" \/>\n<meta property=\"og:title\" content=\"Palermo, Campoalegre, Baraya y La Plata ya tienen alcaldes electos -\" \/>\n<meta property=\"og:url\" content=\"https:\/\/luchonoticias.com\/editor\/palermo-campoalegre-baraya-y-la-plata-ya-tienen-alcaldes-electos\/\" \/>\n<meta property=\"article:publisher\" content=\"https:\/\/www.facebook.com\/luchonoticiasneiva\" \/>\n<meta property=\"article:published_time\" content=\"2023-10-29T23:29:17+00:00\" \/>\n<meta property=\"article:modified_time\" content=\"2023-10-29T23:29:18+00:00\" \/>\n<meta name=\"author\" content=\"Editor General\" \/>\n<meta name=\"twitter:card\" content=\"summary_large_image\" \/>\n<meta name=\"twitter:label1\" content=\"Escrito por\" \/>\n\t<meta name=\"twitter:data1\" content=\"Editor General\" \/>\n\t<meta name=\"twitter:label2\" content=\"Tiempo de lectura\" \/>\n\t<meta name=\"twitter:data2\" content=\"1 minuto\" \/>\n<script type=\"application\/ld+json\" class=\"yoast-schema-graph\">{\"@context\":\"https:\/\/schema.org\",\"@graph\":[{\"@type\":\"Article\",\"@id\":\"https:\/\/luchonoticias.com\/editor\/palermo-campoalegre-baraya-y-la-plata-ya-tienen-alcaldes-electos\/#article\",\"isPartOf\":{\"@id\":\"https:\/\/luchonoticias.com\/editor\/palermo-campoalegre-baraya-y-la-plata-ya-tienen-alcaldes-electos\/\"},\"author\":{\"name\":\"Editor General\",\"@id\":\"https:\/\/luchonoticias.com\/editor\/#\/schema\/person\/29217990ddf6f14e35912b2866d591fb\"},\"headline\":\"Palermo, Campoalegre, Baraya y La Plata ya tienen alcaldes electos\",\"datePublished\":\"2023-10-29T23:29:17+00:00\",\"dateModified\":\"2023-10-29T23:29:18+00:00\",\"mainEntityOfPage\":{\"@id\":\"https:\/\/luchonoticias.com\/editor\/palermo-campoalegre-baraya-y-la-plata-ya-tienen-alcaldes-electos\/\"},\"wordCount\":255,\"commentCount\":0,\"publisher\":{\"@id\":\"https:\/\/luchonoticias.com\/editor\/#\/schema\/person\/7a7fd911f58561fd056dbac7b55af9cd\"},\"articleSection\":[\"Destacado\",\"Pol\u00edtica\"],\"inLanguage\":\"es\",\"potentialAction\":[{\"@type\":\"CommentAction\",\"name\":\"Comment\",\"target\":[\"https:\/\/luchonoticias.com\/editor\/palermo-campoalegre-baraya-y-la-plata-ya-tienen-alcaldes-electos\/#respond\"]}]},{\"@type\":\"WebPage\",\"@id\":\"https:\/\/luchonoticias.com\/editor\/palermo-campoalegre-baraya-y-la-plata-ya-tienen-alcaldes-electos\/\",\"url\":\"https:\/\/luchonoticias.com\/editor\/palermo-campoalegre-baraya-y-la-plata-ya-tienen-alcaldes-electos\/\",\"name\":\"Palermo, Campoalegre, Baraya y La Plata ya tienen alcaldes electos -\",\"isPartOf\":{\"@id\":\"https:\/\/luchonoticias.com\/editor\/#website\"},\"datePublished\":\"2023-10-29T23:29:17+00:00\",\"dateModified\":\"2023-10-29T23:29:18+00:00\",\"breadcrumb\":{\"@id\":\"https:\/\/luchonoticias.com\/editor\/palermo-campoalegre-baraya-y-la-plata-ya-tienen-alcaldes-electos\/#breadcrumb\"},\"inLanguage\":\"es\",\"potentialAction\":[{\"@type\":\"ReadAction\",\"target\":[\"https:\/\/luchonoticias.com\/editor\/palermo-campoalegre-baraya-y-la-plata-ya-tienen-alcaldes-electos\/\"]}]},{\"@type\":\"BreadcrumbList\",\"@id\":\"https:\/\/luchonoticias.com\/editor\/palermo-campoalegre-baraya-y-la-plata-ya-tienen-alcaldes-electos\/#breadcrumb\",\"itemListElement\":[{\"@type\":\"ListItem\",\"position\":1,\"name\":\"Portada\",\"item\":\"https:\/\/luchonoticias.com\/editor\/\"},{\"@type\":\"ListItem\",\"position\":2,\"name\":\"Palermo, Campoalegre, Baraya y La Plata ya tienen alcaldes electos\"}]},{\"@type\":\"WebSite\",\"@id\":\"https:\/\/luchonoticias.com\/editor\/#website\",\"url\":\"https:\/\/luchonoticias.com\/editor\/\",\"name\":\"\",\"description\":\"\",\"publisher\":{\"@id\":\"https:\/\/luchonoticias.com\/editor\/#\/schema\/person\/7a7fd911f58561fd056dbac7b55af9cd\"},\"potentialAction\":[{\"@type\":\"SearchAction\",\"target\":{\"@type\":\"EntryPoint\",\"urlTemplate\":\"https:\/\/luchonoticias.com\/editor\/?s={search_term_string}\"},\"query-input\":{\"@type\":\"PropertyValueSpecification\",\"valueRequired\":true,\"valueName\":\"search_term_string\"}}],\"inLanguage\":\"es\"},{\"@type\":[\"Person\",\"Organization\"],\"@id\":\"https:\/\/luchonoticias.com\/editor\/#\/schema\/person\/7a7fd911f58561fd056dbac7b55af9cd\",\"name\":\"admin\",\"image\":{\"@type\":\"ImageObject\",\"inLanguage\":\"es\",\"@id\":\"https:\/\/luchonoticias.com\/editor\/#\/schema\/person\/image\/\",\"url\":\"https:\/\/luchonoticias.com\/editor\/wp-content\/uploads\/2024\/02\/cropped-cropped-logolu.webp\",\"contentUrl\":\"https:\/\/luchonoticias.com\/editor\/wp-content\/uploads\/2024\/02\/cropped-cropped-logolu.webp\",\"width\":382,\"height\":170,\"caption\":\"admin\"},\"logo\":{\"@id\":\"https:\/\/luchonoticias.com\/editor\/#\/schema\/person\/image\/\"},\"sameAs\":[\"https:\/\/www.facebook.com\/luchonoticiasneiva\"]},{\"@type\":\"Person\",\"@id\":\"https:\/\/luchonoticias.com\/editor\/#\/schema\/person\/29217990ddf6f14e35912b2866d591fb\",\"name\":\"Editor General\",\"image\":{\"@type\":\"ImageObject\",\"inLanguage\":\"es\",\"@id\":\"https:\/\/luchonoticias.com\/editor\/#\/schema\/person\/image\/\",\"url\":\"https:\/\/luchonoticias.com\/editor\/wp-content\/uploads\/2024\/02\/cropped-cropped-logolu-150x150.webp\",\"contentUrl\":\"https:\/\/luchonoticias.com\/editor\/wp-content\/uploads\/2024\/02\/cropped-cropped-logolu-150x150.webp\",\"caption\":\"Editor General\"},\"sameAs\":[\"https:\/\/luchonoticias.com\/\"],\"url\":\"https:\/\/luchonoticias.com\/editor\/author\/editor-general\/\"}]}<\/script>\n<!-- \/ Yoast SEO plugin. -->","yoast_head_json":{"title":"Palermo, Campoalegre, Baraya y La Plata ya tienen alcaldes electos -","robots":{"index":"index","follow":"follow","max-snippet":"max-snippet:-1","max-image-preview":"max-image-preview:large","max-video-preview":"max-video-preview:-1"},"canonical":"https:\/\/luchonoticias.com\/editor\/palermo-campoalegre-baraya-y-la-plata-ya-tienen-alcaldes-electos\/","og_locale":"es_ES","og_type":"article","og_title":"Palermo, Campoalegre, Baraya y La Plata ya tienen alcaldes electos -","og_url":"https:\/\/luchonoticias.com\/editor\/palermo-campoalegre-baraya-y-la-plata-ya-tienen-alcaldes-electos\/","article_publisher":"https:\/\/www.facebook.com\/luchonoticiasneiva","article_published_time":"2023-10-29T23:29:17+00:00","article_modified_time":"2023-10-29T23:29:18+00:00","author":"Editor General","twitter_card":"summary_large_image","twitter_misc":{"Escrito por":"Editor General","Tiempo de lectura":"1 minuto"},"schema":{"@context":"https:\/\/schema.org","@graph":[{"@type":"Article","@id":"https:\/\/luchonoticias.com\/editor\/palermo-campoalegre-baraya-y-la-plata-ya-tienen-alcaldes-electos\/#article","isPartOf":{"@id":"https:\/\/luchonoticias.com\/editor\/palermo-campoalegre-baraya-y-la-plata-ya-tienen-alcaldes-electos\/"},"author":{"name":"Editor General","@id":"https:\/\/luchonoticias.com\/editor\/#\/schema\/person\/29217990ddf6f14e35912b2866d591fb"},"headline":"Palermo, Campoalegre, Baraya y La Plata ya tienen alcaldes electos","datePublished":"2023-10-29T23:29:17+00:00","dateModified":"2023-10-29T23:29:18+00:00","mainEntityOfPage":{"@id":"https:\/\/luchonoticias.com\/editor\/palermo-campoalegre-baraya-y-la-plata-ya-tienen-alcaldes-electos\/"},"wordCount":255,"commentCount":0,"publisher":{"@id":"https:\/\/luchonoticias.com\/editor\/#\/schema\/person\/7a7fd911f58561fd056dbac7b55af9cd"},"articleSection":["Destacado","Pol\u00edtica"],"inLanguage":"es","potentialAction":[{"@type":"CommentAction","name":"Comment","target":["https:\/\/luchonoticias.com\/editor\/palermo-campoalegre-baraya-y-la-plata-ya-tienen-alcaldes-electos\/#respond"]}]},{"@type":"WebPage","@id":"https:\/\/luchonoticias.com\/editor\/palermo-campoalegre-baraya-y-la-plata-ya-tienen-alcaldes-electos\/","url":"https:\/\/luchonoticias.com\/editor\/palermo-campoalegre-baraya-y-la-plata-ya-tienen-alcaldes-electos\/","name":"Palermo, Campoalegre, Baraya y La Plata ya tienen alcaldes electos -","isPartOf":{"@id":"https:\/\/luchonoticias.com\/editor\/#website"},"datePublished":"2023-10-29T23:29:17+00:00","dateModified":"2023-10-29T23:29:18+00:00","breadcrumb":{"@id":"https:\/\/luchonoticias.com\/editor\/palermo-campoalegre-baraya-y-la-plata-ya-tienen-alcaldes-electos\/#breadcrumb"},"inLanguage":"es","potentialAction":[{"@type":"ReadAction","target":["https:\/\/luchonoticias.com\/editor\/palermo-campoalegre-baraya-y-la-plata-ya-tienen-alcaldes-electos\/"]}]},{"@type":"BreadcrumbList","@id":"https:\/\/luchonoticias.com\/editor\/palermo-campoalegre-baraya-y-la-plata-ya-tienen-alcaldes-electos\/#breadcrumb","itemListElement":[{"@type":"ListItem","position":1,"name":"Portada","item":"https:\/\/luchonoticias.com\/editor\/"},{"@type":"ListItem","position":2,"name":"Palermo, Campoalegre, Baraya y La Plata ya tienen alcaldes electos"}]},{"@type":"WebSite","@id":"https:\/\/luchonoticias.com\/editor\/#website","url":"https:\/\/luchonoticias.com\/editor\/","name":"","description":"","publisher":{"@id":"https:\/\/luchonoticias.com\/editor\/#\/schema\/person\/7a7fd911f58561fd056dbac7b55af9cd"},"potentialAction":[{"@type":"SearchAction","target":{"@type":"EntryPoint","urlTemplate":"https:\/\/luchonoticias.com\/editor\/?s={search_term_string}"},"query-input":{"@type":"PropertyValueSpecification","valueRequired":true,"valueName":"search_term_string"}}],"inLanguage":"es"},{"@type":["Person","Organization"],"@id":"https:\/\/luchonoticias.com\/editor\/#\/schema\/person\/7a7fd911f58561fd056dbac7b55af9cd","name":"admin","image":{"@type":"ImageObject","inLanguage":"es","@id":"https:\/\/luchonoticias.com\/editor\/#\/schema\/person\/image\/","url":"https:\/\/luchonoticias.com\/editor\/wp-content\/uploads\/2024\/02\/cropped-cropped-logolu.webp","contentUrl":"https:\/\/luchonoticias.com\/editor\/wp-content\/uploads\/2024\/02\/cropped-cropped-logolu.webp","width":382,"height":170,"caption":"admin"},"logo":{"@id":"https:\/\/luchonoticias.com\/editor\/#\/schema\/person\/image\/"},"sameAs":["https:\/\/www.facebook.com\/luchonoticiasneiva"]},{"@type":"Person","@id":"https:\/\/luchonoticias.com\/editor\/#\/schema\/person\/29217990ddf6f14e35912b2866d591fb","name":"Editor General","image":{"@type":"ImageObject","inLanguage":"es","@id":"https:\/\/luchonoticias.com\/editor\/#\/schema\/person\/image\/","url":"https:\/\/luchonoticias.com\/editor\/wp-content\/uploads\/2024\/02\/cropped-cropped-logolu-150x150.webp","contentUrl":"https:\/\/luchonoticias.com\/editor\/wp-content\/uploads\/2024\/02\/cropped-cropped-logolu-150x150.webp","caption":"Editor General"},"sameAs":["https:\/\/luchonoticias.com\/"],"url":"https:\/\/luchonoticias.com\/editor\/author\/editor-general\/"}]}},"_links":{"self":[{"href":"https:\/\/luchonoticias.com\/editor\/wp-json\/wp\/v2\/posts\/63069","targetHints":{"allow":["GET"]}}],"collection":[{"href":"https:\/\/luchonoticias.com\/editor\/wp-json\/wp\/v2\/posts"}],"about":[{"href":"https:\/\/luchonoticias.com\/editor\/wp-json\/wp\/v2\/types\/post"}],"author":[{"embeddable":true,"href":"https:\/\/luchonoticias.com\/editor\/wp-json\/wp\/v2\/users\/2"}],"replies":[{"embeddable":true,"href":"https:\/\/luchonoticias.com\/editor\/wp-json\/wp\/v2\/comments?post=63069"}],"version-history":[{"count":0,"href":"https:\/\/luchonoticias.com\/editor\/wp-json\/wp\/v2\/posts\/63069\/revisions"}],"wp:attachment":[{"href":"https:\/\/luchonoticias.com\/editor\/wp-json\/wp\/v2\/media?parent=63069"}],"wp:term":[{"taxonomy":"category","embeddable":true,"href":"https:\/\/luchonoticias.com\/editor\/wp-json\/wp\/v2\/categories?post=63069"},{"taxonomy":"post_tag","embeddable":true,"href":"https:\/\/luchonoticias.com\/editor\/wp-json\/wp\/v2\/tags?post=63069"}],"curies":[{"name":"wp","href":"https:\/\/api.w.org\/{rel}","templated":true}]}}