{"id":63162,"date":"2023-10-31T10:33:41","date_gmt":"2023-10-31T15:33:41","guid":{"rendered":"https:\/\/luchonoticias.com\/?p=63162"},"modified":"2023-10-31T10:33:42","modified_gmt":"2023-10-31T15:33:42","slug":"cruz-verde-suspende-dispensacion-de-medicamentos-no-pbs-a-eps-sanitas","status":"publish","type":"post","link":"https:\/\/luchonoticias.com\/editor\/cruz-verde-suspende-dispensacion-de-medicamentos-no-pbs-a-eps-sanitas\/","title":{"rendered":"Cruz Verde suspende dispensaci\u00f3n de medicamentos no PBS a EPS Sanitas"},"content":{"rendered":"\n<p>La gestora farmac\u00e9utica Droguer\u00edas y Farmacias Cruz Verde inform\u00f3 este lunes que, debido a la deuda que tiene la EPS Sanitas con esa empresa, a partir del pr\u00f3ximo mi\u00e9rcoles 15 de noviembre dejar\u00e1 de suministrar medicamentos que no hacen parte del Plan de Beneficios en Salud (PBS) a los afiliados de esa aseguradora.<\/p>\n\n\n\n<p>\u201cDesde la entrada en vigencia de la metodolog\u00eda de Presupuestos M\u00e1ximos en Colombia, EPS Sanitas ha venido acumulando mensualmente una cartera por concepto de medicamentos e insumos No PBS del orden de los 400 mil millones de pesos. Tras m\u00e1s de tres a\u00f1os de negociaciones y de diversas solicitudes planteadas a la EPS Sanitas para generar un pago de la cartera adeudada, a la fecha, no ha sido posible su saneamiento. Cruz Verde no ha recibido por parte de dicha EPS un plan de pago, y, a la vez, la aseguradora ha desatendido los acuerdos a los que se hab\u00eda comprometido, situaci\u00f3n que hace insostenible el suministro desde las perspectivas financiera, legal y t\u00e9cnica\u201d, indic\u00f3 la entidad en un comunicado.<\/p>\n\n\n\n<div data-wp-interactive=\"core\/file\" class=\"wp-block-file\"><object data-wp-bind--hidden=\"!state.hasPdfPreview\" hidden class=\"wp-block-file__embed\" data=\"https:\/\/luchonoticias.com\/wp-content\/uploads\/2023\/10\/COMUNICADO-DE-PRENSA-CRUZ-VERDE-DEFINITIVO-NO-PBS-SANITAS-APROBADO-CHILE-Y-MEXICO.pdf\" type=\"application\/pdf\" style=\"width:100%;height:600px\" aria-label=\"Incrustado de COMUNICADO-DE-PRENSA-CRUZ-VERDE-DEFINITIVO-NO-PBS-SANITAS-APROBADO-CHILE-Y-MEXICO.\"><\/object><a id=\"wp-block-file--media-3739c1c6-98a4-46ef-af81-3706c862d2b2\" href=\"https:\/\/luchonoticias.com\/wp-content\/uploads\/2023\/10\/COMUNICADO-DE-PRENSA-CRUZ-VERDE-DEFINITIVO-NO-PBS-SANITAS-APROBADO-CHILE-Y-MEXICO.pdf\">COMUNICADO-DE-PRENSA-CRUZ-VERDE-DEFINITIVO-NO-PBS-SANITAS-APROBADO-CHILE-Y-MEXICO<\/a><a href=\"https:\/\/luchonoticias.com\/wp-content\/uploads\/2023\/10\/COMUNICADO-DE-PRENSA-CRUZ-VERDE-DEFINITIVO-NO-PBS-SANITAS-APROBADO-CHILE-Y-MEXICO.pdf\" class=\"wp-block-file__button wp-element-button\" download aria-describedby=\"wp-block-file--media-3739c1c6-98a4-46ef-af81-3706c862d2b2\">Descarga<\/a><\/div>\n\n\n\n<p><strong>Respuesta de Sanitas<\/strong><\/p>\n\n\n\n<p>En un comunicado Sanitas responde con respecto a la notificaci\u00f3n de Cruz Verde sobre la suspensi\u00f3n del suministro de medicamentos NO incluidos en el Plan de Beneficios en Salud (PBS) a los usuarios, la EPS informa que:<\/p>\n\n\n\n<p>\u201cRechazamos la comunicaci\u00f3n de Cruz Verde por la afectaci\u00f3n que esto puede generar a nuestros afiliados, teniendo en cuenta que, seg\u00fan lo anuncian, esta decisi\u00f3n empezar\u00eda a regir a partir del pr\u00f3ximo 15 de noviembre.<\/p>\n","protected":false},"excerpt":{"rendered":"<p>La gestora farmac\u00e9utica Droguer\u00edas y Farmacias Cruz Verde inform\u00f3 este lunes que, debido a la deuda que tiene la EPS Sanitas con esa empresa, a partir del pr\u00f3ximo mi\u00e9rcoles 15 de noviembre dejar\u00e1 de suministrar medicamentos que no hacen parte del Plan de Beneficios en Salud (PBS) a los afiliados de esa aseguradora. \u201cDesde la [&hellip;]<\/p>\n","protected":false},"author":2,"featured_media":0,"comment_status":"open","ping_status":"open","sticky":false,"template":"","format":"standard","meta":{"footnotes":""},"categories":[28,36],"tags":[],"class_list":["post-63162","post","type-post","status-publish","format-standard","hentry","category-actualidad","category-destacado"],"yoast_head":"<!-- This site is optimized with the Yoast SEO plugin v26.6 - https:\/\/yoast.com\/wordpress\/plugins\/seo\/ -->\n<title>Cruz Verde suspende dispensaci\u00f3n de medicamentos no PBS a EPS Sanitas -<\/title>\n<meta name=\"robots\" content=\"index, follow, max-snippet:-1, max-image-preview:large, max-video-preview:-1\" \/>\n<link rel=\"canonical\" href=\"https:\/\/luchonoticias.com\/editor\/cruz-verde-suspende-dispensacion-de-medicamentos-no-pbs-a-eps-sanitas\/\" \/>\n<meta property=\"og:locale\" content=\"es_ES\" \/>\n<meta property=\"og:type\" content=\"article\" \/>\n<meta property=\"og:title\" content=\"Cruz Verde suspende dispensaci\u00f3n de medicamentos no PBS a EPS Sanitas -\" \/>\n<meta property=\"og:url\" content=\"https:\/\/luchonoticias.com\/editor\/cruz-verde-suspende-dispensacion-de-medicamentos-no-pbs-a-eps-sanitas\/\" \/>\n<meta property=\"article:publisher\" content=\"https:\/\/www.facebook.com\/luchonoticiasneiva\" \/>\n<meta property=\"article:published_time\" content=\"2023-10-31T15:33:41+00:00\" \/>\n<meta property=\"article:modified_time\" content=\"2023-10-31T15:33:42+00:00\" \/>\n<meta name=\"author\" content=\"Editor General\" \/>\n<meta name=\"twitter:card\" content=\"summary_large_image\" \/>\n<meta name=\"twitter:label1\" content=\"Escrito por\" \/>\n\t<meta name=\"twitter:data1\" content=\"Editor General\" \/>\n\t<meta name=\"twitter:label2\" content=\"Tiempo de lectura\" \/>\n\t<meta name=\"twitter:data2\" content=\"1 minuto\" \/>\n<script type=\"application\/ld+json\" class=\"yoast-schema-graph\">{\"@context\":\"https:\/\/schema.org\",\"@graph\":[{\"@type\":\"Article\",\"@id\":\"https:\/\/luchonoticias.com\/editor\/cruz-verde-suspende-dispensacion-de-medicamentos-no-pbs-a-eps-sanitas\/#article\",\"isPartOf\":{\"@id\":\"https:\/\/luchonoticias.com\/editor\/cruz-verde-suspende-dispensacion-de-medicamentos-no-pbs-a-eps-sanitas\/\"},\"author\":{\"name\":\"Editor General\",\"@id\":\"https:\/\/luchonoticias.com\/editor\/#\/schema\/person\/29217990ddf6f14e35912b2866d591fb\"},\"headline\":\"Cruz Verde suspende dispensaci\u00f3n de medicamentos no PBS a EPS Sanitas\",\"datePublished\":\"2023-10-31T15:33:41+00:00\",\"dateModified\":\"2023-10-31T15:33:42+00:00\",\"mainEntityOfPage\":{\"@id\":\"https:\/\/luchonoticias.com\/editor\/cruz-verde-suspende-dispensacion-de-medicamentos-no-pbs-a-eps-sanitas\/\"},\"wordCount\":278,\"commentCount\":0,\"publisher\":{\"@id\":\"https:\/\/luchonoticias.com\/editor\/#\/schema\/person\/7a7fd911f58561fd056dbac7b55af9cd\"},\"articleSection\":[\"Actualidad\",\"Destacado\"],\"inLanguage\":\"es\",\"potentialAction\":[{\"@type\":\"CommentAction\",\"name\":\"Comment\",\"target\":[\"https:\/\/luchonoticias.com\/editor\/cruz-verde-suspende-dispensacion-de-medicamentos-no-pbs-a-eps-sanitas\/#respond\"]}]},{\"@type\":\"WebPage\",\"@id\":\"https:\/\/luchonoticias.com\/editor\/cruz-verde-suspende-dispensacion-de-medicamentos-no-pbs-a-eps-sanitas\/\",\"url\":\"https:\/\/luchonoticias.com\/editor\/cruz-verde-suspende-dispensacion-de-medicamentos-no-pbs-a-eps-sanitas\/\",\"name\":\"Cruz Verde suspende dispensaci\u00f3n de medicamentos no PBS a EPS Sanitas -\",\"isPartOf\":{\"@id\":\"https:\/\/luchonoticias.com\/editor\/#website\"},\"datePublished\":\"2023-10-31T15:33:41+00:00\",\"dateModified\":\"2023-10-31T15:33:42+00:00\",\"breadcrumb\":{\"@id\":\"https:\/\/luchonoticias.com\/editor\/cruz-verde-suspende-dispensacion-de-medicamentos-no-pbs-a-eps-sanitas\/#breadcrumb\"},\"inLanguage\":\"es\",\"potentialAction\":[{\"@type\":\"ReadAction\",\"target\":[\"https:\/\/luchonoticias.com\/editor\/cruz-verde-suspende-dispensacion-de-medicamentos-no-pbs-a-eps-sanitas\/\"]}]},{\"@type\":\"BreadcrumbList\",\"@id\":\"https:\/\/luchonoticias.com\/editor\/cruz-verde-suspende-dispensacion-de-medicamentos-no-pbs-a-eps-sanitas\/#breadcrumb\",\"itemListElement\":[{\"@type\":\"ListItem\",\"position\":1,\"name\":\"Portada\",\"item\":\"https:\/\/luchonoticias.com\/editor\/\"},{\"@type\":\"ListItem\",\"position\":2,\"name\":\"Cruz Verde suspende dispensaci\u00f3n de medicamentos no PBS a EPS Sanitas\"}]},{\"@type\":\"WebSite\",\"@id\":\"https:\/\/luchonoticias.com\/editor\/#website\",\"url\":\"https:\/\/luchonoticias.com\/editor\/\",\"name\":\"\",\"description\":\"\",\"publisher\":{\"@id\":\"https:\/\/luchonoticias.com\/editor\/#\/schema\/person\/7a7fd911f58561fd056dbac7b55af9cd\"},\"potentialAction\":[{\"@type\":\"SearchAction\",\"target\":{\"@type\":\"EntryPoint\",\"urlTemplate\":\"https:\/\/luchonoticias.com\/editor\/?s={search_term_string}\"},\"query-input\":{\"@type\":\"PropertyValueSpecification\",\"valueRequired\":true,\"valueName\":\"search_term_string\"}}],\"inLanguage\":\"es\"},{\"@type\":[\"Person\",\"Organization\"],\"@id\":\"https:\/\/luchonoticias.com\/editor\/#\/schema\/person\/7a7fd911f58561fd056dbac7b55af9cd\",\"name\":\"admin\",\"image\":{\"@type\":\"ImageObject\",\"inLanguage\":\"es\",\"@id\":\"https:\/\/luchonoticias.com\/editor\/#\/schema\/person\/image\/\",\"url\":\"https:\/\/luchonoticias.com\/editor\/wp-content\/uploads\/2024\/02\/cropped-cropped-logolu.webp\",\"contentUrl\":\"https:\/\/luchonoticias.com\/editor\/wp-content\/uploads\/2024\/02\/cropped-cropped-logolu.webp\",\"width\":382,\"height\":170,\"caption\":\"admin\"},\"logo\":{\"@id\":\"https:\/\/luchonoticias.com\/editor\/#\/schema\/person\/image\/\"},\"sameAs\":[\"https:\/\/www.facebook.com\/luchonoticiasneiva\"]},{\"@type\":\"Person\",\"@id\":\"https:\/\/luchonoticias.com\/editor\/#\/schema\/person\/29217990ddf6f14e35912b2866d591fb\",\"name\":\"Editor General\",\"image\":{\"@type\":\"ImageObject\",\"inLanguage\":\"es\",\"@id\":\"https:\/\/luchonoticias.com\/editor\/#\/schema\/person\/image\/\",\"url\":\"https:\/\/luchonoticias.com\/editor\/wp-content\/uploads\/2024\/02\/cropped-cropped-logolu-150x150.webp\",\"contentUrl\":\"https:\/\/luchonoticias.com\/editor\/wp-content\/uploads\/2024\/02\/cropped-cropped-logolu-150x150.webp\",\"caption\":\"Editor General\"},\"sameAs\":[\"https:\/\/luchonoticias.com\/\"],\"url\":\"https:\/\/luchonoticias.com\/editor\/author\/editor-general\/\"}]}<\/script>\n<!-- \/ Yoast SEO plugin. -->","yoast_head_json":{"title":"Cruz Verde suspende dispensaci\u00f3n de medicamentos no PBS a EPS Sanitas -","robots":{"index":"index","follow":"follow","max-snippet":"max-snippet:-1","max-image-preview":"max-image-preview:large","max-video-preview":"max-video-preview:-1"},"canonical":"https:\/\/luchonoticias.com\/editor\/cruz-verde-suspende-dispensacion-de-medicamentos-no-pbs-a-eps-sanitas\/","og_locale":"es_ES","og_type":"article","og_title":"Cruz Verde suspende dispensaci\u00f3n de medicamentos no PBS a EPS Sanitas -","og_url":"https:\/\/luchonoticias.com\/editor\/cruz-verde-suspende-dispensacion-de-medicamentos-no-pbs-a-eps-sanitas\/","article_publisher":"https:\/\/www.facebook.com\/luchonoticiasneiva","article_published_time":"2023-10-31T15:33:41+00:00","article_modified_time":"2023-10-31T15:33:42+00:00","author":"Editor General","twitter_card":"summary_large_image","twitter_misc":{"Escrito por":"Editor General","Tiempo de lectura":"1 minuto"},"schema":{"@context":"https:\/\/schema.org","@graph":[{"@type":"Article","@id":"https:\/\/luchonoticias.com\/editor\/cruz-verde-suspende-dispensacion-de-medicamentos-no-pbs-a-eps-sanitas\/#article","isPartOf":{"@id":"https:\/\/luchonoticias.com\/editor\/cruz-verde-suspende-dispensacion-de-medicamentos-no-pbs-a-eps-sanitas\/"},"author":{"name":"Editor General","@id":"https:\/\/luchonoticias.com\/editor\/#\/schema\/person\/29217990ddf6f14e35912b2866d591fb"},"headline":"Cruz Verde suspende dispensaci\u00f3n de medicamentos no PBS a EPS Sanitas","datePublished":"2023-10-31T15:33:41+00:00","dateModified":"2023-10-31T15:33:42+00:00","mainEntityOfPage":{"@id":"https:\/\/luchonoticias.com\/editor\/cruz-verde-suspende-dispensacion-de-medicamentos-no-pbs-a-eps-sanitas\/"},"wordCount":278,"commentCount":0,"publisher":{"@id":"https:\/\/luchonoticias.com\/editor\/#\/schema\/person\/7a7fd911f58561fd056dbac7b55af9cd"},"articleSection":["Actualidad","Destacado"],"inLanguage":"es","potentialAction":[{"@type":"CommentAction","name":"Comment","target":["https:\/\/luchonoticias.com\/editor\/cruz-verde-suspende-dispensacion-de-medicamentos-no-pbs-a-eps-sanitas\/#respond"]}]},{"@type":"WebPage","@id":"https:\/\/luchonoticias.com\/editor\/cruz-verde-suspende-dispensacion-de-medicamentos-no-pbs-a-eps-sanitas\/","url":"https:\/\/luchonoticias.com\/editor\/cruz-verde-suspende-dispensacion-de-medicamentos-no-pbs-a-eps-sanitas\/","name":"Cruz Verde suspende dispensaci\u00f3n de medicamentos no PBS a EPS Sanitas -","isPartOf":{"@id":"https:\/\/luchonoticias.com\/editor\/#website"},"datePublished":"2023-10-31T15:33:41+00:00","dateModified":"2023-10-31T15:33:42+00:00","breadcrumb":{"@id":"https:\/\/luchonoticias.com\/editor\/cruz-verde-suspende-dispensacion-de-medicamentos-no-pbs-a-eps-sanitas\/#breadcrumb"},"inLanguage":"es","potentialAction":[{"@type":"ReadAction","target":["https:\/\/luchonoticias.com\/editor\/cruz-verde-suspende-dispensacion-de-medicamentos-no-pbs-a-eps-sanitas\/"]}]},{"@type":"BreadcrumbList","@id":"https:\/\/luchonoticias.com\/editor\/cruz-verde-suspende-dispensacion-de-medicamentos-no-pbs-a-eps-sanitas\/#breadcrumb","itemListElement":[{"@type":"ListItem","position":1,"name":"Portada","item":"https:\/\/luchonoticias.com\/editor\/"},{"@type":"ListItem","position":2,"name":"Cruz Verde suspende dispensaci\u00f3n de medicamentos no PBS a EPS Sanitas"}]},{"@type":"WebSite","@id":"https:\/\/luchonoticias.com\/editor\/#website","url":"https:\/\/luchonoticias.com\/editor\/","name":"","description":"","publisher":{"@id":"https:\/\/luchonoticias.com\/editor\/#\/schema\/person\/7a7fd911f58561fd056dbac7b55af9cd"},"potentialAction":[{"@type":"SearchAction","target":{"@type":"EntryPoint","urlTemplate":"https:\/\/luchonoticias.com\/editor\/?s={search_term_string}"},"query-input":{"@type":"PropertyValueSpecification","valueRequired":true,"valueName":"search_term_string"}}],"inLanguage":"es"},{"@type":["Person","Organization"],"@id":"https:\/\/luchonoticias.com\/editor\/#\/schema\/person\/7a7fd911f58561fd056dbac7b55af9cd","name":"admin","image":{"@type":"ImageObject","inLanguage":"es","@id":"https:\/\/luchonoticias.com\/editor\/#\/schema\/person\/image\/","url":"https:\/\/luchonoticias.com\/editor\/wp-content\/uploads\/2024\/02\/cropped-cropped-logolu.webp","contentUrl":"https:\/\/luchonoticias.com\/editor\/wp-content\/uploads\/2024\/02\/cropped-cropped-logolu.webp","width":382,"height":170,"caption":"admin"},"logo":{"@id":"https:\/\/luchonoticias.com\/editor\/#\/schema\/person\/image\/"},"sameAs":["https:\/\/www.facebook.com\/luchonoticiasneiva"]},{"@type":"Person","@id":"https:\/\/luchonoticias.com\/editor\/#\/schema\/person\/29217990ddf6f14e35912b2866d591fb","name":"Editor General","image":{"@type":"ImageObject","inLanguage":"es","@id":"https:\/\/luchonoticias.com\/editor\/#\/schema\/person\/image\/","url":"https:\/\/luchonoticias.com\/editor\/wp-content\/uploads\/2024\/02\/cropped-cropped-logolu-150x150.webp","contentUrl":"https:\/\/luchonoticias.com\/editor\/wp-content\/uploads\/2024\/02\/cropped-cropped-logolu-150x150.webp","caption":"Editor General"},"sameAs":["https:\/\/luchonoticias.com\/"],"url":"https:\/\/luchonoticias.com\/editor\/author\/editor-general\/"}]}},"_links":{"self":[{"href":"https:\/\/luchonoticias.com\/editor\/wp-json\/wp\/v2\/posts\/63162","targetHints":{"allow":["GET"]}}],"collection":[{"href":"https:\/\/luchonoticias.com\/editor\/wp-json\/wp\/v2\/posts"}],"about":[{"href":"https:\/\/luchonoticias.com\/editor\/wp-json\/wp\/v2\/types\/post"}],"author":[{"embeddable":true,"href":"https:\/\/luchonoticias.com\/editor\/wp-json\/wp\/v2\/users\/2"}],"replies":[{"embeddable":true,"href":"https:\/\/luchonoticias.com\/editor\/wp-json\/wp\/v2\/comments?post=63162"}],"version-history":[{"count":0,"href":"https:\/\/luchonoticias.com\/editor\/wp-json\/wp\/v2\/posts\/63162\/revisions"}],"wp:attachment":[{"href":"https:\/\/luchonoticias.com\/editor\/wp-json\/wp\/v2\/media?parent=63162"}],"wp:term":[{"taxonomy":"category","embeddable":true,"href":"https:\/\/luchonoticias.com\/editor\/wp-json\/wp\/v2\/categories?post=63162"},{"taxonomy":"post_tag","embeddable":true,"href":"https:\/\/luchonoticias.com\/editor\/wp-json\/wp\/v2\/tags?post=63162"}],"curies":[{"name":"wp","href":"https:\/\/api.w.org\/{rel}","templated":true}]}}