{"id":63308,"date":"2023-11-02T14:49:14","date_gmt":"2023-11-02T19:49:14","guid":{"rendered":"https:\/\/luchonoticias.com\/?p=63308"},"modified":"2023-11-02T14:49:15","modified_gmt":"2023-11-02T19:49:15","slug":"gobierno-nacional-exige-al-eln-liberacion-inmediata-del-papa-del-futbolista-luis-diaz","status":"publish","type":"post","link":"https:\/\/luchonoticias.com\/editor\/gobierno-nacional-exige-al-eln-liberacion-inmediata-del-papa-del-futbolista-luis-diaz\/","title":{"rendered":"Gobierno Nacional exige al ELN liberaci\u00f3n inmediata del pap\u00e1 del futbolista Luis D\u00edaz"},"content":{"rendered":"\n<p>El Gobierno Nacional anunci\u00f3 que la guerrilla del ELN tiene secuestrado a Luis Manuel D\u00edaz, el pap\u00e1 del futbolista Luis D\u00edaz, y le exigi\u00f3 al grupo armado la liberaci\u00f3n inmediata del ciudadano.<\/p>\n\n\n\n<p>As\u00ed lo dio a conocer este jueves el jefe de la delegaci\u00f3n del Gobierno Nacional en los Di\u00e1logos de Paz con el ELN, Otty Pati\u00f1o, a trav\u00e9s de un comunicado revelado a la opini\u00f3n p\u00fablica.<\/p>\n\n\n\n<p>\u201cAl ELN le exigimos poner en libertad en forma inmediata al se\u00f1or Luis Manuel D\u00edaz y le ponemos de presente que es su entera responsabilidad garantizar su vida e integridad\u00bb, dice un aparte del documento firmado por Pati\u00f1o.<\/p>\n\n\n\n<p>El secuestro de Luis Manuel D\u00edaz fue perpetrado el pasado 28 de octubre, en el municipio de Barrancas, departamento de La Guajira, junto a su esposa Cilenis Marulanda, madre del jugador de la Selecci\u00f3n Colombia.<\/p>\n\n\n\n<p>\u201cEn el d\u00eda de hoy hemos tenido conocimiento oficial de que el secuestro fue perpetrado por una unidad perteneciente al ELN. A pesar de que la se\u00f1ora Marulanda fue liberada pocas horas despu\u00e9s, el padre del jugador lleva cinco d\u00edas secuestrado\u00bb, sostuvo el jefe de la delegaci\u00f3n.<\/p>\n\n\n\n<p>\u201cLe recordamos al ELN que el secuestro es una pr\u00e1ctica criminal, violatoria del Derecho Internacional Humanitario, y que es su deber en el desarrollo del actual proceso de paz no solo dejar de ejecutarla, sino adem\u00e1s eliminarla para siempre\u00bb, agreg\u00f3.<\/p>\n\n\n\n<p>Manifest\u00f3 que el caso del secuestro ser\u00e1 presentado ante el Mecanismo de Monitoreo y Verificaci\u00f3n del cese al fuego vigente.<\/p>\n\n\n\n<p>La delegaci\u00f3n \u201crealizar\u00e1 todas las acciones necesarias para lograr la lib\u200beraci\u00f3n inmediata y con garant\u00eda de la vida e integridad del se\u00f1or D\u00edaz\u00bb.<\/p>\n","protected":false},"excerpt":{"rendered":"<p>El Gobierno Nacional anunci\u00f3 que la guerrilla del ELN tiene secuestrado a Luis Manuel D\u00edaz, el pap\u00e1 del futbolista Luis D\u00edaz, y le exigi\u00f3 al grupo armado la liberaci\u00f3n inmediata del ciudadano. As\u00ed lo dio a conocer este jueves el jefe de la delegaci\u00f3n del Gobierno Nacional en los Di\u00e1logos de Paz con el ELN, [&hellip;]<\/p>\n","protected":false},"author":2,"featured_media":0,"comment_status":"open","ping_status":"open","sticky":false,"template":"","format":"standard","meta":{"footnotes":""},"categories":[36,32],"tags":[],"class_list":["post-63308","post","type-post","status-publish","format-standard","hentry","category-destacado","category-nacional"],"yoast_head":"<!-- This site is optimized with the Yoast SEO plugin v26.6 - https:\/\/yoast.com\/wordpress\/plugins\/seo\/ -->\n<title>Gobierno Nacional exige al ELN liberaci\u00f3n inmediata del pap\u00e1 del futbolista Luis D\u00edaz -<\/title>\n<meta name=\"robots\" content=\"index, follow, max-snippet:-1, max-image-preview:large, max-video-preview:-1\" \/>\n<link rel=\"canonical\" href=\"https:\/\/luchonoticias.com\/editor\/gobierno-nacional-exige-al-eln-liberacion-inmediata-del-papa-del-futbolista-luis-diaz\/\" \/>\n<meta property=\"og:locale\" content=\"es_ES\" \/>\n<meta property=\"og:type\" content=\"article\" \/>\n<meta property=\"og:title\" content=\"Gobierno Nacional exige al ELN liberaci\u00f3n inmediata del pap\u00e1 del futbolista Luis D\u00edaz -\" \/>\n<meta property=\"og:url\" content=\"https:\/\/luchonoticias.com\/editor\/gobierno-nacional-exige-al-eln-liberacion-inmediata-del-papa-del-futbolista-luis-diaz\/\" \/>\n<meta property=\"article:publisher\" content=\"https:\/\/www.facebook.com\/luchonoticiasneiva\" \/>\n<meta property=\"article:published_time\" content=\"2023-11-02T19:49:14+00:00\" \/>\n<meta property=\"article:modified_time\" content=\"2023-11-02T19:49:15+00:00\" \/>\n<meta name=\"author\" content=\"Editor General\" \/>\n<meta name=\"twitter:card\" content=\"summary_large_image\" \/>\n<meta name=\"twitter:label1\" content=\"Escrito por\" \/>\n\t<meta name=\"twitter:data1\" content=\"Editor General\" \/>\n\t<meta name=\"twitter:label2\" content=\"Tiempo de lectura\" \/>\n\t<meta name=\"twitter:data2\" content=\"1 minuto\" \/>\n<script type=\"application\/ld+json\" class=\"yoast-schema-graph\">{\"@context\":\"https:\/\/schema.org\",\"@graph\":[{\"@type\":\"Article\",\"@id\":\"https:\/\/luchonoticias.com\/editor\/gobierno-nacional-exige-al-eln-liberacion-inmediata-del-papa-del-futbolista-luis-diaz\/#article\",\"isPartOf\":{\"@id\":\"https:\/\/luchonoticias.com\/editor\/gobierno-nacional-exige-al-eln-liberacion-inmediata-del-papa-del-futbolista-luis-diaz\/\"},\"author\":{\"name\":\"Editor General\",\"@id\":\"https:\/\/luchonoticias.com\/editor\/#\/schema\/person\/29217990ddf6f14e35912b2866d591fb\"},\"headline\":\"Gobierno Nacional exige al ELN liberaci\u00f3n inmediata del pap\u00e1 del futbolista Luis D\u00edaz\",\"datePublished\":\"2023-11-02T19:49:14+00:00\",\"dateModified\":\"2023-11-02T19:49:15+00:00\",\"mainEntityOfPage\":{\"@id\":\"https:\/\/luchonoticias.com\/editor\/gobierno-nacional-exige-al-eln-liberacion-inmediata-del-papa-del-futbolista-luis-diaz\/\"},\"wordCount\":312,\"commentCount\":0,\"publisher\":{\"@id\":\"https:\/\/luchonoticias.com\/editor\/#\/schema\/person\/7a7fd911f58561fd056dbac7b55af9cd\"},\"articleSection\":[\"Destacado\",\"Nacional\"],\"inLanguage\":\"es\",\"potentialAction\":[{\"@type\":\"CommentAction\",\"name\":\"Comment\",\"target\":[\"https:\/\/luchonoticias.com\/editor\/gobierno-nacional-exige-al-eln-liberacion-inmediata-del-papa-del-futbolista-luis-diaz\/#respond\"]}]},{\"@type\":\"WebPage\",\"@id\":\"https:\/\/luchonoticias.com\/editor\/gobierno-nacional-exige-al-eln-liberacion-inmediata-del-papa-del-futbolista-luis-diaz\/\",\"url\":\"https:\/\/luchonoticias.com\/editor\/gobierno-nacional-exige-al-eln-liberacion-inmediata-del-papa-del-futbolista-luis-diaz\/\",\"name\":\"Gobierno Nacional exige al ELN liberaci\u00f3n inmediata del pap\u00e1 del futbolista Luis D\u00edaz -\",\"isPartOf\":{\"@id\":\"https:\/\/luchonoticias.com\/editor\/#website\"},\"datePublished\":\"2023-11-02T19:49:14+00:00\",\"dateModified\":\"2023-11-02T19:49:15+00:00\",\"breadcrumb\":{\"@id\":\"https:\/\/luchonoticias.com\/editor\/gobierno-nacional-exige-al-eln-liberacion-inmediata-del-papa-del-futbolista-luis-diaz\/#breadcrumb\"},\"inLanguage\":\"es\",\"potentialAction\":[{\"@type\":\"ReadAction\",\"target\":[\"https:\/\/luchonoticias.com\/editor\/gobierno-nacional-exige-al-eln-liberacion-inmediata-del-papa-del-futbolista-luis-diaz\/\"]}]},{\"@type\":\"BreadcrumbList\",\"@id\":\"https:\/\/luchonoticias.com\/editor\/gobierno-nacional-exige-al-eln-liberacion-inmediata-del-papa-del-futbolista-luis-diaz\/#breadcrumb\",\"itemListElement\":[{\"@type\":\"ListItem\",\"position\":1,\"name\":\"Portada\",\"item\":\"https:\/\/luchonoticias.com\/editor\/\"},{\"@type\":\"ListItem\",\"position\":2,\"name\":\"Gobierno Nacional exige al ELN liberaci\u00f3n inmediata del pap\u00e1 del futbolista Luis D\u00edaz\"}]},{\"@type\":\"WebSite\",\"@id\":\"https:\/\/luchonoticias.com\/editor\/#website\",\"url\":\"https:\/\/luchonoticias.com\/editor\/\",\"name\":\"\",\"description\":\"\",\"publisher\":{\"@id\":\"https:\/\/luchonoticias.com\/editor\/#\/schema\/person\/7a7fd911f58561fd056dbac7b55af9cd\"},\"potentialAction\":[{\"@type\":\"SearchAction\",\"target\":{\"@type\":\"EntryPoint\",\"urlTemplate\":\"https:\/\/luchonoticias.com\/editor\/?s={search_term_string}\"},\"query-input\":{\"@type\":\"PropertyValueSpecification\",\"valueRequired\":true,\"valueName\":\"search_term_string\"}}],\"inLanguage\":\"es\"},{\"@type\":[\"Person\",\"Organization\"],\"@id\":\"https:\/\/luchonoticias.com\/editor\/#\/schema\/person\/7a7fd911f58561fd056dbac7b55af9cd\",\"name\":\"admin\",\"image\":{\"@type\":\"ImageObject\",\"inLanguage\":\"es\",\"@id\":\"https:\/\/luchonoticias.com\/editor\/#\/schema\/person\/image\/\",\"url\":\"https:\/\/luchonoticias.com\/editor\/wp-content\/uploads\/2024\/02\/cropped-cropped-logolu.webp\",\"contentUrl\":\"https:\/\/luchonoticias.com\/editor\/wp-content\/uploads\/2024\/02\/cropped-cropped-logolu.webp\",\"width\":382,\"height\":170,\"caption\":\"admin\"},\"logo\":{\"@id\":\"https:\/\/luchonoticias.com\/editor\/#\/schema\/person\/image\/\"},\"sameAs\":[\"https:\/\/www.facebook.com\/luchonoticiasneiva\"]},{\"@type\":\"Person\",\"@id\":\"https:\/\/luchonoticias.com\/editor\/#\/schema\/person\/29217990ddf6f14e35912b2866d591fb\",\"name\":\"Editor General\",\"image\":{\"@type\":\"ImageObject\",\"inLanguage\":\"es\",\"@id\":\"https:\/\/luchonoticias.com\/editor\/#\/schema\/person\/image\/\",\"url\":\"https:\/\/luchonoticias.com\/editor\/wp-content\/uploads\/2024\/02\/cropped-cropped-logolu-150x150.webp\",\"contentUrl\":\"https:\/\/luchonoticias.com\/editor\/wp-content\/uploads\/2024\/02\/cropped-cropped-logolu-150x150.webp\",\"caption\":\"Editor General\"},\"sameAs\":[\"https:\/\/luchonoticias.com\/\"],\"url\":\"https:\/\/luchonoticias.com\/editor\/author\/editor-general\/\"}]}<\/script>\n<!-- \/ Yoast SEO plugin. -->","yoast_head_json":{"title":"Gobierno Nacional exige al ELN liberaci\u00f3n inmediata del pap\u00e1 del futbolista Luis D\u00edaz -","robots":{"index":"index","follow":"follow","max-snippet":"max-snippet:-1","max-image-preview":"max-image-preview:large","max-video-preview":"max-video-preview:-1"},"canonical":"https:\/\/luchonoticias.com\/editor\/gobierno-nacional-exige-al-eln-liberacion-inmediata-del-papa-del-futbolista-luis-diaz\/","og_locale":"es_ES","og_type":"article","og_title":"Gobierno Nacional exige al ELN liberaci\u00f3n inmediata del pap\u00e1 del futbolista Luis D\u00edaz -","og_url":"https:\/\/luchonoticias.com\/editor\/gobierno-nacional-exige-al-eln-liberacion-inmediata-del-papa-del-futbolista-luis-diaz\/","article_publisher":"https:\/\/www.facebook.com\/luchonoticiasneiva","article_published_time":"2023-11-02T19:49:14+00:00","article_modified_time":"2023-11-02T19:49:15+00:00","author":"Editor General","twitter_card":"summary_large_image","twitter_misc":{"Escrito por":"Editor General","Tiempo de lectura":"1 minuto"},"schema":{"@context":"https:\/\/schema.org","@graph":[{"@type":"Article","@id":"https:\/\/luchonoticias.com\/editor\/gobierno-nacional-exige-al-eln-liberacion-inmediata-del-papa-del-futbolista-luis-diaz\/#article","isPartOf":{"@id":"https:\/\/luchonoticias.com\/editor\/gobierno-nacional-exige-al-eln-liberacion-inmediata-del-papa-del-futbolista-luis-diaz\/"},"author":{"name":"Editor General","@id":"https:\/\/luchonoticias.com\/editor\/#\/schema\/person\/29217990ddf6f14e35912b2866d591fb"},"headline":"Gobierno Nacional exige al ELN liberaci\u00f3n inmediata del pap\u00e1 del futbolista Luis D\u00edaz","datePublished":"2023-11-02T19:49:14+00:00","dateModified":"2023-11-02T19:49:15+00:00","mainEntityOfPage":{"@id":"https:\/\/luchonoticias.com\/editor\/gobierno-nacional-exige-al-eln-liberacion-inmediata-del-papa-del-futbolista-luis-diaz\/"},"wordCount":312,"commentCount":0,"publisher":{"@id":"https:\/\/luchonoticias.com\/editor\/#\/schema\/person\/7a7fd911f58561fd056dbac7b55af9cd"},"articleSection":["Destacado","Nacional"],"inLanguage":"es","potentialAction":[{"@type":"CommentAction","name":"Comment","target":["https:\/\/luchonoticias.com\/editor\/gobierno-nacional-exige-al-eln-liberacion-inmediata-del-papa-del-futbolista-luis-diaz\/#respond"]}]},{"@type":"WebPage","@id":"https:\/\/luchonoticias.com\/editor\/gobierno-nacional-exige-al-eln-liberacion-inmediata-del-papa-del-futbolista-luis-diaz\/","url":"https:\/\/luchonoticias.com\/editor\/gobierno-nacional-exige-al-eln-liberacion-inmediata-del-papa-del-futbolista-luis-diaz\/","name":"Gobierno Nacional exige al ELN liberaci\u00f3n inmediata del pap\u00e1 del futbolista Luis D\u00edaz -","isPartOf":{"@id":"https:\/\/luchonoticias.com\/editor\/#website"},"datePublished":"2023-11-02T19:49:14+00:00","dateModified":"2023-11-02T19:49:15+00:00","breadcrumb":{"@id":"https:\/\/luchonoticias.com\/editor\/gobierno-nacional-exige-al-eln-liberacion-inmediata-del-papa-del-futbolista-luis-diaz\/#breadcrumb"},"inLanguage":"es","potentialAction":[{"@type":"ReadAction","target":["https:\/\/luchonoticias.com\/editor\/gobierno-nacional-exige-al-eln-liberacion-inmediata-del-papa-del-futbolista-luis-diaz\/"]}]},{"@type":"BreadcrumbList","@id":"https:\/\/luchonoticias.com\/editor\/gobierno-nacional-exige-al-eln-liberacion-inmediata-del-papa-del-futbolista-luis-diaz\/#breadcrumb","itemListElement":[{"@type":"ListItem","position":1,"name":"Portada","item":"https:\/\/luchonoticias.com\/editor\/"},{"@type":"ListItem","position":2,"name":"Gobierno Nacional exige al ELN liberaci\u00f3n inmediata del pap\u00e1 del futbolista Luis D\u00edaz"}]},{"@type":"WebSite","@id":"https:\/\/luchonoticias.com\/editor\/#website","url":"https:\/\/luchonoticias.com\/editor\/","name":"","description":"","publisher":{"@id":"https:\/\/luchonoticias.com\/editor\/#\/schema\/person\/7a7fd911f58561fd056dbac7b55af9cd"},"potentialAction":[{"@type":"SearchAction","target":{"@type":"EntryPoint","urlTemplate":"https:\/\/luchonoticias.com\/editor\/?s={search_term_string}"},"query-input":{"@type":"PropertyValueSpecification","valueRequired":true,"valueName":"search_term_string"}}],"inLanguage":"es"},{"@type":["Person","Organization"],"@id":"https:\/\/luchonoticias.com\/editor\/#\/schema\/person\/7a7fd911f58561fd056dbac7b55af9cd","name":"admin","image":{"@type":"ImageObject","inLanguage":"es","@id":"https:\/\/luchonoticias.com\/editor\/#\/schema\/person\/image\/","url":"https:\/\/luchonoticias.com\/editor\/wp-content\/uploads\/2024\/02\/cropped-cropped-logolu.webp","contentUrl":"https:\/\/luchonoticias.com\/editor\/wp-content\/uploads\/2024\/02\/cropped-cropped-logolu.webp","width":382,"height":170,"caption":"admin"},"logo":{"@id":"https:\/\/luchonoticias.com\/editor\/#\/schema\/person\/image\/"},"sameAs":["https:\/\/www.facebook.com\/luchonoticiasneiva"]},{"@type":"Person","@id":"https:\/\/luchonoticias.com\/editor\/#\/schema\/person\/29217990ddf6f14e35912b2866d591fb","name":"Editor General","image":{"@type":"ImageObject","inLanguage":"es","@id":"https:\/\/luchonoticias.com\/editor\/#\/schema\/person\/image\/","url":"https:\/\/luchonoticias.com\/editor\/wp-content\/uploads\/2024\/02\/cropped-cropped-logolu-150x150.webp","contentUrl":"https:\/\/luchonoticias.com\/editor\/wp-content\/uploads\/2024\/02\/cropped-cropped-logolu-150x150.webp","caption":"Editor General"},"sameAs":["https:\/\/luchonoticias.com\/"],"url":"https:\/\/luchonoticias.com\/editor\/author\/editor-general\/"}]}},"_links":{"self":[{"href":"https:\/\/luchonoticias.com\/editor\/wp-json\/wp\/v2\/posts\/63308","targetHints":{"allow":["GET"]}}],"collection":[{"href":"https:\/\/luchonoticias.com\/editor\/wp-json\/wp\/v2\/posts"}],"about":[{"href":"https:\/\/luchonoticias.com\/editor\/wp-json\/wp\/v2\/types\/post"}],"author":[{"embeddable":true,"href":"https:\/\/luchonoticias.com\/editor\/wp-json\/wp\/v2\/users\/2"}],"replies":[{"embeddable":true,"href":"https:\/\/luchonoticias.com\/editor\/wp-json\/wp\/v2\/comments?post=63308"}],"version-history":[{"count":0,"href":"https:\/\/luchonoticias.com\/editor\/wp-json\/wp\/v2\/posts\/63308\/revisions"}],"wp:attachment":[{"href":"https:\/\/luchonoticias.com\/editor\/wp-json\/wp\/v2\/media?parent=63308"}],"wp:term":[{"taxonomy":"category","embeddable":true,"href":"https:\/\/luchonoticias.com\/editor\/wp-json\/wp\/v2\/categories?post=63308"},{"taxonomy":"post_tag","embeddable":true,"href":"https:\/\/luchonoticias.com\/editor\/wp-json\/wp\/v2\/tags?post=63308"}],"curies":[{"name":"wp","href":"https:\/\/api.w.org\/{rel}","templated":true}]}}