{"id":64193,"date":"2023-11-19T08:19:47","date_gmt":"2023-11-19T13:19:47","guid":{"rendered":"https:\/\/luchonoticias.com\/?p=64193"},"modified":"2023-11-19T08:19:48","modified_gmt":"2023-11-19T13:19:48","slug":"comision-de-la-mujer-del-senado-exigen-mayores-acciones-contra-la-explotacion-sexual-de-la-infancia-colombiana","status":"publish","type":"post","link":"https:\/\/luchonoticias.com\/editor\/comision-de-la-mujer-del-senado-exigen-mayores-acciones-contra-la-explotacion-sexual-de-la-infancia-colombiana\/","title":{"rendered":"Comisi\u00f3n de la Mujer del Senado, exigen mayores acciones contra la explotaci\u00f3n sexual de la infancia colombiana"},"content":{"rendered":"\n<p>La degradaci\u00f3n sexual en zonas de frontera, especialmente contra ni\u00f1os, ni\u00f1as y adolescentes, se ha acentuado en los \u00faltimos tiempos por lo que en el Senado de la Rep\u00fablica se ha exigido hacerle seguimiento a ese tema.<\/p>\n\n\n\n<p>Felipe Cort\u00e9s, director de Incidencia Save The Children denunci\u00f3 que en los \u00faltimos 10 a\u00f1os 135 mil menores de edad de ambos sexos y adolescentes, han sido v\u00edctimas de violencia sexual, en donde la explotaci\u00f3n se ha convertido en una problem\u00e1tica.<\/p>\n\n\n\n<p>Expres\u00f3 que una de las regiones m\u00e1s afectadas es el Departamento de La Guajira con un incremento de 248%, all\u00ed la alta migraci\u00f3n convierte esos espacios propicios para que se atente contra los menores de edad.<\/p>\n\n\n\n<p>Sobre el tema tambi\u00e9n habl\u00f3 Emma Alarc\u00f3n, enlace del Departamento de Infancia y Adolescencia del Departamento del Vichada, se\u00f1alando que se han presentado miles de necesidades por fen\u00f3menos como \u201cla alta permanencia en calle, vida en calle que incrementa la explotaci\u00f3n sexual en menores de edad\u201d.<\/p>\n\n\n\n<p>Karoline Inchima, enlace del Departamento de Infancia y Adolescencia, denunci\u00f3 que solamente este a\u00f1o en el Departamento del Putumayo se han registrado 330 casos de violencia sexual sin que las autoridades act\u00faen para enfrentar este problema<\/p>\n\n\n\n<p>Ante este panorama descrito, Senadoras de la Comisi\u00f3n de la Mujer exigieron mayores acciones para proteger a los menores de todo tipo de violencia<\/p>\n\n\n\n<p>Lorena R\u00edos, del partido Colombia Justa Libres, pidi\u00f3 ampliar las capacidades de atenci\u00f3n que tiene el Instituto Colombianos de Bienestar Familiar para brindar atenci\u00f3n oportuna y un debido restablecimiento de los derechos de los menores que sean v\u00edctimas de trata.<\/p>\n\n\n\n<p>Una de las propuestas para atender a la ni\u00f1ez es articular acciones con todas las entidades para fortalecer las rutas de servicios que permitan su protecci\u00f3n<\/p>\n\n\n\n<p>Por su parte la senadora A\u00edda Abella del partido Uni\u00f3n Patri\u00f3tica concluyo que se va a procurar con todas las entidades atender esta problem\u00e1tica, \u201cmirando c\u00f3mo, entre todos, podemos frenar este fen\u00f3meno y m\u00e1s bien proteger a los ni\u00f1os\u201d.<\/p>\n\n\n\n<p>De acuerdo con datos de las autoridades Bogot\u00e1, Guaviare y Caldas son las zonas del pa\u00eds donde este a\u00f1o se han registrado los mayores casos de violencia sexual infantil.<\/p>\n","protected":false},"excerpt":{"rendered":"<p>La degradaci\u00f3n sexual en zonas de frontera, especialmente contra ni\u00f1os, ni\u00f1as y adolescentes, se ha acentuado en los \u00faltimos tiempos por lo que en el Senado de la Rep\u00fablica se ha exigido hacerle seguimiento a ese tema. Felipe Cort\u00e9s, director de Incidencia Save The Children denunci\u00f3 que en los \u00faltimos 10 a\u00f1os 135 mil menores [&hellip;]<\/p>\n","protected":false},"author":2,"featured_media":0,"comment_status":"open","ping_status":"open","sticky":false,"template":"","format":"standard","meta":{"footnotes":""},"categories":[36,617],"tags":[],"class_list":["post-64193","post","type-post","status-publish","format-standard","hentry","category-destacado","category-politica"],"yoast_head":"<!-- This site is optimized with the Yoast SEO plugin v26.6 - https:\/\/yoast.com\/wordpress\/plugins\/seo\/ -->\n<title>Comisi\u00f3n de la Mujer del Senado, exigen mayores acciones contra la explotaci\u00f3n sexual de la infancia colombiana -<\/title>\n<meta name=\"robots\" content=\"index, follow, max-snippet:-1, max-image-preview:large, max-video-preview:-1\" \/>\n<link rel=\"canonical\" href=\"https:\/\/luchonoticias.com\/editor\/comision-de-la-mujer-del-senado-exigen-mayores-acciones-contra-la-explotacion-sexual-de-la-infancia-colombiana\/\" \/>\n<meta property=\"og:locale\" content=\"es_ES\" \/>\n<meta property=\"og:type\" content=\"article\" \/>\n<meta property=\"og:title\" content=\"Comisi\u00f3n de la Mujer del Senado, exigen mayores acciones contra la explotaci\u00f3n sexual de la infancia colombiana -\" \/>\n<meta property=\"og:url\" content=\"https:\/\/luchonoticias.com\/editor\/comision-de-la-mujer-del-senado-exigen-mayores-acciones-contra-la-explotacion-sexual-de-la-infancia-colombiana\/\" \/>\n<meta property=\"article:publisher\" content=\"https:\/\/www.facebook.com\/luchonoticiasneiva\" \/>\n<meta property=\"article:published_time\" content=\"2023-11-19T13:19:47+00:00\" \/>\n<meta property=\"article:modified_time\" content=\"2023-11-19T13:19:48+00:00\" \/>\n<meta name=\"author\" content=\"Editor General\" \/>\n<meta name=\"twitter:card\" content=\"summary_large_image\" \/>\n<meta name=\"twitter:label1\" content=\"Escrito por\" \/>\n\t<meta name=\"twitter:data1\" content=\"Editor General\" \/>\n\t<meta name=\"twitter:label2\" content=\"Tiempo de lectura\" \/>\n\t<meta name=\"twitter:data2\" content=\"2 minutos\" \/>\n<script type=\"application\/ld+json\" class=\"yoast-schema-graph\">{\"@context\":\"https:\/\/schema.org\",\"@graph\":[{\"@type\":\"Article\",\"@id\":\"https:\/\/luchonoticias.com\/editor\/comision-de-la-mujer-del-senado-exigen-mayores-acciones-contra-la-explotacion-sexual-de-la-infancia-colombiana\/#article\",\"isPartOf\":{\"@id\":\"https:\/\/luchonoticias.com\/editor\/comision-de-la-mujer-del-senado-exigen-mayores-acciones-contra-la-explotacion-sexual-de-la-infancia-colombiana\/\"},\"author\":{\"name\":\"Editor General\",\"@id\":\"https:\/\/luchonoticias.com\/editor\/#\/schema\/person\/29217990ddf6f14e35912b2866d591fb\"},\"headline\":\"Comisi\u00f3n de la Mujer del Senado, exigen mayores acciones contra la explotaci\u00f3n sexual de la infancia colombiana\",\"datePublished\":\"2023-11-19T13:19:47+00:00\",\"dateModified\":\"2023-11-19T13:19:48+00:00\",\"mainEntityOfPage\":{\"@id\":\"https:\/\/luchonoticias.com\/editor\/comision-de-la-mujer-del-senado-exigen-mayores-acciones-contra-la-explotacion-sexual-de-la-infancia-colombiana\/\"},\"wordCount\":404,\"commentCount\":0,\"publisher\":{\"@id\":\"https:\/\/luchonoticias.com\/editor\/#\/schema\/person\/7a7fd911f58561fd056dbac7b55af9cd\"},\"articleSection\":[\"Destacado\",\"Pol\u00edtica\"],\"inLanguage\":\"es\",\"potentialAction\":[{\"@type\":\"CommentAction\",\"name\":\"Comment\",\"target\":[\"https:\/\/luchonoticias.com\/editor\/comision-de-la-mujer-del-senado-exigen-mayores-acciones-contra-la-explotacion-sexual-de-la-infancia-colombiana\/#respond\"]}]},{\"@type\":\"WebPage\",\"@id\":\"https:\/\/luchonoticias.com\/editor\/comision-de-la-mujer-del-senado-exigen-mayores-acciones-contra-la-explotacion-sexual-de-la-infancia-colombiana\/\",\"url\":\"https:\/\/luchonoticias.com\/editor\/comision-de-la-mujer-del-senado-exigen-mayores-acciones-contra-la-explotacion-sexual-de-la-infancia-colombiana\/\",\"name\":\"Comisi\u00f3n de la Mujer del Senado, exigen mayores acciones contra la explotaci\u00f3n sexual de la infancia colombiana -\",\"isPartOf\":{\"@id\":\"https:\/\/luchonoticias.com\/editor\/#website\"},\"datePublished\":\"2023-11-19T13:19:47+00:00\",\"dateModified\":\"2023-11-19T13:19:48+00:00\",\"breadcrumb\":{\"@id\":\"https:\/\/luchonoticias.com\/editor\/comision-de-la-mujer-del-senado-exigen-mayores-acciones-contra-la-explotacion-sexual-de-la-infancia-colombiana\/#breadcrumb\"},\"inLanguage\":\"es\",\"potentialAction\":[{\"@type\":\"ReadAction\",\"target\":[\"https:\/\/luchonoticias.com\/editor\/comision-de-la-mujer-del-senado-exigen-mayores-acciones-contra-la-explotacion-sexual-de-la-infancia-colombiana\/\"]}]},{\"@type\":\"BreadcrumbList\",\"@id\":\"https:\/\/luchonoticias.com\/editor\/comision-de-la-mujer-del-senado-exigen-mayores-acciones-contra-la-explotacion-sexual-de-la-infancia-colombiana\/#breadcrumb\",\"itemListElement\":[{\"@type\":\"ListItem\",\"position\":1,\"name\":\"Portada\",\"item\":\"https:\/\/luchonoticias.com\/editor\/\"},{\"@type\":\"ListItem\",\"position\":2,\"name\":\"Comisi\u00f3n de la Mujer del Senado, exigen mayores acciones contra la explotaci\u00f3n sexual de la infancia colombiana\"}]},{\"@type\":\"WebSite\",\"@id\":\"https:\/\/luchonoticias.com\/editor\/#website\",\"url\":\"https:\/\/luchonoticias.com\/editor\/\",\"name\":\"\",\"description\":\"\",\"publisher\":{\"@id\":\"https:\/\/luchonoticias.com\/editor\/#\/schema\/person\/7a7fd911f58561fd056dbac7b55af9cd\"},\"potentialAction\":[{\"@type\":\"SearchAction\",\"target\":{\"@type\":\"EntryPoint\",\"urlTemplate\":\"https:\/\/luchonoticias.com\/editor\/?s={search_term_string}\"},\"query-input\":{\"@type\":\"PropertyValueSpecification\",\"valueRequired\":true,\"valueName\":\"search_term_string\"}}],\"inLanguage\":\"es\"},{\"@type\":[\"Person\",\"Organization\"],\"@id\":\"https:\/\/luchonoticias.com\/editor\/#\/schema\/person\/7a7fd911f58561fd056dbac7b55af9cd\",\"name\":\"admin\",\"image\":{\"@type\":\"ImageObject\",\"inLanguage\":\"es\",\"@id\":\"https:\/\/luchonoticias.com\/editor\/#\/schema\/person\/image\/\",\"url\":\"https:\/\/luchonoticias.com\/editor\/wp-content\/uploads\/2024\/02\/cropped-cropped-logolu.webp\",\"contentUrl\":\"https:\/\/luchonoticias.com\/editor\/wp-content\/uploads\/2024\/02\/cropped-cropped-logolu.webp\",\"width\":382,\"height\":170,\"caption\":\"admin\"},\"logo\":{\"@id\":\"https:\/\/luchonoticias.com\/editor\/#\/schema\/person\/image\/\"},\"sameAs\":[\"https:\/\/www.facebook.com\/luchonoticiasneiva\"]},{\"@type\":\"Person\",\"@id\":\"https:\/\/luchonoticias.com\/editor\/#\/schema\/person\/29217990ddf6f14e35912b2866d591fb\",\"name\":\"Editor General\",\"image\":{\"@type\":\"ImageObject\",\"inLanguage\":\"es\",\"@id\":\"https:\/\/luchonoticias.com\/editor\/#\/schema\/person\/image\/\",\"url\":\"https:\/\/luchonoticias.com\/editor\/wp-content\/uploads\/2024\/02\/cropped-cropped-logolu-150x150.webp\",\"contentUrl\":\"https:\/\/luchonoticias.com\/editor\/wp-content\/uploads\/2024\/02\/cropped-cropped-logolu-150x150.webp\",\"caption\":\"Editor General\"},\"sameAs\":[\"https:\/\/luchonoticias.com\/\"],\"url\":\"https:\/\/luchonoticias.com\/editor\/author\/editor-general\/\"}]}<\/script>\n<!-- \/ Yoast SEO plugin. -->","yoast_head_json":{"title":"Comisi\u00f3n de la Mujer del Senado, exigen mayores acciones contra la explotaci\u00f3n sexual de la infancia colombiana -","robots":{"index":"index","follow":"follow","max-snippet":"max-snippet:-1","max-image-preview":"max-image-preview:large","max-video-preview":"max-video-preview:-1"},"canonical":"https:\/\/luchonoticias.com\/editor\/comision-de-la-mujer-del-senado-exigen-mayores-acciones-contra-la-explotacion-sexual-de-la-infancia-colombiana\/","og_locale":"es_ES","og_type":"article","og_title":"Comisi\u00f3n de la Mujer del Senado, exigen mayores acciones contra la explotaci\u00f3n sexual de la infancia colombiana -","og_url":"https:\/\/luchonoticias.com\/editor\/comision-de-la-mujer-del-senado-exigen-mayores-acciones-contra-la-explotacion-sexual-de-la-infancia-colombiana\/","article_publisher":"https:\/\/www.facebook.com\/luchonoticiasneiva","article_published_time":"2023-11-19T13:19:47+00:00","article_modified_time":"2023-11-19T13:19:48+00:00","author":"Editor General","twitter_card":"summary_large_image","twitter_misc":{"Escrito por":"Editor General","Tiempo de lectura":"2 minutos"},"schema":{"@context":"https:\/\/schema.org","@graph":[{"@type":"Article","@id":"https:\/\/luchonoticias.com\/editor\/comision-de-la-mujer-del-senado-exigen-mayores-acciones-contra-la-explotacion-sexual-de-la-infancia-colombiana\/#article","isPartOf":{"@id":"https:\/\/luchonoticias.com\/editor\/comision-de-la-mujer-del-senado-exigen-mayores-acciones-contra-la-explotacion-sexual-de-la-infancia-colombiana\/"},"author":{"name":"Editor General","@id":"https:\/\/luchonoticias.com\/editor\/#\/schema\/person\/29217990ddf6f14e35912b2866d591fb"},"headline":"Comisi\u00f3n de la Mujer del Senado, exigen mayores acciones contra la explotaci\u00f3n sexual de la infancia colombiana","datePublished":"2023-11-19T13:19:47+00:00","dateModified":"2023-11-19T13:19:48+00:00","mainEntityOfPage":{"@id":"https:\/\/luchonoticias.com\/editor\/comision-de-la-mujer-del-senado-exigen-mayores-acciones-contra-la-explotacion-sexual-de-la-infancia-colombiana\/"},"wordCount":404,"commentCount":0,"publisher":{"@id":"https:\/\/luchonoticias.com\/editor\/#\/schema\/person\/7a7fd911f58561fd056dbac7b55af9cd"},"articleSection":["Destacado","Pol\u00edtica"],"inLanguage":"es","potentialAction":[{"@type":"CommentAction","name":"Comment","target":["https:\/\/luchonoticias.com\/editor\/comision-de-la-mujer-del-senado-exigen-mayores-acciones-contra-la-explotacion-sexual-de-la-infancia-colombiana\/#respond"]}]},{"@type":"WebPage","@id":"https:\/\/luchonoticias.com\/editor\/comision-de-la-mujer-del-senado-exigen-mayores-acciones-contra-la-explotacion-sexual-de-la-infancia-colombiana\/","url":"https:\/\/luchonoticias.com\/editor\/comision-de-la-mujer-del-senado-exigen-mayores-acciones-contra-la-explotacion-sexual-de-la-infancia-colombiana\/","name":"Comisi\u00f3n de la Mujer del Senado, exigen mayores acciones contra la explotaci\u00f3n sexual de la infancia colombiana -","isPartOf":{"@id":"https:\/\/luchonoticias.com\/editor\/#website"},"datePublished":"2023-11-19T13:19:47+00:00","dateModified":"2023-11-19T13:19:48+00:00","breadcrumb":{"@id":"https:\/\/luchonoticias.com\/editor\/comision-de-la-mujer-del-senado-exigen-mayores-acciones-contra-la-explotacion-sexual-de-la-infancia-colombiana\/#breadcrumb"},"inLanguage":"es","potentialAction":[{"@type":"ReadAction","target":["https:\/\/luchonoticias.com\/editor\/comision-de-la-mujer-del-senado-exigen-mayores-acciones-contra-la-explotacion-sexual-de-la-infancia-colombiana\/"]}]},{"@type":"BreadcrumbList","@id":"https:\/\/luchonoticias.com\/editor\/comision-de-la-mujer-del-senado-exigen-mayores-acciones-contra-la-explotacion-sexual-de-la-infancia-colombiana\/#breadcrumb","itemListElement":[{"@type":"ListItem","position":1,"name":"Portada","item":"https:\/\/luchonoticias.com\/editor\/"},{"@type":"ListItem","position":2,"name":"Comisi\u00f3n de la Mujer del Senado, exigen mayores acciones contra la explotaci\u00f3n sexual de la infancia colombiana"}]},{"@type":"WebSite","@id":"https:\/\/luchonoticias.com\/editor\/#website","url":"https:\/\/luchonoticias.com\/editor\/","name":"","description":"","publisher":{"@id":"https:\/\/luchonoticias.com\/editor\/#\/schema\/person\/7a7fd911f58561fd056dbac7b55af9cd"},"potentialAction":[{"@type":"SearchAction","target":{"@type":"EntryPoint","urlTemplate":"https:\/\/luchonoticias.com\/editor\/?s={search_term_string}"},"query-input":{"@type":"PropertyValueSpecification","valueRequired":true,"valueName":"search_term_string"}}],"inLanguage":"es"},{"@type":["Person","Organization"],"@id":"https:\/\/luchonoticias.com\/editor\/#\/schema\/person\/7a7fd911f58561fd056dbac7b55af9cd","name":"admin","image":{"@type":"ImageObject","inLanguage":"es","@id":"https:\/\/luchonoticias.com\/editor\/#\/schema\/person\/image\/","url":"https:\/\/luchonoticias.com\/editor\/wp-content\/uploads\/2024\/02\/cropped-cropped-logolu.webp","contentUrl":"https:\/\/luchonoticias.com\/editor\/wp-content\/uploads\/2024\/02\/cropped-cropped-logolu.webp","width":382,"height":170,"caption":"admin"},"logo":{"@id":"https:\/\/luchonoticias.com\/editor\/#\/schema\/person\/image\/"},"sameAs":["https:\/\/www.facebook.com\/luchonoticiasneiva"]},{"@type":"Person","@id":"https:\/\/luchonoticias.com\/editor\/#\/schema\/person\/29217990ddf6f14e35912b2866d591fb","name":"Editor General","image":{"@type":"ImageObject","inLanguage":"es","@id":"https:\/\/luchonoticias.com\/editor\/#\/schema\/person\/image\/","url":"https:\/\/luchonoticias.com\/editor\/wp-content\/uploads\/2024\/02\/cropped-cropped-logolu-150x150.webp","contentUrl":"https:\/\/luchonoticias.com\/editor\/wp-content\/uploads\/2024\/02\/cropped-cropped-logolu-150x150.webp","caption":"Editor General"},"sameAs":["https:\/\/luchonoticias.com\/"],"url":"https:\/\/luchonoticias.com\/editor\/author\/editor-general\/"}]}},"_links":{"self":[{"href":"https:\/\/luchonoticias.com\/editor\/wp-json\/wp\/v2\/posts\/64193","targetHints":{"allow":["GET"]}}],"collection":[{"href":"https:\/\/luchonoticias.com\/editor\/wp-json\/wp\/v2\/posts"}],"about":[{"href":"https:\/\/luchonoticias.com\/editor\/wp-json\/wp\/v2\/types\/post"}],"author":[{"embeddable":true,"href":"https:\/\/luchonoticias.com\/editor\/wp-json\/wp\/v2\/users\/2"}],"replies":[{"embeddable":true,"href":"https:\/\/luchonoticias.com\/editor\/wp-json\/wp\/v2\/comments?post=64193"}],"version-history":[{"count":0,"href":"https:\/\/luchonoticias.com\/editor\/wp-json\/wp\/v2\/posts\/64193\/revisions"}],"wp:attachment":[{"href":"https:\/\/luchonoticias.com\/editor\/wp-json\/wp\/v2\/media?parent=64193"}],"wp:term":[{"taxonomy":"category","embeddable":true,"href":"https:\/\/luchonoticias.com\/editor\/wp-json\/wp\/v2\/categories?post=64193"},{"taxonomy":"post_tag","embeddable":true,"href":"https:\/\/luchonoticias.com\/editor\/wp-json\/wp\/v2\/tags?post=64193"}],"curies":[{"name":"wp","href":"https:\/\/api.w.org\/{rel}","templated":true}]}}