{"id":64206,"date":"2023-11-20T05:12:30","date_gmt":"2023-11-20T10:12:30","guid":{"rendered":"https:\/\/luchonoticias.com\/?p=64206"},"modified":"2023-11-20T05:12:31","modified_gmt":"2023-11-20T10:12:31","slug":"tello-ya-cuenta-con-su-casa-de-la-mujer","status":"publish","type":"post","link":"https:\/\/luchonoticias.com\/editor\/tello-ya-cuenta-con-su-casa-de-la-mujer\/","title":{"rendered":"Tello ya cuenta con su Casa de la Mujer"},"content":{"rendered":"\n<p>Con una&nbsp;<strong>inversi\u00f3n superior a los 60 millones de pesos,<\/strong>&nbsp;el Gobierno Huila Crece encabezado por el ingeniero Luis Enrique Duss\u00e1n L\u00f3pez, y la Secretar\u00eda de la Mujer, Familia e Inclusi\u00f3n Social, en articulaci\u00f3n con Ecopetrol y la Administraci\u00f3n Municipal de Tello, dieron apertura a la \u201cCasa de la Mujer\u201d.<\/p>\n\n\n\n<p>En este espacio de empoderamiento para las mujeres Tellenses,&nbsp;<strong>recibir\u00e1n capacitaci\u00f3n en emprendimiento, y todos los servicios institucionales&nbsp;<\/strong>que ofrecen el Departamento y el Municipio como parte de las estrategias implementadas en el marco de la Pol\u00edtica P\u00fablica de Equidad de G\u00e9nero.<\/p>\n\n\n\n<p>Este logro que forma parte de la estrategia \u201cHuila Crece sin miedos ni violencias\u201d que,&nbsp;<strong>enmarcada en la Pol\u00edtica P\u00fablica de Equidad de G\u00e9nero<\/strong>&nbsp;en el departamento, es el resultado del trabajo articulado entre la Administraci\u00f3n municipal, la Gobernaci\u00f3n del Huila a trav\u00e9s de la Secretar\u00eda de la Mujer, y Ecopetrol, empresa que realiz\u00f3 la dotaci\u00f3n consistente en mobiliario, como mesas, sillas, escritorios, archivadores, tableros, equipos tecnol\u00f3gicos como computadores, impresoras, televisores y un parque infantil, que permitir\u00e1n no solo el servicio a las mujeres sino tambi\u00e9n a sus hijos.<\/p>\n","protected":false},"excerpt":{"rendered":"<p>Con una&nbsp;inversi\u00f3n superior a los 60 millones de pesos,&nbsp;el Gobierno Huila Crece encabezado por el ingeniero Luis Enrique Duss\u00e1n L\u00f3pez, y la Secretar\u00eda de la Mujer, Familia e Inclusi\u00f3n Social, en articulaci\u00f3n con Ecopetrol y la Administraci\u00f3n Municipal de Tello, dieron apertura a la \u201cCasa de la Mujer\u201d. En este espacio de empoderamiento para las [&hellip;]<\/p>\n","protected":false},"author":2,"featured_media":0,"comment_status":"open","ping_status":"open","sticky":false,"template":"","format":"standard","meta":{"footnotes":""},"categories":[33],"tags":[],"class_list":["post-64206","post","type-post","status-publish","format-standard","hentry","category-huila"],"yoast_head":"<!-- This site is optimized with the Yoast SEO plugin v26.6 - https:\/\/yoast.com\/wordpress\/plugins\/seo\/ -->\n<title>Tello ya cuenta con su Casa de la Mujer -<\/title>\n<meta name=\"robots\" content=\"index, follow, max-snippet:-1, max-image-preview:large, max-video-preview:-1\" \/>\n<link rel=\"canonical\" href=\"https:\/\/luchonoticias.com\/editor\/tello-ya-cuenta-con-su-casa-de-la-mujer\/\" \/>\n<meta property=\"og:locale\" content=\"es_ES\" \/>\n<meta property=\"og:type\" content=\"article\" \/>\n<meta property=\"og:title\" content=\"Tello ya cuenta con su Casa de la Mujer -\" \/>\n<meta property=\"og:url\" content=\"https:\/\/luchonoticias.com\/editor\/tello-ya-cuenta-con-su-casa-de-la-mujer\/\" \/>\n<meta property=\"article:publisher\" content=\"https:\/\/www.facebook.com\/luchonoticiasneiva\" \/>\n<meta property=\"article:published_time\" content=\"2023-11-20T10:12:30+00:00\" \/>\n<meta property=\"article:modified_time\" content=\"2023-11-20T10:12:31+00:00\" \/>\n<meta name=\"author\" content=\"Editor General\" \/>\n<meta name=\"twitter:card\" content=\"summary_large_image\" \/>\n<meta name=\"twitter:label1\" content=\"Escrito por\" \/>\n\t<meta name=\"twitter:data1\" content=\"Editor General\" \/>\n\t<meta name=\"twitter:label2\" content=\"Tiempo de lectura\" \/>\n\t<meta name=\"twitter:data2\" content=\"1 minuto\" \/>\n<script type=\"application\/ld+json\" class=\"yoast-schema-graph\">{\"@context\":\"https:\/\/schema.org\",\"@graph\":[{\"@type\":\"Article\",\"@id\":\"https:\/\/luchonoticias.com\/editor\/tello-ya-cuenta-con-su-casa-de-la-mujer\/#article\",\"isPartOf\":{\"@id\":\"https:\/\/luchonoticias.com\/editor\/tello-ya-cuenta-con-su-casa-de-la-mujer\/\"},\"author\":{\"name\":\"Editor General\",\"@id\":\"https:\/\/luchonoticias.com\/editor\/#\/schema\/person\/29217990ddf6f14e35912b2866d591fb\"},\"headline\":\"Tello ya cuenta con su Casa de la Mujer\",\"datePublished\":\"2023-11-20T10:12:30+00:00\",\"dateModified\":\"2023-11-20T10:12:31+00:00\",\"mainEntityOfPage\":{\"@id\":\"https:\/\/luchonoticias.com\/editor\/tello-ya-cuenta-con-su-casa-de-la-mujer\/\"},\"wordCount\":218,\"commentCount\":0,\"publisher\":{\"@id\":\"https:\/\/luchonoticias.com\/editor\/#\/schema\/person\/7a7fd911f58561fd056dbac7b55af9cd\"},\"articleSection\":[\"Huila\"],\"inLanguage\":\"es\",\"potentialAction\":[{\"@type\":\"CommentAction\",\"name\":\"Comment\",\"target\":[\"https:\/\/luchonoticias.com\/editor\/tello-ya-cuenta-con-su-casa-de-la-mujer\/#respond\"]}]},{\"@type\":\"WebPage\",\"@id\":\"https:\/\/luchonoticias.com\/editor\/tello-ya-cuenta-con-su-casa-de-la-mujer\/\",\"url\":\"https:\/\/luchonoticias.com\/editor\/tello-ya-cuenta-con-su-casa-de-la-mujer\/\",\"name\":\"Tello ya cuenta con su Casa de la Mujer -\",\"isPartOf\":{\"@id\":\"https:\/\/luchonoticias.com\/editor\/#website\"},\"datePublished\":\"2023-11-20T10:12:30+00:00\",\"dateModified\":\"2023-11-20T10:12:31+00:00\",\"breadcrumb\":{\"@id\":\"https:\/\/luchonoticias.com\/editor\/tello-ya-cuenta-con-su-casa-de-la-mujer\/#breadcrumb\"},\"inLanguage\":\"es\",\"potentialAction\":[{\"@type\":\"ReadAction\",\"target\":[\"https:\/\/luchonoticias.com\/editor\/tello-ya-cuenta-con-su-casa-de-la-mujer\/\"]}]},{\"@type\":\"BreadcrumbList\",\"@id\":\"https:\/\/luchonoticias.com\/editor\/tello-ya-cuenta-con-su-casa-de-la-mujer\/#breadcrumb\",\"itemListElement\":[{\"@type\":\"ListItem\",\"position\":1,\"name\":\"Portada\",\"item\":\"https:\/\/luchonoticias.com\/editor\/\"},{\"@type\":\"ListItem\",\"position\":2,\"name\":\"Tello ya cuenta con su Casa de la Mujer\"}]},{\"@type\":\"WebSite\",\"@id\":\"https:\/\/luchonoticias.com\/editor\/#website\",\"url\":\"https:\/\/luchonoticias.com\/editor\/\",\"name\":\"\",\"description\":\"\",\"publisher\":{\"@id\":\"https:\/\/luchonoticias.com\/editor\/#\/schema\/person\/7a7fd911f58561fd056dbac7b55af9cd\"},\"potentialAction\":[{\"@type\":\"SearchAction\",\"target\":{\"@type\":\"EntryPoint\",\"urlTemplate\":\"https:\/\/luchonoticias.com\/editor\/?s={search_term_string}\"},\"query-input\":{\"@type\":\"PropertyValueSpecification\",\"valueRequired\":true,\"valueName\":\"search_term_string\"}}],\"inLanguage\":\"es\"},{\"@type\":[\"Person\",\"Organization\"],\"@id\":\"https:\/\/luchonoticias.com\/editor\/#\/schema\/person\/7a7fd911f58561fd056dbac7b55af9cd\",\"name\":\"admin\",\"image\":{\"@type\":\"ImageObject\",\"inLanguage\":\"es\",\"@id\":\"https:\/\/luchonoticias.com\/editor\/#\/schema\/person\/image\/\",\"url\":\"https:\/\/luchonoticias.com\/editor\/wp-content\/uploads\/2024\/02\/cropped-cropped-logolu.webp\",\"contentUrl\":\"https:\/\/luchonoticias.com\/editor\/wp-content\/uploads\/2024\/02\/cropped-cropped-logolu.webp\",\"width\":382,\"height\":170,\"caption\":\"admin\"},\"logo\":{\"@id\":\"https:\/\/luchonoticias.com\/editor\/#\/schema\/person\/image\/\"},\"sameAs\":[\"https:\/\/www.facebook.com\/luchonoticiasneiva\"]},{\"@type\":\"Person\",\"@id\":\"https:\/\/luchonoticias.com\/editor\/#\/schema\/person\/29217990ddf6f14e35912b2866d591fb\",\"name\":\"Editor General\",\"image\":{\"@type\":\"ImageObject\",\"inLanguage\":\"es\",\"@id\":\"https:\/\/luchonoticias.com\/editor\/#\/schema\/person\/image\/\",\"url\":\"https:\/\/luchonoticias.com\/editor\/wp-content\/uploads\/2024\/02\/cropped-cropped-logolu-150x150.webp\",\"contentUrl\":\"https:\/\/luchonoticias.com\/editor\/wp-content\/uploads\/2024\/02\/cropped-cropped-logolu-150x150.webp\",\"caption\":\"Editor General\"},\"sameAs\":[\"https:\/\/luchonoticias.com\/\"],\"url\":\"https:\/\/luchonoticias.com\/editor\/author\/editor-general\/\"}]}<\/script>\n<!-- \/ Yoast SEO plugin. -->","yoast_head_json":{"title":"Tello ya cuenta con su Casa de la Mujer -","robots":{"index":"index","follow":"follow","max-snippet":"max-snippet:-1","max-image-preview":"max-image-preview:large","max-video-preview":"max-video-preview:-1"},"canonical":"https:\/\/luchonoticias.com\/editor\/tello-ya-cuenta-con-su-casa-de-la-mujer\/","og_locale":"es_ES","og_type":"article","og_title":"Tello ya cuenta con su Casa de la Mujer -","og_url":"https:\/\/luchonoticias.com\/editor\/tello-ya-cuenta-con-su-casa-de-la-mujer\/","article_publisher":"https:\/\/www.facebook.com\/luchonoticiasneiva","article_published_time":"2023-11-20T10:12:30+00:00","article_modified_time":"2023-11-20T10:12:31+00:00","author":"Editor General","twitter_card":"summary_large_image","twitter_misc":{"Escrito por":"Editor General","Tiempo de lectura":"1 minuto"},"schema":{"@context":"https:\/\/schema.org","@graph":[{"@type":"Article","@id":"https:\/\/luchonoticias.com\/editor\/tello-ya-cuenta-con-su-casa-de-la-mujer\/#article","isPartOf":{"@id":"https:\/\/luchonoticias.com\/editor\/tello-ya-cuenta-con-su-casa-de-la-mujer\/"},"author":{"name":"Editor General","@id":"https:\/\/luchonoticias.com\/editor\/#\/schema\/person\/29217990ddf6f14e35912b2866d591fb"},"headline":"Tello ya cuenta con su Casa de la Mujer","datePublished":"2023-11-20T10:12:30+00:00","dateModified":"2023-11-20T10:12:31+00:00","mainEntityOfPage":{"@id":"https:\/\/luchonoticias.com\/editor\/tello-ya-cuenta-con-su-casa-de-la-mujer\/"},"wordCount":218,"commentCount":0,"publisher":{"@id":"https:\/\/luchonoticias.com\/editor\/#\/schema\/person\/7a7fd911f58561fd056dbac7b55af9cd"},"articleSection":["Huila"],"inLanguage":"es","potentialAction":[{"@type":"CommentAction","name":"Comment","target":["https:\/\/luchonoticias.com\/editor\/tello-ya-cuenta-con-su-casa-de-la-mujer\/#respond"]}]},{"@type":"WebPage","@id":"https:\/\/luchonoticias.com\/editor\/tello-ya-cuenta-con-su-casa-de-la-mujer\/","url":"https:\/\/luchonoticias.com\/editor\/tello-ya-cuenta-con-su-casa-de-la-mujer\/","name":"Tello ya cuenta con su Casa de la Mujer -","isPartOf":{"@id":"https:\/\/luchonoticias.com\/editor\/#website"},"datePublished":"2023-11-20T10:12:30+00:00","dateModified":"2023-11-20T10:12:31+00:00","breadcrumb":{"@id":"https:\/\/luchonoticias.com\/editor\/tello-ya-cuenta-con-su-casa-de-la-mujer\/#breadcrumb"},"inLanguage":"es","potentialAction":[{"@type":"ReadAction","target":["https:\/\/luchonoticias.com\/editor\/tello-ya-cuenta-con-su-casa-de-la-mujer\/"]}]},{"@type":"BreadcrumbList","@id":"https:\/\/luchonoticias.com\/editor\/tello-ya-cuenta-con-su-casa-de-la-mujer\/#breadcrumb","itemListElement":[{"@type":"ListItem","position":1,"name":"Portada","item":"https:\/\/luchonoticias.com\/editor\/"},{"@type":"ListItem","position":2,"name":"Tello ya cuenta con su Casa de la Mujer"}]},{"@type":"WebSite","@id":"https:\/\/luchonoticias.com\/editor\/#website","url":"https:\/\/luchonoticias.com\/editor\/","name":"","description":"","publisher":{"@id":"https:\/\/luchonoticias.com\/editor\/#\/schema\/person\/7a7fd911f58561fd056dbac7b55af9cd"},"potentialAction":[{"@type":"SearchAction","target":{"@type":"EntryPoint","urlTemplate":"https:\/\/luchonoticias.com\/editor\/?s={search_term_string}"},"query-input":{"@type":"PropertyValueSpecification","valueRequired":true,"valueName":"search_term_string"}}],"inLanguage":"es"},{"@type":["Person","Organization"],"@id":"https:\/\/luchonoticias.com\/editor\/#\/schema\/person\/7a7fd911f58561fd056dbac7b55af9cd","name":"admin","image":{"@type":"ImageObject","inLanguage":"es","@id":"https:\/\/luchonoticias.com\/editor\/#\/schema\/person\/image\/","url":"https:\/\/luchonoticias.com\/editor\/wp-content\/uploads\/2024\/02\/cropped-cropped-logolu.webp","contentUrl":"https:\/\/luchonoticias.com\/editor\/wp-content\/uploads\/2024\/02\/cropped-cropped-logolu.webp","width":382,"height":170,"caption":"admin"},"logo":{"@id":"https:\/\/luchonoticias.com\/editor\/#\/schema\/person\/image\/"},"sameAs":["https:\/\/www.facebook.com\/luchonoticiasneiva"]},{"@type":"Person","@id":"https:\/\/luchonoticias.com\/editor\/#\/schema\/person\/29217990ddf6f14e35912b2866d591fb","name":"Editor General","image":{"@type":"ImageObject","inLanguage":"es","@id":"https:\/\/luchonoticias.com\/editor\/#\/schema\/person\/image\/","url":"https:\/\/luchonoticias.com\/editor\/wp-content\/uploads\/2024\/02\/cropped-cropped-logolu-150x150.webp","contentUrl":"https:\/\/luchonoticias.com\/editor\/wp-content\/uploads\/2024\/02\/cropped-cropped-logolu-150x150.webp","caption":"Editor General"},"sameAs":["https:\/\/luchonoticias.com\/"],"url":"https:\/\/luchonoticias.com\/editor\/author\/editor-general\/"}]}},"_links":{"self":[{"href":"https:\/\/luchonoticias.com\/editor\/wp-json\/wp\/v2\/posts\/64206","targetHints":{"allow":["GET"]}}],"collection":[{"href":"https:\/\/luchonoticias.com\/editor\/wp-json\/wp\/v2\/posts"}],"about":[{"href":"https:\/\/luchonoticias.com\/editor\/wp-json\/wp\/v2\/types\/post"}],"author":[{"embeddable":true,"href":"https:\/\/luchonoticias.com\/editor\/wp-json\/wp\/v2\/users\/2"}],"replies":[{"embeddable":true,"href":"https:\/\/luchonoticias.com\/editor\/wp-json\/wp\/v2\/comments?post=64206"}],"version-history":[{"count":0,"href":"https:\/\/luchonoticias.com\/editor\/wp-json\/wp\/v2\/posts\/64206\/revisions"}],"wp:attachment":[{"href":"https:\/\/luchonoticias.com\/editor\/wp-json\/wp\/v2\/media?parent=64206"}],"wp:term":[{"taxonomy":"category","embeddable":true,"href":"https:\/\/luchonoticias.com\/editor\/wp-json\/wp\/v2\/categories?post=64206"},{"taxonomy":"post_tag","embeddable":true,"href":"https:\/\/luchonoticias.com\/editor\/wp-json\/wp\/v2\/tags?post=64206"}],"curies":[{"name":"wp","href":"https:\/\/api.w.org\/{rel}","templated":true}]}}