{"id":64215,"date":"2023-11-20T06:46:29","date_gmt":"2023-11-20T11:46:29","guid":{"rendered":"https:\/\/luchonoticias.com\/?p=64215"},"modified":"2023-11-20T06:46:30","modified_gmt":"2023-11-20T11:46:30","slug":"ocho-capturados-durante-el-fin-de-semana-en-la-capital-huilense","status":"publish","type":"post","link":"https:\/\/luchonoticias.com\/editor\/ocho-capturados-durante-el-fin-de-semana-en-la-capital-huilense\/","title":{"rendered":"Ocho capturados durante el fin de semana en la Capital Huilense"},"content":{"rendered":"\n<p>Gracias al compromiso y profesionalismo de los mas de 1540 hombres y mujeres de la Policia Metropolitana de Neiva, durante el fin de semana no se registraron hechos de Homicidio; ademas, comparado con el a\u00f1o anterior, se logra una reducci\u00f3n del 100% en lesiones personales, hurto a residencias, hurto a comercio, hurto a motocicletas y hurto a celulares; asimismo del 93% en Hurto a personas.<\/p>\n\n\n\n<p>Aunado a lo anterior, producto del desarrollo efectivo de los planes de control y prevencion, se logra la captura de 8 personas; 7 en flagrancia, 1 por orden judicial e igualmente, la aprehensi\u00f3n de 3 menores por los siguientes delitos:<\/p>\n\n\n\n<p>* 4 por tr\u00e1fico, fabricaci\u00f3n de estupefacientes<\/p>\n\n\n\n<p>* 2 por porte ilegal de armas de fuego<\/p>\n\n\n\n<p>* 1 por Hurto<\/p>\n\n\n\n<p>* 1 por orden judicial por el delito de lesiones personales dolosas<\/p>\n\n\n\n<p>* 3 menores aprehendidos; 2 por hurto y 1 por receptaci\u00f3n<\/p>\n\n\n\n<p>Como hechos relevantes se destaca: la captura en flagrancia de dos hombres de&nbsp; 26 y 31 a\u00f1os de edad, quienes fueron sorprendidos transportando 25.000 gramos de marihuana avaluados en m\u00e1s de 50 millones de pesos, en un bus de servicio p\u00fablico que cubr\u00eda la ruta Neiva \u2013 Bogot\u00e1.&nbsp;<\/p>\n\n\n\n<p>De la misma forma, en hechos aislados, se logra sacar de las calles 1 arma de fuego tipo revolver calibre 38 largo con 6 cartuchos y 3 armas de fuego tipo&nbsp; traum\u00e1ticas con sus cartuchos modificados para causar mayor letalidad.&nbsp;<\/p>\n\n\n\n<p>A la l\u00ednea de emergencia 123 ingresaron un total de 2.577 llamadas, destacando entre estas: 94 por alteraci\u00f3n a la tranquilidad p\u00fablica, 90 por ri\u00f1a, 36 por personas sospechosas y 95 por requerimiento de patrulla de vigilancia para&nbsp;<\/p>\n\n\n\n<p>En la aplicaci\u00f3n del C\u00f3digo Nacional de Seguridad y Convivencia Ciudadana, se registraron 11 \u00f3rdenes de comparendos por comportamientos contrarios a la convivencia, principalmente relacionados con el porte de armas corto punzantes, ri\u00f1a, irrespeto a las autoridades de polic\u00eda y portar sustancias prohibidas.<\/p>\n","protected":false},"excerpt":{"rendered":"<p>Gracias al compromiso y profesionalismo de los mas de 1540 hombres y mujeres de la Policia Metropolitana de Neiva, durante el fin de semana no se registraron hechos de Homicidio; ademas, comparado con el a\u00f1o anterior, se logra una reducci\u00f3n del 100% en lesiones personales, hurto a residencias, hurto a comercio, hurto a motocicletas y [&hellip;]<\/p>\n","protected":false},"author":2,"featured_media":0,"comment_status":"open","ping_status":"open","sticky":false,"template":"","format":"standard","meta":{"footnotes":""},"categories":[36,29],"tags":[],"class_list":["post-64215","post","type-post","status-publish","format-standard","hentry","category-destacado","category-judicial"],"yoast_head":"<!-- This site is optimized with the Yoast SEO plugin v26.6 - https:\/\/yoast.com\/wordpress\/plugins\/seo\/ -->\n<title>Ocho capturados durante el fin de semana en la Capital Huilense -<\/title>\n<meta name=\"robots\" content=\"index, follow, max-snippet:-1, max-image-preview:large, max-video-preview:-1\" \/>\n<link rel=\"canonical\" href=\"https:\/\/luchonoticias.com\/editor\/ocho-capturados-durante-el-fin-de-semana-en-la-capital-huilense\/\" \/>\n<meta property=\"og:locale\" content=\"es_ES\" \/>\n<meta property=\"og:type\" content=\"article\" \/>\n<meta property=\"og:title\" content=\"Ocho capturados durante el fin de semana en la Capital Huilense -\" \/>\n<meta property=\"og:url\" content=\"https:\/\/luchonoticias.com\/editor\/ocho-capturados-durante-el-fin-de-semana-en-la-capital-huilense\/\" \/>\n<meta property=\"article:publisher\" content=\"https:\/\/www.facebook.com\/luchonoticiasneiva\" \/>\n<meta property=\"article:published_time\" content=\"2023-11-20T11:46:29+00:00\" \/>\n<meta property=\"article:modified_time\" content=\"2023-11-20T11:46:30+00:00\" \/>\n<meta name=\"author\" content=\"Editor General\" \/>\n<meta name=\"twitter:card\" content=\"summary_large_image\" \/>\n<meta name=\"twitter:label1\" content=\"Escrito por\" \/>\n\t<meta name=\"twitter:data1\" content=\"Editor General\" \/>\n\t<meta name=\"twitter:label2\" content=\"Tiempo de lectura\" \/>\n\t<meta name=\"twitter:data2\" content=\"2 minutos\" \/>\n<script type=\"application\/ld+json\" class=\"yoast-schema-graph\">{\"@context\":\"https:\/\/schema.org\",\"@graph\":[{\"@type\":\"Article\",\"@id\":\"https:\/\/luchonoticias.com\/editor\/ocho-capturados-durante-el-fin-de-semana-en-la-capital-huilense\/#article\",\"isPartOf\":{\"@id\":\"https:\/\/luchonoticias.com\/editor\/ocho-capturados-durante-el-fin-de-semana-en-la-capital-huilense\/\"},\"author\":{\"name\":\"Editor General\",\"@id\":\"https:\/\/luchonoticias.com\/editor\/#\/schema\/person\/29217990ddf6f14e35912b2866d591fb\"},\"headline\":\"Ocho capturados durante el fin de semana en la Capital Huilense\",\"datePublished\":\"2023-11-20T11:46:29+00:00\",\"dateModified\":\"2023-11-20T11:46:30+00:00\",\"mainEntityOfPage\":{\"@id\":\"https:\/\/luchonoticias.com\/editor\/ocho-capturados-durante-el-fin-de-semana-en-la-capital-huilense\/\"},\"wordCount\":317,\"commentCount\":0,\"publisher\":{\"@id\":\"https:\/\/luchonoticias.com\/editor\/#\/schema\/person\/7a7fd911f58561fd056dbac7b55af9cd\"},\"articleSection\":[\"Destacado\",\"Judicial\"],\"inLanguage\":\"es\",\"potentialAction\":[{\"@type\":\"CommentAction\",\"name\":\"Comment\",\"target\":[\"https:\/\/luchonoticias.com\/editor\/ocho-capturados-durante-el-fin-de-semana-en-la-capital-huilense\/#respond\"]}]},{\"@type\":\"WebPage\",\"@id\":\"https:\/\/luchonoticias.com\/editor\/ocho-capturados-durante-el-fin-de-semana-en-la-capital-huilense\/\",\"url\":\"https:\/\/luchonoticias.com\/editor\/ocho-capturados-durante-el-fin-de-semana-en-la-capital-huilense\/\",\"name\":\"Ocho capturados durante el fin de semana en la Capital Huilense -\",\"isPartOf\":{\"@id\":\"https:\/\/luchonoticias.com\/editor\/#website\"},\"datePublished\":\"2023-11-20T11:46:29+00:00\",\"dateModified\":\"2023-11-20T11:46:30+00:00\",\"breadcrumb\":{\"@id\":\"https:\/\/luchonoticias.com\/editor\/ocho-capturados-durante-el-fin-de-semana-en-la-capital-huilense\/#breadcrumb\"},\"inLanguage\":\"es\",\"potentialAction\":[{\"@type\":\"ReadAction\",\"target\":[\"https:\/\/luchonoticias.com\/editor\/ocho-capturados-durante-el-fin-de-semana-en-la-capital-huilense\/\"]}]},{\"@type\":\"BreadcrumbList\",\"@id\":\"https:\/\/luchonoticias.com\/editor\/ocho-capturados-durante-el-fin-de-semana-en-la-capital-huilense\/#breadcrumb\",\"itemListElement\":[{\"@type\":\"ListItem\",\"position\":1,\"name\":\"Portada\",\"item\":\"https:\/\/luchonoticias.com\/editor\/\"},{\"@type\":\"ListItem\",\"position\":2,\"name\":\"Ocho capturados durante el fin de semana en la Capital Huilense\"}]},{\"@type\":\"WebSite\",\"@id\":\"https:\/\/luchonoticias.com\/editor\/#website\",\"url\":\"https:\/\/luchonoticias.com\/editor\/\",\"name\":\"\",\"description\":\"\",\"publisher\":{\"@id\":\"https:\/\/luchonoticias.com\/editor\/#\/schema\/person\/7a7fd911f58561fd056dbac7b55af9cd\"},\"potentialAction\":[{\"@type\":\"SearchAction\",\"target\":{\"@type\":\"EntryPoint\",\"urlTemplate\":\"https:\/\/luchonoticias.com\/editor\/?s={search_term_string}\"},\"query-input\":{\"@type\":\"PropertyValueSpecification\",\"valueRequired\":true,\"valueName\":\"search_term_string\"}}],\"inLanguage\":\"es\"},{\"@type\":[\"Person\",\"Organization\"],\"@id\":\"https:\/\/luchonoticias.com\/editor\/#\/schema\/person\/7a7fd911f58561fd056dbac7b55af9cd\",\"name\":\"admin\",\"image\":{\"@type\":\"ImageObject\",\"inLanguage\":\"es\",\"@id\":\"https:\/\/luchonoticias.com\/editor\/#\/schema\/person\/image\/\",\"url\":\"https:\/\/luchonoticias.com\/editor\/wp-content\/uploads\/2024\/02\/cropped-cropped-logolu.webp\",\"contentUrl\":\"https:\/\/luchonoticias.com\/editor\/wp-content\/uploads\/2024\/02\/cropped-cropped-logolu.webp\",\"width\":382,\"height\":170,\"caption\":\"admin\"},\"logo\":{\"@id\":\"https:\/\/luchonoticias.com\/editor\/#\/schema\/person\/image\/\"},\"sameAs\":[\"https:\/\/www.facebook.com\/luchonoticiasneiva\"]},{\"@type\":\"Person\",\"@id\":\"https:\/\/luchonoticias.com\/editor\/#\/schema\/person\/29217990ddf6f14e35912b2866d591fb\",\"name\":\"Editor General\",\"image\":{\"@type\":\"ImageObject\",\"inLanguage\":\"es\",\"@id\":\"https:\/\/luchonoticias.com\/editor\/#\/schema\/person\/image\/\",\"url\":\"https:\/\/luchonoticias.com\/editor\/wp-content\/uploads\/2024\/02\/cropped-cropped-logolu-150x150.webp\",\"contentUrl\":\"https:\/\/luchonoticias.com\/editor\/wp-content\/uploads\/2024\/02\/cropped-cropped-logolu-150x150.webp\",\"caption\":\"Editor General\"},\"sameAs\":[\"https:\/\/luchonoticias.com\/\"],\"url\":\"https:\/\/luchonoticias.com\/editor\/author\/editor-general\/\"}]}<\/script>\n<!-- \/ Yoast SEO plugin. -->","yoast_head_json":{"title":"Ocho capturados durante el fin de semana en la Capital Huilense -","robots":{"index":"index","follow":"follow","max-snippet":"max-snippet:-1","max-image-preview":"max-image-preview:large","max-video-preview":"max-video-preview:-1"},"canonical":"https:\/\/luchonoticias.com\/editor\/ocho-capturados-durante-el-fin-de-semana-en-la-capital-huilense\/","og_locale":"es_ES","og_type":"article","og_title":"Ocho capturados durante el fin de semana en la Capital Huilense -","og_url":"https:\/\/luchonoticias.com\/editor\/ocho-capturados-durante-el-fin-de-semana-en-la-capital-huilense\/","article_publisher":"https:\/\/www.facebook.com\/luchonoticiasneiva","article_published_time":"2023-11-20T11:46:29+00:00","article_modified_time":"2023-11-20T11:46:30+00:00","author":"Editor General","twitter_card":"summary_large_image","twitter_misc":{"Escrito por":"Editor General","Tiempo de lectura":"2 minutos"},"schema":{"@context":"https:\/\/schema.org","@graph":[{"@type":"Article","@id":"https:\/\/luchonoticias.com\/editor\/ocho-capturados-durante-el-fin-de-semana-en-la-capital-huilense\/#article","isPartOf":{"@id":"https:\/\/luchonoticias.com\/editor\/ocho-capturados-durante-el-fin-de-semana-en-la-capital-huilense\/"},"author":{"name":"Editor General","@id":"https:\/\/luchonoticias.com\/editor\/#\/schema\/person\/29217990ddf6f14e35912b2866d591fb"},"headline":"Ocho capturados durante el fin de semana en la Capital Huilense","datePublished":"2023-11-20T11:46:29+00:00","dateModified":"2023-11-20T11:46:30+00:00","mainEntityOfPage":{"@id":"https:\/\/luchonoticias.com\/editor\/ocho-capturados-durante-el-fin-de-semana-en-la-capital-huilense\/"},"wordCount":317,"commentCount":0,"publisher":{"@id":"https:\/\/luchonoticias.com\/editor\/#\/schema\/person\/7a7fd911f58561fd056dbac7b55af9cd"},"articleSection":["Destacado","Judicial"],"inLanguage":"es","potentialAction":[{"@type":"CommentAction","name":"Comment","target":["https:\/\/luchonoticias.com\/editor\/ocho-capturados-durante-el-fin-de-semana-en-la-capital-huilense\/#respond"]}]},{"@type":"WebPage","@id":"https:\/\/luchonoticias.com\/editor\/ocho-capturados-durante-el-fin-de-semana-en-la-capital-huilense\/","url":"https:\/\/luchonoticias.com\/editor\/ocho-capturados-durante-el-fin-de-semana-en-la-capital-huilense\/","name":"Ocho capturados durante el fin de semana en la Capital Huilense -","isPartOf":{"@id":"https:\/\/luchonoticias.com\/editor\/#website"},"datePublished":"2023-11-20T11:46:29+00:00","dateModified":"2023-11-20T11:46:30+00:00","breadcrumb":{"@id":"https:\/\/luchonoticias.com\/editor\/ocho-capturados-durante-el-fin-de-semana-en-la-capital-huilense\/#breadcrumb"},"inLanguage":"es","potentialAction":[{"@type":"ReadAction","target":["https:\/\/luchonoticias.com\/editor\/ocho-capturados-durante-el-fin-de-semana-en-la-capital-huilense\/"]}]},{"@type":"BreadcrumbList","@id":"https:\/\/luchonoticias.com\/editor\/ocho-capturados-durante-el-fin-de-semana-en-la-capital-huilense\/#breadcrumb","itemListElement":[{"@type":"ListItem","position":1,"name":"Portada","item":"https:\/\/luchonoticias.com\/editor\/"},{"@type":"ListItem","position":2,"name":"Ocho capturados durante el fin de semana en la Capital Huilense"}]},{"@type":"WebSite","@id":"https:\/\/luchonoticias.com\/editor\/#website","url":"https:\/\/luchonoticias.com\/editor\/","name":"","description":"","publisher":{"@id":"https:\/\/luchonoticias.com\/editor\/#\/schema\/person\/7a7fd911f58561fd056dbac7b55af9cd"},"potentialAction":[{"@type":"SearchAction","target":{"@type":"EntryPoint","urlTemplate":"https:\/\/luchonoticias.com\/editor\/?s={search_term_string}"},"query-input":{"@type":"PropertyValueSpecification","valueRequired":true,"valueName":"search_term_string"}}],"inLanguage":"es"},{"@type":["Person","Organization"],"@id":"https:\/\/luchonoticias.com\/editor\/#\/schema\/person\/7a7fd911f58561fd056dbac7b55af9cd","name":"admin","image":{"@type":"ImageObject","inLanguage":"es","@id":"https:\/\/luchonoticias.com\/editor\/#\/schema\/person\/image\/","url":"https:\/\/luchonoticias.com\/editor\/wp-content\/uploads\/2024\/02\/cropped-cropped-logolu.webp","contentUrl":"https:\/\/luchonoticias.com\/editor\/wp-content\/uploads\/2024\/02\/cropped-cropped-logolu.webp","width":382,"height":170,"caption":"admin"},"logo":{"@id":"https:\/\/luchonoticias.com\/editor\/#\/schema\/person\/image\/"},"sameAs":["https:\/\/www.facebook.com\/luchonoticiasneiva"]},{"@type":"Person","@id":"https:\/\/luchonoticias.com\/editor\/#\/schema\/person\/29217990ddf6f14e35912b2866d591fb","name":"Editor General","image":{"@type":"ImageObject","inLanguage":"es","@id":"https:\/\/luchonoticias.com\/editor\/#\/schema\/person\/image\/","url":"https:\/\/luchonoticias.com\/editor\/wp-content\/uploads\/2024\/02\/cropped-cropped-logolu-150x150.webp","contentUrl":"https:\/\/luchonoticias.com\/editor\/wp-content\/uploads\/2024\/02\/cropped-cropped-logolu-150x150.webp","caption":"Editor General"},"sameAs":["https:\/\/luchonoticias.com\/"],"url":"https:\/\/luchonoticias.com\/editor\/author\/editor-general\/"}]}},"_links":{"self":[{"href":"https:\/\/luchonoticias.com\/editor\/wp-json\/wp\/v2\/posts\/64215","targetHints":{"allow":["GET"]}}],"collection":[{"href":"https:\/\/luchonoticias.com\/editor\/wp-json\/wp\/v2\/posts"}],"about":[{"href":"https:\/\/luchonoticias.com\/editor\/wp-json\/wp\/v2\/types\/post"}],"author":[{"embeddable":true,"href":"https:\/\/luchonoticias.com\/editor\/wp-json\/wp\/v2\/users\/2"}],"replies":[{"embeddable":true,"href":"https:\/\/luchonoticias.com\/editor\/wp-json\/wp\/v2\/comments?post=64215"}],"version-history":[{"count":0,"href":"https:\/\/luchonoticias.com\/editor\/wp-json\/wp\/v2\/posts\/64215\/revisions"}],"wp:attachment":[{"href":"https:\/\/luchonoticias.com\/editor\/wp-json\/wp\/v2\/media?parent=64215"}],"wp:term":[{"taxonomy":"category","embeddable":true,"href":"https:\/\/luchonoticias.com\/editor\/wp-json\/wp\/v2\/categories?post=64215"},{"taxonomy":"post_tag","embeddable":true,"href":"https:\/\/luchonoticias.com\/editor\/wp-json\/wp\/v2\/tags?post=64215"}],"curies":[{"name":"wp","href":"https:\/\/api.w.org\/{rel}","templated":true}]}}