{"id":64230,"date":"2023-11-20T13:37:15","date_gmt":"2023-11-20T18:37:15","guid":{"rendered":"https:\/\/luchonoticias.com\/?p=64230"},"modified":"2023-11-20T13:37:16","modified_gmt":"2023-11-20T18:37:16","slug":"la-derecha-conquista-la-presidencia-de-argentina-con-javier-milei","status":"publish","type":"post","link":"https:\/\/luchonoticias.com\/editor\/la-derecha-conquista-la-presidencia-de-argentina-con-javier-milei\/","title":{"rendered":"La derecha conquista la presidencia de Argentina, con Javier Milei"},"content":{"rendered":"\n<p>Despu\u00e9s de 20 a\u00f1os de Argentina estar gobernado por la izquierda del peronismo, ahora gira el p\u00e9ndulo pol\u00edtico hacia la derecha. Uno de los primeros cambios de Milei, es dolarizar el pa\u00eds para estabilizar la econom\u00eda de la hiperinflaci\u00f3n y volver a ser la potencia de hace 50 a\u00f1os.<\/p>\n\n\n\n<p>Por Julio D\u00edaz S\u00e1nchez<br>Redacci\u00f3n Pol\u00edtica<\/p>\n\n\n\n<p>Los argentinos votaron el domingo anterior en segunda vuelta para elegir presidente entre el ministro de Econom\u00eda, el peronista Sergio Massa, y el libertario y ultraderechista Javier Milei, en unos re\u00f1idos comicios que terminaron en completa normalidad.<\/p>\n\n\n\n<p>Javier Milei es el nuevo presidente de Argentina, as\u00ed lo reconoci\u00f3 su contrincante: \u00abQuiero decirles que no son los resultados que esper\u00e1bamos, y me he comunicado con Javier Milei para felicitarlo, es el que la mayor\u00eda de argentinos eligi\u00f3 para representarlos en los pr\u00f3ximos 4 a\u00f1os\u00bb, expres\u00f3 Sergio Massa, su contendor en las urnas.<\/p>\n\n\n\n<p>El candidato de La Libertad Avanza (ultraderecha), Javier Milei, ser\u00e1 el presidente de Argentina a partir del pr\u00f3ximo 10 de diciembre, al haber obtenido el 55,86 % de los votos, derrotando as\u00ed al oficialista Sergio <\/p>\n\n\n\n<p>Massa, quien sum\u00f3 el 44,13 % de los votos.<\/p>\n\n\n\n<figure class=\"wp-block-image size-full\"><img decoding=\"async\" src=\"https:\/\/luchonoticias.com\/wp-content\/uploads\/2023\/11\/WhatsApp-Image-2023-11-20-at-12.05.04-1.jpeg\" alt=\"\" class=\"wp-image-64233\"\/><figcaption class=\"wp-element-caption\">Milei se califica como una persona anarco &#8211; capitalista y propone un plan neoliberal. <\/figcaption><\/figure>\n\n\n\n<p><strong>Propuestas del presidente electo Milei<\/strong><\/p>\n\n\n\n<p>El presidente electo propone una \u00abterapia de shock\u00bb que implica la privatizaci\u00f3n de empresas estatales y la reducci\u00f3n del gasto p\u00fablico en un 15%. Esta estrategia busca equilibrar las cuentas y apaciguar las tensiones con el Fondo Monetario Internacional, al cual Argentina busca devolver un pr\u00e9stamo de 44.000 millones de d\u00f3lares.<\/p>\n\n\n\n<p>Milei aboga por poner fin a los subsidios al transporte, la energ\u00eda y el agua, liberar los precios y eliminar impuestos a la exportaci\u00f3n.<\/p>\n\n\n\n<p>Un elemento central del plan de Milei es la dolarizaci\u00f3n de la econom\u00eda, con el objetivo de reducir la inflaci\u00f3n anual del 143% mediante una moneda m\u00e1s estable. Aunque esta propuesta enfrenta escepticismo por parte de algunos analistas, Milei sostiene que se llevar\u00e1 a cabo con los d\u00f3lares que los argentinos han guardado durante a\u00f1os.<\/p>\n","protected":false},"excerpt":{"rendered":"<p>Despu\u00e9s de 20 a\u00f1os de Argentina estar gobernado por la izquierda del peronismo, ahora gira el p\u00e9ndulo pol\u00edtico hacia la derecha. Uno de los primeros cambios de Milei, es dolarizar el pa\u00eds para estabilizar la econom\u00eda de la hiperinflaci\u00f3n y volver a ser la potencia de hace 50 a\u00f1os. Por Julio D\u00edaz S\u00e1nchezRedacci\u00f3n Pol\u00edtica Los [&hellip;]<\/p>\n","protected":false},"author":2,"featured_media":0,"comment_status":"open","ping_status":"open","sticky":false,"template":"","format":"standard","meta":{"footnotes":""},"categories":[617],"tags":[],"class_list":["post-64230","post","type-post","status-publish","format-standard","hentry","category-politica"],"yoast_head":"<!-- This site is optimized with the Yoast SEO plugin v26.6 - https:\/\/yoast.com\/wordpress\/plugins\/seo\/ -->\n<title>La derecha conquista la presidencia de Argentina, con Javier Milei -<\/title>\n<meta name=\"robots\" content=\"index, follow, max-snippet:-1, max-image-preview:large, max-video-preview:-1\" \/>\n<link rel=\"canonical\" href=\"https:\/\/luchonoticias.com\/editor\/la-derecha-conquista-la-presidencia-de-argentina-con-javier-milei\/\" \/>\n<meta property=\"og:locale\" content=\"es_ES\" \/>\n<meta property=\"og:type\" content=\"article\" \/>\n<meta property=\"og:title\" content=\"La derecha conquista la presidencia de Argentina, con Javier Milei -\" \/>\n<meta property=\"og:url\" content=\"https:\/\/luchonoticias.com\/editor\/la-derecha-conquista-la-presidencia-de-argentina-con-javier-milei\/\" \/>\n<meta property=\"article:publisher\" content=\"https:\/\/www.facebook.com\/luchonoticiasneiva\" \/>\n<meta property=\"article:published_time\" content=\"2023-11-20T18:37:15+00:00\" \/>\n<meta property=\"article:modified_time\" content=\"2023-11-20T18:37:16+00:00\" \/>\n<meta property=\"og:image\" content=\"https:\/\/luchonoticias.com\/wp-content\/uploads\/2023\/11\/WhatsApp-Image-2023-11-20-at-12.05.04-1.jpeg\" \/>\n<meta name=\"author\" content=\"Editor General\" \/>\n<meta name=\"twitter:card\" content=\"summary_large_image\" \/>\n<meta name=\"twitter:label1\" content=\"Escrito por\" \/>\n\t<meta name=\"twitter:data1\" content=\"Editor General\" \/>\n\t<meta name=\"twitter:label2\" content=\"Tiempo de lectura\" \/>\n\t<meta name=\"twitter:data2\" content=\"2 minutos\" \/>\n<script type=\"application\/ld+json\" class=\"yoast-schema-graph\">{\"@context\":\"https:\/\/schema.org\",\"@graph\":[{\"@type\":\"Article\",\"@id\":\"https:\/\/luchonoticias.com\/editor\/la-derecha-conquista-la-presidencia-de-argentina-con-javier-milei\/#article\",\"isPartOf\":{\"@id\":\"https:\/\/luchonoticias.com\/editor\/la-derecha-conquista-la-presidencia-de-argentina-con-javier-milei\/\"},\"author\":{\"name\":\"Editor General\",\"@id\":\"https:\/\/luchonoticias.com\/editor\/#\/schema\/person\/29217990ddf6f14e35912b2866d591fb\"},\"headline\":\"La derecha conquista la presidencia de Argentina, con Javier Milei\",\"datePublished\":\"2023-11-20T18:37:15+00:00\",\"dateModified\":\"2023-11-20T18:37:16+00:00\",\"mainEntityOfPage\":{\"@id\":\"https:\/\/luchonoticias.com\/editor\/la-derecha-conquista-la-presidencia-de-argentina-con-javier-milei\/\"},\"wordCount\":369,\"commentCount\":0,\"publisher\":{\"@id\":\"https:\/\/luchonoticias.com\/editor\/#\/schema\/person\/7a7fd911f58561fd056dbac7b55af9cd\"},\"image\":{\"@id\":\"https:\/\/luchonoticias.com\/editor\/la-derecha-conquista-la-presidencia-de-argentina-con-javier-milei\/#primaryimage\"},\"thumbnailUrl\":\"https:\/\/luchonoticias.com\/wp-content\/uploads\/2023\/11\/WhatsApp-Image-2023-11-20-at-12.05.04-1.jpeg\",\"articleSection\":[\"Pol\u00edtica\"],\"inLanguage\":\"es\",\"potentialAction\":[{\"@type\":\"CommentAction\",\"name\":\"Comment\",\"target\":[\"https:\/\/luchonoticias.com\/editor\/la-derecha-conquista-la-presidencia-de-argentina-con-javier-milei\/#respond\"]}]},{\"@type\":\"WebPage\",\"@id\":\"https:\/\/luchonoticias.com\/editor\/la-derecha-conquista-la-presidencia-de-argentina-con-javier-milei\/\",\"url\":\"https:\/\/luchonoticias.com\/editor\/la-derecha-conquista-la-presidencia-de-argentina-con-javier-milei\/\",\"name\":\"La derecha conquista la presidencia de Argentina, con Javier Milei -\",\"isPartOf\":{\"@id\":\"https:\/\/luchonoticias.com\/editor\/#website\"},\"primaryImageOfPage\":{\"@id\":\"https:\/\/luchonoticias.com\/editor\/la-derecha-conquista-la-presidencia-de-argentina-con-javier-milei\/#primaryimage\"},\"image\":{\"@id\":\"https:\/\/luchonoticias.com\/editor\/la-derecha-conquista-la-presidencia-de-argentina-con-javier-milei\/#primaryimage\"},\"thumbnailUrl\":\"https:\/\/luchonoticias.com\/wp-content\/uploads\/2023\/11\/WhatsApp-Image-2023-11-20-at-12.05.04-1.jpeg\",\"datePublished\":\"2023-11-20T18:37:15+00:00\",\"dateModified\":\"2023-11-20T18:37:16+00:00\",\"breadcrumb\":{\"@id\":\"https:\/\/luchonoticias.com\/editor\/la-derecha-conquista-la-presidencia-de-argentina-con-javier-milei\/#breadcrumb\"},\"inLanguage\":\"es\",\"potentialAction\":[{\"@type\":\"ReadAction\",\"target\":[\"https:\/\/luchonoticias.com\/editor\/la-derecha-conquista-la-presidencia-de-argentina-con-javier-milei\/\"]}]},{\"@type\":\"ImageObject\",\"inLanguage\":\"es\",\"@id\":\"https:\/\/luchonoticias.com\/editor\/la-derecha-conquista-la-presidencia-de-argentina-con-javier-milei\/#primaryimage\",\"url\":\"https:\/\/luchonoticias.com\/wp-content\/uploads\/2023\/11\/WhatsApp-Image-2023-11-20-at-12.05.04-1.jpeg\",\"contentUrl\":\"https:\/\/luchonoticias.com\/wp-content\/uploads\/2023\/11\/WhatsApp-Image-2023-11-20-at-12.05.04-1.jpeg\"},{\"@type\":\"BreadcrumbList\",\"@id\":\"https:\/\/luchonoticias.com\/editor\/la-derecha-conquista-la-presidencia-de-argentina-con-javier-milei\/#breadcrumb\",\"itemListElement\":[{\"@type\":\"ListItem\",\"position\":1,\"name\":\"Portada\",\"item\":\"https:\/\/luchonoticias.com\/editor\/\"},{\"@type\":\"ListItem\",\"position\":2,\"name\":\"La derecha conquista la presidencia de Argentina, con Javier Milei\"}]},{\"@type\":\"WebSite\",\"@id\":\"https:\/\/luchonoticias.com\/editor\/#website\",\"url\":\"https:\/\/luchonoticias.com\/editor\/\",\"name\":\"\",\"description\":\"\",\"publisher\":{\"@id\":\"https:\/\/luchonoticias.com\/editor\/#\/schema\/person\/7a7fd911f58561fd056dbac7b55af9cd\"},\"potentialAction\":[{\"@type\":\"SearchAction\",\"target\":{\"@type\":\"EntryPoint\",\"urlTemplate\":\"https:\/\/luchonoticias.com\/editor\/?s={search_term_string}\"},\"query-input\":{\"@type\":\"PropertyValueSpecification\",\"valueRequired\":true,\"valueName\":\"search_term_string\"}}],\"inLanguage\":\"es\"},{\"@type\":[\"Person\",\"Organization\"],\"@id\":\"https:\/\/luchonoticias.com\/editor\/#\/schema\/person\/7a7fd911f58561fd056dbac7b55af9cd\",\"name\":\"admin\",\"image\":{\"@type\":\"ImageObject\",\"inLanguage\":\"es\",\"@id\":\"https:\/\/luchonoticias.com\/editor\/#\/schema\/person\/image\/\",\"url\":\"https:\/\/luchonoticias.com\/editor\/wp-content\/uploads\/2024\/02\/cropped-cropped-logolu.webp\",\"contentUrl\":\"https:\/\/luchonoticias.com\/editor\/wp-content\/uploads\/2024\/02\/cropped-cropped-logolu.webp\",\"width\":382,\"height\":170,\"caption\":\"admin\"},\"logo\":{\"@id\":\"https:\/\/luchonoticias.com\/editor\/#\/schema\/person\/image\/\"},\"sameAs\":[\"https:\/\/www.facebook.com\/luchonoticiasneiva\"]},{\"@type\":\"Person\",\"@id\":\"https:\/\/luchonoticias.com\/editor\/#\/schema\/person\/29217990ddf6f14e35912b2866d591fb\",\"name\":\"Editor General\",\"image\":{\"@type\":\"ImageObject\",\"inLanguage\":\"es\",\"@id\":\"https:\/\/luchonoticias.com\/editor\/#\/schema\/person\/image\/\",\"url\":\"https:\/\/luchonoticias.com\/editor\/wp-content\/uploads\/2024\/02\/cropped-cropped-logolu-150x150.webp\",\"contentUrl\":\"https:\/\/luchonoticias.com\/editor\/wp-content\/uploads\/2024\/02\/cropped-cropped-logolu-150x150.webp\",\"caption\":\"Editor General\"},\"sameAs\":[\"https:\/\/luchonoticias.com\/\"],\"url\":\"https:\/\/luchonoticias.com\/editor\/author\/editor-general\/\"}]}<\/script>\n<!-- \/ Yoast SEO plugin. -->","yoast_head_json":{"title":"La derecha conquista la presidencia de Argentina, con Javier Milei -","robots":{"index":"index","follow":"follow","max-snippet":"max-snippet:-1","max-image-preview":"max-image-preview:large","max-video-preview":"max-video-preview:-1"},"canonical":"https:\/\/luchonoticias.com\/editor\/la-derecha-conquista-la-presidencia-de-argentina-con-javier-milei\/","og_locale":"es_ES","og_type":"article","og_title":"La derecha conquista la presidencia de Argentina, con Javier Milei -","og_url":"https:\/\/luchonoticias.com\/editor\/la-derecha-conquista-la-presidencia-de-argentina-con-javier-milei\/","article_publisher":"https:\/\/www.facebook.com\/luchonoticiasneiva","article_published_time":"2023-11-20T18:37:15+00:00","article_modified_time":"2023-11-20T18:37:16+00:00","og_image":[{"url":"https:\/\/luchonoticias.com\/wp-content\/uploads\/2023\/11\/WhatsApp-Image-2023-11-20-at-12.05.04-1.jpeg","type":"","width":"","height":""}],"author":"Editor General","twitter_card":"summary_large_image","twitter_misc":{"Escrito por":"Editor General","Tiempo de lectura":"2 minutos"},"schema":{"@context":"https:\/\/schema.org","@graph":[{"@type":"Article","@id":"https:\/\/luchonoticias.com\/editor\/la-derecha-conquista-la-presidencia-de-argentina-con-javier-milei\/#article","isPartOf":{"@id":"https:\/\/luchonoticias.com\/editor\/la-derecha-conquista-la-presidencia-de-argentina-con-javier-milei\/"},"author":{"name":"Editor General","@id":"https:\/\/luchonoticias.com\/editor\/#\/schema\/person\/29217990ddf6f14e35912b2866d591fb"},"headline":"La derecha conquista la presidencia de Argentina, con Javier Milei","datePublished":"2023-11-20T18:37:15+00:00","dateModified":"2023-11-20T18:37:16+00:00","mainEntityOfPage":{"@id":"https:\/\/luchonoticias.com\/editor\/la-derecha-conquista-la-presidencia-de-argentina-con-javier-milei\/"},"wordCount":369,"commentCount":0,"publisher":{"@id":"https:\/\/luchonoticias.com\/editor\/#\/schema\/person\/7a7fd911f58561fd056dbac7b55af9cd"},"image":{"@id":"https:\/\/luchonoticias.com\/editor\/la-derecha-conquista-la-presidencia-de-argentina-con-javier-milei\/#primaryimage"},"thumbnailUrl":"https:\/\/luchonoticias.com\/wp-content\/uploads\/2023\/11\/WhatsApp-Image-2023-11-20-at-12.05.04-1.jpeg","articleSection":["Pol\u00edtica"],"inLanguage":"es","potentialAction":[{"@type":"CommentAction","name":"Comment","target":["https:\/\/luchonoticias.com\/editor\/la-derecha-conquista-la-presidencia-de-argentina-con-javier-milei\/#respond"]}]},{"@type":"WebPage","@id":"https:\/\/luchonoticias.com\/editor\/la-derecha-conquista-la-presidencia-de-argentina-con-javier-milei\/","url":"https:\/\/luchonoticias.com\/editor\/la-derecha-conquista-la-presidencia-de-argentina-con-javier-milei\/","name":"La derecha conquista la presidencia de Argentina, con Javier Milei -","isPartOf":{"@id":"https:\/\/luchonoticias.com\/editor\/#website"},"primaryImageOfPage":{"@id":"https:\/\/luchonoticias.com\/editor\/la-derecha-conquista-la-presidencia-de-argentina-con-javier-milei\/#primaryimage"},"image":{"@id":"https:\/\/luchonoticias.com\/editor\/la-derecha-conquista-la-presidencia-de-argentina-con-javier-milei\/#primaryimage"},"thumbnailUrl":"https:\/\/luchonoticias.com\/wp-content\/uploads\/2023\/11\/WhatsApp-Image-2023-11-20-at-12.05.04-1.jpeg","datePublished":"2023-11-20T18:37:15+00:00","dateModified":"2023-11-20T18:37:16+00:00","breadcrumb":{"@id":"https:\/\/luchonoticias.com\/editor\/la-derecha-conquista-la-presidencia-de-argentina-con-javier-milei\/#breadcrumb"},"inLanguage":"es","potentialAction":[{"@type":"ReadAction","target":["https:\/\/luchonoticias.com\/editor\/la-derecha-conquista-la-presidencia-de-argentina-con-javier-milei\/"]}]},{"@type":"ImageObject","inLanguage":"es","@id":"https:\/\/luchonoticias.com\/editor\/la-derecha-conquista-la-presidencia-de-argentina-con-javier-milei\/#primaryimage","url":"https:\/\/luchonoticias.com\/wp-content\/uploads\/2023\/11\/WhatsApp-Image-2023-11-20-at-12.05.04-1.jpeg","contentUrl":"https:\/\/luchonoticias.com\/wp-content\/uploads\/2023\/11\/WhatsApp-Image-2023-11-20-at-12.05.04-1.jpeg"},{"@type":"BreadcrumbList","@id":"https:\/\/luchonoticias.com\/editor\/la-derecha-conquista-la-presidencia-de-argentina-con-javier-milei\/#breadcrumb","itemListElement":[{"@type":"ListItem","position":1,"name":"Portada","item":"https:\/\/luchonoticias.com\/editor\/"},{"@type":"ListItem","position":2,"name":"La derecha conquista la presidencia de Argentina, con Javier Milei"}]},{"@type":"WebSite","@id":"https:\/\/luchonoticias.com\/editor\/#website","url":"https:\/\/luchonoticias.com\/editor\/","name":"","description":"","publisher":{"@id":"https:\/\/luchonoticias.com\/editor\/#\/schema\/person\/7a7fd911f58561fd056dbac7b55af9cd"},"potentialAction":[{"@type":"SearchAction","target":{"@type":"EntryPoint","urlTemplate":"https:\/\/luchonoticias.com\/editor\/?s={search_term_string}"},"query-input":{"@type":"PropertyValueSpecification","valueRequired":true,"valueName":"search_term_string"}}],"inLanguage":"es"},{"@type":["Person","Organization"],"@id":"https:\/\/luchonoticias.com\/editor\/#\/schema\/person\/7a7fd911f58561fd056dbac7b55af9cd","name":"admin","image":{"@type":"ImageObject","inLanguage":"es","@id":"https:\/\/luchonoticias.com\/editor\/#\/schema\/person\/image\/","url":"https:\/\/luchonoticias.com\/editor\/wp-content\/uploads\/2024\/02\/cropped-cropped-logolu.webp","contentUrl":"https:\/\/luchonoticias.com\/editor\/wp-content\/uploads\/2024\/02\/cropped-cropped-logolu.webp","width":382,"height":170,"caption":"admin"},"logo":{"@id":"https:\/\/luchonoticias.com\/editor\/#\/schema\/person\/image\/"},"sameAs":["https:\/\/www.facebook.com\/luchonoticiasneiva"]},{"@type":"Person","@id":"https:\/\/luchonoticias.com\/editor\/#\/schema\/person\/29217990ddf6f14e35912b2866d591fb","name":"Editor General","image":{"@type":"ImageObject","inLanguage":"es","@id":"https:\/\/luchonoticias.com\/editor\/#\/schema\/person\/image\/","url":"https:\/\/luchonoticias.com\/editor\/wp-content\/uploads\/2024\/02\/cropped-cropped-logolu-150x150.webp","contentUrl":"https:\/\/luchonoticias.com\/editor\/wp-content\/uploads\/2024\/02\/cropped-cropped-logolu-150x150.webp","caption":"Editor General"},"sameAs":["https:\/\/luchonoticias.com\/"],"url":"https:\/\/luchonoticias.com\/editor\/author\/editor-general\/"}]}},"_links":{"self":[{"href":"https:\/\/luchonoticias.com\/editor\/wp-json\/wp\/v2\/posts\/64230","targetHints":{"allow":["GET"]}}],"collection":[{"href":"https:\/\/luchonoticias.com\/editor\/wp-json\/wp\/v2\/posts"}],"about":[{"href":"https:\/\/luchonoticias.com\/editor\/wp-json\/wp\/v2\/types\/post"}],"author":[{"embeddable":true,"href":"https:\/\/luchonoticias.com\/editor\/wp-json\/wp\/v2\/users\/2"}],"replies":[{"embeddable":true,"href":"https:\/\/luchonoticias.com\/editor\/wp-json\/wp\/v2\/comments?post=64230"}],"version-history":[{"count":0,"href":"https:\/\/luchonoticias.com\/editor\/wp-json\/wp\/v2\/posts\/64230\/revisions"}],"wp:attachment":[{"href":"https:\/\/luchonoticias.com\/editor\/wp-json\/wp\/v2\/media?parent=64230"}],"wp:term":[{"taxonomy":"category","embeddable":true,"href":"https:\/\/luchonoticias.com\/editor\/wp-json\/wp\/v2\/categories?post=64230"},{"taxonomy":"post_tag","embeddable":true,"href":"https:\/\/luchonoticias.com\/editor\/wp-json\/wp\/v2\/tags?post=64230"}],"curies":[{"name":"wp","href":"https:\/\/api.w.org\/{rel}","templated":true}]}}