{"id":64239,"date":"2023-11-20T14:53:20","date_gmt":"2023-11-20T19:53:20","guid":{"rendered":"https:\/\/luchonoticias.com\/?p=64239"},"modified":"2023-11-20T14:53:21","modified_gmt":"2023-11-20T19:53:21","slug":"cinco-personas-privadas-de-la-libertad-por-el-secuestro-de-un-cafetero-en-pitalito-huila","status":"publish","type":"post","link":"https:\/\/luchonoticias.com\/editor\/cinco-personas-privadas-de-la-libertad-por-el-secuestro-de-un-cafetero-en-pitalito-huila\/","title":{"rendered":"Cinco personas privadas de la libertad por el secuestro de un cafetero en Pitalito, Huila"},"content":{"rendered":"\n<p>Cinco personas fueron capturadas en zona rural del municipio huilense de Pitalito el pasado 14 de noviembre, se\u00f1aladas de haber participado en la tentativa de secuestro de un cafetero en zona rural de la municipalidad y fueron afectadas con medida de aseguramiento intramuros.<\/p>\n\n\n\n<p>Se trata de Luis Eduardo Motta Chavarro, Reinel Chavarro Leiton, Jhon Jairo Jurado Rosales, Diego Delgado L\u00f3pez y Brayan Fabi\u00e1n Galindez, quienes al parecer ingresaron a la finca de la v\u00edctima de manera arbitraria con el fin de retenerlo.<\/p>\n\n\n\n<p>En el sitio se encontraba otra persona quien logr\u00f3 avisar al ciudadano que buscaban y este se resguard\u00f3 dentro de la misma vivienda, mientras uno de los sospechosos le llamaba y exig\u00eda que deb\u00eda irse con ellos \u201ca las buenas o a las malas\u201d.<\/p>\n\n\n\n<p>Mientras tanto el otro ciudadano era intimidado con armas de fuego, despoj\u00e1ndolo de su celular y de un arma traum\u00e1tica que ten\u00eda consigo, reduci\u00e9ndolo en el piso por cerca de media hora.<\/p>\n\n\n\n<p>Ante un descuido logr\u00f3 escapar y dar aviso a las autoridades que lograron detenerlos cuando hu\u00edan en veh\u00edculos diferentes.<\/p>\n\n\n\n<p>Por estos hechos la Fiscal\u00eda a trav\u00e9s de un despacho de la unidad local de Pitalito le imput\u00f3 los delitos de secuestro simple y hurto calificado y agravado que no aceptaron haber cometido y permanecer\u00e1n en la c\u00e1rcel mientras avanza la investigaci\u00f3n.<\/p>\n","protected":false},"excerpt":{"rendered":"<p>Cinco personas fueron capturadas en zona rural del municipio huilense de Pitalito el pasado 14 de noviembre, se\u00f1aladas de haber participado en la tentativa de secuestro de un cafetero en zona rural de la municipalidad y fueron afectadas con medida de aseguramiento intramuros. Se trata de Luis Eduardo Motta Chavarro, Reinel Chavarro Leiton, Jhon Jairo [&hellip;]<\/p>\n","protected":false},"author":2,"featured_media":0,"comment_status":"open","ping_status":"open","sticky":false,"template":"","format":"standard","meta":{"footnotes":""},"categories":[36,29],"tags":[],"class_list":["post-64239","post","type-post","status-publish","format-standard","hentry","category-destacado","category-judicial"],"yoast_head":"<!-- This site is optimized with the Yoast SEO plugin v26.6 - https:\/\/yoast.com\/wordpress\/plugins\/seo\/ -->\n<title>Cinco personas privadas de la libertad por el secuestro de un cafetero en Pitalito, Huila -<\/title>\n<meta name=\"robots\" content=\"index, follow, max-snippet:-1, max-image-preview:large, max-video-preview:-1\" \/>\n<link rel=\"canonical\" href=\"https:\/\/luchonoticias.com\/editor\/cinco-personas-privadas-de-la-libertad-por-el-secuestro-de-un-cafetero-en-pitalito-huila\/\" \/>\n<meta property=\"og:locale\" content=\"es_ES\" \/>\n<meta property=\"og:type\" content=\"article\" \/>\n<meta property=\"og:title\" content=\"Cinco personas privadas de la libertad por el secuestro de un cafetero en Pitalito, Huila -\" \/>\n<meta property=\"og:url\" content=\"https:\/\/luchonoticias.com\/editor\/cinco-personas-privadas-de-la-libertad-por-el-secuestro-de-un-cafetero-en-pitalito-huila\/\" \/>\n<meta property=\"article:publisher\" content=\"https:\/\/www.facebook.com\/luchonoticiasneiva\" \/>\n<meta property=\"article:published_time\" content=\"2023-11-20T19:53:20+00:00\" \/>\n<meta property=\"article:modified_time\" content=\"2023-11-20T19:53:21+00:00\" \/>\n<meta name=\"author\" content=\"Editor General\" \/>\n<meta name=\"twitter:card\" content=\"summary_large_image\" \/>\n<meta name=\"twitter:label1\" content=\"Escrito por\" \/>\n\t<meta name=\"twitter:data1\" content=\"Editor General\" \/>\n\t<meta name=\"twitter:label2\" content=\"Tiempo de lectura\" \/>\n\t<meta name=\"twitter:data2\" content=\"1 minuto\" \/>\n<script type=\"application\/ld+json\" class=\"yoast-schema-graph\">{\"@context\":\"https:\/\/schema.org\",\"@graph\":[{\"@type\":\"Article\",\"@id\":\"https:\/\/luchonoticias.com\/editor\/cinco-personas-privadas-de-la-libertad-por-el-secuestro-de-un-cafetero-en-pitalito-huila\/#article\",\"isPartOf\":{\"@id\":\"https:\/\/luchonoticias.com\/editor\/cinco-personas-privadas-de-la-libertad-por-el-secuestro-de-un-cafetero-en-pitalito-huila\/\"},\"author\":{\"name\":\"Editor General\",\"@id\":\"https:\/\/luchonoticias.com\/editor\/#\/schema\/person\/29217990ddf6f14e35912b2866d591fb\"},\"headline\":\"Cinco personas privadas de la libertad por el secuestro de un cafetero en Pitalito, Huila\",\"datePublished\":\"2023-11-20T19:53:20+00:00\",\"dateModified\":\"2023-11-20T19:53:21+00:00\",\"mainEntityOfPage\":{\"@id\":\"https:\/\/luchonoticias.com\/editor\/cinco-personas-privadas-de-la-libertad-por-el-secuestro-de-un-cafetero-en-pitalito-huila\/\"},\"wordCount\":250,\"commentCount\":0,\"publisher\":{\"@id\":\"https:\/\/luchonoticias.com\/editor\/#\/schema\/person\/7a7fd911f58561fd056dbac7b55af9cd\"},\"articleSection\":[\"Destacado\",\"Judicial\"],\"inLanguage\":\"es\",\"potentialAction\":[{\"@type\":\"CommentAction\",\"name\":\"Comment\",\"target\":[\"https:\/\/luchonoticias.com\/editor\/cinco-personas-privadas-de-la-libertad-por-el-secuestro-de-un-cafetero-en-pitalito-huila\/#respond\"]}]},{\"@type\":\"WebPage\",\"@id\":\"https:\/\/luchonoticias.com\/editor\/cinco-personas-privadas-de-la-libertad-por-el-secuestro-de-un-cafetero-en-pitalito-huila\/\",\"url\":\"https:\/\/luchonoticias.com\/editor\/cinco-personas-privadas-de-la-libertad-por-el-secuestro-de-un-cafetero-en-pitalito-huila\/\",\"name\":\"Cinco personas privadas de la libertad por el secuestro de un cafetero en Pitalito, Huila -\",\"isPartOf\":{\"@id\":\"https:\/\/luchonoticias.com\/editor\/#website\"},\"datePublished\":\"2023-11-20T19:53:20+00:00\",\"dateModified\":\"2023-11-20T19:53:21+00:00\",\"breadcrumb\":{\"@id\":\"https:\/\/luchonoticias.com\/editor\/cinco-personas-privadas-de-la-libertad-por-el-secuestro-de-un-cafetero-en-pitalito-huila\/#breadcrumb\"},\"inLanguage\":\"es\",\"potentialAction\":[{\"@type\":\"ReadAction\",\"target\":[\"https:\/\/luchonoticias.com\/editor\/cinco-personas-privadas-de-la-libertad-por-el-secuestro-de-un-cafetero-en-pitalito-huila\/\"]}]},{\"@type\":\"BreadcrumbList\",\"@id\":\"https:\/\/luchonoticias.com\/editor\/cinco-personas-privadas-de-la-libertad-por-el-secuestro-de-un-cafetero-en-pitalito-huila\/#breadcrumb\",\"itemListElement\":[{\"@type\":\"ListItem\",\"position\":1,\"name\":\"Portada\",\"item\":\"https:\/\/luchonoticias.com\/editor\/\"},{\"@type\":\"ListItem\",\"position\":2,\"name\":\"Cinco personas privadas de la libertad por el secuestro de un cafetero en Pitalito, Huila\"}]},{\"@type\":\"WebSite\",\"@id\":\"https:\/\/luchonoticias.com\/editor\/#website\",\"url\":\"https:\/\/luchonoticias.com\/editor\/\",\"name\":\"\",\"description\":\"\",\"publisher\":{\"@id\":\"https:\/\/luchonoticias.com\/editor\/#\/schema\/person\/7a7fd911f58561fd056dbac7b55af9cd\"},\"potentialAction\":[{\"@type\":\"SearchAction\",\"target\":{\"@type\":\"EntryPoint\",\"urlTemplate\":\"https:\/\/luchonoticias.com\/editor\/?s={search_term_string}\"},\"query-input\":{\"@type\":\"PropertyValueSpecification\",\"valueRequired\":true,\"valueName\":\"search_term_string\"}}],\"inLanguage\":\"es\"},{\"@type\":[\"Person\",\"Organization\"],\"@id\":\"https:\/\/luchonoticias.com\/editor\/#\/schema\/person\/7a7fd911f58561fd056dbac7b55af9cd\",\"name\":\"admin\",\"image\":{\"@type\":\"ImageObject\",\"inLanguage\":\"es\",\"@id\":\"https:\/\/luchonoticias.com\/editor\/#\/schema\/person\/image\/\",\"url\":\"https:\/\/luchonoticias.com\/editor\/wp-content\/uploads\/2024\/02\/cropped-cropped-logolu.webp\",\"contentUrl\":\"https:\/\/luchonoticias.com\/editor\/wp-content\/uploads\/2024\/02\/cropped-cropped-logolu.webp\",\"width\":382,\"height\":170,\"caption\":\"admin\"},\"logo\":{\"@id\":\"https:\/\/luchonoticias.com\/editor\/#\/schema\/person\/image\/\"},\"sameAs\":[\"https:\/\/www.facebook.com\/luchonoticiasneiva\"]},{\"@type\":\"Person\",\"@id\":\"https:\/\/luchonoticias.com\/editor\/#\/schema\/person\/29217990ddf6f14e35912b2866d591fb\",\"name\":\"Editor General\",\"image\":{\"@type\":\"ImageObject\",\"inLanguage\":\"es\",\"@id\":\"https:\/\/luchonoticias.com\/editor\/#\/schema\/person\/image\/\",\"url\":\"https:\/\/luchonoticias.com\/editor\/wp-content\/uploads\/2024\/02\/cropped-cropped-logolu-150x150.webp\",\"contentUrl\":\"https:\/\/luchonoticias.com\/editor\/wp-content\/uploads\/2024\/02\/cropped-cropped-logolu-150x150.webp\",\"caption\":\"Editor General\"},\"sameAs\":[\"https:\/\/luchonoticias.com\/\"],\"url\":\"https:\/\/luchonoticias.com\/editor\/author\/editor-general\/\"}]}<\/script>\n<!-- \/ Yoast SEO plugin. -->","yoast_head_json":{"title":"Cinco personas privadas de la libertad por el secuestro de un cafetero en Pitalito, Huila -","robots":{"index":"index","follow":"follow","max-snippet":"max-snippet:-1","max-image-preview":"max-image-preview:large","max-video-preview":"max-video-preview:-1"},"canonical":"https:\/\/luchonoticias.com\/editor\/cinco-personas-privadas-de-la-libertad-por-el-secuestro-de-un-cafetero-en-pitalito-huila\/","og_locale":"es_ES","og_type":"article","og_title":"Cinco personas privadas de la libertad por el secuestro de un cafetero en Pitalito, Huila -","og_url":"https:\/\/luchonoticias.com\/editor\/cinco-personas-privadas-de-la-libertad-por-el-secuestro-de-un-cafetero-en-pitalito-huila\/","article_publisher":"https:\/\/www.facebook.com\/luchonoticiasneiva","article_published_time":"2023-11-20T19:53:20+00:00","article_modified_time":"2023-11-20T19:53:21+00:00","author":"Editor General","twitter_card":"summary_large_image","twitter_misc":{"Escrito por":"Editor General","Tiempo de lectura":"1 minuto"},"schema":{"@context":"https:\/\/schema.org","@graph":[{"@type":"Article","@id":"https:\/\/luchonoticias.com\/editor\/cinco-personas-privadas-de-la-libertad-por-el-secuestro-de-un-cafetero-en-pitalito-huila\/#article","isPartOf":{"@id":"https:\/\/luchonoticias.com\/editor\/cinco-personas-privadas-de-la-libertad-por-el-secuestro-de-un-cafetero-en-pitalito-huila\/"},"author":{"name":"Editor General","@id":"https:\/\/luchonoticias.com\/editor\/#\/schema\/person\/29217990ddf6f14e35912b2866d591fb"},"headline":"Cinco personas privadas de la libertad por el secuestro de un cafetero en Pitalito, Huila","datePublished":"2023-11-20T19:53:20+00:00","dateModified":"2023-11-20T19:53:21+00:00","mainEntityOfPage":{"@id":"https:\/\/luchonoticias.com\/editor\/cinco-personas-privadas-de-la-libertad-por-el-secuestro-de-un-cafetero-en-pitalito-huila\/"},"wordCount":250,"commentCount":0,"publisher":{"@id":"https:\/\/luchonoticias.com\/editor\/#\/schema\/person\/7a7fd911f58561fd056dbac7b55af9cd"},"articleSection":["Destacado","Judicial"],"inLanguage":"es","potentialAction":[{"@type":"CommentAction","name":"Comment","target":["https:\/\/luchonoticias.com\/editor\/cinco-personas-privadas-de-la-libertad-por-el-secuestro-de-un-cafetero-en-pitalito-huila\/#respond"]}]},{"@type":"WebPage","@id":"https:\/\/luchonoticias.com\/editor\/cinco-personas-privadas-de-la-libertad-por-el-secuestro-de-un-cafetero-en-pitalito-huila\/","url":"https:\/\/luchonoticias.com\/editor\/cinco-personas-privadas-de-la-libertad-por-el-secuestro-de-un-cafetero-en-pitalito-huila\/","name":"Cinco personas privadas de la libertad por el secuestro de un cafetero en Pitalito, Huila -","isPartOf":{"@id":"https:\/\/luchonoticias.com\/editor\/#website"},"datePublished":"2023-11-20T19:53:20+00:00","dateModified":"2023-11-20T19:53:21+00:00","breadcrumb":{"@id":"https:\/\/luchonoticias.com\/editor\/cinco-personas-privadas-de-la-libertad-por-el-secuestro-de-un-cafetero-en-pitalito-huila\/#breadcrumb"},"inLanguage":"es","potentialAction":[{"@type":"ReadAction","target":["https:\/\/luchonoticias.com\/editor\/cinco-personas-privadas-de-la-libertad-por-el-secuestro-de-un-cafetero-en-pitalito-huila\/"]}]},{"@type":"BreadcrumbList","@id":"https:\/\/luchonoticias.com\/editor\/cinco-personas-privadas-de-la-libertad-por-el-secuestro-de-un-cafetero-en-pitalito-huila\/#breadcrumb","itemListElement":[{"@type":"ListItem","position":1,"name":"Portada","item":"https:\/\/luchonoticias.com\/editor\/"},{"@type":"ListItem","position":2,"name":"Cinco personas privadas de la libertad por el secuestro de un cafetero en Pitalito, Huila"}]},{"@type":"WebSite","@id":"https:\/\/luchonoticias.com\/editor\/#website","url":"https:\/\/luchonoticias.com\/editor\/","name":"","description":"","publisher":{"@id":"https:\/\/luchonoticias.com\/editor\/#\/schema\/person\/7a7fd911f58561fd056dbac7b55af9cd"},"potentialAction":[{"@type":"SearchAction","target":{"@type":"EntryPoint","urlTemplate":"https:\/\/luchonoticias.com\/editor\/?s={search_term_string}"},"query-input":{"@type":"PropertyValueSpecification","valueRequired":true,"valueName":"search_term_string"}}],"inLanguage":"es"},{"@type":["Person","Organization"],"@id":"https:\/\/luchonoticias.com\/editor\/#\/schema\/person\/7a7fd911f58561fd056dbac7b55af9cd","name":"admin","image":{"@type":"ImageObject","inLanguage":"es","@id":"https:\/\/luchonoticias.com\/editor\/#\/schema\/person\/image\/","url":"https:\/\/luchonoticias.com\/editor\/wp-content\/uploads\/2024\/02\/cropped-cropped-logolu.webp","contentUrl":"https:\/\/luchonoticias.com\/editor\/wp-content\/uploads\/2024\/02\/cropped-cropped-logolu.webp","width":382,"height":170,"caption":"admin"},"logo":{"@id":"https:\/\/luchonoticias.com\/editor\/#\/schema\/person\/image\/"},"sameAs":["https:\/\/www.facebook.com\/luchonoticiasneiva"]},{"@type":"Person","@id":"https:\/\/luchonoticias.com\/editor\/#\/schema\/person\/29217990ddf6f14e35912b2866d591fb","name":"Editor General","image":{"@type":"ImageObject","inLanguage":"es","@id":"https:\/\/luchonoticias.com\/editor\/#\/schema\/person\/image\/","url":"https:\/\/luchonoticias.com\/editor\/wp-content\/uploads\/2024\/02\/cropped-cropped-logolu-150x150.webp","contentUrl":"https:\/\/luchonoticias.com\/editor\/wp-content\/uploads\/2024\/02\/cropped-cropped-logolu-150x150.webp","caption":"Editor General"},"sameAs":["https:\/\/luchonoticias.com\/"],"url":"https:\/\/luchonoticias.com\/editor\/author\/editor-general\/"}]}},"_links":{"self":[{"href":"https:\/\/luchonoticias.com\/editor\/wp-json\/wp\/v2\/posts\/64239","targetHints":{"allow":["GET"]}}],"collection":[{"href":"https:\/\/luchonoticias.com\/editor\/wp-json\/wp\/v2\/posts"}],"about":[{"href":"https:\/\/luchonoticias.com\/editor\/wp-json\/wp\/v2\/types\/post"}],"author":[{"embeddable":true,"href":"https:\/\/luchonoticias.com\/editor\/wp-json\/wp\/v2\/users\/2"}],"replies":[{"embeddable":true,"href":"https:\/\/luchonoticias.com\/editor\/wp-json\/wp\/v2\/comments?post=64239"}],"version-history":[{"count":0,"href":"https:\/\/luchonoticias.com\/editor\/wp-json\/wp\/v2\/posts\/64239\/revisions"}],"wp:attachment":[{"href":"https:\/\/luchonoticias.com\/editor\/wp-json\/wp\/v2\/media?parent=64239"}],"wp:term":[{"taxonomy":"category","embeddable":true,"href":"https:\/\/luchonoticias.com\/editor\/wp-json\/wp\/v2\/categories?post=64239"},{"taxonomy":"post_tag","embeddable":true,"href":"https:\/\/luchonoticias.com\/editor\/wp-json\/wp\/v2\/tags?post=64239"}],"curies":[{"name":"wp","href":"https:\/\/api.w.org\/{rel}","templated":true}]}}