{"id":64244,"date":"2023-11-20T15:04:01","date_gmt":"2023-11-20T20:04:01","guid":{"rendered":"https:\/\/luchonoticias.com\/?p=64244"},"modified":"2023-11-20T15:04:02","modified_gmt":"2023-11-20T20:04:02","slug":"judicializado-sujeto-que-fue-detenido-por-la-comunidad-en-caso-de-fleteo-en-garzon","status":"publish","type":"post","link":"https:\/\/luchonoticias.com\/editor\/judicializado-sujeto-que-fue-detenido-por-la-comunidad-en-caso-de-fleteo-en-garzon\/","title":{"rendered":"Judicializado sujeto que fue detenido por la comunidad en caso de fleteo en Garz\u00f3n"},"content":{"rendered":"\n<p>Los hechos se presentaron en el barrio Juan Pablo II donde al parecer un hombre conocido como \u201cPipe\u201d aprovecha que dos ciudadanos salen de una entidad bancaria con un bolso y sin acompa\u00f1amiento policial, los intimida con arma de fuego para quitarles el dinero e intenta huir del lugar, cuando es abordado por varios ciudadanos que lo detienen. Por voces de auxilio el cuadrante No.2 de Polic\u00eda de Garz\u00f3n, llega hasta el sitio donde es capturado el presunto delincuente.<\/p>\n\n\n\n<p>Los polic\u00edas procedieron a realizar el registro al individuo, encontr\u00e1ndole un arma de fuego tipo rev\u00f3lver con su respectiva munici\u00f3n y el bolso hurtado con la suma de 14 millones de pesos.&nbsp;<\/p>\n\n\n\n<p>De esta manera se evit\u00f3 presuntamente la comisi\u00f3n de un posible fleteo y alias \u201cPipe\u201d fue judicializado por el delito de hurto y fabricaci\u00f3n, tr\u00e1fico y\/o porte de armas de fuego y munici\u00f3n.<\/p>\n\n\n\n<p>La Polic\u00eda Nacional hace un llamado a la ciudadan\u00eda, con el fin de que den pronta pronto aviso a las autoridades cuando se trate del retiro de grandes cantidades de dinero para evitar ser objeto de hurto o fleteos que se puedan derivar posteriormente en homicidios o lesiones personales.<\/p>\n\n\n\n<p>Para solicitar el acompa\u00f1amiento de la Polic\u00eda Nacional cuando retire grandes cifras de dinero, comun\u00edquese al 123, el servicio de acompa\u00f1amiento por parte de la Polic\u00eda es totalmente gratuito.<\/p>\n","protected":false},"excerpt":{"rendered":"<p>Los hechos se presentaron en el barrio Juan Pablo II donde al parecer un hombre conocido como \u201cPipe\u201d aprovecha que dos ciudadanos salen de una entidad bancaria con un bolso y sin acompa\u00f1amiento policial, los intimida con arma de fuego para quitarles el dinero e intenta huir del lugar, cuando es abordado por varios ciudadanos [&hellip;]<\/p>\n","protected":false},"author":2,"featured_media":0,"comment_status":"open","ping_status":"open","sticky":false,"template":"","format":"standard","meta":{"footnotes":""},"categories":[36,29],"tags":[],"class_list":["post-64244","post","type-post","status-publish","format-standard","hentry","category-destacado","category-judicial"],"yoast_head":"<!-- This site is optimized with the Yoast SEO plugin v26.6 - https:\/\/yoast.com\/wordpress\/plugins\/seo\/ -->\n<title>Judicializado sujeto que fue detenido por la comunidad en caso de fleteo en Garz\u00f3n -<\/title>\n<meta name=\"robots\" content=\"index, follow, max-snippet:-1, max-image-preview:large, max-video-preview:-1\" \/>\n<link rel=\"canonical\" href=\"https:\/\/luchonoticias.com\/editor\/judicializado-sujeto-que-fue-detenido-por-la-comunidad-en-caso-de-fleteo-en-garzon\/\" \/>\n<meta property=\"og:locale\" content=\"es_ES\" \/>\n<meta property=\"og:type\" content=\"article\" \/>\n<meta property=\"og:title\" content=\"Judicializado sujeto que fue detenido por la comunidad en caso de fleteo en Garz\u00f3n -\" \/>\n<meta property=\"og:url\" content=\"https:\/\/luchonoticias.com\/editor\/judicializado-sujeto-que-fue-detenido-por-la-comunidad-en-caso-de-fleteo-en-garzon\/\" \/>\n<meta property=\"article:publisher\" content=\"https:\/\/www.facebook.com\/luchonoticiasneiva\" \/>\n<meta property=\"article:published_time\" content=\"2023-11-20T20:04:01+00:00\" \/>\n<meta property=\"article:modified_time\" content=\"2023-11-20T20:04:02+00:00\" \/>\n<meta name=\"author\" content=\"Editor General\" \/>\n<meta name=\"twitter:card\" content=\"summary_large_image\" \/>\n<meta name=\"twitter:label1\" content=\"Escrito por\" \/>\n\t<meta name=\"twitter:data1\" content=\"Editor General\" \/>\n\t<meta name=\"twitter:label2\" content=\"Tiempo de lectura\" \/>\n\t<meta name=\"twitter:data2\" content=\"1 minuto\" \/>\n<script type=\"application\/ld+json\" class=\"yoast-schema-graph\">{\"@context\":\"https:\/\/schema.org\",\"@graph\":[{\"@type\":\"Article\",\"@id\":\"https:\/\/luchonoticias.com\/editor\/judicializado-sujeto-que-fue-detenido-por-la-comunidad-en-caso-de-fleteo-en-garzon\/#article\",\"isPartOf\":{\"@id\":\"https:\/\/luchonoticias.com\/editor\/judicializado-sujeto-que-fue-detenido-por-la-comunidad-en-caso-de-fleteo-en-garzon\/\"},\"author\":{\"name\":\"Editor General\",\"@id\":\"https:\/\/luchonoticias.com\/editor\/#\/schema\/person\/29217990ddf6f14e35912b2866d591fb\"},\"headline\":\"Judicializado sujeto que fue detenido por la comunidad en caso de fleteo en Garz\u00f3n\",\"datePublished\":\"2023-11-20T20:04:01+00:00\",\"dateModified\":\"2023-11-20T20:04:02+00:00\",\"mainEntityOfPage\":{\"@id\":\"https:\/\/luchonoticias.com\/editor\/judicializado-sujeto-que-fue-detenido-por-la-comunidad-en-caso-de-fleteo-en-garzon\/\"},\"wordCount\":255,\"commentCount\":0,\"publisher\":{\"@id\":\"https:\/\/luchonoticias.com\/editor\/#\/schema\/person\/7a7fd911f58561fd056dbac7b55af9cd\"},\"articleSection\":[\"Destacado\",\"Judicial\"],\"inLanguage\":\"es\",\"potentialAction\":[{\"@type\":\"CommentAction\",\"name\":\"Comment\",\"target\":[\"https:\/\/luchonoticias.com\/editor\/judicializado-sujeto-que-fue-detenido-por-la-comunidad-en-caso-de-fleteo-en-garzon\/#respond\"]}]},{\"@type\":\"WebPage\",\"@id\":\"https:\/\/luchonoticias.com\/editor\/judicializado-sujeto-que-fue-detenido-por-la-comunidad-en-caso-de-fleteo-en-garzon\/\",\"url\":\"https:\/\/luchonoticias.com\/editor\/judicializado-sujeto-que-fue-detenido-por-la-comunidad-en-caso-de-fleteo-en-garzon\/\",\"name\":\"Judicializado sujeto que fue detenido por la comunidad en caso de fleteo en Garz\u00f3n -\",\"isPartOf\":{\"@id\":\"https:\/\/luchonoticias.com\/editor\/#website\"},\"datePublished\":\"2023-11-20T20:04:01+00:00\",\"dateModified\":\"2023-11-20T20:04:02+00:00\",\"breadcrumb\":{\"@id\":\"https:\/\/luchonoticias.com\/editor\/judicializado-sujeto-que-fue-detenido-por-la-comunidad-en-caso-de-fleteo-en-garzon\/#breadcrumb\"},\"inLanguage\":\"es\",\"potentialAction\":[{\"@type\":\"ReadAction\",\"target\":[\"https:\/\/luchonoticias.com\/editor\/judicializado-sujeto-que-fue-detenido-por-la-comunidad-en-caso-de-fleteo-en-garzon\/\"]}]},{\"@type\":\"BreadcrumbList\",\"@id\":\"https:\/\/luchonoticias.com\/editor\/judicializado-sujeto-que-fue-detenido-por-la-comunidad-en-caso-de-fleteo-en-garzon\/#breadcrumb\",\"itemListElement\":[{\"@type\":\"ListItem\",\"position\":1,\"name\":\"Portada\",\"item\":\"https:\/\/luchonoticias.com\/editor\/\"},{\"@type\":\"ListItem\",\"position\":2,\"name\":\"Judicializado sujeto que fue detenido por la comunidad en caso de fleteo en Garz\u00f3n\"}]},{\"@type\":\"WebSite\",\"@id\":\"https:\/\/luchonoticias.com\/editor\/#website\",\"url\":\"https:\/\/luchonoticias.com\/editor\/\",\"name\":\"\",\"description\":\"\",\"publisher\":{\"@id\":\"https:\/\/luchonoticias.com\/editor\/#\/schema\/person\/7a7fd911f58561fd056dbac7b55af9cd\"},\"potentialAction\":[{\"@type\":\"SearchAction\",\"target\":{\"@type\":\"EntryPoint\",\"urlTemplate\":\"https:\/\/luchonoticias.com\/editor\/?s={search_term_string}\"},\"query-input\":{\"@type\":\"PropertyValueSpecification\",\"valueRequired\":true,\"valueName\":\"search_term_string\"}}],\"inLanguage\":\"es\"},{\"@type\":[\"Person\",\"Organization\"],\"@id\":\"https:\/\/luchonoticias.com\/editor\/#\/schema\/person\/7a7fd911f58561fd056dbac7b55af9cd\",\"name\":\"admin\",\"image\":{\"@type\":\"ImageObject\",\"inLanguage\":\"es\",\"@id\":\"https:\/\/luchonoticias.com\/editor\/#\/schema\/person\/image\/\",\"url\":\"https:\/\/luchonoticias.com\/editor\/wp-content\/uploads\/2024\/02\/cropped-cropped-logolu.webp\",\"contentUrl\":\"https:\/\/luchonoticias.com\/editor\/wp-content\/uploads\/2024\/02\/cropped-cropped-logolu.webp\",\"width\":382,\"height\":170,\"caption\":\"admin\"},\"logo\":{\"@id\":\"https:\/\/luchonoticias.com\/editor\/#\/schema\/person\/image\/\"},\"sameAs\":[\"https:\/\/www.facebook.com\/luchonoticiasneiva\"]},{\"@type\":\"Person\",\"@id\":\"https:\/\/luchonoticias.com\/editor\/#\/schema\/person\/29217990ddf6f14e35912b2866d591fb\",\"name\":\"Editor General\",\"image\":{\"@type\":\"ImageObject\",\"inLanguage\":\"es\",\"@id\":\"https:\/\/luchonoticias.com\/editor\/#\/schema\/person\/image\/\",\"url\":\"https:\/\/luchonoticias.com\/editor\/wp-content\/uploads\/2024\/02\/cropped-cropped-logolu-150x150.webp\",\"contentUrl\":\"https:\/\/luchonoticias.com\/editor\/wp-content\/uploads\/2024\/02\/cropped-cropped-logolu-150x150.webp\",\"caption\":\"Editor General\"},\"sameAs\":[\"https:\/\/luchonoticias.com\/\"],\"url\":\"https:\/\/luchonoticias.com\/editor\/author\/editor-general\/\"}]}<\/script>\n<!-- \/ Yoast SEO plugin. -->","yoast_head_json":{"title":"Judicializado sujeto que fue detenido por la comunidad en caso de fleteo en Garz\u00f3n -","robots":{"index":"index","follow":"follow","max-snippet":"max-snippet:-1","max-image-preview":"max-image-preview:large","max-video-preview":"max-video-preview:-1"},"canonical":"https:\/\/luchonoticias.com\/editor\/judicializado-sujeto-que-fue-detenido-por-la-comunidad-en-caso-de-fleteo-en-garzon\/","og_locale":"es_ES","og_type":"article","og_title":"Judicializado sujeto que fue detenido por la comunidad en caso de fleteo en Garz\u00f3n -","og_url":"https:\/\/luchonoticias.com\/editor\/judicializado-sujeto-que-fue-detenido-por-la-comunidad-en-caso-de-fleteo-en-garzon\/","article_publisher":"https:\/\/www.facebook.com\/luchonoticiasneiva","article_published_time":"2023-11-20T20:04:01+00:00","article_modified_time":"2023-11-20T20:04:02+00:00","author":"Editor General","twitter_card":"summary_large_image","twitter_misc":{"Escrito por":"Editor General","Tiempo de lectura":"1 minuto"},"schema":{"@context":"https:\/\/schema.org","@graph":[{"@type":"Article","@id":"https:\/\/luchonoticias.com\/editor\/judicializado-sujeto-que-fue-detenido-por-la-comunidad-en-caso-de-fleteo-en-garzon\/#article","isPartOf":{"@id":"https:\/\/luchonoticias.com\/editor\/judicializado-sujeto-que-fue-detenido-por-la-comunidad-en-caso-de-fleteo-en-garzon\/"},"author":{"name":"Editor General","@id":"https:\/\/luchonoticias.com\/editor\/#\/schema\/person\/29217990ddf6f14e35912b2866d591fb"},"headline":"Judicializado sujeto que fue detenido por la comunidad en caso de fleteo en Garz\u00f3n","datePublished":"2023-11-20T20:04:01+00:00","dateModified":"2023-11-20T20:04:02+00:00","mainEntityOfPage":{"@id":"https:\/\/luchonoticias.com\/editor\/judicializado-sujeto-que-fue-detenido-por-la-comunidad-en-caso-de-fleteo-en-garzon\/"},"wordCount":255,"commentCount":0,"publisher":{"@id":"https:\/\/luchonoticias.com\/editor\/#\/schema\/person\/7a7fd911f58561fd056dbac7b55af9cd"},"articleSection":["Destacado","Judicial"],"inLanguage":"es","potentialAction":[{"@type":"CommentAction","name":"Comment","target":["https:\/\/luchonoticias.com\/editor\/judicializado-sujeto-que-fue-detenido-por-la-comunidad-en-caso-de-fleteo-en-garzon\/#respond"]}]},{"@type":"WebPage","@id":"https:\/\/luchonoticias.com\/editor\/judicializado-sujeto-que-fue-detenido-por-la-comunidad-en-caso-de-fleteo-en-garzon\/","url":"https:\/\/luchonoticias.com\/editor\/judicializado-sujeto-que-fue-detenido-por-la-comunidad-en-caso-de-fleteo-en-garzon\/","name":"Judicializado sujeto que fue detenido por la comunidad en caso de fleteo en Garz\u00f3n -","isPartOf":{"@id":"https:\/\/luchonoticias.com\/editor\/#website"},"datePublished":"2023-11-20T20:04:01+00:00","dateModified":"2023-11-20T20:04:02+00:00","breadcrumb":{"@id":"https:\/\/luchonoticias.com\/editor\/judicializado-sujeto-que-fue-detenido-por-la-comunidad-en-caso-de-fleteo-en-garzon\/#breadcrumb"},"inLanguage":"es","potentialAction":[{"@type":"ReadAction","target":["https:\/\/luchonoticias.com\/editor\/judicializado-sujeto-que-fue-detenido-por-la-comunidad-en-caso-de-fleteo-en-garzon\/"]}]},{"@type":"BreadcrumbList","@id":"https:\/\/luchonoticias.com\/editor\/judicializado-sujeto-que-fue-detenido-por-la-comunidad-en-caso-de-fleteo-en-garzon\/#breadcrumb","itemListElement":[{"@type":"ListItem","position":1,"name":"Portada","item":"https:\/\/luchonoticias.com\/editor\/"},{"@type":"ListItem","position":2,"name":"Judicializado sujeto que fue detenido por la comunidad en caso de fleteo en Garz\u00f3n"}]},{"@type":"WebSite","@id":"https:\/\/luchonoticias.com\/editor\/#website","url":"https:\/\/luchonoticias.com\/editor\/","name":"","description":"","publisher":{"@id":"https:\/\/luchonoticias.com\/editor\/#\/schema\/person\/7a7fd911f58561fd056dbac7b55af9cd"},"potentialAction":[{"@type":"SearchAction","target":{"@type":"EntryPoint","urlTemplate":"https:\/\/luchonoticias.com\/editor\/?s={search_term_string}"},"query-input":{"@type":"PropertyValueSpecification","valueRequired":true,"valueName":"search_term_string"}}],"inLanguage":"es"},{"@type":["Person","Organization"],"@id":"https:\/\/luchonoticias.com\/editor\/#\/schema\/person\/7a7fd911f58561fd056dbac7b55af9cd","name":"admin","image":{"@type":"ImageObject","inLanguage":"es","@id":"https:\/\/luchonoticias.com\/editor\/#\/schema\/person\/image\/","url":"https:\/\/luchonoticias.com\/editor\/wp-content\/uploads\/2024\/02\/cropped-cropped-logolu.webp","contentUrl":"https:\/\/luchonoticias.com\/editor\/wp-content\/uploads\/2024\/02\/cropped-cropped-logolu.webp","width":382,"height":170,"caption":"admin"},"logo":{"@id":"https:\/\/luchonoticias.com\/editor\/#\/schema\/person\/image\/"},"sameAs":["https:\/\/www.facebook.com\/luchonoticiasneiva"]},{"@type":"Person","@id":"https:\/\/luchonoticias.com\/editor\/#\/schema\/person\/29217990ddf6f14e35912b2866d591fb","name":"Editor General","image":{"@type":"ImageObject","inLanguage":"es","@id":"https:\/\/luchonoticias.com\/editor\/#\/schema\/person\/image\/","url":"https:\/\/luchonoticias.com\/editor\/wp-content\/uploads\/2024\/02\/cropped-cropped-logolu-150x150.webp","contentUrl":"https:\/\/luchonoticias.com\/editor\/wp-content\/uploads\/2024\/02\/cropped-cropped-logolu-150x150.webp","caption":"Editor General"},"sameAs":["https:\/\/luchonoticias.com\/"],"url":"https:\/\/luchonoticias.com\/editor\/author\/editor-general\/"}]}},"_links":{"self":[{"href":"https:\/\/luchonoticias.com\/editor\/wp-json\/wp\/v2\/posts\/64244","targetHints":{"allow":["GET"]}}],"collection":[{"href":"https:\/\/luchonoticias.com\/editor\/wp-json\/wp\/v2\/posts"}],"about":[{"href":"https:\/\/luchonoticias.com\/editor\/wp-json\/wp\/v2\/types\/post"}],"author":[{"embeddable":true,"href":"https:\/\/luchonoticias.com\/editor\/wp-json\/wp\/v2\/users\/2"}],"replies":[{"embeddable":true,"href":"https:\/\/luchonoticias.com\/editor\/wp-json\/wp\/v2\/comments?post=64244"}],"version-history":[{"count":0,"href":"https:\/\/luchonoticias.com\/editor\/wp-json\/wp\/v2\/posts\/64244\/revisions"}],"wp:attachment":[{"href":"https:\/\/luchonoticias.com\/editor\/wp-json\/wp\/v2\/media?parent=64244"}],"wp:term":[{"taxonomy":"category","embeddable":true,"href":"https:\/\/luchonoticias.com\/editor\/wp-json\/wp\/v2\/categories?post=64244"},{"taxonomy":"post_tag","embeddable":true,"href":"https:\/\/luchonoticias.com\/editor\/wp-json\/wp\/v2\/tags?post=64244"}],"curies":[{"name":"wp","href":"https:\/\/api.w.org\/{rel}","templated":true}]}}