{"id":64247,"date":"2023-11-20T15:08:34","date_gmt":"2023-11-20T20:08:34","guid":{"rendered":"https:\/\/luchonoticias.com\/?p=64247"},"modified":"2023-11-20T15:08:35","modified_gmt":"2023-11-20T20:08:35","slug":"sujeto-de-los-mas-buscados-en-el-huila-fue-capturado-por-orden-judicial","status":"publish","type":"post","link":"https:\/\/luchonoticias.com\/editor\/sujeto-de-los-mas-buscados-en-el-huila-fue-capturado-por-orden-judicial\/","title":{"rendered":"Sujeto de los m\u00e1s buscados en el Huila, fue capturado por orden judicial"},"content":{"rendered":"\n<p>Gracias a la amplia difusi\u00f3n del cartel de los m\u00e1s buscados en el Departamento y la oportuna informaci\u00f3n suministrada por un ciudadano al personal de la Seccional de Investigaci\u00f3n Judicial y Criminal del Huila&nbsp; y en coordinaci\u00f3n con personal de SIJIN Caquet\u00e1 se logr\u00f3 la ubicaci\u00f3n y captura de ANDRES CUSTODIO PIAMBA MU\u00d1OZ, el cual se encontraba huyendo de la justicia en el municipio de San Jos\u00e9 del Fragua Caquet\u00e1.<\/p>\n\n\n\n<p>ANDRES PIAMBA m\u00e1s conocido como alias \u201cCaquet\u00e1\u201d es se\u00f1alado de causar el homicidio con arma blanca al se\u00f1or ARLEY CUELLAR CUSPIAN, en hechos ocurridos en el a\u00f1o 2022 en zona rural del municipio de Saladoblanco. Cabe resaltar que este sujeto es indiciado por los delitos de homicidio, amenazas, concierto para delinquir, lesiones personales y tr\u00e1fico de moneda falsa.<\/p>\n\n\n\n<p>El operativo de captura se dio en v\u00eda p\u00fablica, el d\u00eda de ayer 19 de noviembre sobre las 6:40 de la tarde, donde este sujeto es observado y requerido por la patrulla policial, alias \u201cCaquet\u00e1\u201d intenta ingresar a una vivienda pero es detenido por los uniformados que verifican su identidad y lo capturan por orden judicial &#8211; delito de homicidio.<\/p>\n","protected":false},"excerpt":{"rendered":"<p>Gracias a la amplia difusi\u00f3n del cartel de los m\u00e1s buscados en el Departamento y la oportuna informaci\u00f3n suministrada por un ciudadano al personal de la Seccional de Investigaci\u00f3n Judicial y Criminal del Huila&nbsp; y en coordinaci\u00f3n con personal de SIJIN Caquet\u00e1 se logr\u00f3 la ubicaci\u00f3n y captura de ANDRES CUSTODIO PIAMBA MU\u00d1OZ, el cual [&hellip;]<\/p>\n","protected":false},"author":2,"featured_media":0,"comment_status":"open","ping_status":"open","sticky":false,"template":"","format":"standard","meta":{"footnotes":""},"categories":[36,29],"tags":[],"class_list":["post-64247","post","type-post","status-publish","format-standard","hentry","category-destacado","category-judicial"],"yoast_head":"<!-- This site is optimized with the Yoast SEO plugin v26.6 - https:\/\/yoast.com\/wordpress\/plugins\/seo\/ -->\n<title>Sujeto de los m\u00e1s buscados en el Huila, fue capturado por orden judicial -<\/title>\n<meta name=\"robots\" content=\"index, follow, max-snippet:-1, max-image-preview:large, max-video-preview:-1\" \/>\n<link rel=\"canonical\" href=\"https:\/\/luchonoticias.com\/editor\/sujeto-de-los-mas-buscados-en-el-huila-fue-capturado-por-orden-judicial\/\" \/>\n<meta property=\"og:locale\" content=\"es_ES\" \/>\n<meta property=\"og:type\" content=\"article\" \/>\n<meta property=\"og:title\" content=\"Sujeto de los m\u00e1s buscados en el Huila, fue capturado por orden judicial -\" \/>\n<meta property=\"og:url\" content=\"https:\/\/luchonoticias.com\/editor\/sujeto-de-los-mas-buscados-en-el-huila-fue-capturado-por-orden-judicial\/\" \/>\n<meta property=\"article:publisher\" content=\"https:\/\/www.facebook.com\/luchonoticiasneiva\" \/>\n<meta property=\"article:published_time\" content=\"2023-11-20T20:08:34+00:00\" \/>\n<meta property=\"article:modified_time\" content=\"2023-11-20T20:08:35+00:00\" \/>\n<meta name=\"author\" content=\"Editor General\" \/>\n<meta name=\"twitter:card\" content=\"summary_large_image\" \/>\n<meta name=\"twitter:label1\" content=\"Escrito por\" \/>\n\t<meta name=\"twitter:data1\" content=\"Editor General\" \/>\n\t<meta name=\"twitter:label2\" content=\"Tiempo de lectura\" \/>\n\t<meta name=\"twitter:data2\" content=\"1 minuto\" \/>\n<script type=\"application\/ld+json\" class=\"yoast-schema-graph\">{\"@context\":\"https:\/\/schema.org\",\"@graph\":[{\"@type\":\"Article\",\"@id\":\"https:\/\/luchonoticias.com\/editor\/sujeto-de-los-mas-buscados-en-el-huila-fue-capturado-por-orden-judicial\/#article\",\"isPartOf\":{\"@id\":\"https:\/\/luchonoticias.com\/editor\/sujeto-de-los-mas-buscados-en-el-huila-fue-capturado-por-orden-judicial\/\"},\"author\":{\"name\":\"Editor General\",\"@id\":\"https:\/\/luchonoticias.com\/editor\/#\/schema\/person\/29217990ddf6f14e35912b2866d591fb\"},\"headline\":\"Sujeto de los m\u00e1s buscados en el Huila, fue capturado por orden judicial\",\"datePublished\":\"2023-11-20T20:08:34+00:00\",\"dateModified\":\"2023-11-20T20:08:35+00:00\",\"mainEntityOfPage\":{\"@id\":\"https:\/\/luchonoticias.com\/editor\/sujeto-de-los-mas-buscados-en-el-huila-fue-capturado-por-orden-judicial\/\"},\"wordCount\":215,\"commentCount\":0,\"publisher\":{\"@id\":\"https:\/\/luchonoticias.com\/editor\/#\/schema\/person\/7a7fd911f58561fd056dbac7b55af9cd\"},\"articleSection\":[\"Destacado\",\"Judicial\"],\"inLanguage\":\"es\",\"potentialAction\":[{\"@type\":\"CommentAction\",\"name\":\"Comment\",\"target\":[\"https:\/\/luchonoticias.com\/editor\/sujeto-de-los-mas-buscados-en-el-huila-fue-capturado-por-orden-judicial\/#respond\"]}]},{\"@type\":\"WebPage\",\"@id\":\"https:\/\/luchonoticias.com\/editor\/sujeto-de-los-mas-buscados-en-el-huila-fue-capturado-por-orden-judicial\/\",\"url\":\"https:\/\/luchonoticias.com\/editor\/sujeto-de-los-mas-buscados-en-el-huila-fue-capturado-por-orden-judicial\/\",\"name\":\"Sujeto de los m\u00e1s buscados en el Huila, fue capturado por orden judicial -\",\"isPartOf\":{\"@id\":\"https:\/\/luchonoticias.com\/editor\/#website\"},\"datePublished\":\"2023-11-20T20:08:34+00:00\",\"dateModified\":\"2023-11-20T20:08:35+00:00\",\"breadcrumb\":{\"@id\":\"https:\/\/luchonoticias.com\/editor\/sujeto-de-los-mas-buscados-en-el-huila-fue-capturado-por-orden-judicial\/#breadcrumb\"},\"inLanguage\":\"es\",\"potentialAction\":[{\"@type\":\"ReadAction\",\"target\":[\"https:\/\/luchonoticias.com\/editor\/sujeto-de-los-mas-buscados-en-el-huila-fue-capturado-por-orden-judicial\/\"]}]},{\"@type\":\"BreadcrumbList\",\"@id\":\"https:\/\/luchonoticias.com\/editor\/sujeto-de-los-mas-buscados-en-el-huila-fue-capturado-por-orden-judicial\/#breadcrumb\",\"itemListElement\":[{\"@type\":\"ListItem\",\"position\":1,\"name\":\"Portada\",\"item\":\"https:\/\/luchonoticias.com\/editor\/\"},{\"@type\":\"ListItem\",\"position\":2,\"name\":\"Sujeto de los m\u00e1s buscados en el Huila, fue capturado por orden judicial\"}]},{\"@type\":\"WebSite\",\"@id\":\"https:\/\/luchonoticias.com\/editor\/#website\",\"url\":\"https:\/\/luchonoticias.com\/editor\/\",\"name\":\"\",\"description\":\"\",\"publisher\":{\"@id\":\"https:\/\/luchonoticias.com\/editor\/#\/schema\/person\/7a7fd911f58561fd056dbac7b55af9cd\"},\"potentialAction\":[{\"@type\":\"SearchAction\",\"target\":{\"@type\":\"EntryPoint\",\"urlTemplate\":\"https:\/\/luchonoticias.com\/editor\/?s={search_term_string}\"},\"query-input\":{\"@type\":\"PropertyValueSpecification\",\"valueRequired\":true,\"valueName\":\"search_term_string\"}}],\"inLanguage\":\"es\"},{\"@type\":[\"Person\",\"Organization\"],\"@id\":\"https:\/\/luchonoticias.com\/editor\/#\/schema\/person\/7a7fd911f58561fd056dbac7b55af9cd\",\"name\":\"admin\",\"image\":{\"@type\":\"ImageObject\",\"inLanguage\":\"es\",\"@id\":\"https:\/\/luchonoticias.com\/editor\/#\/schema\/person\/image\/\",\"url\":\"https:\/\/luchonoticias.com\/editor\/wp-content\/uploads\/2024\/02\/cropped-cropped-logolu.webp\",\"contentUrl\":\"https:\/\/luchonoticias.com\/editor\/wp-content\/uploads\/2024\/02\/cropped-cropped-logolu.webp\",\"width\":382,\"height\":170,\"caption\":\"admin\"},\"logo\":{\"@id\":\"https:\/\/luchonoticias.com\/editor\/#\/schema\/person\/image\/\"},\"sameAs\":[\"https:\/\/www.facebook.com\/luchonoticiasneiva\"]},{\"@type\":\"Person\",\"@id\":\"https:\/\/luchonoticias.com\/editor\/#\/schema\/person\/29217990ddf6f14e35912b2866d591fb\",\"name\":\"Editor General\",\"image\":{\"@type\":\"ImageObject\",\"inLanguage\":\"es\",\"@id\":\"https:\/\/luchonoticias.com\/editor\/#\/schema\/person\/image\/\",\"url\":\"https:\/\/luchonoticias.com\/editor\/wp-content\/uploads\/2024\/02\/cropped-cropped-logolu-150x150.webp\",\"contentUrl\":\"https:\/\/luchonoticias.com\/editor\/wp-content\/uploads\/2024\/02\/cropped-cropped-logolu-150x150.webp\",\"caption\":\"Editor General\"},\"sameAs\":[\"https:\/\/luchonoticias.com\/\"],\"url\":\"https:\/\/luchonoticias.com\/editor\/author\/editor-general\/\"}]}<\/script>\n<!-- \/ Yoast SEO plugin. -->","yoast_head_json":{"title":"Sujeto de los m\u00e1s buscados en el Huila, fue capturado por orden judicial -","robots":{"index":"index","follow":"follow","max-snippet":"max-snippet:-1","max-image-preview":"max-image-preview:large","max-video-preview":"max-video-preview:-1"},"canonical":"https:\/\/luchonoticias.com\/editor\/sujeto-de-los-mas-buscados-en-el-huila-fue-capturado-por-orden-judicial\/","og_locale":"es_ES","og_type":"article","og_title":"Sujeto de los m\u00e1s buscados en el Huila, fue capturado por orden judicial -","og_url":"https:\/\/luchonoticias.com\/editor\/sujeto-de-los-mas-buscados-en-el-huila-fue-capturado-por-orden-judicial\/","article_publisher":"https:\/\/www.facebook.com\/luchonoticiasneiva","article_published_time":"2023-11-20T20:08:34+00:00","article_modified_time":"2023-11-20T20:08:35+00:00","author":"Editor General","twitter_card":"summary_large_image","twitter_misc":{"Escrito por":"Editor General","Tiempo de lectura":"1 minuto"},"schema":{"@context":"https:\/\/schema.org","@graph":[{"@type":"Article","@id":"https:\/\/luchonoticias.com\/editor\/sujeto-de-los-mas-buscados-en-el-huila-fue-capturado-por-orden-judicial\/#article","isPartOf":{"@id":"https:\/\/luchonoticias.com\/editor\/sujeto-de-los-mas-buscados-en-el-huila-fue-capturado-por-orden-judicial\/"},"author":{"name":"Editor General","@id":"https:\/\/luchonoticias.com\/editor\/#\/schema\/person\/29217990ddf6f14e35912b2866d591fb"},"headline":"Sujeto de los m\u00e1s buscados en el Huila, fue capturado por orden judicial","datePublished":"2023-11-20T20:08:34+00:00","dateModified":"2023-11-20T20:08:35+00:00","mainEntityOfPage":{"@id":"https:\/\/luchonoticias.com\/editor\/sujeto-de-los-mas-buscados-en-el-huila-fue-capturado-por-orden-judicial\/"},"wordCount":215,"commentCount":0,"publisher":{"@id":"https:\/\/luchonoticias.com\/editor\/#\/schema\/person\/7a7fd911f58561fd056dbac7b55af9cd"},"articleSection":["Destacado","Judicial"],"inLanguage":"es","potentialAction":[{"@type":"CommentAction","name":"Comment","target":["https:\/\/luchonoticias.com\/editor\/sujeto-de-los-mas-buscados-en-el-huila-fue-capturado-por-orden-judicial\/#respond"]}]},{"@type":"WebPage","@id":"https:\/\/luchonoticias.com\/editor\/sujeto-de-los-mas-buscados-en-el-huila-fue-capturado-por-orden-judicial\/","url":"https:\/\/luchonoticias.com\/editor\/sujeto-de-los-mas-buscados-en-el-huila-fue-capturado-por-orden-judicial\/","name":"Sujeto de los m\u00e1s buscados en el Huila, fue capturado por orden judicial -","isPartOf":{"@id":"https:\/\/luchonoticias.com\/editor\/#website"},"datePublished":"2023-11-20T20:08:34+00:00","dateModified":"2023-11-20T20:08:35+00:00","breadcrumb":{"@id":"https:\/\/luchonoticias.com\/editor\/sujeto-de-los-mas-buscados-en-el-huila-fue-capturado-por-orden-judicial\/#breadcrumb"},"inLanguage":"es","potentialAction":[{"@type":"ReadAction","target":["https:\/\/luchonoticias.com\/editor\/sujeto-de-los-mas-buscados-en-el-huila-fue-capturado-por-orden-judicial\/"]}]},{"@type":"BreadcrumbList","@id":"https:\/\/luchonoticias.com\/editor\/sujeto-de-los-mas-buscados-en-el-huila-fue-capturado-por-orden-judicial\/#breadcrumb","itemListElement":[{"@type":"ListItem","position":1,"name":"Portada","item":"https:\/\/luchonoticias.com\/editor\/"},{"@type":"ListItem","position":2,"name":"Sujeto de los m\u00e1s buscados en el Huila, fue capturado por orden judicial"}]},{"@type":"WebSite","@id":"https:\/\/luchonoticias.com\/editor\/#website","url":"https:\/\/luchonoticias.com\/editor\/","name":"","description":"","publisher":{"@id":"https:\/\/luchonoticias.com\/editor\/#\/schema\/person\/7a7fd911f58561fd056dbac7b55af9cd"},"potentialAction":[{"@type":"SearchAction","target":{"@type":"EntryPoint","urlTemplate":"https:\/\/luchonoticias.com\/editor\/?s={search_term_string}"},"query-input":{"@type":"PropertyValueSpecification","valueRequired":true,"valueName":"search_term_string"}}],"inLanguage":"es"},{"@type":["Person","Organization"],"@id":"https:\/\/luchonoticias.com\/editor\/#\/schema\/person\/7a7fd911f58561fd056dbac7b55af9cd","name":"admin","image":{"@type":"ImageObject","inLanguage":"es","@id":"https:\/\/luchonoticias.com\/editor\/#\/schema\/person\/image\/","url":"https:\/\/luchonoticias.com\/editor\/wp-content\/uploads\/2024\/02\/cropped-cropped-logolu.webp","contentUrl":"https:\/\/luchonoticias.com\/editor\/wp-content\/uploads\/2024\/02\/cropped-cropped-logolu.webp","width":382,"height":170,"caption":"admin"},"logo":{"@id":"https:\/\/luchonoticias.com\/editor\/#\/schema\/person\/image\/"},"sameAs":["https:\/\/www.facebook.com\/luchonoticiasneiva"]},{"@type":"Person","@id":"https:\/\/luchonoticias.com\/editor\/#\/schema\/person\/29217990ddf6f14e35912b2866d591fb","name":"Editor General","image":{"@type":"ImageObject","inLanguage":"es","@id":"https:\/\/luchonoticias.com\/editor\/#\/schema\/person\/image\/","url":"https:\/\/luchonoticias.com\/editor\/wp-content\/uploads\/2024\/02\/cropped-cropped-logolu-150x150.webp","contentUrl":"https:\/\/luchonoticias.com\/editor\/wp-content\/uploads\/2024\/02\/cropped-cropped-logolu-150x150.webp","caption":"Editor General"},"sameAs":["https:\/\/luchonoticias.com\/"],"url":"https:\/\/luchonoticias.com\/editor\/author\/editor-general\/"}]}},"_links":{"self":[{"href":"https:\/\/luchonoticias.com\/editor\/wp-json\/wp\/v2\/posts\/64247","targetHints":{"allow":["GET"]}}],"collection":[{"href":"https:\/\/luchonoticias.com\/editor\/wp-json\/wp\/v2\/posts"}],"about":[{"href":"https:\/\/luchonoticias.com\/editor\/wp-json\/wp\/v2\/types\/post"}],"author":[{"embeddable":true,"href":"https:\/\/luchonoticias.com\/editor\/wp-json\/wp\/v2\/users\/2"}],"replies":[{"embeddable":true,"href":"https:\/\/luchonoticias.com\/editor\/wp-json\/wp\/v2\/comments?post=64247"}],"version-history":[{"count":0,"href":"https:\/\/luchonoticias.com\/editor\/wp-json\/wp\/v2\/posts\/64247\/revisions"}],"wp:attachment":[{"href":"https:\/\/luchonoticias.com\/editor\/wp-json\/wp\/v2\/media?parent=64247"}],"wp:term":[{"taxonomy":"category","embeddable":true,"href":"https:\/\/luchonoticias.com\/editor\/wp-json\/wp\/v2\/categories?post=64247"},{"taxonomy":"post_tag","embeddable":true,"href":"https:\/\/luchonoticias.com\/editor\/wp-json\/wp\/v2\/tags?post=64247"}],"curies":[{"name":"wp","href":"https:\/\/api.w.org\/{rel}","templated":true}]}}