{"id":64256,"date":"2023-11-20T15:20:34","date_gmt":"2023-11-20T20:20:34","guid":{"rendered":"https:\/\/luchonoticias.com\/?p=64256"},"modified":"2023-11-20T15:20:36","modified_gmt":"2023-11-20T20:20:36","slug":"policia-capturo-a-un-sujeto-y-aprehenden-a-dos-adolescentes-cuando-hurtaban-un-celular","status":"publish","type":"post","link":"https:\/\/luchonoticias.com\/editor\/policia-capturo-a-un-sujeto-y-aprehenden-a-dos-adolescentes-cuando-hurtaban-un-celular\/","title":{"rendered":"Polic\u00eda captur\u00f3 a un sujeto y aprehenden a dos adolescentes cuando hurtaban un celular"},"content":{"rendered":"\n<p>La Polic\u00eda Metropolitana de Neiva, en desarrollo del Plan choque, logra la captura de un sujeto y la aprehensi\u00f3n en flagrancia de dos menores por el delito de hurto y porte ilegal de armas de fuego.<\/p>\n\n\n\n<p>As\u00ed las cosas, la oportuna reacci\u00f3n de&nbsp; los cuadrantes 07 y 08&nbsp; adscrito al CAI Leesburg, quienes mediante actividades de registro y control, sobre la transversal 7 con calle 64 del barrio El Cortijo, se logra capturar en flagrancia un hombre de 18 a\u00f1os de edad, conocido como \u00abKevin\u00bb y la&nbsp; aprehensi\u00f3n de menores&nbsp; de 14, y 16 a\u00f1os de edad.<\/p>\n\n\n\n<p>Estas personas logran hurtar el&nbsp; celular a un ciudadano en este sector mediante la modalidad de atraco, con la utilizaci\u00f3n de un arma de fuego tipo revolver, seguidamente los uniformados, logran interceptar est\u00e1s personas metros m\u00e1s adelante logrando la recuperaci\u00f3n de un celular y la incautaci\u00f3n de un arma de fuego.<\/p>\n\n\n\n<p>El capturado y los menores fueron dejados a disposici\u00f3n de las autoridad competente, por el delito de Hurto y porte ilegal de armas de fuego, donde un juez, definir\u00e1 su situaci\u00f3n jur\u00eddica.<\/p>\n","protected":false},"excerpt":{"rendered":"<p>La Polic\u00eda Metropolitana de Neiva, en desarrollo del Plan choque, logra la captura de un sujeto y la aprehensi\u00f3n en flagrancia de dos menores por el delito de hurto y porte ilegal de armas de fuego. As\u00ed las cosas, la oportuna reacci\u00f3n de&nbsp; los cuadrantes 07 y 08&nbsp; adscrito al CAI Leesburg, quienes mediante actividades [&hellip;]<\/p>\n","protected":false},"author":2,"featured_media":0,"comment_status":"open","ping_status":"open","sticky":false,"template":"","format":"standard","meta":{"footnotes":""},"categories":[36,29],"tags":[],"class_list":["post-64256","post","type-post","status-publish","format-standard","hentry","category-destacado","category-judicial"],"yoast_head":"<!-- This site is optimized with the Yoast SEO plugin v26.6 - https:\/\/yoast.com\/wordpress\/plugins\/seo\/ -->\n<title>Polic\u00eda captur\u00f3 a un sujeto y aprehenden a dos adolescentes cuando hurtaban un celular -<\/title>\n<meta name=\"robots\" content=\"index, follow, max-snippet:-1, max-image-preview:large, max-video-preview:-1\" \/>\n<link rel=\"canonical\" href=\"https:\/\/luchonoticias.com\/editor\/policia-capturo-a-un-sujeto-y-aprehenden-a-dos-adolescentes-cuando-hurtaban-un-celular\/\" \/>\n<meta property=\"og:locale\" content=\"es_ES\" \/>\n<meta property=\"og:type\" content=\"article\" \/>\n<meta property=\"og:title\" content=\"Polic\u00eda captur\u00f3 a un sujeto y aprehenden a dos adolescentes cuando hurtaban un celular -\" \/>\n<meta property=\"og:url\" content=\"https:\/\/luchonoticias.com\/editor\/policia-capturo-a-un-sujeto-y-aprehenden-a-dos-adolescentes-cuando-hurtaban-un-celular\/\" \/>\n<meta property=\"article:publisher\" content=\"https:\/\/www.facebook.com\/luchonoticiasneiva\" \/>\n<meta property=\"article:published_time\" content=\"2023-11-20T20:20:34+00:00\" \/>\n<meta property=\"article:modified_time\" content=\"2023-11-20T20:20:36+00:00\" \/>\n<meta name=\"author\" content=\"Editor General\" \/>\n<meta name=\"twitter:card\" content=\"summary_large_image\" \/>\n<meta name=\"twitter:label1\" content=\"Escrito por\" \/>\n\t<meta name=\"twitter:data1\" content=\"Editor General\" \/>\n\t<meta name=\"twitter:label2\" content=\"Tiempo de lectura\" \/>\n\t<meta name=\"twitter:data2\" content=\"1 minuto\" \/>\n<script type=\"application\/ld+json\" class=\"yoast-schema-graph\">{\"@context\":\"https:\/\/schema.org\",\"@graph\":[{\"@type\":\"Article\",\"@id\":\"https:\/\/luchonoticias.com\/editor\/policia-capturo-a-un-sujeto-y-aprehenden-a-dos-adolescentes-cuando-hurtaban-un-celular\/#article\",\"isPartOf\":{\"@id\":\"https:\/\/luchonoticias.com\/editor\/policia-capturo-a-un-sujeto-y-aprehenden-a-dos-adolescentes-cuando-hurtaban-un-celular\/\"},\"author\":{\"name\":\"Editor General\",\"@id\":\"https:\/\/luchonoticias.com\/editor\/#\/schema\/person\/29217990ddf6f14e35912b2866d591fb\"},\"headline\":\"Polic\u00eda captur\u00f3 a un sujeto y aprehenden a dos adolescentes cuando hurtaban un celular\",\"datePublished\":\"2023-11-20T20:20:34+00:00\",\"dateModified\":\"2023-11-20T20:20:36+00:00\",\"mainEntityOfPage\":{\"@id\":\"https:\/\/luchonoticias.com\/editor\/policia-capturo-a-un-sujeto-y-aprehenden-a-dos-adolescentes-cuando-hurtaban-un-celular\/\"},\"wordCount\":207,\"commentCount\":0,\"publisher\":{\"@id\":\"https:\/\/luchonoticias.com\/editor\/#\/schema\/person\/7a7fd911f58561fd056dbac7b55af9cd\"},\"articleSection\":[\"Destacado\",\"Judicial\"],\"inLanguage\":\"es\",\"potentialAction\":[{\"@type\":\"CommentAction\",\"name\":\"Comment\",\"target\":[\"https:\/\/luchonoticias.com\/editor\/policia-capturo-a-un-sujeto-y-aprehenden-a-dos-adolescentes-cuando-hurtaban-un-celular\/#respond\"]}]},{\"@type\":\"WebPage\",\"@id\":\"https:\/\/luchonoticias.com\/editor\/policia-capturo-a-un-sujeto-y-aprehenden-a-dos-adolescentes-cuando-hurtaban-un-celular\/\",\"url\":\"https:\/\/luchonoticias.com\/editor\/policia-capturo-a-un-sujeto-y-aprehenden-a-dos-adolescentes-cuando-hurtaban-un-celular\/\",\"name\":\"Polic\u00eda captur\u00f3 a un sujeto y aprehenden a dos adolescentes cuando hurtaban un celular -\",\"isPartOf\":{\"@id\":\"https:\/\/luchonoticias.com\/editor\/#website\"},\"datePublished\":\"2023-11-20T20:20:34+00:00\",\"dateModified\":\"2023-11-20T20:20:36+00:00\",\"breadcrumb\":{\"@id\":\"https:\/\/luchonoticias.com\/editor\/policia-capturo-a-un-sujeto-y-aprehenden-a-dos-adolescentes-cuando-hurtaban-un-celular\/#breadcrumb\"},\"inLanguage\":\"es\",\"potentialAction\":[{\"@type\":\"ReadAction\",\"target\":[\"https:\/\/luchonoticias.com\/editor\/policia-capturo-a-un-sujeto-y-aprehenden-a-dos-adolescentes-cuando-hurtaban-un-celular\/\"]}]},{\"@type\":\"BreadcrumbList\",\"@id\":\"https:\/\/luchonoticias.com\/editor\/policia-capturo-a-un-sujeto-y-aprehenden-a-dos-adolescentes-cuando-hurtaban-un-celular\/#breadcrumb\",\"itemListElement\":[{\"@type\":\"ListItem\",\"position\":1,\"name\":\"Portada\",\"item\":\"https:\/\/luchonoticias.com\/editor\/\"},{\"@type\":\"ListItem\",\"position\":2,\"name\":\"Polic\u00eda captur\u00f3 a un sujeto y aprehenden a dos adolescentes cuando hurtaban un celular\"}]},{\"@type\":\"WebSite\",\"@id\":\"https:\/\/luchonoticias.com\/editor\/#website\",\"url\":\"https:\/\/luchonoticias.com\/editor\/\",\"name\":\"\",\"description\":\"\",\"publisher\":{\"@id\":\"https:\/\/luchonoticias.com\/editor\/#\/schema\/person\/7a7fd911f58561fd056dbac7b55af9cd\"},\"potentialAction\":[{\"@type\":\"SearchAction\",\"target\":{\"@type\":\"EntryPoint\",\"urlTemplate\":\"https:\/\/luchonoticias.com\/editor\/?s={search_term_string}\"},\"query-input\":{\"@type\":\"PropertyValueSpecification\",\"valueRequired\":true,\"valueName\":\"search_term_string\"}}],\"inLanguage\":\"es\"},{\"@type\":[\"Person\",\"Organization\"],\"@id\":\"https:\/\/luchonoticias.com\/editor\/#\/schema\/person\/7a7fd911f58561fd056dbac7b55af9cd\",\"name\":\"admin\",\"image\":{\"@type\":\"ImageObject\",\"inLanguage\":\"es\",\"@id\":\"https:\/\/luchonoticias.com\/editor\/#\/schema\/person\/image\/\",\"url\":\"https:\/\/luchonoticias.com\/editor\/wp-content\/uploads\/2024\/02\/cropped-cropped-logolu.webp\",\"contentUrl\":\"https:\/\/luchonoticias.com\/editor\/wp-content\/uploads\/2024\/02\/cropped-cropped-logolu.webp\",\"width\":382,\"height\":170,\"caption\":\"admin\"},\"logo\":{\"@id\":\"https:\/\/luchonoticias.com\/editor\/#\/schema\/person\/image\/\"},\"sameAs\":[\"https:\/\/www.facebook.com\/luchonoticiasneiva\"]},{\"@type\":\"Person\",\"@id\":\"https:\/\/luchonoticias.com\/editor\/#\/schema\/person\/29217990ddf6f14e35912b2866d591fb\",\"name\":\"Editor General\",\"image\":{\"@type\":\"ImageObject\",\"inLanguage\":\"es\",\"@id\":\"https:\/\/luchonoticias.com\/editor\/#\/schema\/person\/image\/\",\"url\":\"https:\/\/luchonoticias.com\/editor\/wp-content\/uploads\/2024\/02\/cropped-cropped-logolu-150x150.webp\",\"contentUrl\":\"https:\/\/luchonoticias.com\/editor\/wp-content\/uploads\/2024\/02\/cropped-cropped-logolu-150x150.webp\",\"caption\":\"Editor General\"},\"sameAs\":[\"https:\/\/luchonoticias.com\/\"],\"url\":\"https:\/\/luchonoticias.com\/editor\/author\/editor-general\/\"}]}<\/script>\n<!-- \/ Yoast SEO plugin. -->","yoast_head_json":{"title":"Polic\u00eda captur\u00f3 a un sujeto y aprehenden a dos adolescentes cuando hurtaban un celular -","robots":{"index":"index","follow":"follow","max-snippet":"max-snippet:-1","max-image-preview":"max-image-preview:large","max-video-preview":"max-video-preview:-1"},"canonical":"https:\/\/luchonoticias.com\/editor\/policia-capturo-a-un-sujeto-y-aprehenden-a-dos-adolescentes-cuando-hurtaban-un-celular\/","og_locale":"es_ES","og_type":"article","og_title":"Polic\u00eda captur\u00f3 a un sujeto y aprehenden a dos adolescentes cuando hurtaban un celular -","og_url":"https:\/\/luchonoticias.com\/editor\/policia-capturo-a-un-sujeto-y-aprehenden-a-dos-adolescentes-cuando-hurtaban-un-celular\/","article_publisher":"https:\/\/www.facebook.com\/luchonoticiasneiva","article_published_time":"2023-11-20T20:20:34+00:00","article_modified_time":"2023-11-20T20:20:36+00:00","author":"Editor General","twitter_card":"summary_large_image","twitter_misc":{"Escrito por":"Editor General","Tiempo de lectura":"1 minuto"},"schema":{"@context":"https:\/\/schema.org","@graph":[{"@type":"Article","@id":"https:\/\/luchonoticias.com\/editor\/policia-capturo-a-un-sujeto-y-aprehenden-a-dos-adolescentes-cuando-hurtaban-un-celular\/#article","isPartOf":{"@id":"https:\/\/luchonoticias.com\/editor\/policia-capturo-a-un-sujeto-y-aprehenden-a-dos-adolescentes-cuando-hurtaban-un-celular\/"},"author":{"name":"Editor General","@id":"https:\/\/luchonoticias.com\/editor\/#\/schema\/person\/29217990ddf6f14e35912b2866d591fb"},"headline":"Polic\u00eda captur\u00f3 a un sujeto y aprehenden a dos adolescentes cuando hurtaban un celular","datePublished":"2023-11-20T20:20:34+00:00","dateModified":"2023-11-20T20:20:36+00:00","mainEntityOfPage":{"@id":"https:\/\/luchonoticias.com\/editor\/policia-capturo-a-un-sujeto-y-aprehenden-a-dos-adolescentes-cuando-hurtaban-un-celular\/"},"wordCount":207,"commentCount":0,"publisher":{"@id":"https:\/\/luchonoticias.com\/editor\/#\/schema\/person\/7a7fd911f58561fd056dbac7b55af9cd"},"articleSection":["Destacado","Judicial"],"inLanguage":"es","potentialAction":[{"@type":"CommentAction","name":"Comment","target":["https:\/\/luchonoticias.com\/editor\/policia-capturo-a-un-sujeto-y-aprehenden-a-dos-adolescentes-cuando-hurtaban-un-celular\/#respond"]}]},{"@type":"WebPage","@id":"https:\/\/luchonoticias.com\/editor\/policia-capturo-a-un-sujeto-y-aprehenden-a-dos-adolescentes-cuando-hurtaban-un-celular\/","url":"https:\/\/luchonoticias.com\/editor\/policia-capturo-a-un-sujeto-y-aprehenden-a-dos-adolescentes-cuando-hurtaban-un-celular\/","name":"Polic\u00eda captur\u00f3 a un sujeto y aprehenden a dos adolescentes cuando hurtaban un celular -","isPartOf":{"@id":"https:\/\/luchonoticias.com\/editor\/#website"},"datePublished":"2023-11-20T20:20:34+00:00","dateModified":"2023-11-20T20:20:36+00:00","breadcrumb":{"@id":"https:\/\/luchonoticias.com\/editor\/policia-capturo-a-un-sujeto-y-aprehenden-a-dos-adolescentes-cuando-hurtaban-un-celular\/#breadcrumb"},"inLanguage":"es","potentialAction":[{"@type":"ReadAction","target":["https:\/\/luchonoticias.com\/editor\/policia-capturo-a-un-sujeto-y-aprehenden-a-dos-adolescentes-cuando-hurtaban-un-celular\/"]}]},{"@type":"BreadcrumbList","@id":"https:\/\/luchonoticias.com\/editor\/policia-capturo-a-un-sujeto-y-aprehenden-a-dos-adolescentes-cuando-hurtaban-un-celular\/#breadcrumb","itemListElement":[{"@type":"ListItem","position":1,"name":"Portada","item":"https:\/\/luchonoticias.com\/editor\/"},{"@type":"ListItem","position":2,"name":"Polic\u00eda captur\u00f3 a un sujeto y aprehenden a dos adolescentes cuando hurtaban un celular"}]},{"@type":"WebSite","@id":"https:\/\/luchonoticias.com\/editor\/#website","url":"https:\/\/luchonoticias.com\/editor\/","name":"","description":"","publisher":{"@id":"https:\/\/luchonoticias.com\/editor\/#\/schema\/person\/7a7fd911f58561fd056dbac7b55af9cd"},"potentialAction":[{"@type":"SearchAction","target":{"@type":"EntryPoint","urlTemplate":"https:\/\/luchonoticias.com\/editor\/?s={search_term_string}"},"query-input":{"@type":"PropertyValueSpecification","valueRequired":true,"valueName":"search_term_string"}}],"inLanguage":"es"},{"@type":["Person","Organization"],"@id":"https:\/\/luchonoticias.com\/editor\/#\/schema\/person\/7a7fd911f58561fd056dbac7b55af9cd","name":"admin","image":{"@type":"ImageObject","inLanguage":"es","@id":"https:\/\/luchonoticias.com\/editor\/#\/schema\/person\/image\/","url":"https:\/\/luchonoticias.com\/editor\/wp-content\/uploads\/2024\/02\/cropped-cropped-logolu.webp","contentUrl":"https:\/\/luchonoticias.com\/editor\/wp-content\/uploads\/2024\/02\/cropped-cropped-logolu.webp","width":382,"height":170,"caption":"admin"},"logo":{"@id":"https:\/\/luchonoticias.com\/editor\/#\/schema\/person\/image\/"},"sameAs":["https:\/\/www.facebook.com\/luchonoticiasneiva"]},{"@type":"Person","@id":"https:\/\/luchonoticias.com\/editor\/#\/schema\/person\/29217990ddf6f14e35912b2866d591fb","name":"Editor General","image":{"@type":"ImageObject","inLanguage":"es","@id":"https:\/\/luchonoticias.com\/editor\/#\/schema\/person\/image\/","url":"https:\/\/luchonoticias.com\/editor\/wp-content\/uploads\/2024\/02\/cropped-cropped-logolu-150x150.webp","contentUrl":"https:\/\/luchonoticias.com\/editor\/wp-content\/uploads\/2024\/02\/cropped-cropped-logolu-150x150.webp","caption":"Editor General"},"sameAs":["https:\/\/luchonoticias.com\/"],"url":"https:\/\/luchonoticias.com\/editor\/author\/editor-general\/"}]}},"_links":{"self":[{"href":"https:\/\/luchonoticias.com\/editor\/wp-json\/wp\/v2\/posts\/64256","targetHints":{"allow":["GET"]}}],"collection":[{"href":"https:\/\/luchonoticias.com\/editor\/wp-json\/wp\/v2\/posts"}],"about":[{"href":"https:\/\/luchonoticias.com\/editor\/wp-json\/wp\/v2\/types\/post"}],"author":[{"embeddable":true,"href":"https:\/\/luchonoticias.com\/editor\/wp-json\/wp\/v2\/users\/2"}],"replies":[{"embeddable":true,"href":"https:\/\/luchonoticias.com\/editor\/wp-json\/wp\/v2\/comments?post=64256"}],"version-history":[{"count":0,"href":"https:\/\/luchonoticias.com\/editor\/wp-json\/wp\/v2\/posts\/64256\/revisions"}],"wp:attachment":[{"href":"https:\/\/luchonoticias.com\/editor\/wp-json\/wp\/v2\/media?parent=64256"}],"wp:term":[{"taxonomy":"category","embeddable":true,"href":"https:\/\/luchonoticias.com\/editor\/wp-json\/wp\/v2\/categories?post=64256"},{"taxonomy":"post_tag","embeddable":true,"href":"https:\/\/luchonoticias.com\/editor\/wp-json\/wp\/v2\/tags?post=64256"}],"curies":[{"name":"wp","href":"https:\/\/api.w.org\/{rel}","templated":true}]}}