{"id":64490,"date":"2023-11-24T07:43:50","date_gmt":"2023-11-24T12:43:50","guid":{"rendered":"https:\/\/luchonoticias.com\/?p=64490"},"modified":"2023-11-24T07:43:51","modified_gmt":"2023-11-24T12:43:51","slug":"senadores-apuestan-por-acabar-la-mortalidad-minera","status":"publish","type":"post","link":"https:\/\/luchonoticias.com\/editor\/senadores-apuestan-por-acabar-la-mortalidad-minera\/","title":{"rendered":"Senadores apuestan por acabar la mortalidad minera"},"content":{"rendered":"\n<p>A un nutrido debate de control pol\u00edtico en la Comisi\u00f3n Quinta de Senado, fueron citados el presidente de la Agencia Nacional de Miner\u00eda, junto a los viceministerios de Minas, Trabajo y delegados de otras entidades estatales, con el fin de conocer las medidas adoptadas frente a la mortalidad minera y las decisiones que se toman en torno a los diferentes eventos que enlutan a las comunidades v\u00edctimas de esta pr\u00e1ctica.<\/p>\n\n\n\n<p>Para la senadora citante&nbsp;<strong>Isabel Cristina Zuleta<\/strong>, del&nbsp;<strong>Pacto Hist\u00f3rico,&nbsp;<\/strong>el debate tiene como objetivo hacer un llamado para que la vida de los trabajadores mineros valga la pena y deje de estar asociada a la cotizaci\u00f3n de los minerales colombianos a nivel internacional. Seg\u00fan la congresista, cada vez que aumenta el precio del carb\u00f3n o el oro, lo hace tambi\u00e9n el \u00edndice de accidentalidad y mortalidad en las minas del pa\u00eds.<\/p>\n\n\n\n<p>&nbsp;\u201cSe le puso precio a la vida, cada minero en este pa\u00eds tiene un precio, cuando se aceleran los precios internacionales, se acelera la industria y las ganas&nbsp; de aprovechar el auge en que matan a los mineros\u201d se\u00f1al\u00f3 Zuleta, quien dedic\u00f3 el debate a las v\u00edctimas y solicit\u00f3 a los ministerios de salud y trabajo, vigilar el precio en las bolsas internacionales, para&nbsp; dar paso a una fiscalizaci\u00f3n e inspecci\u00f3n que promueva la seguridad en estas labores.<\/p>\n\n\n\n<p>En respuesta, el senador del&nbsp;<strong>Partido de la U<\/strong>,&nbsp;<strong>Jos\u00e9 David Name,&nbsp;<\/strong>expuso que lo m\u00e1s relevante en esa problem\u00e1tica, era la legalizaci\u00f3n de todos los peque\u00f1os mineros, y atacar directamente a las mafias que hacen miner\u00eda ilegal. Seg\u00fan&nbsp;<strong>Name Cardozo<\/strong>, existen tres accidentes principales como &nbsp;geo mec\u00e1nica, atmosfera contaminada y la explosi\u00f3n, destacando &nbsp;que los accidentes de esta \u00faltima, se daban por la gran concentraci\u00f3n de gas que existen en esos t\u00edtulos mineros de los cuales se tienen registro.<\/p>\n\n\n\n<p>&nbsp;Para el senador del&nbsp;<strong>Partido Cambio Radical, Didier Lobo Chinchilla<\/strong>, la agencia nacional de miner\u00eda, Solo hace control y seguimiento, a los t\u00edtulos mineros legales, por lo que hizo un llamado al gobierno nacional, a que enfrente la realidad frente a esta problem\u00e1tica, y exhorto a las autoridades a&nbsp; tramitar las solicitudes de los t\u00edtulos mineros que est\u00e1n esperando para su legalizaci\u00f3n, y contribuir as\u00ed a la disminuir de los \u00edndices mortales.<\/p>\n\n\n\n<p><strong>Intervenci\u00f3n de los citados<\/strong><\/p>\n\n\n\n<p>El presidente de la agencia nacional de miner\u00eda&nbsp;<strong>\u00c1lvaro Pardo,&nbsp;<\/strong>destac\u00f3 la reducci\u00f3n de la tasa de mortalidad, sin dejar a un lado su preocupaci\u00f3n, calificando la situaci\u00f3n como un fen\u00f3meno estructural, y no coyuntural, el cual ha cobrado m\u00e1s de 2.000 muertos en 20 a\u00f1os, generados por la informalidad. \u201cSi existe un derrumbe en una mina ilegal, no dejamos de socorrerlos, porque son vidas de colombianos, de ciudadanos y ah\u00ed hemos estado presente\u201d, resalt\u00f3 Pardo al indicar que la entidad concentra esfuerzos en capacitaciones y renovaci\u00f3n de equipos de salvamento.<\/p>\n\n\n\n<p>Para la Direcci\u00f3n de Riesgos Laborales del Ministerio del Trabajo,&nbsp; es necesario trabajar en una base de datos conjunta, o un&nbsp; reporte \u00fanico en estos riesgos, ya que existen empresas formales que no legalizan a sus empleados, neg\u00e1ndoles&nbsp; seguridad social, haciendo que estos trabajadores no se encuentren en el radar de las autoridades competentes, debido a que las ARL, solo reportan a los mineros formalizados.<\/p>\n","protected":false},"excerpt":{"rendered":"<p>A un nutrido debate de control pol\u00edtico en la Comisi\u00f3n Quinta de Senado, fueron citados el presidente de la Agencia Nacional de Miner\u00eda, junto a los viceministerios de Minas, Trabajo y delegados de otras entidades estatales, con el fin de conocer las medidas adoptadas frente a la mortalidad minera y las decisiones que se toman [&hellip;]<\/p>\n","protected":false},"author":2,"featured_media":0,"comment_status":"open","ping_status":"open","sticky":false,"template":"","format":"standard","meta":{"footnotes":""},"categories":[36,617],"tags":[],"class_list":["post-64490","post","type-post","status-publish","format-standard","hentry","category-destacado","category-politica"],"yoast_head":"<!-- This site is optimized with the Yoast SEO plugin v26.6 - https:\/\/yoast.com\/wordpress\/plugins\/seo\/ -->\n<title>Senadores apuestan por acabar la mortalidad minera -<\/title>\n<meta name=\"robots\" content=\"index, follow, max-snippet:-1, max-image-preview:large, max-video-preview:-1\" \/>\n<link rel=\"canonical\" href=\"https:\/\/luchonoticias.com\/editor\/senadores-apuestan-por-acabar-la-mortalidad-minera\/\" \/>\n<meta property=\"og:locale\" content=\"es_ES\" \/>\n<meta property=\"og:type\" content=\"article\" \/>\n<meta property=\"og:title\" content=\"Senadores apuestan por acabar la mortalidad minera -\" \/>\n<meta property=\"og:url\" content=\"https:\/\/luchonoticias.com\/editor\/senadores-apuestan-por-acabar-la-mortalidad-minera\/\" \/>\n<meta property=\"article:publisher\" content=\"https:\/\/www.facebook.com\/luchonoticiasneiva\" \/>\n<meta property=\"article:published_time\" content=\"2023-11-24T12:43:50+00:00\" \/>\n<meta property=\"article:modified_time\" content=\"2023-11-24T12:43:51+00:00\" \/>\n<meta name=\"author\" content=\"Editor General\" \/>\n<meta name=\"twitter:card\" content=\"summary_large_image\" \/>\n<meta name=\"twitter:label1\" content=\"Escrito por\" \/>\n\t<meta name=\"twitter:data1\" content=\"Editor General\" \/>\n\t<meta name=\"twitter:label2\" content=\"Tiempo de lectura\" \/>\n\t<meta name=\"twitter:data2\" content=\"3 minutos\" \/>\n<script type=\"application\/ld+json\" class=\"yoast-schema-graph\">{\"@context\":\"https:\/\/schema.org\",\"@graph\":[{\"@type\":\"Article\",\"@id\":\"https:\/\/luchonoticias.com\/editor\/senadores-apuestan-por-acabar-la-mortalidad-minera\/#article\",\"isPartOf\":{\"@id\":\"https:\/\/luchonoticias.com\/editor\/senadores-apuestan-por-acabar-la-mortalidad-minera\/\"},\"author\":{\"name\":\"Editor General\",\"@id\":\"https:\/\/luchonoticias.com\/editor\/#\/schema\/person\/29217990ddf6f14e35912b2866d591fb\"},\"headline\":\"Senadores apuestan por acabar la mortalidad minera\",\"datePublished\":\"2023-11-24T12:43:50+00:00\",\"dateModified\":\"2023-11-24T12:43:51+00:00\",\"mainEntityOfPage\":{\"@id\":\"https:\/\/luchonoticias.com\/editor\/senadores-apuestan-por-acabar-la-mortalidad-minera\/\"},\"wordCount\":600,\"commentCount\":0,\"publisher\":{\"@id\":\"https:\/\/luchonoticias.com\/editor\/#\/schema\/person\/7a7fd911f58561fd056dbac7b55af9cd\"},\"articleSection\":[\"Destacado\",\"Pol\u00edtica\"],\"inLanguage\":\"es\",\"potentialAction\":[{\"@type\":\"CommentAction\",\"name\":\"Comment\",\"target\":[\"https:\/\/luchonoticias.com\/editor\/senadores-apuestan-por-acabar-la-mortalidad-minera\/#respond\"]}]},{\"@type\":\"WebPage\",\"@id\":\"https:\/\/luchonoticias.com\/editor\/senadores-apuestan-por-acabar-la-mortalidad-minera\/\",\"url\":\"https:\/\/luchonoticias.com\/editor\/senadores-apuestan-por-acabar-la-mortalidad-minera\/\",\"name\":\"Senadores apuestan por acabar la mortalidad minera -\",\"isPartOf\":{\"@id\":\"https:\/\/luchonoticias.com\/editor\/#website\"},\"datePublished\":\"2023-11-24T12:43:50+00:00\",\"dateModified\":\"2023-11-24T12:43:51+00:00\",\"breadcrumb\":{\"@id\":\"https:\/\/luchonoticias.com\/editor\/senadores-apuestan-por-acabar-la-mortalidad-minera\/#breadcrumb\"},\"inLanguage\":\"es\",\"potentialAction\":[{\"@type\":\"ReadAction\",\"target\":[\"https:\/\/luchonoticias.com\/editor\/senadores-apuestan-por-acabar-la-mortalidad-minera\/\"]}]},{\"@type\":\"BreadcrumbList\",\"@id\":\"https:\/\/luchonoticias.com\/editor\/senadores-apuestan-por-acabar-la-mortalidad-minera\/#breadcrumb\",\"itemListElement\":[{\"@type\":\"ListItem\",\"position\":1,\"name\":\"Portada\",\"item\":\"https:\/\/luchonoticias.com\/editor\/\"},{\"@type\":\"ListItem\",\"position\":2,\"name\":\"Senadores apuestan por acabar la mortalidad minera\"}]},{\"@type\":\"WebSite\",\"@id\":\"https:\/\/luchonoticias.com\/editor\/#website\",\"url\":\"https:\/\/luchonoticias.com\/editor\/\",\"name\":\"\",\"description\":\"\",\"publisher\":{\"@id\":\"https:\/\/luchonoticias.com\/editor\/#\/schema\/person\/7a7fd911f58561fd056dbac7b55af9cd\"},\"potentialAction\":[{\"@type\":\"SearchAction\",\"target\":{\"@type\":\"EntryPoint\",\"urlTemplate\":\"https:\/\/luchonoticias.com\/editor\/?s={search_term_string}\"},\"query-input\":{\"@type\":\"PropertyValueSpecification\",\"valueRequired\":true,\"valueName\":\"search_term_string\"}}],\"inLanguage\":\"es\"},{\"@type\":[\"Person\",\"Organization\"],\"@id\":\"https:\/\/luchonoticias.com\/editor\/#\/schema\/person\/7a7fd911f58561fd056dbac7b55af9cd\",\"name\":\"admin\",\"image\":{\"@type\":\"ImageObject\",\"inLanguage\":\"es\",\"@id\":\"https:\/\/luchonoticias.com\/editor\/#\/schema\/person\/image\/\",\"url\":\"https:\/\/luchonoticias.com\/editor\/wp-content\/uploads\/2024\/02\/cropped-cropped-logolu.webp\",\"contentUrl\":\"https:\/\/luchonoticias.com\/editor\/wp-content\/uploads\/2024\/02\/cropped-cropped-logolu.webp\",\"width\":382,\"height\":170,\"caption\":\"admin\"},\"logo\":{\"@id\":\"https:\/\/luchonoticias.com\/editor\/#\/schema\/person\/image\/\"},\"sameAs\":[\"https:\/\/www.facebook.com\/luchonoticiasneiva\"]},{\"@type\":\"Person\",\"@id\":\"https:\/\/luchonoticias.com\/editor\/#\/schema\/person\/29217990ddf6f14e35912b2866d591fb\",\"name\":\"Editor General\",\"image\":{\"@type\":\"ImageObject\",\"inLanguage\":\"es\",\"@id\":\"https:\/\/luchonoticias.com\/editor\/#\/schema\/person\/image\/\",\"url\":\"https:\/\/luchonoticias.com\/editor\/wp-content\/uploads\/2024\/02\/cropped-cropped-logolu-150x150.webp\",\"contentUrl\":\"https:\/\/luchonoticias.com\/editor\/wp-content\/uploads\/2024\/02\/cropped-cropped-logolu-150x150.webp\",\"caption\":\"Editor General\"},\"sameAs\":[\"https:\/\/luchonoticias.com\/\"],\"url\":\"https:\/\/luchonoticias.com\/editor\/author\/editor-general\/\"}]}<\/script>\n<!-- \/ Yoast SEO plugin. -->","yoast_head_json":{"title":"Senadores apuestan por acabar la mortalidad minera -","robots":{"index":"index","follow":"follow","max-snippet":"max-snippet:-1","max-image-preview":"max-image-preview:large","max-video-preview":"max-video-preview:-1"},"canonical":"https:\/\/luchonoticias.com\/editor\/senadores-apuestan-por-acabar-la-mortalidad-minera\/","og_locale":"es_ES","og_type":"article","og_title":"Senadores apuestan por acabar la mortalidad minera -","og_url":"https:\/\/luchonoticias.com\/editor\/senadores-apuestan-por-acabar-la-mortalidad-minera\/","article_publisher":"https:\/\/www.facebook.com\/luchonoticiasneiva","article_published_time":"2023-11-24T12:43:50+00:00","article_modified_time":"2023-11-24T12:43:51+00:00","author":"Editor General","twitter_card":"summary_large_image","twitter_misc":{"Escrito por":"Editor General","Tiempo de lectura":"3 minutos"},"schema":{"@context":"https:\/\/schema.org","@graph":[{"@type":"Article","@id":"https:\/\/luchonoticias.com\/editor\/senadores-apuestan-por-acabar-la-mortalidad-minera\/#article","isPartOf":{"@id":"https:\/\/luchonoticias.com\/editor\/senadores-apuestan-por-acabar-la-mortalidad-minera\/"},"author":{"name":"Editor General","@id":"https:\/\/luchonoticias.com\/editor\/#\/schema\/person\/29217990ddf6f14e35912b2866d591fb"},"headline":"Senadores apuestan por acabar la mortalidad minera","datePublished":"2023-11-24T12:43:50+00:00","dateModified":"2023-11-24T12:43:51+00:00","mainEntityOfPage":{"@id":"https:\/\/luchonoticias.com\/editor\/senadores-apuestan-por-acabar-la-mortalidad-minera\/"},"wordCount":600,"commentCount":0,"publisher":{"@id":"https:\/\/luchonoticias.com\/editor\/#\/schema\/person\/7a7fd911f58561fd056dbac7b55af9cd"},"articleSection":["Destacado","Pol\u00edtica"],"inLanguage":"es","potentialAction":[{"@type":"CommentAction","name":"Comment","target":["https:\/\/luchonoticias.com\/editor\/senadores-apuestan-por-acabar-la-mortalidad-minera\/#respond"]}]},{"@type":"WebPage","@id":"https:\/\/luchonoticias.com\/editor\/senadores-apuestan-por-acabar-la-mortalidad-minera\/","url":"https:\/\/luchonoticias.com\/editor\/senadores-apuestan-por-acabar-la-mortalidad-minera\/","name":"Senadores apuestan por acabar la mortalidad minera -","isPartOf":{"@id":"https:\/\/luchonoticias.com\/editor\/#website"},"datePublished":"2023-11-24T12:43:50+00:00","dateModified":"2023-11-24T12:43:51+00:00","breadcrumb":{"@id":"https:\/\/luchonoticias.com\/editor\/senadores-apuestan-por-acabar-la-mortalidad-minera\/#breadcrumb"},"inLanguage":"es","potentialAction":[{"@type":"ReadAction","target":["https:\/\/luchonoticias.com\/editor\/senadores-apuestan-por-acabar-la-mortalidad-minera\/"]}]},{"@type":"BreadcrumbList","@id":"https:\/\/luchonoticias.com\/editor\/senadores-apuestan-por-acabar-la-mortalidad-minera\/#breadcrumb","itemListElement":[{"@type":"ListItem","position":1,"name":"Portada","item":"https:\/\/luchonoticias.com\/editor\/"},{"@type":"ListItem","position":2,"name":"Senadores apuestan por acabar la mortalidad minera"}]},{"@type":"WebSite","@id":"https:\/\/luchonoticias.com\/editor\/#website","url":"https:\/\/luchonoticias.com\/editor\/","name":"","description":"","publisher":{"@id":"https:\/\/luchonoticias.com\/editor\/#\/schema\/person\/7a7fd911f58561fd056dbac7b55af9cd"},"potentialAction":[{"@type":"SearchAction","target":{"@type":"EntryPoint","urlTemplate":"https:\/\/luchonoticias.com\/editor\/?s={search_term_string}"},"query-input":{"@type":"PropertyValueSpecification","valueRequired":true,"valueName":"search_term_string"}}],"inLanguage":"es"},{"@type":["Person","Organization"],"@id":"https:\/\/luchonoticias.com\/editor\/#\/schema\/person\/7a7fd911f58561fd056dbac7b55af9cd","name":"admin","image":{"@type":"ImageObject","inLanguage":"es","@id":"https:\/\/luchonoticias.com\/editor\/#\/schema\/person\/image\/","url":"https:\/\/luchonoticias.com\/editor\/wp-content\/uploads\/2024\/02\/cropped-cropped-logolu.webp","contentUrl":"https:\/\/luchonoticias.com\/editor\/wp-content\/uploads\/2024\/02\/cropped-cropped-logolu.webp","width":382,"height":170,"caption":"admin"},"logo":{"@id":"https:\/\/luchonoticias.com\/editor\/#\/schema\/person\/image\/"},"sameAs":["https:\/\/www.facebook.com\/luchonoticiasneiva"]},{"@type":"Person","@id":"https:\/\/luchonoticias.com\/editor\/#\/schema\/person\/29217990ddf6f14e35912b2866d591fb","name":"Editor General","image":{"@type":"ImageObject","inLanguage":"es","@id":"https:\/\/luchonoticias.com\/editor\/#\/schema\/person\/image\/","url":"https:\/\/luchonoticias.com\/editor\/wp-content\/uploads\/2024\/02\/cropped-cropped-logolu-150x150.webp","contentUrl":"https:\/\/luchonoticias.com\/editor\/wp-content\/uploads\/2024\/02\/cropped-cropped-logolu-150x150.webp","caption":"Editor General"},"sameAs":["https:\/\/luchonoticias.com\/"],"url":"https:\/\/luchonoticias.com\/editor\/author\/editor-general\/"}]}},"_links":{"self":[{"href":"https:\/\/luchonoticias.com\/editor\/wp-json\/wp\/v2\/posts\/64490","targetHints":{"allow":["GET"]}}],"collection":[{"href":"https:\/\/luchonoticias.com\/editor\/wp-json\/wp\/v2\/posts"}],"about":[{"href":"https:\/\/luchonoticias.com\/editor\/wp-json\/wp\/v2\/types\/post"}],"author":[{"embeddable":true,"href":"https:\/\/luchonoticias.com\/editor\/wp-json\/wp\/v2\/users\/2"}],"replies":[{"embeddable":true,"href":"https:\/\/luchonoticias.com\/editor\/wp-json\/wp\/v2\/comments?post=64490"}],"version-history":[{"count":0,"href":"https:\/\/luchonoticias.com\/editor\/wp-json\/wp\/v2\/posts\/64490\/revisions"}],"wp:attachment":[{"href":"https:\/\/luchonoticias.com\/editor\/wp-json\/wp\/v2\/media?parent=64490"}],"wp:term":[{"taxonomy":"category","embeddable":true,"href":"https:\/\/luchonoticias.com\/editor\/wp-json\/wp\/v2\/categories?post=64490"},{"taxonomy":"post_tag","embeddable":true,"href":"https:\/\/luchonoticias.com\/editor\/wp-json\/wp\/v2\/tags?post=64490"}],"curies":[{"name":"wp","href":"https:\/\/api.w.org\/{rel}","templated":true}]}}