{"id":64493,"date":"2023-11-24T07:47:43","date_gmt":"2023-11-24T12:47:43","guid":{"rendered":"https:\/\/luchonoticias.com\/?p=64493"},"modified":"2023-11-24T07:47:44","modified_gmt":"2023-11-24T12:47:44","slug":"el-congreso-sesionara-de-manera-permanente-para-destrabar-la-agenda-legislativa","status":"publish","type":"post","link":"https:\/\/luchonoticias.com\/editor\/el-congreso-sesionara-de-manera-permanente-para-destrabar-la-agenda-legislativa\/","title":{"rendered":"El Congreso sesionar\u00e1 de manera permanente para destrabar la agenda legislativa"},"content":{"rendered":"\n<p>Esta semana voceros de distintos sectores pol\u00edticos se reunieron con el presidente Gustavo Petro para buscar consensos frente a la reforma a la salud, aunque no hubo acuerdos, el tr\u00e1mite continuar\u00e1 en el Congreso.&nbsp;<\/p>\n\n\n\n<p>Algunas de las principales cr\u00edticas frente al tr\u00e1mite surgen de la votaci\u00f3n en bloque del articulado, no obstante, el presidente de la C\u00e1mara, Andr\u00e9s Calle, se\u00f1al\u00f3 que la metodolog\u00eda se har\u00e1 por bloques m\u00e1s peque\u00f1os.<\/p>\n\n\n\n<p>\u201cSi es necesario el Congreso va a sesionar de lunes a s\u00e1bado, para eso nos pagan, pero vamos a avanzar en el debate de la reforma a la salud sin m\u00e1s dilaciones\u201d, se\u00f1al\u00f3 Calle.<\/p>\n\n\n\n<p>Por otro lado, en di\u00e1logo con medios de comunicaci\u00f3n, el presidente exigi\u00f3 al Gobierno Nacional respeto para los congresistas, esto ante las declaraciones del ministro de Salud sobre las voces cr\u00edticas de miembros de Alianza Verde en el tr\u00e1mite de esta reforma.<\/p>\n\n\n\n<p>\u201cTanto los representantes independientes, como los de gobierno y oposici\u00f3n tenemos que respetarnos en el recinto de la democracia, pero tambi\u00e9n hacemos un llamado fuerte al Gobierno Nacional al respeto a los miembros de esta corporaci\u00f3n. Los ministros de Salud y del Interior deben respetar cuando se refieren a los congresistas. Tambi\u00e9n al Gobierno hacemos un llamado para que dialogue con bancadas y se logre una coalici\u00f3n con grandes consensos para avanzar de manera \u00e1gil en la reforma a la salud\u201d, indic\u00f3.<\/p>\n\n\n\n<p>La discusi\u00f3n de la reforma se retomar\u00e1 el lunes 27 de noviembre y se espera que se destrabe el debate para lograr aprobar otras iniciativas legislativas en tr\u00e1mite.<\/p>\n","protected":false},"excerpt":{"rendered":"<p>Esta semana voceros de distintos sectores pol\u00edticos se reunieron con el presidente Gustavo Petro para buscar consensos frente a la reforma a la salud, aunque no hubo acuerdos, el tr\u00e1mite continuar\u00e1 en el Congreso.&nbsp; Algunas de las principales cr\u00edticas frente al tr\u00e1mite surgen de la votaci\u00f3n en bloque del articulado, no obstante, el presidente de [&hellip;]<\/p>\n","protected":false},"author":2,"featured_media":0,"comment_status":"open","ping_status":"open","sticky":false,"template":"","format":"standard","meta":{"footnotes":""},"categories":[36,617],"tags":[],"class_list":["post-64493","post","type-post","status-publish","format-standard","hentry","category-destacado","category-politica"],"yoast_head":"<!-- This site is optimized with the Yoast SEO plugin v26.6 - https:\/\/yoast.com\/wordpress\/plugins\/seo\/ -->\n<title>El Congreso sesionar\u00e1 de manera permanente para destrabar la agenda legislativa -<\/title>\n<meta name=\"robots\" content=\"index, follow, max-snippet:-1, max-image-preview:large, max-video-preview:-1\" \/>\n<link rel=\"canonical\" href=\"https:\/\/luchonoticias.com\/editor\/el-congreso-sesionara-de-manera-permanente-para-destrabar-la-agenda-legislativa\/\" \/>\n<meta property=\"og:locale\" content=\"es_ES\" \/>\n<meta property=\"og:type\" content=\"article\" \/>\n<meta property=\"og:title\" content=\"El Congreso sesionar\u00e1 de manera permanente para destrabar la agenda legislativa -\" \/>\n<meta property=\"og:url\" content=\"https:\/\/luchonoticias.com\/editor\/el-congreso-sesionara-de-manera-permanente-para-destrabar-la-agenda-legislativa\/\" \/>\n<meta property=\"article:publisher\" content=\"https:\/\/www.facebook.com\/luchonoticiasneiva\" \/>\n<meta property=\"article:published_time\" content=\"2023-11-24T12:47:43+00:00\" \/>\n<meta property=\"article:modified_time\" content=\"2023-11-24T12:47:44+00:00\" \/>\n<meta name=\"author\" content=\"Editor General\" \/>\n<meta name=\"twitter:card\" content=\"summary_large_image\" \/>\n<meta name=\"twitter:label1\" content=\"Escrito por\" \/>\n\t<meta name=\"twitter:data1\" content=\"Editor General\" \/>\n\t<meta name=\"twitter:label2\" content=\"Tiempo de lectura\" \/>\n\t<meta name=\"twitter:data2\" content=\"1 minuto\" \/>\n<script type=\"application\/ld+json\" class=\"yoast-schema-graph\">{\"@context\":\"https:\/\/schema.org\",\"@graph\":[{\"@type\":\"Article\",\"@id\":\"https:\/\/luchonoticias.com\/editor\/el-congreso-sesionara-de-manera-permanente-para-destrabar-la-agenda-legislativa\/#article\",\"isPartOf\":{\"@id\":\"https:\/\/luchonoticias.com\/editor\/el-congreso-sesionara-de-manera-permanente-para-destrabar-la-agenda-legislativa\/\"},\"author\":{\"name\":\"Editor General\",\"@id\":\"https:\/\/luchonoticias.com\/editor\/#\/schema\/person\/29217990ddf6f14e35912b2866d591fb\"},\"headline\":\"El Congreso sesionar\u00e1 de manera permanente para destrabar la agenda legislativa\",\"datePublished\":\"2023-11-24T12:47:43+00:00\",\"dateModified\":\"2023-11-24T12:47:44+00:00\",\"mainEntityOfPage\":{\"@id\":\"https:\/\/luchonoticias.com\/editor\/el-congreso-sesionara-de-manera-permanente-para-destrabar-la-agenda-legislativa\/\"},\"wordCount\":291,\"commentCount\":0,\"publisher\":{\"@id\":\"https:\/\/luchonoticias.com\/editor\/#\/schema\/person\/7a7fd911f58561fd056dbac7b55af9cd\"},\"articleSection\":[\"Destacado\",\"Pol\u00edtica\"],\"inLanguage\":\"es\",\"potentialAction\":[{\"@type\":\"CommentAction\",\"name\":\"Comment\",\"target\":[\"https:\/\/luchonoticias.com\/editor\/el-congreso-sesionara-de-manera-permanente-para-destrabar-la-agenda-legislativa\/#respond\"]}]},{\"@type\":\"WebPage\",\"@id\":\"https:\/\/luchonoticias.com\/editor\/el-congreso-sesionara-de-manera-permanente-para-destrabar-la-agenda-legislativa\/\",\"url\":\"https:\/\/luchonoticias.com\/editor\/el-congreso-sesionara-de-manera-permanente-para-destrabar-la-agenda-legislativa\/\",\"name\":\"El Congreso sesionar\u00e1 de manera permanente para destrabar la agenda legislativa -\",\"isPartOf\":{\"@id\":\"https:\/\/luchonoticias.com\/editor\/#website\"},\"datePublished\":\"2023-11-24T12:47:43+00:00\",\"dateModified\":\"2023-11-24T12:47:44+00:00\",\"breadcrumb\":{\"@id\":\"https:\/\/luchonoticias.com\/editor\/el-congreso-sesionara-de-manera-permanente-para-destrabar-la-agenda-legislativa\/#breadcrumb\"},\"inLanguage\":\"es\",\"potentialAction\":[{\"@type\":\"ReadAction\",\"target\":[\"https:\/\/luchonoticias.com\/editor\/el-congreso-sesionara-de-manera-permanente-para-destrabar-la-agenda-legislativa\/\"]}]},{\"@type\":\"BreadcrumbList\",\"@id\":\"https:\/\/luchonoticias.com\/editor\/el-congreso-sesionara-de-manera-permanente-para-destrabar-la-agenda-legislativa\/#breadcrumb\",\"itemListElement\":[{\"@type\":\"ListItem\",\"position\":1,\"name\":\"Portada\",\"item\":\"https:\/\/luchonoticias.com\/editor\/\"},{\"@type\":\"ListItem\",\"position\":2,\"name\":\"El Congreso sesionar\u00e1 de manera permanente para destrabar la agenda legislativa\"}]},{\"@type\":\"WebSite\",\"@id\":\"https:\/\/luchonoticias.com\/editor\/#website\",\"url\":\"https:\/\/luchonoticias.com\/editor\/\",\"name\":\"\",\"description\":\"\",\"publisher\":{\"@id\":\"https:\/\/luchonoticias.com\/editor\/#\/schema\/person\/7a7fd911f58561fd056dbac7b55af9cd\"},\"potentialAction\":[{\"@type\":\"SearchAction\",\"target\":{\"@type\":\"EntryPoint\",\"urlTemplate\":\"https:\/\/luchonoticias.com\/editor\/?s={search_term_string}\"},\"query-input\":{\"@type\":\"PropertyValueSpecification\",\"valueRequired\":true,\"valueName\":\"search_term_string\"}}],\"inLanguage\":\"es\"},{\"@type\":[\"Person\",\"Organization\"],\"@id\":\"https:\/\/luchonoticias.com\/editor\/#\/schema\/person\/7a7fd911f58561fd056dbac7b55af9cd\",\"name\":\"admin\",\"image\":{\"@type\":\"ImageObject\",\"inLanguage\":\"es\",\"@id\":\"https:\/\/luchonoticias.com\/editor\/#\/schema\/person\/image\/\",\"url\":\"https:\/\/luchonoticias.com\/editor\/wp-content\/uploads\/2024\/02\/cropped-cropped-logolu.webp\",\"contentUrl\":\"https:\/\/luchonoticias.com\/editor\/wp-content\/uploads\/2024\/02\/cropped-cropped-logolu.webp\",\"width\":382,\"height\":170,\"caption\":\"admin\"},\"logo\":{\"@id\":\"https:\/\/luchonoticias.com\/editor\/#\/schema\/person\/image\/\"},\"sameAs\":[\"https:\/\/www.facebook.com\/luchonoticiasneiva\"]},{\"@type\":\"Person\",\"@id\":\"https:\/\/luchonoticias.com\/editor\/#\/schema\/person\/29217990ddf6f14e35912b2866d591fb\",\"name\":\"Editor General\",\"image\":{\"@type\":\"ImageObject\",\"inLanguage\":\"es\",\"@id\":\"https:\/\/luchonoticias.com\/editor\/#\/schema\/person\/image\/\",\"url\":\"https:\/\/luchonoticias.com\/editor\/wp-content\/uploads\/2024\/02\/cropped-cropped-logolu-150x150.webp\",\"contentUrl\":\"https:\/\/luchonoticias.com\/editor\/wp-content\/uploads\/2024\/02\/cropped-cropped-logolu-150x150.webp\",\"caption\":\"Editor General\"},\"sameAs\":[\"https:\/\/luchonoticias.com\/\"],\"url\":\"https:\/\/luchonoticias.com\/editor\/author\/editor-general\/\"}]}<\/script>\n<!-- \/ Yoast SEO plugin. -->","yoast_head_json":{"title":"El Congreso sesionar\u00e1 de manera permanente para destrabar la agenda legislativa -","robots":{"index":"index","follow":"follow","max-snippet":"max-snippet:-1","max-image-preview":"max-image-preview:large","max-video-preview":"max-video-preview:-1"},"canonical":"https:\/\/luchonoticias.com\/editor\/el-congreso-sesionara-de-manera-permanente-para-destrabar-la-agenda-legislativa\/","og_locale":"es_ES","og_type":"article","og_title":"El Congreso sesionar\u00e1 de manera permanente para destrabar la agenda legislativa -","og_url":"https:\/\/luchonoticias.com\/editor\/el-congreso-sesionara-de-manera-permanente-para-destrabar-la-agenda-legislativa\/","article_publisher":"https:\/\/www.facebook.com\/luchonoticiasneiva","article_published_time":"2023-11-24T12:47:43+00:00","article_modified_time":"2023-11-24T12:47:44+00:00","author":"Editor General","twitter_card":"summary_large_image","twitter_misc":{"Escrito por":"Editor General","Tiempo de lectura":"1 minuto"},"schema":{"@context":"https:\/\/schema.org","@graph":[{"@type":"Article","@id":"https:\/\/luchonoticias.com\/editor\/el-congreso-sesionara-de-manera-permanente-para-destrabar-la-agenda-legislativa\/#article","isPartOf":{"@id":"https:\/\/luchonoticias.com\/editor\/el-congreso-sesionara-de-manera-permanente-para-destrabar-la-agenda-legislativa\/"},"author":{"name":"Editor General","@id":"https:\/\/luchonoticias.com\/editor\/#\/schema\/person\/29217990ddf6f14e35912b2866d591fb"},"headline":"El Congreso sesionar\u00e1 de manera permanente para destrabar la agenda legislativa","datePublished":"2023-11-24T12:47:43+00:00","dateModified":"2023-11-24T12:47:44+00:00","mainEntityOfPage":{"@id":"https:\/\/luchonoticias.com\/editor\/el-congreso-sesionara-de-manera-permanente-para-destrabar-la-agenda-legislativa\/"},"wordCount":291,"commentCount":0,"publisher":{"@id":"https:\/\/luchonoticias.com\/editor\/#\/schema\/person\/7a7fd911f58561fd056dbac7b55af9cd"},"articleSection":["Destacado","Pol\u00edtica"],"inLanguage":"es","potentialAction":[{"@type":"CommentAction","name":"Comment","target":["https:\/\/luchonoticias.com\/editor\/el-congreso-sesionara-de-manera-permanente-para-destrabar-la-agenda-legislativa\/#respond"]}]},{"@type":"WebPage","@id":"https:\/\/luchonoticias.com\/editor\/el-congreso-sesionara-de-manera-permanente-para-destrabar-la-agenda-legislativa\/","url":"https:\/\/luchonoticias.com\/editor\/el-congreso-sesionara-de-manera-permanente-para-destrabar-la-agenda-legislativa\/","name":"El Congreso sesionar\u00e1 de manera permanente para destrabar la agenda legislativa -","isPartOf":{"@id":"https:\/\/luchonoticias.com\/editor\/#website"},"datePublished":"2023-11-24T12:47:43+00:00","dateModified":"2023-11-24T12:47:44+00:00","breadcrumb":{"@id":"https:\/\/luchonoticias.com\/editor\/el-congreso-sesionara-de-manera-permanente-para-destrabar-la-agenda-legislativa\/#breadcrumb"},"inLanguage":"es","potentialAction":[{"@type":"ReadAction","target":["https:\/\/luchonoticias.com\/editor\/el-congreso-sesionara-de-manera-permanente-para-destrabar-la-agenda-legislativa\/"]}]},{"@type":"BreadcrumbList","@id":"https:\/\/luchonoticias.com\/editor\/el-congreso-sesionara-de-manera-permanente-para-destrabar-la-agenda-legislativa\/#breadcrumb","itemListElement":[{"@type":"ListItem","position":1,"name":"Portada","item":"https:\/\/luchonoticias.com\/editor\/"},{"@type":"ListItem","position":2,"name":"El Congreso sesionar\u00e1 de manera permanente para destrabar la agenda legislativa"}]},{"@type":"WebSite","@id":"https:\/\/luchonoticias.com\/editor\/#website","url":"https:\/\/luchonoticias.com\/editor\/","name":"","description":"","publisher":{"@id":"https:\/\/luchonoticias.com\/editor\/#\/schema\/person\/7a7fd911f58561fd056dbac7b55af9cd"},"potentialAction":[{"@type":"SearchAction","target":{"@type":"EntryPoint","urlTemplate":"https:\/\/luchonoticias.com\/editor\/?s={search_term_string}"},"query-input":{"@type":"PropertyValueSpecification","valueRequired":true,"valueName":"search_term_string"}}],"inLanguage":"es"},{"@type":["Person","Organization"],"@id":"https:\/\/luchonoticias.com\/editor\/#\/schema\/person\/7a7fd911f58561fd056dbac7b55af9cd","name":"admin","image":{"@type":"ImageObject","inLanguage":"es","@id":"https:\/\/luchonoticias.com\/editor\/#\/schema\/person\/image\/","url":"https:\/\/luchonoticias.com\/editor\/wp-content\/uploads\/2024\/02\/cropped-cropped-logolu.webp","contentUrl":"https:\/\/luchonoticias.com\/editor\/wp-content\/uploads\/2024\/02\/cropped-cropped-logolu.webp","width":382,"height":170,"caption":"admin"},"logo":{"@id":"https:\/\/luchonoticias.com\/editor\/#\/schema\/person\/image\/"},"sameAs":["https:\/\/www.facebook.com\/luchonoticiasneiva"]},{"@type":"Person","@id":"https:\/\/luchonoticias.com\/editor\/#\/schema\/person\/29217990ddf6f14e35912b2866d591fb","name":"Editor General","image":{"@type":"ImageObject","inLanguage":"es","@id":"https:\/\/luchonoticias.com\/editor\/#\/schema\/person\/image\/","url":"https:\/\/luchonoticias.com\/editor\/wp-content\/uploads\/2024\/02\/cropped-cropped-logolu-150x150.webp","contentUrl":"https:\/\/luchonoticias.com\/editor\/wp-content\/uploads\/2024\/02\/cropped-cropped-logolu-150x150.webp","caption":"Editor General"},"sameAs":["https:\/\/luchonoticias.com\/"],"url":"https:\/\/luchonoticias.com\/editor\/author\/editor-general\/"}]}},"_links":{"self":[{"href":"https:\/\/luchonoticias.com\/editor\/wp-json\/wp\/v2\/posts\/64493","targetHints":{"allow":["GET"]}}],"collection":[{"href":"https:\/\/luchonoticias.com\/editor\/wp-json\/wp\/v2\/posts"}],"about":[{"href":"https:\/\/luchonoticias.com\/editor\/wp-json\/wp\/v2\/types\/post"}],"author":[{"embeddable":true,"href":"https:\/\/luchonoticias.com\/editor\/wp-json\/wp\/v2\/users\/2"}],"replies":[{"embeddable":true,"href":"https:\/\/luchonoticias.com\/editor\/wp-json\/wp\/v2\/comments?post=64493"}],"version-history":[{"count":0,"href":"https:\/\/luchonoticias.com\/editor\/wp-json\/wp\/v2\/posts\/64493\/revisions"}],"wp:attachment":[{"href":"https:\/\/luchonoticias.com\/editor\/wp-json\/wp\/v2\/media?parent=64493"}],"wp:term":[{"taxonomy":"category","embeddable":true,"href":"https:\/\/luchonoticias.com\/editor\/wp-json\/wp\/v2\/categories?post=64493"},{"taxonomy":"post_tag","embeddable":true,"href":"https:\/\/luchonoticias.com\/editor\/wp-json\/wp\/v2\/tags?post=64493"}],"curies":[{"name":"wp","href":"https:\/\/api.w.org\/{rel}","templated":true}]}}