{"id":64513,"date":"2023-11-24T16:27:23","date_gmt":"2023-11-24T21:27:23","guid":{"rendered":"https:\/\/luchonoticias.com\/?p=64513"},"modified":"2023-11-24T16:27:24","modified_gmt":"2023-11-24T21:27:24","slug":"avanza-ley-que-busca-permitir-a-las-autoridades-de-policia-expedir-ordenes-de-comparendo","status":"publish","type":"post","link":"https:\/\/luchonoticias.com\/editor\/avanza-ley-que-busca-permitir-a-las-autoridades-de-policia-expedir-ordenes-de-comparendo\/","title":{"rendered":"Avanza ley que busca permitir a las autoridades de Polic\u00eda expedir ordenes de comparendo"},"content":{"rendered":"\n<p>En la Comisi\u00f3n Primera Constitucional del Senado de la Rep\u00fablica, fue aprobado&nbsp;para segundo&nbsp;debate el proyecto de ley por medio del cual&nbsp;se permite a las autoridades especiales de Polic\u00eda expedir ordenes de comparendo,&nbsp;que tiene como&nbsp;ponente&nbsp;alsenador&nbsp;Ariel&nbsp;\u00c1vila (Alianza Verde).<\/p>\n\n\n\n<p>Se propone con este proyecto, liberar&nbsp;la mayor carga en imposici\u00f3n de comparendos que actualmente tienen los uniformados de la polic\u00eda, para que se dedique a enfrentar el crimen y dem\u00e1s delitos en calle y asign\u00e1rsela a otra autoridad de polic\u00eda.<\/p>\n\n\n\n<p>Otra de las propuestas&nbsp;planteadas,&nbsp;es&nbsp;incluir a los equipos territoriales de convivencia ciudadana, tambi\u00e9n creados a trav\u00e9s de planta de personal de alcald\u00edas distritales y municipales.<\/p>\n\n\n\n<p>\u201cTenemos una grave situaci\u00f3n de seguridad en casi todas las ciudades, si le damos a otras autoridades de polic\u00eda la posibilidad de poner comparendos, podemos descargar un tiempo de la polic\u00eda&nbsp;en un 10 o 12%\u201d,indic\u00f3 el senador ponente.<\/p>\n\n\n\n<p>Para el senador David Luna (Cambio Radical), este tipo de debates son fundamentales para el futuro de la seguridad de ciudades capitales, y mencion\u00f3&nbsp;\u201cel respeto por la polic\u00eda en vital, el problema que estamos viviendo hoy de delincuencia en este pa\u00eds, es por el mal trato que tuvieron que afrontar los miembros de esta instituci\u00f3n en la protesta social\u201d.<\/p>\n\n\n\n<p>Sobre este proyecto tambi\u00e9n se habl\u00f3 de aumentar&nbsp;las capacidades de las autoridades locales para adaptar medidas correctivas y preventivas de polic\u00eda, con el fin de mejorar la convivencia en las ciudades.<\/p>\n\n\n\n<p>Por otra parte, los miembros de esta c\u00e9lula legislativa&nbsp;votaron por&nbsp;el proyecto de ley,&nbsp;por medio del cual se reconoce y protege de forma integral la labor y derechos de las mujeres y buscadoras de v\u00edctimas de desaparici\u00f3n forzada, que tiene como ponente en primer debate a la senadora Mar\u00eda Jos\u00e9 Pizarro (Pacto Hist\u00f3rico).&nbsp;Cabe anotar, que la discusi\u00f3n de dicho proyecto&nbsp;ser\u00e1&nbsp;el&nbsp;en plenaria del Senado.<\/p>\n","protected":false},"excerpt":{"rendered":"<p>En la Comisi\u00f3n Primera Constitucional del Senado de la Rep\u00fablica, fue aprobado&nbsp;para segundo&nbsp;debate el proyecto de ley por medio del cual&nbsp;se permite a las autoridades especiales de Polic\u00eda expedir ordenes de comparendo,&nbsp;que tiene como&nbsp;ponente&nbsp;alsenador&nbsp;Ariel&nbsp;\u00c1vila (Alianza Verde). Se propone con este proyecto, liberar&nbsp;la mayor carga en imposici\u00f3n de comparendos que actualmente tienen los uniformados de la [&hellip;]<\/p>\n","protected":false},"author":2,"featured_media":0,"comment_status":"open","ping_status":"open","sticky":false,"template":"","format":"standard","meta":{"footnotes":""},"categories":[36,617],"tags":[],"class_list":["post-64513","post","type-post","status-publish","format-standard","hentry","category-destacado","category-politica"],"yoast_head":"<!-- This site is optimized with the Yoast SEO plugin v26.6 - https:\/\/yoast.com\/wordpress\/plugins\/seo\/ -->\n<title>Avanza ley que busca permitir a las autoridades de Polic\u00eda expedir ordenes de comparendo -<\/title>\n<meta name=\"robots\" content=\"index, follow, max-snippet:-1, max-image-preview:large, max-video-preview:-1\" \/>\n<link rel=\"canonical\" href=\"https:\/\/luchonoticias.com\/editor\/avanza-ley-que-busca-permitir-a-las-autoridades-de-policia-expedir-ordenes-de-comparendo\/\" \/>\n<meta property=\"og:locale\" content=\"es_ES\" \/>\n<meta property=\"og:type\" content=\"article\" \/>\n<meta property=\"og:title\" content=\"Avanza ley que busca permitir a las autoridades de Polic\u00eda expedir ordenes de comparendo -\" \/>\n<meta property=\"og:url\" content=\"https:\/\/luchonoticias.com\/editor\/avanza-ley-que-busca-permitir-a-las-autoridades-de-policia-expedir-ordenes-de-comparendo\/\" \/>\n<meta property=\"article:publisher\" content=\"https:\/\/www.facebook.com\/luchonoticiasneiva\" \/>\n<meta property=\"article:published_time\" content=\"2023-11-24T21:27:23+00:00\" \/>\n<meta property=\"article:modified_time\" content=\"2023-11-24T21:27:24+00:00\" \/>\n<meta name=\"author\" content=\"Editor General\" \/>\n<meta name=\"twitter:card\" content=\"summary_large_image\" \/>\n<meta name=\"twitter:label1\" content=\"Escrito por\" \/>\n\t<meta name=\"twitter:data1\" content=\"Editor General\" \/>\n\t<meta name=\"twitter:label2\" content=\"Tiempo de lectura\" \/>\n\t<meta name=\"twitter:data2\" content=\"2 minutos\" \/>\n<script type=\"application\/ld+json\" class=\"yoast-schema-graph\">{\"@context\":\"https:\/\/schema.org\",\"@graph\":[{\"@type\":\"Article\",\"@id\":\"https:\/\/luchonoticias.com\/editor\/avanza-ley-que-busca-permitir-a-las-autoridades-de-policia-expedir-ordenes-de-comparendo\/#article\",\"isPartOf\":{\"@id\":\"https:\/\/luchonoticias.com\/editor\/avanza-ley-que-busca-permitir-a-las-autoridades-de-policia-expedir-ordenes-de-comparendo\/\"},\"author\":{\"name\":\"Editor General\",\"@id\":\"https:\/\/luchonoticias.com\/editor\/#\/schema\/person\/29217990ddf6f14e35912b2866d591fb\"},\"headline\":\"Avanza ley que busca permitir a las autoridades de Polic\u00eda expedir ordenes de comparendo\",\"datePublished\":\"2023-11-24T21:27:23+00:00\",\"dateModified\":\"2023-11-24T21:27:24+00:00\",\"mainEntityOfPage\":{\"@id\":\"https:\/\/luchonoticias.com\/editor\/avanza-ley-que-busca-permitir-a-las-autoridades-de-policia-expedir-ordenes-de-comparendo\/\"},\"wordCount\":373,\"commentCount\":0,\"publisher\":{\"@id\":\"https:\/\/luchonoticias.com\/editor\/#\/schema\/person\/7a7fd911f58561fd056dbac7b55af9cd\"},\"articleSection\":[\"Destacado\",\"Pol\u00edtica\"],\"inLanguage\":\"es\",\"potentialAction\":[{\"@type\":\"CommentAction\",\"name\":\"Comment\",\"target\":[\"https:\/\/luchonoticias.com\/editor\/avanza-ley-que-busca-permitir-a-las-autoridades-de-policia-expedir-ordenes-de-comparendo\/#respond\"]}]},{\"@type\":\"WebPage\",\"@id\":\"https:\/\/luchonoticias.com\/editor\/avanza-ley-que-busca-permitir-a-las-autoridades-de-policia-expedir-ordenes-de-comparendo\/\",\"url\":\"https:\/\/luchonoticias.com\/editor\/avanza-ley-que-busca-permitir-a-las-autoridades-de-policia-expedir-ordenes-de-comparendo\/\",\"name\":\"Avanza ley que busca permitir a las autoridades de Polic\u00eda expedir ordenes de comparendo -\",\"isPartOf\":{\"@id\":\"https:\/\/luchonoticias.com\/editor\/#website\"},\"datePublished\":\"2023-11-24T21:27:23+00:00\",\"dateModified\":\"2023-11-24T21:27:24+00:00\",\"breadcrumb\":{\"@id\":\"https:\/\/luchonoticias.com\/editor\/avanza-ley-que-busca-permitir-a-las-autoridades-de-policia-expedir-ordenes-de-comparendo\/#breadcrumb\"},\"inLanguage\":\"es\",\"potentialAction\":[{\"@type\":\"ReadAction\",\"target\":[\"https:\/\/luchonoticias.com\/editor\/avanza-ley-que-busca-permitir-a-las-autoridades-de-policia-expedir-ordenes-de-comparendo\/\"]}]},{\"@type\":\"BreadcrumbList\",\"@id\":\"https:\/\/luchonoticias.com\/editor\/avanza-ley-que-busca-permitir-a-las-autoridades-de-policia-expedir-ordenes-de-comparendo\/#breadcrumb\",\"itemListElement\":[{\"@type\":\"ListItem\",\"position\":1,\"name\":\"Portada\",\"item\":\"https:\/\/luchonoticias.com\/editor\/\"},{\"@type\":\"ListItem\",\"position\":2,\"name\":\"Avanza ley que busca permitir a las autoridades de Polic\u00eda expedir ordenes de comparendo\"}]},{\"@type\":\"WebSite\",\"@id\":\"https:\/\/luchonoticias.com\/editor\/#website\",\"url\":\"https:\/\/luchonoticias.com\/editor\/\",\"name\":\"\",\"description\":\"\",\"publisher\":{\"@id\":\"https:\/\/luchonoticias.com\/editor\/#\/schema\/person\/7a7fd911f58561fd056dbac7b55af9cd\"},\"potentialAction\":[{\"@type\":\"SearchAction\",\"target\":{\"@type\":\"EntryPoint\",\"urlTemplate\":\"https:\/\/luchonoticias.com\/editor\/?s={search_term_string}\"},\"query-input\":{\"@type\":\"PropertyValueSpecification\",\"valueRequired\":true,\"valueName\":\"search_term_string\"}}],\"inLanguage\":\"es\"},{\"@type\":[\"Person\",\"Organization\"],\"@id\":\"https:\/\/luchonoticias.com\/editor\/#\/schema\/person\/7a7fd911f58561fd056dbac7b55af9cd\",\"name\":\"admin\",\"image\":{\"@type\":\"ImageObject\",\"inLanguage\":\"es\",\"@id\":\"https:\/\/luchonoticias.com\/editor\/#\/schema\/person\/image\/\",\"url\":\"https:\/\/luchonoticias.com\/editor\/wp-content\/uploads\/2024\/02\/cropped-cropped-logolu.webp\",\"contentUrl\":\"https:\/\/luchonoticias.com\/editor\/wp-content\/uploads\/2024\/02\/cropped-cropped-logolu.webp\",\"width\":382,\"height\":170,\"caption\":\"admin\"},\"logo\":{\"@id\":\"https:\/\/luchonoticias.com\/editor\/#\/schema\/person\/image\/\"},\"sameAs\":[\"https:\/\/www.facebook.com\/luchonoticiasneiva\"]},{\"@type\":\"Person\",\"@id\":\"https:\/\/luchonoticias.com\/editor\/#\/schema\/person\/29217990ddf6f14e35912b2866d591fb\",\"name\":\"Editor General\",\"image\":{\"@type\":\"ImageObject\",\"inLanguage\":\"es\",\"@id\":\"https:\/\/luchonoticias.com\/editor\/#\/schema\/person\/image\/\",\"url\":\"https:\/\/luchonoticias.com\/editor\/wp-content\/uploads\/2024\/02\/cropped-cropped-logolu-150x150.webp\",\"contentUrl\":\"https:\/\/luchonoticias.com\/editor\/wp-content\/uploads\/2024\/02\/cropped-cropped-logolu-150x150.webp\",\"caption\":\"Editor General\"},\"sameAs\":[\"https:\/\/luchonoticias.com\/\"],\"url\":\"https:\/\/luchonoticias.com\/editor\/author\/editor-general\/\"}]}<\/script>\n<!-- \/ Yoast SEO plugin. -->","yoast_head_json":{"title":"Avanza ley que busca permitir a las autoridades de Polic\u00eda expedir ordenes de comparendo -","robots":{"index":"index","follow":"follow","max-snippet":"max-snippet:-1","max-image-preview":"max-image-preview:large","max-video-preview":"max-video-preview:-1"},"canonical":"https:\/\/luchonoticias.com\/editor\/avanza-ley-que-busca-permitir-a-las-autoridades-de-policia-expedir-ordenes-de-comparendo\/","og_locale":"es_ES","og_type":"article","og_title":"Avanza ley que busca permitir a las autoridades de Polic\u00eda expedir ordenes de comparendo -","og_url":"https:\/\/luchonoticias.com\/editor\/avanza-ley-que-busca-permitir-a-las-autoridades-de-policia-expedir-ordenes-de-comparendo\/","article_publisher":"https:\/\/www.facebook.com\/luchonoticiasneiva","article_published_time":"2023-11-24T21:27:23+00:00","article_modified_time":"2023-11-24T21:27:24+00:00","author":"Editor General","twitter_card":"summary_large_image","twitter_misc":{"Escrito por":"Editor General","Tiempo de lectura":"2 minutos"},"schema":{"@context":"https:\/\/schema.org","@graph":[{"@type":"Article","@id":"https:\/\/luchonoticias.com\/editor\/avanza-ley-que-busca-permitir-a-las-autoridades-de-policia-expedir-ordenes-de-comparendo\/#article","isPartOf":{"@id":"https:\/\/luchonoticias.com\/editor\/avanza-ley-que-busca-permitir-a-las-autoridades-de-policia-expedir-ordenes-de-comparendo\/"},"author":{"name":"Editor General","@id":"https:\/\/luchonoticias.com\/editor\/#\/schema\/person\/29217990ddf6f14e35912b2866d591fb"},"headline":"Avanza ley que busca permitir a las autoridades de Polic\u00eda expedir ordenes de comparendo","datePublished":"2023-11-24T21:27:23+00:00","dateModified":"2023-11-24T21:27:24+00:00","mainEntityOfPage":{"@id":"https:\/\/luchonoticias.com\/editor\/avanza-ley-que-busca-permitir-a-las-autoridades-de-policia-expedir-ordenes-de-comparendo\/"},"wordCount":373,"commentCount":0,"publisher":{"@id":"https:\/\/luchonoticias.com\/editor\/#\/schema\/person\/7a7fd911f58561fd056dbac7b55af9cd"},"articleSection":["Destacado","Pol\u00edtica"],"inLanguage":"es","potentialAction":[{"@type":"CommentAction","name":"Comment","target":["https:\/\/luchonoticias.com\/editor\/avanza-ley-que-busca-permitir-a-las-autoridades-de-policia-expedir-ordenes-de-comparendo\/#respond"]}]},{"@type":"WebPage","@id":"https:\/\/luchonoticias.com\/editor\/avanza-ley-que-busca-permitir-a-las-autoridades-de-policia-expedir-ordenes-de-comparendo\/","url":"https:\/\/luchonoticias.com\/editor\/avanza-ley-que-busca-permitir-a-las-autoridades-de-policia-expedir-ordenes-de-comparendo\/","name":"Avanza ley que busca permitir a las autoridades de Polic\u00eda expedir ordenes de comparendo -","isPartOf":{"@id":"https:\/\/luchonoticias.com\/editor\/#website"},"datePublished":"2023-11-24T21:27:23+00:00","dateModified":"2023-11-24T21:27:24+00:00","breadcrumb":{"@id":"https:\/\/luchonoticias.com\/editor\/avanza-ley-que-busca-permitir-a-las-autoridades-de-policia-expedir-ordenes-de-comparendo\/#breadcrumb"},"inLanguage":"es","potentialAction":[{"@type":"ReadAction","target":["https:\/\/luchonoticias.com\/editor\/avanza-ley-que-busca-permitir-a-las-autoridades-de-policia-expedir-ordenes-de-comparendo\/"]}]},{"@type":"BreadcrumbList","@id":"https:\/\/luchonoticias.com\/editor\/avanza-ley-que-busca-permitir-a-las-autoridades-de-policia-expedir-ordenes-de-comparendo\/#breadcrumb","itemListElement":[{"@type":"ListItem","position":1,"name":"Portada","item":"https:\/\/luchonoticias.com\/editor\/"},{"@type":"ListItem","position":2,"name":"Avanza ley que busca permitir a las autoridades de Polic\u00eda expedir ordenes de comparendo"}]},{"@type":"WebSite","@id":"https:\/\/luchonoticias.com\/editor\/#website","url":"https:\/\/luchonoticias.com\/editor\/","name":"","description":"","publisher":{"@id":"https:\/\/luchonoticias.com\/editor\/#\/schema\/person\/7a7fd911f58561fd056dbac7b55af9cd"},"potentialAction":[{"@type":"SearchAction","target":{"@type":"EntryPoint","urlTemplate":"https:\/\/luchonoticias.com\/editor\/?s={search_term_string}"},"query-input":{"@type":"PropertyValueSpecification","valueRequired":true,"valueName":"search_term_string"}}],"inLanguage":"es"},{"@type":["Person","Organization"],"@id":"https:\/\/luchonoticias.com\/editor\/#\/schema\/person\/7a7fd911f58561fd056dbac7b55af9cd","name":"admin","image":{"@type":"ImageObject","inLanguage":"es","@id":"https:\/\/luchonoticias.com\/editor\/#\/schema\/person\/image\/","url":"https:\/\/luchonoticias.com\/editor\/wp-content\/uploads\/2024\/02\/cropped-cropped-logolu.webp","contentUrl":"https:\/\/luchonoticias.com\/editor\/wp-content\/uploads\/2024\/02\/cropped-cropped-logolu.webp","width":382,"height":170,"caption":"admin"},"logo":{"@id":"https:\/\/luchonoticias.com\/editor\/#\/schema\/person\/image\/"},"sameAs":["https:\/\/www.facebook.com\/luchonoticiasneiva"]},{"@type":"Person","@id":"https:\/\/luchonoticias.com\/editor\/#\/schema\/person\/29217990ddf6f14e35912b2866d591fb","name":"Editor General","image":{"@type":"ImageObject","inLanguage":"es","@id":"https:\/\/luchonoticias.com\/editor\/#\/schema\/person\/image\/","url":"https:\/\/luchonoticias.com\/editor\/wp-content\/uploads\/2024\/02\/cropped-cropped-logolu-150x150.webp","contentUrl":"https:\/\/luchonoticias.com\/editor\/wp-content\/uploads\/2024\/02\/cropped-cropped-logolu-150x150.webp","caption":"Editor General"},"sameAs":["https:\/\/luchonoticias.com\/"],"url":"https:\/\/luchonoticias.com\/editor\/author\/editor-general\/"}]}},"_links":{"self":[{"href":"https:\/\/luchonoticias.com\/editor\/wp-json\/wp\/v2\/posts\/64513","targetHints":{"allow":["GET"]}}],"collection":[{"href":"https:\/\/luchonoticias.com\/editor\/wp-json\/wp\/v2\/posts"}],"about":[{"href":"https:\/\/luchonoticias.com\/editor\/wp-json\/wp\/v2\/types\/post"}],"author":[{"embeddable":true,"href":"https:\/\/luchonoticias.com\/editor\/wp-json\/wp\/v2\/users\/2"}],"replies":[{"embeddable":true,"href":"https:\/\/luchonoticias.com\/editor\/wp-json\/wp\/v2\/comments?post=64513"}],"version-history":[{"count":0,"href":"https:\/\/luchonoticias.com\/editor\/wp-json\/wp\/v2\/posts\/64513\/revisions"}],"wp:attachment":[{"href":"https:\/\/luchonoticias.com\/editor\/wp-json\/wp\/v2\/media?parent=64513"}],"wp:term":[{"taxonomy":"category","embeddable":true,"href":"https:\/\/luchonoticias.com\/editor\/wp-json\/wp\/v2\/categories?post=64513"},{"taxonomy":"post_tag","embeddable":true,"href":"https:\/\/luchonoticias.com\/editor\/wp-json\/wp\/v2\/tags?post=64513"}],"curies":[{"name":"wp","href":"https:\/\/api.w.org\/{rel}","templated":true}]}}