{"id":64519,"date":"2023-11-25T04:32:53","date_gmt":"2023-11-25T09:32:53","guid":{"rendered":"https:\/\/luchonoticias.com\/?p=64519"},"modified":"2023-11-25T04:32:54","modified_gmt":"2023-11-25T09:32:54","slug":"liga-de-taekwondo-tiene-nueva-junta-directiva","status":"publish","type":"post","link":"https:\/\/luchonoticias.com\/editor\/liga-de-taekwondo-tiene-nueva-junta-directiva\/","title":{"rendered":"Liga de taekwondo tiene nueva junta directiva"},"content":{"rendered":"\n<p>Terminada la competencia en los Juegos Nacionales, la<strong>\u00a0Liga de Taekwondo del Huila<\/strong>\u00a0ha anunciado\u00a0<strong>cambios\u00a0<\/strong>en su junta directiva.<\/p>\n\n\n\n<p>De los cambios, el m\u00e1s importante tiene que ver con la\u00a0<strong>presidencia<\/strong>, luego de 12 a\u00f1os de la direcci\u00f3n bajo la educadora Mar\u00eda del Rosario Quisa, ahora la entidad\u00a0<strong>ser\u00e1 presidida por Andrea Capera.<\/strong><\/p>\n\n\n\n<p>La nueva dirigente estar\u00e1 acompa\u00f1ada por Yeison Soto como vicepresidente, John Fredy Torres como tesorero, Gabriel Mu\u00f1oz ser\u00e1 el secretario y finalmente Carlos Cardona oficiar\u00e1 como vocal.<\/p>\n\n\n\n<p>Quisa deja la liga tras varios a\u00f1os consolidando procesos de descentralizaci\u00f3n, adem\u00e1s de que bajo su mando la disciplina conquist\u00f3 cinco de las seis medallas que tiene este deporte en su historial de Juegos Nacionales, adem\u00e1s de incluir a deportistas dentro de las selecciones Colombia.<\/p>\n\n\n\n<p>FOTO: Ilustraci\u00f3n.<\/p>\n","protected":false},"excerpt":{"rendered":"<p>Terminada la competencia en los Juegos Nacionales, la\u00a0Liga de Taekwondo del Huila\u00a0ha anunciado\u00a0cambios\u00a0en su junta directiva. De los cambios, el m\u00e1s importante tiene que ver con la\u00a0presidencia, luego de 12 a\u00f1os de la direcci\u00f3n bajo la educadora Mar\u00eda del Rosario Quisa, ahora la entidad\u00a0ser\u00e1 presidida por Andrea Capera. La nueva dirigente estar\u00e1 acompa\u00f1ada por Yeison [&hellip;]<\/p>\n","protected":false},"author":2,"featured_media":0,"comment_status":"open","ping_status":"open","sticky":false,"template":"","format":"standard","meta":{"footnotes":""},"categories":[34],"tags":[],"class_list":["post-64519","post","type-post","status-publish","format-standard","hentry","category-deportes"],"yoast_head":"<!-- This site is optimized with the Yoast SEO plugin v26.6 - https:\/\/yoast.com\/wordpress\/plugins\/seo\/ -->\n<title>Liga de taekwondo tiene nueva junta directiva -<\/title>\n<meta name=\"robots\" content=\"index, follow, max-snippet:-1, max-image-preview:large, max-video-preview:-1\" \/>\n<link rel=\"canonical\" href=\"https:\/\/luchonoticias.com\/editor\/liga-de-taekwondo-tiene-nueva-junta-directiva\/\" \/>\n<meta property=\"og:locale\" content=\"es_ES\" \/>\n<meta property=\"og:type\" content=\"article\" \/>\n<meta property=\"og:title\" content=\"Liga de taekwondo tiene nueva junta directiva -\" \/>\n<meta property=\"og:url\" content=\"https:\/\/luchonoticias.com\/editor\/liga-de-taekwondo-tiene-nueva-junta-directiva\/\" \/>\n<meta property=\"article:publisher\" content=\"https:\/\/www.facebook.com\/luchonoticiasneiva\" \/>\n<meta property=\"article:published_time\" content=\"2023-11-25T09:32:53+00:00\" \/>\n<meta property=\"article:modified_time\" content=\"2023-11-25T09:32:54+00:00\" \/>\n<meta name=\"author\" content=\"Editor General\" \/>\n<meta name=\"twitter:card\" content=\"summary_large_image\" \/>\n<meta name=\"twitter:label1\" content=\"Escrito por\" \/>\n\t<meta name=\"twitter:data1\" content=\"Editor General\" \/>\n\t<meta name=\"twitter:label2\" content=\"Tiempo de lectura\" \/>\n\t<meta name=\"twitter:data2\" content=\"1 minuto\" \/>\n<script type=\"application\/ld+json\" class=\"yoast-schema-graph\">{\"@context\":\"https:\/\/schema.org\",\"@graph\":[{\"@type\":\"Article\",\"@id\":\"https:\/\/luchonoticias.com\/editor\/liga-de-taekwondo-tiene-nueva-junta-directiva\/#article\",\"isPartOf\":{\"@id\":\"https:\/\/luchonoticias.com\/editor\/liga-de-taekwondo-tiene-nueva-junta-directiva\/\"},\"author\":{\"name\":\"Editor General\",\"@id\":\"https:\/\/luchonoticias.com\/editor\/#\/schema\/person\/29217990ddf6f14e35912b2866d591fb\"},\"headline\":\"Liga de taekwondo tiene nueva junta directiva\",\"datePublished\":\"2023-11-25T09:32:53+00:00\",\"dateModified\":\"2023-11-25T09:32:54+00:00\",\"mainEntityOfPage\":{\"@id\":\"https:\/\/luchonoticias.com\/editor\/liga-de-taekwondo-tiene-nueva-junta-directiva\/\"},\"wordCount\":145,\"commentCount\":0,\"publisher\":{\"@id\":\"https:\/\/luchonoticias.com\/editor\/#\/schema\/person\/7a7fd911f58561fd056dbac7b55af9cd\"},\"articleSection\":[\"Deportes\"],\"inLanguage\":\"es\",\"potentialAction\":[{\"@type\":\"CommentAction\",\"name\":\"Comment\",\"target\":[\"https:\/\/luchonoticias.com\/editor\/liga-de-taekwondo-tiene-nueva-junta-directiva\/#respond\"]}]},{\"@type\":\"WebPage\",\"@id\":\"https:\/\/luchonoticias.com\/editor\/liga-de-taekwondo-tiene-nueva-junta-directiva\/\",\"url\":\"https:\/\/luchonoticias.com\/editor\/liga-de-taekwondo-tiene-nueva-junta-directiva\/\",\"name\":\"Liga de taekwondo tiene nueva junta directiva -\",\"isPartOf\":{\"@id\":\"https:\/\/luchonoticias.com\/editor\/#website\"},\"datePublished\":\"2023-11-25T09:32:53+00:00\",\"dateModified\":\"2023-11-25T09:32:54+00:00\",\"breadcrumb\":{\"@id\":\"https:\/\/luchonoticias.com\/editor\/liga-de-taekwondo-tiene-nueva-junta-directiva\/#breadcrumb\"},\"inLanguage\":\"es\",\"potentialAction\":[{\"@type\":\"ReadAction\",\"target\":[\"https:\/\/luchonoticias.com\/editor\/liga-de-taekwondo-tiene-nueva-junta-directiva\/\"]}]},{\"@type\":\"BreadcrumbList\",\"@id\":\"https:\/\/luchonoticias.com\/editor\/liga-de-taekwondo-tiene-nueva-junta-directiva\/#breadcrumb\",\"itemListElement\":[{\"@type\":\"ListItem\",\"position\":1,\"name\":\"Portada\",\"item\":\"https:\/\/luchonoticias.com\/editor\/\"},{\"@type\":\"ListItem\",\"position\":2,\"name\":\"Liga de taekwondo tiene nueva junta directiva\"}]},{\"@type\":\"WebSite\",\"@id\":\"https:\/\/luchonoticias.com\/editor\/#website\",\"url\":\"https:\/\/luchonoticias.com\/editor\/\",\"name\":\"\",\"description\":\"\",\"publisher\":{\"@id\":\"https:\/\/luchonoticias.com\/editor\/#\/schema\/person\/7a7fd911f58561fd056dbac7b55af9cd\"},\"potentialAction\":[{\"@type\":\"SearchAction\",\"target\":{\"@type\":\"EntryPoint\",\"urlTemplate\":\"https:\/\/luchonoticias.com\/editor\/?s={search_term_string}\"},\"query-input\":{\"@type\":\"PropertyValueSpecification\",\"valueRequired\":true,\"valueName\":\"search_term_string\"}}],\"inLanguage\":\"es\"},{\"@type\":[\"Person\",\"Organization\"],\"@id\":\"https:\/\/luchonoticias.com\/editor\/#\/schema\/person\/7a7fd911f58561fd056dbac7b55af9cd\",\"name\":\"admin\",\"image\":{\"@type\":\"ImageObject\",\"inLanguage\":\"es\",\"@id\":\"https:\/\/luchonoticias.com\/editor\/#\/schema\/person\/image\/\",\"url\":\"https:\/\/luchonoticias.com\/editor\/wp-content\/uploads\/2024\/02\/cropped-cropped-logolu.webp\",\"contentUrl\":\"https:\/\/luchonoticias.com\/editor\/wp-content\/uploads\/2024\/02\/cropped-cropped-logolu.webp\",\"width\":382,\"height\":170,\"caption\":\"admin\"},\"logo\":{\"@id\":\"https:\/\/luchonoticias.com\/editor\/#\/schema\/person\/image\/\"},\"sameAs\":[\"https:\/\/www.facebook.com\/luchonoticiasneiva\"]},{\"@type\":\"Person\",\"@id\":\"https:\/\/luchonoticias.com\/editor\/#\/schema\/person\/29217990ddf6f14e35912b2866d591fb\",\"name\":\"Editor General\",\"image\":{\"@type\":\"ImageObject\",\"inLanguage\":\"es\",\"@id\":\"https:\/\/luchonoticias.com\/editor\/#\/schema\/person\/image\/\",\"url\":\"https:\/\/luchonoticias.com\/editor\/wp-content\/uploads\/2024\/02\/cropped-cropped-logolu-150x150.webp\",\"contentUrl\":\"https:\/\/luchonoticias.com\/editor\/wp-content\/uploads\/2024\/02\/cropped-cropped-logolu-150x150.webp\",\"caption\":\"Editor General\"},\"sameAs\":[\"https:\/\/luchonoticias.com\/\"],\"url\":\"https:\/\/luchonoticias.com\/editor\/author\/editor-general\/\"}]}<\/script>\n<!-- \/ Yoast SEO plugin. -->","yoast_head_json":{"title":"Liga de taekwondo tiene nueva junta directiva -","robots":{"index":"index","follow":"follow","max-snippet":"max-snippet:-1","max-image-preview":"max-image-preview:large","max-video-preview":"max-video-preview:-1"},"canonical":"https:\/\/luchonoticias.com\/editor\/liga-de-taekwondo-tiene-nueva-junta-directiva\/","og_locale":"es_ES","og_type":"article","og_title":"Liga de taekwondo tiene nueva junta directiva -","og_url":"https:\/\/luchonoticias.com\/editor\/liga-de-taekwondo-tiene-nueva-junta-directiva\/","article_publisher":"https:\/\/www.facebook.com\/luchonoticiasneiva","article_published_time":"2023-11-25T09:32:53+00:00","article_modified_time":"2023-11-25T09:32:54+00:00","author":"Editor General","twitter_card":"summary_large_image","twitter_misc":{"Escrito por":"Editor General","Tiempo de lectura":"1 minuto"},"schema":{"@context":"https:\/\/schema.org","@graph":[{"@type":"Article","@id":"https:\/\/luchonoticias.com\/editor\/liga-de-taekwondo-tiene-nueva-junta-directiva\/#article","isPartOf":{"@id":"https:\/\/luchonoticias.com\/editor\/liga-de-taekwondo-tiene-nueva-junta-directiva\/"},"author":{"name":"Editor General","@id":"https:\/\/luchonoticias.com\/editor\/#\/schema\/person\/29217990ddf6f14e35912b2866d591fb"},"headline":"Liga de taekwondo tiene nueva junta directiva","datePublished":"2023-11-25T09:32:53+00:00","dateModified":"2023-11-25T09:32:54+00:00","mainEntityOfPage":{"@id":"https:\/\/luchonoticias.com\/editor\/liga-de-taekwondo-tiene-nueva-junta-directiva\/"},"wordCount":145,"commentCount":0,"publisher":{"@id":"https:\/\/luchonoticias.com\/editor\/#\/schema\/person\/7a7fd911f58561fd056dbac7b55af9cd"},"articleSection":["Deportes"],"inLanguage":"es","potentialAction":[{"@type":"CommentAction","name":"Comment","target":["https:\/\/luchonoticias.com\/editor\/liga-de-taekwondo-tiene-nueva-junta-directiva\/#respond"]}]},{"@type":"WebPage","@id":"https:\/\/luchonoticias.com\/editor\/liga-de-taekwondo-tiene-nueva-junta-directiva\/","url":"https:\/\/luchonoticias.com\/editor\/liga-de-taekwondo-tiene-nueva-junta-directiva\/","name":"Liga de taekwondo tiene nueva junta directiva -","isPartOf":{"@id":"https:\/\/luchonoticias.com\/editor\/#website"},"datePublished":"2023-11-25T09:32:53+00:00","dateModified":"2023-11-25T09:32:54+00:00","breadcrumb":{"@id":"https:\/\/luchonoticias.com\/editor\/liga-de-taekwondo-tiene-nueva-junta-directiva\/#breadcrumb"},"inLanguage":"es","potentialAction":[{"@type":"ReadAction","target":["https:\/\/luchonoticias.com\/editor\/liga-de-taekwondo-tiene-nueva-junta-directiva\/"]}]},{"@type":"BreadcrumbList","@id":"https:\/\/luchonoticias.com\/editor\/liga-de-taekwondo-tiene-nueva-junta-directiva\/#breadcrumb","itemListElement":[{"@type":"ListItem","position":1,"name":"Portada","item":"https:\/\/luchonoticias.com\/editor\/"},{"@type":"ListItem","position":2,"name":"Liga de taekwondo tiene nueva junta directiva"}]},{"@type":"WebSite","@id":"https:\/\/luchonoticias.com\/editor\/#website","url":"https:\/\/luchonoticias.com\/editor\/","name":"","description":"","publisher":{"@id":"https:\/\/luchonoticias.com\/editor\/#\/schema\/person\/7a7fd911f58561fd056dbac7b55af9cd"},"potentialAction":[{"@type":"SearchAction","target":{"@type":"EntryPoint","urlTemplate":"https:\/\/luchonoticias.com\/editor\/?s={search_term_string}"},"query-input":{"@type":"PropertyValueSpecification","valueRequired":true,"valueName":"search_term_string"}}],"inLanguage":"es"},{"@type":["Person","Organization"],"@id":"https:\/\/luchonoticias.com\/editor\/#\/schema\/person\/7a7fd911f58561fd056dbac7b55af9cd","name":"admin","image":{"@type":"ImageObject","inLanguage":"es","@id":"https:\/\/luchonoticias.com\/editor\/#\/schema\/person\/image\/","url":"https:\/\/luchonoticias.com\/editor\/wp-content\/uploads\/2024\/02\/cropped-cropped-logolu.webp","contentUrl":"https:\/\/luchonoticias.com\/editor\/wp-content\/uploads\/2024\/02\/cropped-cropped-logolu.webp","width":382,"height":170,"caption":"admin"},"logo":{"@id":"https:\/\/luchonoticias.com\/editor\/#\/schema\/person\/image\/"},"sameAs":["https:\/\/www.facebook.com\/luchonoticiasneiva"]},{"@type":"Person","@id":"https:\/\/luchonoticias.com\/editor\/#\/schema\/person\/29217990ddf6f14e35912b2866d591fb","name":"Editor General","image":{"@type":"ImageObject","inLanguage":"es","@id":"https:\/\/luchonoticias.com\/editor\/#\/schema\/person\/image\/","url":"https:\/\/luchonoticias.com\/editor\/wp-content\/uploads\/2024\/02\/cropped-cropped-logolu-150x150.webp","contentUrl":"https:\/\/luchonoticias.com\/editor\/wp-content\/uploads\/2024\/02\/cropped-cropped-logolu-150x150.webp","caption":"Editor General"},"sameAs":["https:\/\/luchonoticias.com\/"],"url":"https:\/\/luchonoticias.com\/editor\/author\/editor-general\/"}]}},"_links":{"self":[{"href":"https:\/\/luchonoticias.com\/editor\/wp-json\/wp\/v2\/posts\/64519","targetHints":{"allow":["GET"]}}],"collection":[{"href":"https:\/\/luchonoticias.com\/editor\/wp-json\/wp\/v2\/posts"}],"about":[{"href":"https:\/\/luchonoticias.com\/editor\/wp-json\/wp\/v2\/types\/post"}],"author":[{"embeddable":true,"href":"https:\/\/luchonoticias.com\/editor\/wp-json\/wp\/v2\/users\/2"}],"replies":[{"embeddable":true,"href":"https:\/\/luchonoticias.com\/editor\/wp-json\/wp\/v2\/comments?post=64519"}],"version-history":[{"count":0,"href":"https:\/\/luchonoticias.com\/editor\/wp-json\/wp\/v2\/posts\/64519\/revisions"}],"wp:attachment":[{"href":"https:\/\/luchonoticias.com\/editor\/wp-json\/wp\/v2\/media?parent=64519"}],"wp:term":[{"taxonomy":"category","embeddable":true,"href":"https:\/\/luchonoticias.com\/editor\/wp-json\/wp\/v2\/categories?post=64519"},{"taxonomy":"post_tag","embeddable":true,"href":"https:\/\/luchonoticias.com\/editor\/wp-json\/wp\/v2\/tags?post=64519"}],"curies":[{"name":"wp","href":"https:\/\/api.w.org\/{rel}","templated":true}]}}