{"id":64526,"date":"2023-11-25T06:03:46","date_gmt":"2023-11-25T11:03:46","guid":{"rendered":"https:\/\/luchonoticias.com\/?p=64526"},"modified":"2023-11-25T06:03:47","modified_gmt":"2023-11-25T11:03:47","slug":"en-tiempo-record-la-policia-resolvio-crimen-de-cafetero","status":"publish","type":"post","link":"https:\/\/luchonoticias.com\/editor\/en-tiempo-record-la-policia-resolvio-crimen-de-cafetero\/","title":{"rendered":"En tiempo r\u00e9cord la Polic\u00eda resolvi\u00f3 crimen de cafetero"},"content":{"rendered":"\n<p>Dos expertos investigadores de la Polic\u00eda lograron recopilar el suficiente acervo probatorio que permiti\u00f3 la captura del presunto asesino de un cafetero al sur del Huila, la Fiscal\u00eda logr\u00f3 medida de aseguramiento en centro carcelario contra el criminal.<\/p>\n\n\n\n<p>Pitalito:&nbsp; dos curtidos investigadores de la Polic\u00eda Judicial del Huila, con el apoyo de agentes de inteligencia y bajo el direccionamiento de la Fiscal\u00eda en Pitalito, lograron la captura en tiempo r\u00e9cord del presunto asesino del se\u00f1or V\u00edctor Daniel Torres Casanova, en hechos registrados el pasado 17 de noviembre en medio de un atraco en la vereda &#8216;Criollos&#8217; de Pitalito.<\/p>\n\n\n\n<p>El an\u00e1lisis de varias horas de videos, testimonios de fuentes humanas y otros elementos, fueron contundentes en la investigaci\u00f3n que dur\u00f3 un poco menos de cinco d\u00edas y que permiti\u00f3 que un fiscal lograra la medida de aseguramiento contra Yeison Fernando Vargas Pino alias &#8216;Yeso&#8217;, presunto victimario quien habr\u00eda cometido el asesinato al se\u00f1or Torres Casanova.<\/p>\n\n\n\n<p>El teniente coronel Henry Alexander Mu\u00f1oz Pinilla, comandante encargado del departamento de Polic\u00eda Huila asegur\u00f3 que, para esta investigaci\u00f3n fueron destacados curtidos agentes de inteligencia y criminal\u00edstica que por su experiencia lograron en tiempo r\u00e9cord y contrareloj capturar al presunto perpetrador del crimen.<\/p>\n\n\n\n<p>Asimismo, la administraci\u00f3n municipal ofreci\u00f3 una fuerte suma de dinero como recompensa para capturar al responsable, todas estas actividades permitieron que el flujo de informaci\u00f3n llevara a la Polic\u00eda hasta la residencia del sujeto que presuntamente accion\u00f3 el arma de fuego contra el caficultor y se lograra dar la inminente captura.<\/p>\n\n\n\n<p>Finalmente, el coronel Henry Mu\u00f1oz destac\u00f3 que pese a lo lamentable de este hecho donde se cega la vida de un ciudadano, este a\u00f1o la Polic\u00eda ha capturado a 62 personas por el delito de homicidio, 47 de ellas por orden judicial y 15 en flagrancia. En noviembre ocho presuntos asesinos han sido puestos tras las rejas por parte de la Polic\u00eda Nacional en el Huila, putualiz\u00f3 el comandante (e) de la&nbsp; Polic\u00eda en la l Huila.<\/p>\n","protected":false},"excerpt":{"rendered":"<p>Dos expertos investigadores de la Polic\u00eda lograron recopilar el suficiente acervo probatorio que permiti\u00f3 la captura del presunto asesino de un cafetero al sur del Huila, la Fiscal\u00eda logr\u00f3 medida de aseguramiento en centro carcelario contra el criminal. Pitalito:&nbsp; dos curtidos investigadores de la Polic\u00eda Judicial del Huila, con el apoyo de agentes de inteligencia [&hellip;]<\/p>\n","protected":false},"author":2,"featured_media":0,"comment_status":"open","ping_status":"open","sticky":false,"template":"","format":"standard","meta":{"footnotes":""},"categories":[36,29],"tags":[],"class_list":["post-64526","post","type-post","status-publish","format-standard","hentry","category-destacado","category-judicial"],"yoast_head":"<!-- This site is optimized with the Yoast SEO plugin v26.6 - https:\/\/yoast.com\/wordpress\/plugins\/seo\/ -->\n<title>En tiempo r\u00e9cord la Polic\u00eda resolvi\u00f3 crimen de cafetero -<\/title>\n<meta name=\"robots\" content=\"index, follow, max-snippet:-1, max-image-preview:large, max-video-preview:-1\" \/>\n<link rel=\"canonical\" href=\"https:\/\/luchonoticias.com\/editor\/en-tiempo-record-la-policia-resolvio-crimen-de-cafetero\/\" \/>\n<meta property=\"og:locale\" content=\"es_ES\" \/>\n<meta property=\"og:type\" content=\"article\" \/>\n<meta property=\"og:title\" content=\"En tiempo r\u00e9cord la Polic\u00eda resolvi\u00f3 crimen de cafetero -\" \/>\n<meta property=\"og:url\" content=\"https:\/\/luchonoticias.com\/editor\/en-tiempo-record-la-policia-resolvio-crimen-de-cafetero\/\" \/>\n<meta property=\"article:publisher\" content=\"https:\/\/www.facebook.com\/luchonoticiasneiva\" \/>\n<meta property=\"article:published_time\" content=\"2023-11-25T11:03:46+00:00\" \/>\n<meta property=\"article:modified_time\" content=\"2023-11-25T11:03:47+00:00\" \/>\n<meta name=\"author\" content=\"Editor General\" \/>\n<meta name=\"twitter:card\" content=\"summary_large_image\" \/>\n<meta name=\"twitter:label1\" content=\"Escrito por\" \/>\n\t<meta name=\"twitter:data1\" content=\"Editor General\" \/>\n\t<meta name=\"twitter:label2\" content=\"Tiempo de lectura\" \/>\n\t<meta name=\"twitter:data2\" content=\"2 minutos\" \/>\n<script type=\"application\/ld+json\" class=\"yoast-schema-graph\">{\"@context\":\"https:\/\/schema.org\",\"@graph\":[{\"@type\":\"Article\",\"@id\":\"https:\/\/luchonoticias.com\/editor\/en-tiempo-record-la-policia-resolvio-crimen-de-cafetero\/#article\",\"isPartOf\":{\"@id\":\"https:\/\/luchonoticias.com\/editor\/en-tiempo-record-la-policia-resolvio-crimen-de-cafetero\/\"},\"author\":{\"name\":\"Editor General\",\"@id\":\"https:\/\/luchonoticias.com\/editor\/#\/schema\/person\/29217990ddf6f14e35912b2866d591fb\"},\"headline\":\"En tiempo r\u00e9cord la Polic\u00eda resolvi\u00f3 crimen de cafetero\",\"datePublished\":\"2023-11-25T11:03:46+00:00\",\"dateModified\":\"2023-11-25T11:03:47+00:00\",\"mainEntityOfPage\":{\"@id\":\"https:\/\/luchonoticias.com\/editor\/en-tiempo-record-la-policia-resolvio-crimen-de-cafetero\/\"},\"wordCount\":359,\"commentCount\":0,\"publisher\":{\"@id\":\"https:\/\/luchonoticias.com\/editor\/#\/schema\/person\/7a7fd911f58561fd056dbac7b55af9cd\"},\"articleSection\":[\"Destacado\",\"Judicial\"],\"inLanguage\":\"es\",\"potentialAction\":[{\"@type\":\"CommentAction\",\"name\":\"Comment\",\"target\":[\"https:\/\/luchonoticias.com\/editor\/en-tiempo-record-la-policia-resolvio-crimen-de-cafetero\/#respond\"]}]},{\"@type\":\"WebPage\",\"@id\":\"https:\/\/luchonoticias.com\/editor\/en-tiempo-record-la-policia-resolvio-crimen-de-cafetero\/\",\"url\":\"https:\/\/luchonoticias.com\/editor\/en-tiempo-record-la-policia-resolvio-crimen-de-cafetero\/\",\"name\":\"En tiempo r\u00e9cord la Polic\u00eda resolvi\u00f3 crimen de cafetero -\",\"isPartOf\":{\"@id\":\"https:\/\/luchonoticias.com\/editor\/#website\"},\"datePublished\":\"2023-11-25T11:03:46+00:00\",\"dateModified\":\"2023-11-25T11:03:47+00:00\",\"breadcrumb\":{\"@id\":\"https:\/\/luchonoticias.com\/editor\/en-tiempo-record-la-policia-resolvio-crimen-de-cafetero\/#breadcrumb\"},\"inLanguage\":\"es\",\"potentialAction\":[{\"@type\":\"ReadAction\",\"target\":[\"https:\/\/luchonoticias.com\/editor\/en-tiempo-record-la-policia-resolvio-crimen-de-cafetero\/\"]}]},{\"@type\":\"BreadcrumbList\",\"@id\":\"https:\/\/luchonoticias.com\/editor\/en-tiempo-record-la-policia-resolvio-crimen-de-cafetero\/#breadcrumb\",\"itemListElement\":[{\"@type\":\"ListItem\",\"position\":1,\"name\":\"Portada\",\"item\":\"https:\/\/luchonoticias.com\/editor\/\"},{\"@type\":\"ListItem\",\"position\":2,\"name\":\"En tiempo r\u00e9cord la Polic\u00eda resolvi\u00f3 crimen de cafetero\"}]},{\"@type\":\"WebSite\",\"@id\":\"https:\/\/luchonoticias.com\/editor\/#website\",\"url\":\"https:\/\/luchonoticias.com\/editor\/\",\"name\":\"\",\"description\":\"\",\"publisher\":{\"@id\":\"https:\/\/luchonoticias.com\/editor\/#\/schema\/person\/7a7fd911f58561fd056dbac7b55af9cd\"},\"potentialAction\":[{\"@type\":\"SearchAction\",\"target\":{\"@type\":\"EntryPoint\",\"urlTemplate\":\"https:\/\/luchonoticias.com\/editor\/?s={search_term_string}\"},\"query-input\":{\"@type\":\"PropertyValueSpecification\",\"valueRequired\":true,\"valueName\":\"search_term_string\"}}],\"inLanguage\":\"es\"},{\"@type\":[\"Person\",\"Organization\"],\"@id\":\"https:\/\/luchonoticias.com\/editor\/#\/schema\/person\/7a7fd911f58561fd056dbac7b55af9cd\",\"name\":\"admin\",\"image\":{\"@type\":\"ImageObject\",\"inLanguage\":\"es\",\"@id\":\"https:\/\/luchonoticias.com\/editor\/#\/schema\/person\/image\/\",\"url\":\"https:\/\/luchonoticias.com\/editor\/wp-content\/uploads\/2024\/02\/cropped-cropped-logolu.webp\",\"contentUrl\":\"https:\/\/luchonoticias.com\/editor\/wp-content\/uploads\/2024\/02\/cropped-cropped-logolu.webp\",\"width\":382,\"height\":170,\"caption\":\"admin\"},\"logo\":{\"@id\":\"https:\/\/luchonoticias.com\/editor\/#\/schema\/person\/image\/\"},\"sameAs\":[\"https:\/\/www.facebook.com\/luchonoticiasneiva\"]},{\"@type\":\"Person\",\"@id\":\"https:\/\/luchonoticias.com\/editor\/#\/schema\/person\/29217990ddf6f14e35912b2866d591fb\",\"name\":\"Editor General\",\"image\":{\"@type\":\"ImageObject\",\"inLanguage\":\"es\",\"@id\":\"https:\/\/luchonoticias.com\/editor\/#\/schema\/person\/image\/\",\"url\":\"https:\/\/luchonoticias.com\/editor\/wp-content\/uploads\/2024\/02\/cropped-cropped-logolu-150x150.webp\",\"contentUrl\":\"https:\/\/luchonoticias.com\/editor\/wp-content\/uploads\/2024\/02\/cropped-cropped-logolu-150x150.webp\",\"caption\":\"Editor General\"},\"sameAs\":[\"https:\/\/luchonoticias.com\/\"],\"url\":\"https:\/\/luchonoticias.com\/editor\/author\/editor-general\/\"}]}<\/script>\n<!-- \/ Yoast SEO plugin. -->","yoast_head_json":{"title":"En tiempo r\u00e9cord la Polic\u00eda resolvi\u00f3 crimen de cafetero -","robots":{"index":"index","follow":"follow","max-snippet":"max-snippet:-1","max-image-preview":"max-image-preview:large","max-video-preview":"max-video-preview:-1"},"canonical":"https:\/\/luchonoticias.com\/editor\/en-tiempo-record-la-policia-resolvio-crimen-de-cafetero\/","og_locale":"es_ES","og_type":"article","og_title":"En tiempo r\u00e9cord la Polic\u00eda resolvi\u00f3 crimen de cafetero -","og_url":"https:\/\/luchonoticias.com\/editor\/en-tiempo-record-la-policia-resolvio-crimen-de-cafetero\/","article_publisher":"https:\/\/www.facebook.com\/luchonoticiasneiva","article_published_time":"2023-11-25T11:03:46+00:00","article_modified_time":"2023-11-25T11:03:47+00:00","author":"Editor General","twitter_card":"summary_large_image","twitter_misc":{"Escrito por":"Editor General","Tiempo de lectura":"2 minutos"},"schema":{"@context":"https:\/\/schema.org","@graph":[{"@type":"Article","@id":"https:\/\/luchonoticias.com\/editor\/en-tiempo-record-la-policia-resolvio-crimen-de-cafetero\/#article","isPartOf":{"@id":"https:\/\/luchonoticias.com\/editor\/en-tiempo-record-la-policia-resolvio-crimen-de-cafetero\/"},"author":{"name":"Editor General","@id":"https:\/\/luchonoticias.com\/editor\/#\/schema\/person\/29217990ddf6f14e35912b2866d591fb"},"headline":"En tiempo r\u00e9cord la Polic\u00eda resolvi\u00f3 crimen de cafetero","datePublished":"2023-11-25T11:03:46+00:00","dateModified":"2023-11-25T11:03:47+00:00","mainEntityOfPage":{"@id":"https:\/\/luchonoticias.com\/editor\/en-tiempo-record-la-policia-resolvio-crimen-de-cafetero\/"},"wordCount":359,"commentCount":0,"publisher":{"@id":"https:\/\/luchonoticias.com\/editor\/#\/schema\/person\/7a7fd911f58561fd056dbac7b55af9cd"},"articleSection":["Destacado","Judicial"],"inLanguage":"es","potentialAction":[{"@type":"CommentAction","name":"Comment","target":["https:\/\/luchonoticias.com\/editor\/en-tiempo-record-la-policia-resolvio-crimen-de-cafetero\/#respond"]}]},{"@type":"WebPage","@id":"https:\/\/luchonoticias.com\/editor\/en-tiempo-record-la-policia-resolvio-crimen-de-cafetero\/","url":"https:\/\/luchonoticias.com\/editor\/en-tiempo-record-la-policia-resolvio-crimen-de-cafetero\/","name":"En tiempo r\u00e9cord la Polic\u00eda resolvi\u00f3 crimen de cafetero -","isPartOf":{"@id":"https:\/\/luchonoticias.com\/editor\/#website"},"datePublished":"2023-11-25T11:03:46+00:00","dateModified":"2023-11-25T11:03:47+00:00","breadcrumb":{"@id":"https:\/\/luchonoticias.com\/editor\/en-tiempo-record-la-policia-resolvio-crimen-de-cafetero\/#breadcrumb"},"inLanguage":"es","potentialAction":[{"@type":"ReadAction","target":["https:\/\/luchonoticias.com\/editor\/en-tiempo-record-la-policia-resolvio-crimen-de-cafetero\/"]}]},{"@type":"BreadcrumbList","@id":"https:\/\/luchonoticias.com\/editor\/en-tiempo-record-la-policia-resolvio-crimen-de-cafetero\/#breadcrumb","itemListElement":[{"@type":"ListItem","position":1,"name":"Portada","item":"https:\/\/luchonoticias.com\/editor\/"},{"@type":"ListItem","position":2,"name":"En tiempo r\u00e9cord la Polic\u00eda resolvi\u00f3 crimen de cafetero"}]},{"@type":"WebSite","@id":"https:\/\/luchonoticias.com\/editor\/#website","url":"https:\/\/luchonoticias.com\/editor\/","name":"","description":"","publisher":{"@id":"https:\/\/luchonoticias.com\/editor\/#\/schema\/person\/7a7fd911f58561fd056dbac7b55af9cd"},"potentialAction":[{"@type":"SearchAction","target":{"@type":"EntryPoint","urlTemplate":"https:\/\/luchonoticias.com\/editor\/?s={search_term_string}"},"query-input":{"@type":"PropertyValueSpecification","valueRequired":true,"valueName":"search_term_string"}}],"inLanguage":"es"},{"@type":["Person","Organization"],"@id":"https:\/\/luchonoticias.com\/editor\/#\/schema\/person\/7a7fd911f58561fd056dbac7b55af9cd","name":"admin","image":{"@type":"ImageObject","inLanguage":"es","@id":"https:\/\/luchonoticias.com\/editor\/#\/schema\/person\/image\/","url":"https:\/\/luchonoticias.com\/editor\/wp-content\/uploads\/2024\/02\/cropped-cropped-logolu.webp","contentUrl":"https:\/\/luchonoticias.com\/editor\/wp-content\/uploads\/2024\/02\/cropped-cropped-logolu.webp","width":382,"height":170,"caption":"admin"},"logo":{"@id":"https:\/\/luchonoticias.com\/editor\/#\/schema\/person\/image\/"},"sameAs":["https:\/\/www.facebook.com\/luchonoticiasneiva"]},{"@type":"Person","@id":"https:\/\/luchonoticias.com\/editor\/#\/schema\/person\/29217990ddf6f14e35912b2866d591fb","name":"Editor General","image":{"@type":"ImageObject","inLanguage":"es","@id":"https:\/\/luchonoticias.com\/editor\/#\/schema\/person\/image\/","url":"https:\/\/luchonoticias.com\/editor\/wp-content\/uploads\/2024\/02\/cropped-cropped-logolu-150x150.webp","contentUrl":"https:\/\/luchonoticias.com\/editor\/wp-content\/uploads\/2024\/02\/cropped-cropped-logolu-150x150.webp","caption":"Editor General"},"sameAs":["https:\/\/luchonoticias.com\/"],"url":"https:\/\/luchonoticias.com\/editor\/author\/editor-general\/"}]}},"_links":{"self":[{"href":"https:\/\/luchonoticias.com\/editor\/wp-json\/wp\/v2\/posts\/64526","targetHints":{"allow":["GET"]}}],"collection":[{"href":"https:\/\/luchonoticias.com\/editor\/wp-json\/wp\/v2\/posts"}],"about":[{"href":"https:\/\/luchonoticias.com\/editor\/wp-json\/wp\/v2\/types\/post"}],"author":[{"embeddable":true,"href":"https:\/\/luchonoticias.com\/editor\/wp-json\/wp\/v2\/users\/2"}],"replies":[{"embeddable":true,"href":"https:\/\/luchonoticias.com\/editor\/wp-json\/wp\/v2\/comments?post=64526"}],"version-history":[{"count":0,"href":"https:\/\/luchonoticias.com\/editor\/wp-json\/wp\/v2\/posts\/64526\/revisions"}],"wp:attachment":[{"href":"https:\/\/luchonoticias.com\/editor\/wp-json\/wp\/v2\/media?parent=64526"}],"wp:term":[{"taxonomy":"category","embeddable":true,"href":"https:\/\/luchonoticias.com\/editor\/wp-json\/wp\/v2\/categories?post=64526"},{"taxonomy":"post_tag","embeddable":true,"href":"https:\/\/luchonoticias.com\/editor\/wp-json\/wp\/v2\/tags?post=64526"}],"curies":[{"name":"wp","href":"https:\/\/api.w.org\/{rel}","templated":true}]}}