{"id":64529,"date":"2023-11-25T06:06:45","date_gmt":"2023-11-25T11:06:45","guid":{"rendered":"https:\/\/luchonoticias.com\/?p=64529"},"modified":"2023-11-25T06:06:46","modified_gmt":"2023-11-25T11:06:46","slug":"algo-no-esta-bien-concejal-juan-diego-amaya-sobre-el-sobre-el-plan-de-ordenamiento-territorial-de-neiva","status":"publish","type":"post","link":"https:\/\/luchonoticias.com\/editor\/algo-no-esta-bien-concejal-juan-diego-amaya-sobre-el-sobre-el-plan-de-ordenamiento-territorial-de-neiva\/","title":{"rendered":"\u201cAlgo no est\u00e1 bien\u201d, concejal Juan Diego Amaya sobre el sobre el Plan de Ordenamiento Territorial de Neiva"},"content":{"rendered":"\n<p>Se desarroll\u00f3 el debate sobre el Plan de Ordenamiento Territorial -POT de Neiva, por citaci\u00f3n del concejal Juan Diego Amaya, donde hizo presencia el director de Planeaci\u00f3n Municipal, Jos\u00e9 Eustacio Rivera Montes.<\/p>\n\n\n\n<p>\u201cAdelantamos el debate de control pol\u00edtico sobre el Plan de Ordenamiento Territorial -POT Municipal, convocando al Departamento Administrativo de Planeaci\u00f3n Municipal, dirigido por Jos\u00e9 Eustacio Rivera, quien deb\u00eda responder nuestras inquietudes frente al avance del mismo. No hay duda que el Municipio est\u00e1 pendiente de actualizar el POT, ya que no se ha actualizado desde 2009, a pesar de que estaba inicialmente previsto para un per\u00edodo de 12 a\u00f1os\u201d, advierte el concejal citante.<\/p>\n\n\n\n<p>\u201cEl Plan de Ordenamiento Territorial es fundamental para el desarrollo de cualquier municipio y de cualquier sociedad. La actual Administraci\u00f3n present\u00f3 el Plan de Ordenamiento, pero fue rechazado por la Corporaci\u00f3n Ambiental, que es el primer gran filtro, debido a que exist\u00edan elementos que desde el punto de vista ambiental no dan cumplimiento a la Ley\u201d, expres\u00f3 el concejal Amaya.<\/p>\n\n\n\n<p>A\u00f1adi\u00f3 que exist\u00edan temas muy pol\u00e9micos como la no existencia de un censo y un diagn\u00f3stico claro de las cuencas que atraviesan el Municipio de Neiva; no est\u00e1n registrados los humedales de la ciudad como parte del territorio, pero para el cabildante, lo m\u00e1s preocupante es el tema de la vivienda, donde la actual Administraci\u00f3n pretend\u00eda incorporar 736 hect\u00e1reas a suelo urbano, cuando ya existen 530 disponibles para construir.<\/p>\n\n\n\n<p>\u201cSeg\u00fan la ley, de aqu\u00ed a 12 a\u00f1os, que es lo que dura el POT, vamos a necesitar 28 mil viviendas; es decir que, si se hace un promedio de 600 viviendas por hect\u00e1rea, vamos a necesitar poco mas de 450 hect\u00e1reas. \u00bfPara qu\u00e9 meter 700 m\u00e1s si no las requerimos?\u201d, dice Amaya.<\/p>\n\n\n\n<p>Se cit\u00f3 al debate de control pol\u00edtico, a Jos\u00e9 Eustacio Rivera Montes, jefe del Departamento Administrativo de Planeaci\u00f3n, y tambi\u00e9n se hizo invitaci\u00f3n a Camilo Agudelo Perdomo, director de la Corporaci\u00f3n del Alto Magdalena -CAM, pero no asisti\u00f3.<\/p>\n\n\n\n<p>\u201cAplaudo y celebro este debate en el que fuimos convocados con todo el equipo que hizo parte de la construcci\u00f3n del ajuste al Plan de Ordenamiento Territorial, en el que se hacen unas observaciones importantes de acuerdo a la concertaci\u00f3n que hemos venido dando desde la CAM, pero hoy los tiempos juegan en contra y no hemos logrado formalizar el acto de concertaci\u00f3n por parte de la autoridad ambiental, que es un requisito importante y fundamental de la ley\u201d, comenta Jos\u00e9 Eustacio Rivera Montes, jefe del Departamento Administrativo de Planeaci\u00f3n.<\/p>\n\n\n\n<p>A\u00f1adi\u00f3 que en el poco tiempo que le queda al gobierno de Gorky Mu\u00f1oz, esperan darle a la ciudad el acta de concertaci\u00f3n para que le den la viabilidad en el Consejo Territorial de Planeaci\u00f3n y con la aprobaci\u00f3n del Concejo de Neiva, que tendr\u00e1 90 d\u00edas para su aprobaci\u00f3n.<\/p>\n\n\n\n<p>Al debate de control pol\u00edtico sobre el Plan de Ordenamiento Territorial -POT de Neiva, fue invitado el alcalde electo, Germ\u00e1n Casagua Bonilla y los concejales electos para el periodo 2024-2027, para que conocieran c\u00f3mo estaba este proceso vital para el desarrollo de la ciudad, pero no asistieron.<\/p>\n","protected":false},"excerpt":{"rendered":"<p>Se desarroll\u00f3 el debate sobre el Plan de Ordenamiento Territorial -POT de Neiva, por citaci\u00f3n del concejal Juan Diego Amaya, donde hizo presencia el director de Planeaci\u00f3n Municipal, Jos\u00e9 Eustacio Rivera Montes. \u201cAdelantamos el debate de control pol\u00edtico sobre el Plan de Ordenamiento Territorial -POT Municipal, convocando al Departamento Administrativo de Planeaci\u00f3n Municipal, dirigido por [&hellip;]<\/p>\n","protected":false},"author":2,"featured_media":0,"comment_status":"open","ping_status":"open","sticky":false,"template":"","format":"standard","meta":{"footnotes":""},"categories":[36,617],"tags":[],"class_list":["post-64529","post","type-post","status-publish","format-standard","hentry","category-destacado","category-politica"],"yoast_head":"<!-- This site is optimized with the Yoast SEO plugin v26.6 - https:\/\/yoast.com\/wordpress\/plugins\/seo\/ -->\n<title>\u201cAlgo no est\u00e1 bien\u201d, concejal Juan Diego Amaya sobre el sobre el Plan de Ordenamiento Territorial de Neiva -<\/title>\n<meta name=\"robots\" content=\"index, follow, max-snippet:-1, max-image-preview:large, max-video-preview:-1\" \/>\n<link rel=\"canonical\" href=\"https:\/\/luchonoticias.com\/editor\/algo-no-esta-bien-concejal-juan-diego-amaya-sobre-el-sobre-el-plan-de-ordenamiento-territorial-de-neiva\/\" \/>\n<meta property=\"og:locale\" content=\"es_ES\" \/>\n<meta property=\"og:type\" content=\"article\" \/>\n<meta property=\"og:title\" content=\"\u201cAlgo no est\u00e1 bien\u201d, concejal Juan Diego Amaya sobre el sobre el Plan de Ordenamiento Territorial de Neiva -\" \/>\n<meta property=\"og:url\" content=\"https:\/\/luchonoticias.com\/editor\/algo-no-esta-bien-concejal-juan-diego-amaya-sobre-el-sobre-el-plan-de-ordenamiento-territorial-de-neiva\/\" \/>\n<meta property=\"article:publisher\" content=\"https:\/\/www.facebook.com\/luchonoticiasneiva\" \/>\n<meta property=\"article:published_time\" content=\"2023-11-25T11:06:45+00:00\" \/>\n<meta property=\"article:modified_time\" content=\"2023-11-25T11:06:46+00:00\" \/>\n<meta name=\"author\" content=\"Editor General\" \/>\n<meta name=\"twitter:card\" content=\"summary_large_image\" \/>\n<meta name=\"twitter:label1\" content=\"Escrito por\" \/>\n\t<meta name=\"twitter:data1\" content=\"Editor General\" \/>\n\t<meta name=\"twitter:label2\" content=\"Tiempo de lectura\" \/>\n\t<meta name=\"twitter:data2\" content=\"3 minutos\" \/>\n<script type=\"application\/ld+json\" class=\"yoast-schema-graph\">{\"@context\":\"https:\/\/schema.org\",\"@graph\":[{\"@type\":\"Article\",\"@id\":\"https:\/\/luchonoticias.com\/editor\/algo-no-esta-bien-concejal-juan-diego-amaya-sobre-el-sobre-el-plan-de-ordenamiento-territorial-de-neiva\/#article\",\"isPartOf\":{\"@id\":\"https:\/\/luchonoticias.com\/editor\/algo-no-esta-bien-concejal-juan-diego-amaya-sobre-el-sobre-el-plan-de-ordenamiento-territorial-de-neiva\/\"},\"author\":{\"name\":\"Editor General\",\"@id\":\"https:\/\/luchonoticias.com\/editor\/#\/schema\/person\/29217990ddf6f14e35912b2866d591fb\"},\"headline\":\"\u201cAlgo no est\u00e1 bien\u201d, concejal Juan Diego Amaya sobre el sobre el Plan de Ordenamiento Territorial de Neiva\",\"datePublished\":\"2023-11-25T11:06:45+00:00\",\"dateModified\":\"2023-11-25T11:06:46+00:00\",\"mainEntityOfPage\":{\"@id\":\"https:\/\/luchonoticias.com\/editor\/algo-no-esta-bien-concejal-juan-diego-amaya-sobre-el-sobre-el-plan-de-ordenamiento-territorial-de-neiva\/\"},\"wordCount\":563,\"commentCount\":0,\"publisher\":{\"@id\":\"https:\/\/luchonoticias.com\/editor\/#\/schema\/person\/7a7fd911f58561fd056dbac7b55af9cd\"},\"articleSection\":[\"Destacado\",\"Pol\u00edtica\"],\"inLanguage\":\"es\",\"potentialAction\":[{\"@type\":\"CommentAction\",\"name\":\"Comment\",\"target\":[\"https:\/\/luchonoticias.com\/editor\/algo-no-esta-bien-concejal-juan-diego-amaya-sobre-el-sobre-el-plan-de-ordenamiento-territorial-de-neiva\/#respond\"]}]},{\"@type\":\"WebPage\",\"@id\":\"https:\/\/luchonoticias.com\/editor\/algo-no-esta-bien-concejal-juan-diego-amaya-sobre-el-sobre-el-plan-de-ordenamiento-territorial-de-neiva\/\",\"url\":\"https:\/\/luchonoticias.com\/editor\/algo-no-esta-bien-concejal-juan-diego-amaya-sobre-el-sobre-el-plan-de-ordenamiento-territorial-de-neiva\/\",\"name\":\"\u201cAlgo no est\u00e1 bien\u201d, concejal Juan Diego Amaya sobre el sobre el Plan de Ordenamiento Territorial de Neiva -\",\"isPartOf\":{\"@id\":\"https:\/\/luchonoticias.com\/editor\/#website\"},\"datePublished\":\"2023-11-25T11:06:45+00:00\",\"dateModified\":\"2023-11-25T11:06:46+00:00\",\"breadcrumb\":{\"@id\":\"https:\/\/luchonoticias.com\/editor\/algo-no-esta-bien-concejal-juan-diego-amaya-sobre-el-sobre-el-plan-de-ordenamiento-territorial-de-neiva\/#breadcrumb\"},\"inLanguage\":\"es\",\"potentialAction\":[{\"@type\":\"ReadAction\",\"target\":[\"https:\/\/luchonoticias.com\/editor\/algo-no-esta-bien-concejal-juan-diego-amaya-sobre-el-sobre-el-plan-de-ordenamiento-territorial-de-neiva\/\"]}]},{\"@type\":\"BreadcrumbList\",\"@id\":\"https:\/\/luchonoticias.com\/editor\/algo-no-esta-bien-concejal-juan-diego-amaya-sobre-el-sobre-el-plan-de-ordenamiento-territorial-de-neiva\/#breadcrumb\",\"itemListElement\":[{\"@type\":\"ListItem\",\"position\":1,\"name\":\"Portada\",\"item\":\"https:\/\/luchonoticias.com\/editor\/\"},{\"@type\":\"ListItem\",\"position\":2,\"name\":\"\u201cAlgo no est\u00e1 bien\u201d, concejal Juan Diego Amaya sobre el sobre el Plan de Ordenamiento Territorial de Neiva\"}]},{\"@type\":\"WebSite\",\"@id\":\"https:\/\/luchonoticias.com\/editor\/#website\",\"url\":\"https:\/\/luchonoticias.com\/editor\/\",\"name\":\"\",\"description\":\"\",\"publisher\":{\"@id\":\"https:\/\/luchonoticias.com\/editor\/#\/schema\/person\/7a7fd911f58561fd056dbac7b55af9cd\"},\"potentialAction\":[{\"@type\":\"SearchAction\",\"target\":{\"@type\":\"EntryPoint\",\"urlTemplate\":\"https:\/\/luchonoticias.com\/editor\/?s={search_term_string}\"},\"query-input\":{\"@type\":\"PropertyValueSpecification\",\"valueRequired\":true,\"valueName\":\"search_term_string\"}}],\"inLanguage\":\"es\"},{\"@type\":[\"Person\",\"Organization\"],\"@id\":\"https:\/\/luchonoticias.com\/editor\/#\/schema\/person\/7a7fd911f58561fd056dbac7b55af9cd\",\"name\":\"admin\",\"image\":{\"@type\":\"ImageObject\",\"inLanguage\":\"es\",\"@id\":\"https:\/\/luchonoticias.com\/editor\/#\/schema\/person\/image\/\",\"url\":\"https:\/\/luchonoticias.com\/editor\/wp-content\/uploads\/2024\/02\/cropped-cropped-logolu.webp\",\"contentUrl\":\"https:\/\/luchonoticias.com\/editor\/wp-content\/uploads\/2024\/02\/cropped-cropped-logolu.webp\",\"width\":382,\"height\":170,\"caption\":\"admin\"},\"logo\":{\"@id\":\"https:\/\/luchonoticias.com\/editor\/#\/schema\/person\/image\/\"},\"sameAs\":[\"https:\/\/www.facebook.com\/luchonoticiasneiva\"]},{\"@type\":\"Person\",\"@id\":\"https:\/\/luchonoticias.com\/editor\/#\/schema\/person\/29217990ddf6f14e35912b2866d591fb\",\"name\":\"Editor General\",\"image\":{\"@type\":\"ImageObject\",\"inLanguage\":\"es\",\"@id\":\"https:\/\/luchonoticias.com\/editor\/#\/schema\/person\/image\/\",\"url\":\"https:\/\/luchonoticias.com\/editor\/wp-content\/uploads\/2024\/02\/cropped-cropped-logolu-150x150.webp\",\"contentUrl\":\"https:\/\/luchonoticias.com\/editor\/wp-content\/uploads\/2024\/02\/cropped-cropped-logolu-150x150.webp\",\"caption\":\"Editor General\"},\"sameAs\":[\"https:\/\/luchonoticias.com\/\"],\"url\":\"https:\/\/luchonoticias.com\/editor\/author\/editor-general\/\"}]}<\/script>\n<!-- \/ Yoast SEO plugin. -->","yoast_head_json":{"title":"\u201cAlgo no est\u00e1 bien\u201d, concejal Juan Diego Amaya sobre el sobre el Plan de Ordenamiento Territorial de Neiva -","robots":{"index":"index","follow":"follow","max-snippet":"max-snippet:-1","max-image-preview":"max-image-preview:large","max-video-preview":"max-video-preview:-1"},"canonical":"https:\/\/luchonoticias.com\/editor\/algo-no-esta-bien-concejal-juan-diego-amaya-sobre-el-sobre-el-plan-de-ordenamiento-territorial-de-neiva\/","og_locale":"es_ES","og_type":"article","og_title":"\u201cAlgo no est\u00e1 bien\u201d, concejal Juan Diego Amaya sobre el sobre el Plan de Ordenamiento Territorial de Neiva -","og_url":"https:\/\/luchonoticias.com\/editor\/algo-no-esta-bien-concejal-juan-diego-amaya-sobre-el-sobre-el-plan-de-ordenamiento-territorial-de-neiva\/","article_publisher":"https:\/\/www.facebook.com\/luchonoticiasneiva","article_published_time":"2023-11-25T11:06:45+00:00","article_modified_time":"2023-11-25T11:06:46+00:00","author":"Editor General","twitter_card":"summary_large_image","twitter_misc":{"Escrito por":"Editor General","Tiempo de lectura":"3 minutos"},"schema":{"@context":"https:\/\/schema.org","@graph":[{"@type":"Article","@id":"https:\/\/luchonoticias.com\/editor\/algo-no-esta-bien-concejal-juan-diego-amaya-sobre-el-sobre-el-plan-de-ordenamiento-territorial-de-neiva\/#article","isPartOf":{"@id":"https:\/\/luchonoticias.com\/editor\/algo-no-esta-bien-concejal-juan-diego-amaya-sobre-el-sobre-el-plan-de-ordenamiento-territorial-de-neiva\/"},"author":{"name":"Editor General","@id":"https:\/\/luchonoticias.com\/editor\/#\/schema\/person\/29217990ddf6f14e35912b2866d591fb"},"headline":"\u201cAlgo no est\u00e1 bien\u201d, concejal Juan Diego Amaya sobre el sobre el Plan de Ordenamiento Territorial de Neiva","datePublished":"2023-11-25T11:06:45+00:00","dateModified":"2023-11-25T11:06:46+00:00","mainEntityOfPage":{"@id":"https:\/\/luchonoticias.com\/editor\/algo-no-esta-bien-concejal-juan-diego-amaya-sobre-el-sobre-el-plan-de-ordenamiento-territorial-de-neiva\/"},"wordCount":563,"commentCount":0,"publisher":{"@id":"https:\/\/luchonoticias.com\/editor\/#\/schema\/person\/7a7fd911f58561fd056dbac7b55af9cd"},"articleSection":["Destacado","Pol\u00edtica"],"inLanguage":"es","potentialAction":[{"@type":"CommentAction","name":"Comment","target":["https:\/\/luchonoticias.com\/editor\/algo-no-esta-bien-concejal-juan-diego-amaya-sobre-el-sobre-el-plan-de-ordenamiento-territorial-de-neiva\/#respond"]}]},{"@type":"WebPage","@id":"https:\/\/luchonoticias.com\/editor\/algo-no-esta-bien-concejal-juan-diego-amaya-sobre-el-sobre-el-plan-de-ordenamiento-territorial-de-neiva\/","url":"https:\/\/luchonoticias.com\/editor\/algo-no-esta-bien-concejal-juan-diego-amaya-sobre-el-sobre-el-plan-de-ordenamiento-territorial-de-neiva\/","name":"\u201cAlgo no est\u00e1 bien\u201d, concejal Juan Diego Amaya sobre el sobre el Plan de Ordenamiento Territorial de Neiva -","isPartOf":{"@id":"https:\/\/luchonoticias.com\/editor\/#website"},"datePublished":"2023-11-25T11:06:45+00:00","dateModified":"2023-11-25T11:06:46+00:00","breadcrumb":{"@id":"https:\/\/luchonoticias.com\/editor\/algo-no-esta-bien-concejal-juan-diego-amaya-sobre-el-sobre-el-plan-de-ordenamiento-territorial-de-neiva\/#breadcrumb"},"inLanguage":"es","potentialAction":[{"@type":"ReadAction","target":["https:\/\/luchonoticias.com\/editor\/algo-no-esta-bien-concejal-juan-diego-amaya-sobre-el-sobre-el-plan-de-ordenamiento-territorial-de-neiva\/"]}]},{"@type":"BreadcrumbList","@id":"https:\/\/luchonoticias.com\/editor\/algo-no-esta-bien-concejal-juan-diego-amaya-sobre-el-sobre-el-plan-de-ordenamiento-territorial-de-neiva\/#breadcrumb","itemListElement":[{"@type":"ListItem","position":1,"name":"Portada","item":"https:\/\/luchonoticias.com\/editor\/"},{"@type":"ListItem","position":2,"name":"\u201cAlgo no est\u00e1 bien\u201d, concejal Juan Diego Amaya sobre el sobre el Plan de Ordenamiento Territorial de Neiva"}]},{"@type":"WebSite","@id":"https:\/\/luchonoticias.com\/editor\/#website","url":"https:\/\/luchonoticias.com\/editor\/","name":"","description":"","publisher":{"@id":"https:\/\/luchonoticias.com\/editor\/#\/schema\/person\/7a7fd911f58561fd056dbac7b55af9cd"},"potentialAction":[{"@type":"SearchAction","target":{"@type":"EntryPoint","urlTemplate":"https:\/\/luchonoticias.com\/editor\/?s={search_term_string}"},"query-input":{"@type":"PropertyValueSpecification","valueRequired":true,"valueName":"search_term_string"}}],"inLanguage":"es"},{"@type":["Person","Organization"],"@id":"https:\/\/luchonoticias.com\/editor\/#\/schema\/person\/7a7fd911f58561fd056dbac7b55af9cd","name":"admin","image":{"@type":"ImageObject","inLanguage":"es","@id":"https:\/\/luchonoticias.com\/editor\/#\/schema\/person\/image\/","url":"https:\/\/luchonoticias.com\/editor\/wp-content\/uploads\/2024\/02\/cropped-cropped-logolu.webp","contentUrl":"https:\/\/luchonoticias.com\/editor\/wp-content\/uploads\/2024\/02\/cropped-cropped-logolu.webp","width":382,"height":170,"caption":"admin"},"logo":{"@id":"https:\/\/luchonoticias.com\/editor\/#\/schema\/person\/image\/"},"sameAs":["https:\/\/www.facebook.com\/luchonoticiasneiva"]},{"@type":"Person","@id":"https:\/\/luchonoticias.com\/editor\/#\/schema\/person\/29217990ddf6f14e35912b2866d591fb","name":"Editor General","image":{"@type":"ImageObject","inLanguage":"es","@id":"https:\/\/luchonoticias.com\/editor\/#\/schema\/person\/image\/","url":"https:\/\/luchonoticias.com\/editor\/wp-content\/uploads\/2024\/02\/cropped-cropped-logolu-150x150.webp","contentUrl":"https:\/\/luchonoticias.com\/editor\/wp-content\/uploads\/2024\/02\/cropped-cropped-logolu-150x150.webp","caption":"Editor General"},"sameAs":["https:\/\/luchonoticias.com\/"],"url":"https:\/\/luchonoticias.com\/editor\/author\/editor-general\/"}]}},"_links":{"self":[{"href":"https:\/\/luchonoticias.com\/editor\/wp-json\/wp\/v2\/posts\/64529","targetHints":{"allow":["GET"]}}],"collection":[{"href":"https:\/\/luchonoticias.com\/editor\/wp-json\/wp\/v2\/posts"}],"about":[{"href":"https:\/\/luchonoticias.com\/editor\/wp-json\/wp\/v2\/types\/post"}],"author":[{"embeddable":true,"href":"https:\/\/luchonoticias.com\/editor\/wp-json\/wp\/v2\/users\/2"}],"replies":[{"embeddable":true,"href":"https:\/\/luchonoticias.com\/editor\/wp-json\/wp\/v2\/comments?post=64529"}],"version-history":[{"count":0,"href":"https:\/\/luchonoticias.com\/editor\/wp-json\/wp\/v2\/posts\/64529\/revisions"}],"wp:attachment":[{"href":"https:\/\/luchonoticias.com\/editor\/wp-json\/wp\/v2\/media?parent=64529"}],"wp:term":[{"taxonomy":"category","embeddable":true,"href":"https:\/\/luchonoticias.com\/editor\/wp-json\/wp\/v2\/categories?post=64529"},{"taxonomy":"post_tag","embeddable":true,"href":"https:\/\/luchonoticias.com\/editor\/wp-json\/wp\/v2\/tags?post=64529"}],"curies":[{"name":"wp","href":"https:\/\/api.w.org\/{rel}","templated":true}]}}