{"id":64532,"date":"2023-11-25T06:12:03","date_gmt":"2023-11-25T11:12:03","guid":{"rendered":"https:\/\/luchonoticias.com\/?p=64532"},"modified":"2023-11-25T06:12:04","modified_gmt":"2023-11-25T11:12:04","slug":"negada-recusacion-contra-fiscal-que-investiga-el-denominado-carrusel-de-los-carros-blindados","status":"publish","type":"post","link":"https:\/\/luchonoticias.com\/editor\/negada-recusacion-contra-fiscal-que-investiga-el-denominado-carrusel-de-los-carros-blindados\/","title":{"rendered":"Negada recusaci\u00f3n contra fiscal que investiga el denominado \u2018carrusel de los carros blindados\u2019"},"content":{"rendered":"\n<p>La Direcci\u00f3n Seccional Bogot\u00e1 de la Fiscal\u00eda General de la Naci\u00f3n declar\u00f3 infundada una recusaci\u00f3n en contra de la fiscal de la Unidad de Delitos contra la Administraci\u00f3n P\u00fablica, Ang\u00e9lica Mar\u00eda Monsalve Gaviria, la cual buscaba que se apartara de la investigaci\u00f3n que adelanta por las posibles irregularidades detectadas en la compra de veh\u00edculos blindados en entidades del Estado.<\/p>\n\n\n\n<p>La decisi\u00f3n precisa que la recusaci\u00f3n no procede, toda vez que, la funcionaria judicial no incurri\u00f3 en alguna de las causales de impedimento que contempla la ley.<\/p>\n\n\n\n<p>En ese sentido, la fiscal Monsalve Gaviria seguir\u00e1 conociendo de dos de las noticias criminales abiertas con motivo de los hechos objeto de investigaci\u00f3n.<\/p>\n","protected":false},"excerpt":{"rendered":"<p>La Direcci\u00f3n Seccional Bogot\u00e1 de la Fiscal\u00eda General de la Naci\u00f3n declar\u00f3 infundada una recusaci\u00f3n en contra de la fiscal de la Unidad de Delitos contra la Administraci\u00f3n P\u00fablica, Ang\u00e9lica Mar\u00eda Monsalve Gaviria, la cual buscaba que se apartara de la investigaci\u00f3n que adelanta por las posibles irregularidades detectadas en la compra de veh\u00edculos blindados [&hellip;]<\/p>\n","protected":false},"author":2,"featured_media":0,"comment_status":"open","ping_status":"open","sticky":false,"template":"","format":"standard","meta":{"footnotes":""},"categories":[36,29],"tags":[],"class_list":["post-64532","post","type-post","status-publish","format-standard","hentry","category-destacado","category-judicial"],"yoast_head":"<!-- This site is optimized with the Yoast SEO plugin v26.6 - https:\/\/yoast.com\/wordpress\/plugins\/seo\/ -->\n<title>Negada recusaci\u00f3n contra fiscal que investiga el denominado \u2018carrusel de los carros blindados\u2019 -<\/title>\n<meta name=\"robots\" content=\"index, follow, max-snippet:-1, max-image-preview:large, max-video-preview:-1\" \/>\n<link rel=\"canonical\" href=\"https:\/\/luchonoticias.com\/editor\/negada-recusacion-contra-fiscal-que-investiga-el-denominado-carrusel-de-los-carros-blindados\/\" \/>\n<meta property=\"og:locale\" content=\"es_ES\" \/>\n<meta property=\"og:type\" content=\"article\" \/>\n<meta property=\"og:title\" content=\"Negada recusaci\u00f3n contra fiscal que investiga el denominado \u2018carrusel de los carros blindados\u2019 -\" \/>\n<meta property=\"og:url\" content=\"https:\/\/luchonoticias.com\/editor\/negada-recusacion-contra-fiscal-que-investiga-el-denominado-carrusel-de-los-carros-blindados\/\" \/>\n<meta property=\"article:publisher\" content=\"https:\/\/www.facebook.com\/luchonoticiasneiva\" \/>\n<meta property=\"article:published_time\" content=\"2023-11-25T11:12:03+00:00\" \/>\n<meta property=\"article:modified_time\" content=\"2023-11-25T11:12:04+00:00\" \/>\n<meta name=\"author\" content=\"Editor General\" \/>\n<meta name=\"twitter:card\" content=\"summary_large_image\" \/>\n<meta name=\"twitter:label1\" content=\"Escrito por\" \/>\n\t<meta name=\"twitter:data1\" content=\"Editor General\" \/>\n\t<meta name=\"twitter:label2\" content=\"Tiempo de lectura\" \/>\n\t<meta name=\"twitter:data2\" content=\"1 minuto\" \/>\n<script type=\"application\/ld+json\" class=\"yoast-schema-graph\">{\"@context\":\"https:\/\/schema.org\",\"@graph\":[{\"@type\":\"Article\",\"@id\":\"https:\/\/luchonoticias.com\/editor\/negada-recusacion-contra-fiscal-que-investiga-el-denominado-carrusel-de-los-carros-blindados\/#article\",\"isPartOf\":{\"@id\":\"https:\/\/luchonoticias.com\/editor\/negada-recusacion-contra-fiscal-que-investiga-el-denominado-carrusel-de-los-carros-blindados\/\"},\"author\":{\"name\":\"Editor General\",\"@id\":\"https:\/\/luchonoticias.com\/editor\/#\/schema\/person\/29217990ddf6f14e35912b2866d591fb\"},\"headline\":\"Negada recusaci\u00f3n contra fiscal que investiga el denominado \u2018carrusel de los carros blindados\u2019\",\"datePublished\":\"2023-11-25T11:12:03+00:00\",\"dateModified\":\"2023-11-25T11:12:04+00:00\",\"mainEntityOfPage\":{\"@id\":\"https:\/\/luchonoticias.com\/editor\/negada-recusacion-contra-fiscal-que-investiga-el-denominado-carrusel-de-los-carros-blindados\/\"},\"wordCount\":137,\"commentCount\":0,\"publisher\":{\"@id\":\"https:\/\/luchonoticias.com\/editor\/#\/schema\/person\/7a7fd911f58561fd056dbac7b55af9cd\"},\"articleSection\":[\"Destacado\",\"Judicial\"],\"inLanguage\":\"es\",\"potentialAction\":[{\"@type\":\"CommentAction\",\"name\":\"Comment\",\"target\":[\"https:\/\/luchonoticias.com\/editor\/negada-recusacion-contra-fiscal-que-investiga-el-denominado-carrusel-de-los-carros-blindados\/#respond\"]}]},{\"@type\":\"WebPage\",\"@id\":\"https:\/\/luchonoticias.com\/editor\/negada-recusacion-contra-fiscal-que-investiga-el-denominado-carrusel-de-los-carros-blindados\/\",\"url\":\"https:\/\/luchonoticias.com\/editor\/negada-recusacion-contra-fiscal-que-investiga-el-denominado-carrusel-de-los-carros-blindados\/\",\"name\":\"Negada recusaci\u00f3n contra fiscal que investiga el denominado \u2018carrusel de los carros blindados\u2019 -\",\"isPartOf\":{\"@id\":\"https:\/\/luchonoticias.com\/editor\/#website\"},\"datePublished\":\"2023-11-25T11:12:03+00:00\",\"dateModified\":\"2023-11-25T11:12:04+00:00\",\"breadcrumb\":{\"@id\":\"https:\/\/luchonoticias.com\/editor\/negada-recusacion-contra-fiscal-que-investiga-el-denominado-carrusel-de-los-carros-blindados\/#breadcrumb\"},\"inLanguage\":\"es\",\"potentialAction\":[{\"@type\":\"ReadAction\",\"target\":[\"https:\/\/luchonoticias.com\/editor\/negada-recusacion-contra-fiscal-que-investiga-el-denominado-carrusel-de-los-carros-blindados\/\"]}]},{\"@type\":\"BreadcrumbList\",\"@id\":\"https:\/\/luchonoticias.com\/editor\/negada-recusacion-contra-fiscal-que-investiga-el-denominado-carrusel-de-los-carros-blindados\/#breadcrumb\",\"itemListElement\":[{\"@type\":\"ListItem\",\"position\":1,\"name\":\"Portada\",\"item\":\"https:\/\/luchonoticias.com\/editor\/\"},{\"@type\":\"ListItem\",\"position\":2,\"name\":\"Negada recusaci\u00f3n contra fiscal que investiga el denominado \u2018carrusel de los carros blindados\u2019\"}]},{\"@type\":\"WebSite\",\"@id\":\"https:\/\/luchonoticias.com\/editor\/#website\",\"url\":\"https:\/\/luchonoticias.com\/editor\/\",\"name\":\"\",\"description\":\"\",\"publisher\":{\"@id\":\"https:\/\/luchonoticias.com\/editor\/#\/schema\/person\/7a7fd911f58561fd056dbac7b55af9cd\"},\"potentialAction\":[{\"@type\":\"SearchAction\",\"target\":{\"@type\":\"EntryPoint\",\"urlTemplate\":\"https:\/\/luchonoticias.com\/editor\/?s={search_term_string}\"},\"query-input\":{\"@type\":\"PropertyValueSpecification\",\"valueRequired\":true,\"valueName\":\"search_term_string\"}}],\"inLanguage\":\"es\"},{\"@type\":[\"Person\",\"Organization\"],\"@id\":\"https:\/\/luchonoticias.com\/editor\/#\/schema\/person\/7a7fd911f58561fd056dbac7b55af9cd\",\"name\":\"admin\",\"image\":{\"@type\":\"ImageObject\",\"inLanguage\":\"es\",\"@id\":\"https:\/\/luchonoticias.com\/editor\/#\/schema\/person\/image\/\",\"url\":\"https:\/\/luchonoticias.com\/editor\/wp-content\/uploads\/2024\/02\/cropped-cropped-logolu.webp\",\"contentUrl\":\"https:\/\/luchonoticias.com\/editor\/wp-content\/uploads\/2024\/02\/cropped-cropped-logolu.webp\",\"width\":382,\"height\":170,\"caption\":\"admin\"},\"logo\":{\"@id\":\"https:\/\/luchonoticias.com\/editor\/#\/schema\/person\/image\/\"},\"sameAs\":[\"https:\/\/www.facebook.com\/luchonoticiasneiva\"]},{\"@type\":\"Person\",\"@id\":\"https:\/\/luchonoticias.com\/editor\/#\/schema\/person\/29217990ddf6f14e35912b2866d591fb\",\"name\":\"Editor General\",\"image\":{\"@type\":\"ImageObject\",\"inLanguage\":\"es\",\"@id\":\"https:\/\/luchonoticias.com\/editor\/#\/schema\/person\/image\/\",\"url\":\"https:\/\/luchonoticias.com\/editor\/wp-content\/uploads\/2024\/02\/cropped-cropped-logolu-150x150.webp\",\"contentUrl\":\"https:\/\/luchonoticias.com\/editor\/wp-content\/uploads\/2024\/02\/cropped-cropped-logolu-150x150.webp\",\"caption\":\"Editor General\"},\"sameAs\":[\"https:\/\/luchonoticias.com\/\"],\"url\":\"https:\/\/luchonoticias.com\/editor\/author\/editor-general\/\"}]}<\/script>\n<!-- \/ Yoast SEO plugin. -->","yoast_head_json":{"title":"Negada recusaci\u00f3n contra fiscal que investiga el denominado \u2018carrusel de los carros blindados\u2019 -","robots":{"index":"index","follow":"follow","max-snippet":"max-snippet:-1","max-image-preview":"max-image-preview:large","max-video-preview":"max-video-preview:-1"},"canonical":"https:\/\/luchonoticias.com\/editor\/negada-recusacion-contra-fiscal-que-investiga-el-denominado-carrusel-de-los-carros-blindados\/","og_locale":"es_ES","og_type":"article","og_title":"Negada recusaci\u00f3n contra fiscal que investiga el denominado \u2018carrusel de los carros blindados\u2019 -","og_url":"https:\/\/luchonoticias.com\/editor\/negada-recusacion-contra-fiscal-que-investiga-el-denominado-carrusel-de-los-carros-blindados\/","article_publisher":"https:\/\/www.facebook.com\/luchonoticiasneiva","article_published_time":"2023-11-25T11:12:03+00:00","article_modified_time":"2023-11-25T11:12:04+00:00","author":"Editor General","twitter_card":"summary_large_image","twitter_misc":{"Escrito por":"Editor General","Tiempo de lectura":"1 minuto"},"schema":{"@context":"https:\/\/schema.org","@graph":[{"@type":"Article","@id":"https:\/\/luchonoticias.com\/editor\/negada-recusacion-contra-fiscal-que-investiga-el-denominado-carrusel-de-los-carros-blindados\/#article","isPartOf":{"@id":"https:\/\/luchonoticias.com\/editor\/negada-recusacion-contra-fiscal-que-investiga-el-denominado-carrusel-de-los-carros-blindados\/"},"author":{"name":"Editor General","@id":"https:\/\/luchonoticias.com\/editor\/#\/schema\/person\/29217990ddf6f14e35912b2866d591fb"},"headline":"Negada recusaci\u00f3n contra fiscal que investiga el denominado \u2018carrusel de los carros blindados\u2019","datePublished":"2023-11-25T11:12:03+00:00","dateModified":"2023-11-25T11:12:04+00:00","mainEntityOfPage":{"@id":"https:\/\/luchonoticias.com\/editor\/negada-recusacion-contra-fiscal-que-investiga-el-denominado-carrusel-de-los-carros-blindados\/"},"wordCount":137,"commentCount":0,"publisher":{"@id":"https:\/\/luchonoticias.com\/editor\/#\/schema\/person\/7a7fd911f58561fd056dbac7b55af9cd"},"articleSection":["Destacado","Judicial"],"inLanguage":"es","potentialAction":[{"@type":"CommentAction","name":"Comment","target":["https:\/\/luchonoticias.com\/editor\/negada-recusacion-contra-fiscal-que-investiga-el-denominado-carrusel-de-los-carros-blindados\/#respond"]}]},{"@type":"WebPage","@id":"https:\/\/luchonoticias.com\/editor\/negada-recusacion-contra-fiscal-que-investiga-el-denominado-carrusel-de-los-carros-blindados\/","url":"https:\/\/luchonoticias.com\/editor\/negada-recusacion-contra-fiscal-que-investiga-el-denominado-carrusel-de-los-carros-blindados\/","name":"Negada recusaci\u00f3n contra fiscal que investiga el denominado \u2018carrusel de los carros blindados\u2019 -","isPartOf":{"@id":"https:\/\/luchonoticias.com\/editor\/#website"},"datePublished":"2023-11-25T11:12:03+00:00","dateModified":"2023-11-25T11:12:04+00:00","breadcrumb":{"@id":"https:\/\/luchonoticias.com\/editor\/negada-recusacion-contra-fiscal-que-investiga-el-denominado-carrusel-de-los-carros-blindados\/#breadcrumb"},"inLanguage":"es","potentialAction":[{"@type":"ReadAction","target":["https:\/\/luchonoticias.com\/editor\/negada-recusacion-contra-fiscal-que-investiga-el-denominado-carrusel-de-los-carros-blindados\/"]}]},{"@type":"BreadcrumbList","@id":"https:\/\/luchonoticias.com\/editor\/negada-recusacion-contra-fiscal-que-investiga-el-denominado-carrusel-de-los-carros-blindados\/#breadcrumb","itemListElement":[{"@type":"ListItem","position":1,"name":"Portada","item":"https:\/\/luchonoticias.com\/editor\/"},{"@type":"ListItem","position":2,"name":"Negada recusaci\u00f3n contra fiscal que investiga el denominado \u2018carrusel de los carros blindados\u2019"}]},{"@type":"WebSite","@id":"https:\/\/luchonoticias.com\/editor\/#website","url":"https:\/\/luchonoticias.com\/editor\/","name":"","description":"","publisher":{"@id":"https:\/\/luchonoticias.com\/editor\/#\/schema\/person\/7a7fd911f58561fd056dbac7b55af9cd"},"potentialAction":[{"@type":"SearchAction","target":{"@type":"EntryPoint","urlTemplate":"https:\/\/luchonoticias.com\/editor\/?s={search_term_string}"},"query-input":{"@type":"PropertyValueSpecification","valueRequired":true,"valueName":"search_term_string"}}],"inLanguage":"es"},{"@type":["Person","Organization"],"@id":"https:\/\/luchonoticias.com\/editor\/#\/schema\/person\/7a7fd911f58561fd056dbac7b55af9cd","name":"admin","image":{"@type":"ImageObject","inLanguage":"es","@id":"https:\/\/luchonoticias.com\/editor\/#\/schema\/person\/image\/","url":"https:\/\/luchonoticias.com\/editor\/wp-content\/uploads\/2024\/02\/cropped-cropped-logolu.webp","contentUrl":"https:\/\/luchonoticias.com\/editor\/wp-content\/uploads\/2024\/02\/cropped-cropped-logolu.webp","width":382,"height":170,"caption":"admin"},"logo":{"@id":"https:\/\/luchonoticias.com\/editor\/#\/schema\/person\/image\/"},"sameAs":["https:\/\/www.facebook.com\/luchonoticiasneiva"]},{"@type":"Person","@id":"https:\/\/luchonoticias.com\/editor\/#\/schema\/person\/29217990ddf6f14e35912b2866d591fb","name":"Editor General","image":{"@type":"ImageObject","inLanguage":"es","@id":"https:\/\/luchonoticias.com\/editor\/#\/schema\/person\/image\/","url":"https:\/\/luchonoticias.com\/editor\/wp-content\/uploads\/2024\/02\/cropped-cropped-logolu-150x150.webp","contentUrl":"https:\/\/luchonoticias.com\/editor\/wp-content\/uploads\/2024\/02\/cropped-cropped-logolu-150x150.webp","caption":"Editor General"},"sameAs":["https:\/\/luchonoticias.com\/"],"url":"https:\/\/luchonoticias.com\/editor\/author\/editor-general\/"}]}},"_links":{"self":[{"href":"https:\/\/luchonoticias.com\/editor\/wp-json\/wp\/v2\/posts\/64532","targetHints":{"allow":["GET"]}}],"collection":[{"href":"https:\/\/luchonoticias.com\/editor\/wp-json\/wp\/v2\/posts"}],"about":[{"href":"https:\/\/luchonoticias.com\/editor\/wp-json\/wp\/v2\/types\/post"}],"author":[{"embeddable":true,"href":"https:\/\/luchonoticias.com\/editor\/wp-json\/wp\/v2\/users\/2"}],"replies":[{"embeddable":true,"href":"https:\/\/luchonoticias.com\/editor\/wp-json\/wp\/v2\/comments?post=64532"}],"version-history":[{"count":0,"href":"https:\/\/luchonoticias.com\/editor\/wp-json\/wp\/v2\/posts\/64532\/revisions"}],"wp:attachment":[{"href":"https:\/\/luchonoticias.com\/editor\/wp-json\/wp\/v2\/media?parent=64532"}],"wp:term":[{"taxonomy":"category","embeddable":true,"href":"https:\/\/luchonoticias.com\/editor\/wp-json\/wp\/v2\/categories?post=64532"},{"taxonomy":"post_tag","embeddable":true,"href":"https:\/\/luchonoticias.com\/editor\/wp-json\/wp\/v2\/tags?post=64532"}],"curies":[{"name":"wp","href":"https:\/\/api.w.org\/{rel}","templated":true}]}}