{"id":64559,"date":"2023-11-25T14:35:34","date_gmt":"2023-11-25T19:35:34","guid":{"rendered":"https:\/\/luchonoticias.com\/?p=64559"},"modified":"2023-11-25T14:35:35","modified_gmt":"2023-11-25T19:35:35","slug":"fallo-tecnologico-en-el-siif-ocasiono-dobles-pagos-a-algunos-funcionarios-publicos-minhacienda","status":"publish","type":"post","link":"https:\/\/luchonoticias.com\/editor\/fallo-tecnologico-en-el-siif-ocasiono-dobles-pagos-a-algunos-funcionarios-publicos-minhacienda\/","title":{"rendered":"Fallo tecnol\u00f3gico en el SIIF ocasion\u00f3 dobles pagos a algunos funcionarios p\u00fablicos: MinHacienda"},"content":{"rendered":"\n<p>El ministro de Hacienda y Cr\u00e9dito P\u00fablico, Ricardo Bonilla Gonz\u00e1lez, explic\u00f3 que debido a una falla tecnol\u00f3gica en el Sistema Integrado de Informaci\u00f3n Financiera (SIIF), algunos funcionarios del Estado recibieron en sus cuentas bancarias dos y hasta tres veces el pago de sus sueldos de noviembre de 2023.<\/p>\n\n\n\n<p>El funcionario dijo que, seg\u00fan los t\u00e9cnicos, se descarta que se hubiera tratado de un intento de hackeo del SIIF o un error humano, pero s\u00ed de una falla tecnol\u00f3gica.<\/p>\n\n\n\n<p>Insisti\u00f3 en que ayer, una vez se detect\u00f3 la falla tecnol\u00f3gica, se cancel\u00f3 el resto de pagos y se les notific\u00f3 a tiempo a las entidades financieras para comenzar la reversi\u00f3n.<\/p>\n\n\n\n<p>\u201cNo tiene ning\u00fan sentido que se dupliquen o tripliquen las n\u00f3minas. Los t\u00e9cnicos dicen que el sistema multiplic\u00f3 algunas cosas y estamos revisando d\u00f3nde est\u00e1 el origen de esa falla\u201d, asegur\u00f3.<\/p>\n\n\n\n<p>\u201cA algunos funcionarios les lleg\u00f3 el doble y en ocasiones hasta el triple pago, y en el momento en que se identific\u00f3 esta falla se par\u00f3 el sistema y se procedi\u00f3 a organizar la reversi\u00f3n\u201d, coment\u00f3 el ministro.<\/p>\n\n\n\n<p>Bonilla se\u00f1al\u00f3 que, para realizar la reversi\u00f3n de lo pagado de m\u00e1s, se cuenta con el apoyo del Banco de la Rep\u00fablica, la Asobancaria y los presidentes de los bancos comerciales donde se tienen identificadas las cuentas afectadas.<\/p>\n\n\n\n<p>\u201cCon esto enviamos un parte de tranquilidad de que a los funcionarios no se les va a cobrar el cuatro por mil, porque la reversi\u00f3n la hace directamente la entidad financiera. Y a los funcionarios p\u00fablicos que no hayan recibido su mesada, la van a recibir el lunes\u201d, agreg\u00f3.<\/p>\n\n\n\n<p>El ministro dijo que al menos ocho entidades se vieron afectadas en el pago de la n\u00f3mina, entre ellas la Procuradur\u00eda, el Dapre, los Ministerios de Defensa y Salud, pero el pr\u00f3ximo lunes se tendr\u00e1 un informe consolidado.<\/p>\n\n\n\n<p>\u201cLos funcionarios que recibieron ese pago adicional tienen responsabilidad p\u00fablica, por lo tanto tendr\u00e1n que esperar la actuaci\u00f3n de su respectiva entidad\u201d, asegur\u00f3.<\/p>\n\n\n\n<p>Y concluy\u00f3 que adem\u00e1s de la molestia que se pudo generar a los funcionarios afectados, lo que debe quedar claro es que \u201chubo una falla tecnol\u00f3gica que no puede volver a suceder\u201d.<\/p>\n","protected":false},"excerpt":{"rendered":"<p>El ministro de Hacienda y Cr\u00e9dito P\u00fablico, Ricardo Bonilla Gonz\u00e1lez, explic\u00f3 que debido a una falla tecnol\u00f3gica en el Sistema Integrado de Informaci\u00f3n Financiera (SIIF), algunos funcionarios del Estado recibieron en sus cuentas bancarias dos y hasta tres veces el pago de sus sueldos de noviembre de 2023. El funcionario dijo que, seg\u00fan los t\u00e9cnicos, [&hellip;]<\/p>\n","protected":false},"author":2,"featured_media":0,"comment_status":"open","ping_status":"open","sticky":false,"template":"","format":"standard","meta":{"footnotes":""},"categories":[36,32],"tags":[],"class_list":["post-64559","post","type-post","status-publish","format-standard","hentry","category-destacado","category-nacional"],"yoast_head":"<!-- This site is optimized with the Yoast SEO plugin v26.6 - https:\/\/yoast.com\/wordpress\/plugins\/seo\/ -->\n<title>Fallo tecnol\u00f3gico en el SIIF ocasion\u00f3 dobles pagos a algunos funcionarios p\u00fablicos: MinHacienda -<\/title>\n<meta name=\"robots\" content=\"index, follow, max-snippet:-1, max-image-preview:large, max-video-preview:-1\" \/>\n<link rel=\"canonical\" href=\"https:\/\/luchonoticias.com\/editor\/fallo-tecnologico-en-el-siif-ocasiono-dobles-pagos-a-algunos-funcionarios-publicos-minhacienda\/\" \/>\n<meta property=\"og:locale\" content=\"es_ES\" \/>\n<meta property=\"og:type\" content=\"article\" \/>\n<meta property=\"og:title\" content=\"Fallo tecnol\u00f3gico en el SIIF ocasion\u00f3 dobles pagos a algunos funcionarios p\u00fablicos: MinHacienda -\" \/>\n<meta property=\"og:url\" content=\"https:\/\/luchonoticias.com\/editor\/fallo-tecnologico-en-el-siif-ocasiono-dobles-pagos-a-algunos-funcionarios-publicos-minhacienda\/\" \/>\n<meta property=\"article:publisher\" content=\"https:\/\/www.facebook.com\/luchonoticiasneiva\" \/>\n<meta property=\"article:published_time\" content=\"2023-11-25T19:35:34+00:00\" \/>\n<meta property=\"article:modified_time\" content=\"2023-11-25T19:35:35+00:00\" \/>\n<meta name=\"author\" content=\"Editor General\" \/>\n<meta name=\"twitter:card\" content=\"summary_large_image\" \/>\n<meta name=\"twitter:label1\" content=\"Escrito por\" \/>\n\t<meta name=\"twitter:data1\" content=\"Editor General\" \/>\n\t<meta name=\"twitter:label2\" content=\"Tiempo de lectura\" \/>\n\t<meta name=\"twitter:data2\" content=\"2 minutos\" \/>\n<script type=\"application\/ld+json\" class=\"yoast-schema-graph\">{\"@context\":\"https:\/\/schema.org\",\"@graph\":[{\"@type\":\"Article\",\"@id\":\"https:\/\/luchonoticias.com\/editor\/fallo-tecnologico-en-el-siif-ocasiono-dobles-pagos-a-algunos-funcionarios-publicos-minhacienda\/#article\",\"isPartOf\":{\"@id\":\"https:\/\/luchonoticias.com\/editor\/fallo-tecnologico-en-el-siif-ocasiono-dobles-pagos-a-algunos-funcionarios-publicos-minhacienda\/\"},\"author\":{\"name\":\"Editor General\",\"@id\":\"https:\/\/luchonoticias.com\/editor\/#\/schema\/person\/29217990ddf6f14e35912b2866d591fb\"},\"headline\":\"Fallo tecnol\u00f3gico en el SIIF ocasion\u00f3 dobles pagos a algunos funcionarios p\u00fablicos: MinHacienda\",\"datePublished\":\"2023-11-25T19:35:34+00:00\",\"dateModified\":\"2023-11-25T19:35:35+00:00\",\"mainEntityOfPage\":{\"@id\":\"https:\/\/luchonoticias.com\/editor\/fallo-tecnologico-en-el-siif-ocasiono-dobles-pagos-a-algunos-funcionarios-publicos-minhacienda\/\"},\"wordCount\":401,\"commentCount\":0,\"publisher\":{\"@id\":\"https:\/\/luchonoticias.com\/editor\/#\/schema\/person\/7a7fd911f58561fd056dbac7b55af9cd\"},\"articleSection\":[\"Destacado\",\"Nacional\"],\"inLanguage\":\"es\",\"potentialAction\":[{\"@type\":\"CommentAction\",\"name\":\"Comment\",\"target\":[\"https:\/\/luchonoticias.com\/editor\/fallo-tecnologico-en-el-siif-ocasiono-dobles-pagos-a-algunos-funcionarios-publicos-minhacienda\/#respond\"]}]},{\"@type\":\"WebPage\",\"@id\":\"https:\/\/luchonoticias.com\/editor\/fallo-tecnologico-en-el-siif-ocasiono-dobles-pagos-a-algunos-funcionarios-publicos-minhacienda\/\",\"url\":\"https:\/\/luchonoticias.com\/editor\/fallo-tecnologico-en-el-siif-ocasiono-dobles-pagos-a-algunos-funcionarios-publicos-minhacienda\/\",\"name\":\"Fallo tecnol\u00f3gico en el SIIF ocasion\u00f3 dobles pagos a algunos funcionarios p\u00fablicos: MinHacienda -\",\"isPartOf\":{\"@id\":\"https:\/\/luchonoticias.com\/editor\/#website\"},\"datePublished\":\"2023-11-25T19:35:34+00:00\",\"dateModified\":\"2023-11-25T19:35:35+00:00\",\"breadcrumb\":{\"@id\":\"https:\/\/luchonoticias.com\/editor\/fallo-tecnologico-en-el-siif-ocasiono-dobles-pagos-a-algunos-funcionarios-publicos-minhacienda\/#breadcrumb\"},\"inLanguage\":\"es\",\"potentialAction\":[{\"@type\":\"ReadAction\",\"target\":[\"https:\/\/luchonoticias.com\/editor\/fallo-tecnologico-en-el-siif-ocasiono-dobles-pagos-a-algunos-funcionarios-publicos-minhacienda\/\"]}]},{\"@type\":\"BreadcrumbList\",\"@id\":\"https:\/\/luchonoticias.com\/editor\/fallo-tecnologico-en-el-siif-ocasiono-dobles-pagos-a-algunos-funcionarios-publicos-minhacienda\/#breadcrumb\",\"itemListElement\":[{\"@type\":\"ListItem\",\"position\":1,\"name\":\"Portada\",\"item\":\"https:\/\/luchonoticias.com\/editor\/\"},{\"@type\":\"ListItem\",\"position\":2,\"name\":\"Fallo tecnol\u00f3gico en el SIIF ocasion\u00f3 dobles pagos a algunos funcionarios p\u00fablicos: MinHacienda\"}]},{\"@type\":\"WebSite\",\"@id\":\"https:\/\/luchonoticias.com\/editor\/#website\",\"url\":\"https:\/\/luchonoticias.com\/editor\/\",\"name\":\"\",\"description\":\"\",\"publisher\":{\"@id\":\"https:\/\/luchonoticias.com\/editor\/#\/schema\/person\/7a7fd911f58561fd056dbac7b55af9cd\"},\"potentialAction\":[{\"@type\":\"SearchAction\",\"target\":{\"@type\":\"EntryPoint\",\"urlTemplate\":\"https:\/\/luchonoticias.com\/editor\/?s={search_term_string}\"},\"query-input\":{\"@type\":\"PropertyValueSpecification\",\"valueRequired\":true,\"valueName\":\"search_term_string\"}}],\"inLanguage\":\"es\"},{\"@type\":[\"Person\",\"Organization\"],\"@id\":\"https:\/\/luchonoticias.com\/editor\/#\/schema\/person\/7a7fd911f58561fd056dbac7b55af9cd\",\"name\":\"admin\",\"image\":{\"@type\":\"ImageObject\",\"inLanguage\":\"es\",\"@id\":\"https:\/\/luchonoticias.com\/editor\/#\/schema\/person\/image\/\",\"url\":\"https:\/\/luchonoticias.com\/editor\/wp-content\/uploads\/2024\/02\/cropped-cropped-logolu.webp\",\"contentUrl\":\"https:\/\/luchonoticias.com\/editor\/wp-content\/uploads\/2024\/02\/cropped-cropped-logolu.webp\",\"width\":382,\"height\":170,\"caption\":\"admin\"},\"logo\":{\"@id\":\"https:\/\/luchonoticias.com\/editor\/#\/schema\/person\/image\/\"},\"sameAs\":[\"https:\/\/www.facebook.com\/luchonoticiasneiva\"]},{\"@type\":\"Person\",\"@id\":\"https:\/\/luchonoticias.com\/editor\/#\/schema\/person\/29217990ddf6f14e35912b2866d591fb\",\"name\":\"Editor General\",\"image\":{\"@type\":\"ImageObject\",\"inLanguage\":\"es\",\"@id\":\"https:\/\/luchonoticias.com\/editor\/#\/schema\/person\/image\/\",\"url\":\"https:\/\/luchonoticias.com\/editor\/wp-content\/uploads\/2024\/02\/cropped-cropped-logolu-150x150.webp\",\"contentUrl\":\"https:\/\/luchonoticias.com\/editor\/wp-content\/uploads\/2024\/02\/cropped-cropped-logolu-150x150.webp\",\"caption\":\"Editor General\"},\"sameAs\":[\"https:\/\/luchonoticias.com\/\"],\"url\":\"https:\/\/luchonoticias.com\/editor\/author\/editor-general\/\"}]}<\/script>\n<!-- \/ Yoast SEO plugin. -->","yoast_head_json":{"title":"Fallo tecnol\u00f3gico en el SIIF ocasion\u00f3 dobles pagos a algunos funcionarios p\u00fablicos: MinHacienda -","robots":{"index":"index","follow":"follow","max-snippet":"max-snippet:-1","max-image-preview":"max-image-preview:large","max-video-preview":"max-video-preview:-1"},"canonical":"https:\/\/luchonoticias.com\/editor\/fallo-tecnologico-en-el-siif-ocasiono-dobles-pagos-a-algunos-funcionarios-publicos-minhacienda\/","og_locale":"es_ES","og_type":"article","og_title":"Fallo tecnol\u00f3gico en el SIIF ocasion\u00f3 dobles pagos a algunos funcionarios p\u00fablicos: MinHacienda -","og_url":"https:\/\/luchonoticias.com\/editor\/fallo-tecnologico-en-el-siif-ocasiono-dobles-pagos-a-algunos-funcionarios-publicos-minhacienda\/","article_publisher":"https:\/\/www.facebook.com\/luchonoticiasneiva","article_published_time":"2023-11-25T19:35:34+00:00","article_modified_time":"2023-11-25T19:35:35+00:00","author":"Editor General","twitter_card":"summary_large_image","twitter_misc":{"Escrito por":"Editor General","Tiempo de lectura":"2 minutos"},"schema":{"@context":"https:\/\/schema.org","@graph":[{"@type":"Article","@id":"https:\/\/luchonoticias.com\/editor\/fallo-tecnologico-en-el-siif-ocasiono-dobles-pagos-a-algunos-funcionarios-publicos-minhacienda\/#article","isPartOf":{"@id":"https:\/\/luchonoticias.com\/editor\/fallo-tecnologico-en-el-siif-ocasiono-dobles-pagos-a-algunos-funcionarios-publicos-minhacienda\/"},"author":{"name":"Editor General","@id":"https:\/\/luchonoticias.com\/editor\/#\/schema\/person\/29217990ddf6f14e35912b2866d591fb"},"headline":"Fallo tecnol\u00f3gico en el SIIF ocasion\u00f3 dobles pagos a algunos funcionarios p\u00fablicos: MinHacienda","datePublished":"2023-11-25T19:35:34+00:00","dateModified":"2023-11-25T19:35:35+00:00","mainEntityOfPage":{"@id":"https:\/\/luchonoticias.com\/editor\/fallo-tecnologico-en-el-siif-ocasiono-dobles-pagos-a-algunos-funcionarios-publicos-minhacienda\/"},"wordCount":401,"commentCount":0,"publisher":{"@id":"https:\/\/luchonoticias.com\/editor\/#\/schema\/person\/7a7fd911f58561fd056dbac7b55af9cd"},"articleSection":["Destacado","Nacional"],"inLanguage":"es","potentialAction":[{"@type":"CommentAction","name":"Comment","target":["https:\/\/luchonoticias.com\/editor\/fallo-tecnologico-en-el-siif-ocasiono-dobles-pagos-a-algunos-funcionarios-publicos-minhacienda\/#respond"]}]},{"@type":"WebPage","@id":"https:\/\/luchonoticias.com\/editor\/fallo-tecnologico-en-el-siif-ocasiono-dobles-pagos-a-algunos-funcionarios-publicos-minhacienda\/","url":"https:\/\/luchonoticias.com\/editor\/fallo-tecnologico-en-el-siif-ocasiono-dobles-pagos-a-algunos-funcionarios-publicos-minhacienda\/","name":"Fallo tecnol\u00f3gico en el SIIF ocasion\u00f3 dobles pagos a algunos funcionarios p\u00fablicos: MinHacienda -","isPartOf":{"@id":"https:\/\/luchonoticias.com\/editor\/#website"},"datePublished":"2023-11-25T19:35:34+00:00","dateModified":"2023-11-25T19:35:35+00:00","breadcrumb":{"@id":"https:\/\/luchonoticias.com\/editor\/fallo-tecnologico-en-el-siif-ocasiono-dobles-pagos-a-algunos-funcionarios-publicos-minhacienda\/#breadcrumb"},"inLanguage":"es","potentialAction":[{"@type":"ReadAction","target":["https:\/\/luchonoticias.com\/editor\/fallo-tecnologico-en-el-siif-ocasiono-dobles-pagos-a-algunos-funcionarios-publicos-minhacienda\/"]}]},{"@type":"BreadcrumbList","@id":"https:\/\/luchonoticias.com\/editor\/fallo-tecnologico-en-el-siif-ocasiono-dobles-pagos-a-algunos-funcionarios-publicos-minhacienda\/#breadcrumb","itemListElement":[{"@type":"ListItem","position":1,"name":"Portada","item":"https:\/\/luchonoticias.com\/editor\/"},{"@type":"ListItem","position":2,"name":"Fallo tecnol\u00f3gico en el SIIF ocasion\u00f3 dobles pagos a algunos funcionarios p\u00fablicos: MinHacienda"}]},{"@type":"WebSite","@id":"https:\/\/luchonoticias.com\/editor\/#website","url":"https:\/\/luchonoticias.com\/editor\/","name":"","description":"","publisher":{"@id":"https:\/\/luchonoticias.com\/editor\/#\/schema\/person\/7a7fd911f58561fd056dbac7b55af9cd"},"potentialAction":[{"@type":"SearchAction","target":{"@type":"EntryPoint","urlTemplate":"https:\/\/luchonoticias.com\/editor\/?s={search_term_string}"},"query-input":{"@type":"PropertyValueSpecification","valueRequired":true,"valueName":"search_term_string"}}],"inLanguage":"es"},{"@type":["Person","Organization"],"@id":"https:\/\/luchonoticias.com\/editor\/#\/schema\/person\/7a7fd911f58561fd056dbac7b55af9cd","name":"admin","image":{"@type":"ImageObject","inLanguage":"es","@id":"https:\/\/luchonoticias.com\/editor\/#\/schema\/person\/image\/","url":"https:\/\/luchonoticias.com\/editor\/wp-content\/uploads\/2024\/02\/cropped-cropped-logolu.webp","contentUrl":"https:\/\/luchonoticias.com\/editor\/wp-content\/uploads\/2024\/02\/cropped-cropped-logolu.webp","width":382,"height":170,"caption":"admin"},"logo":{"@id":"https:\/\/luchonoticias.com\/editor\/#\/schema\/person\/image\/"},"sameAs":["https:\/\/www.facebook.com\/luchonoticiasneiva"]},{"@type":"Person","@id":"https:\/\/luchonoticias.com\/editor\/#\/schema\/person\/29217990ddf6f14e35912b2866d591fb","name":"Editor General","image":{"@type":"ImageObject","inLanguage":"es","@id":"https:\/\/luchonoticias.com\/editor\/#\/schema\/person\/image\/","url":"https:\/\/luchonoticias.com\/editor\/wp-content\/uploads\/2024\/02\/cropped-cropped-logolu-150x150.webp","contentUrl":"https:\/\/luchonoticias.com\/editor\/wp-content\/uploads\/2024\/02\/cropped-cropped-logolu-150x150.webp","caption":"Editor General"},"sameAs":["https:\/\/luchonoticias.com\/"],"url":"https:\/\/luchonoticias.com\/editor\/author\/editor-general\/"}]}},"_links":{"self":[{"href":"https:\/\/luchonoticias.com\/editor\/wp-json\/wp\/v2\/posts\/64559","targetHints":{"allow":["GET"]}}],"collection":[{"href":"https:\/\/luchonoticias.com\/editor\/wp-json\/wp\/v2\/posts"}],"about":[{"href":"https:\/\/luchonoticias.com\/editor\/wp-json\/wp\/v2\/types\/post"}],"author":[{"embeddable":true,"href":"https:\/\/luchonoticias.com\/editor\/wp-json\/wp\/v2\/users\/2"}],"replies":[{"embeddable":true,"href":"https:\/\/luchonoticias.com\/editor\/wp-json\/wp\/v2\/comments?post=64559"}],"version-history":[{"count":0,"href":"https:\/\/luchonoticias.com\/editor\/wp-json\/wp\/v2\/posts\/64559\/revisions"}],"wp:attachment":[{"href":"https:\/\/luchonoticias.com\/editor\/wp-json\/wp\/v2\/media?parent=64559"}],"wp:term":[{"taxonomy":"category","embeddable":true,"href":"https:\/\/luchonoticias.com\/editor\/wp-json\/wp\/v2\/categories?post=64559"},{"taxonomy":"post_tag","embeddable":true,"href":"https:\/\/luchonoticias.com\/editor\/wp-json\/wp\/v2\/tags?post=64559"}],"curies":[{"name":"wp","href":"https:\/\/api.w.org\/{rel}","templated":true}]}}