{"id":64725,"date":"2023-11-28T17:52:33","date_gmt":"2023-11-28T22:52:33","guid":{"rendered":"https:\/\/luchonoticias.com\/?p=64725"},"modified":"2023-11-28T17:52:35","modified_gmt":"2023-11-28T22:52:35","slug":"privados-de-la-libertad-tres-policias-por-presuntamente-exigir-dinero-a-un-hombre-a-cambio-de-dejarlo-en-libertad","status":"publish","type":"post","link":"https:\/\/luchonoticias.com\/editor\/privados-de-la-libertad-tres-policias-por-presuntamente-exigir-dinero-a-un-hombre-a-cambio-de-dejarlo-en-libertad\/","title":{"rendered":"Privados de la libertad tres polic\u00edas por presuntamente exigir dinero a un hombre a cambio de dejarlo en libertad"},"content":{"rendered":"\n<p>La Fiscal\u00eda a trav\u00e9s de un despacho de la Unidad de Administraci\u00f3n P\u00fablica de la Seccional Huila, logr\u00f3 que tres funcionarios de la Polic\u00eda Nacional fueran privados de la libertad se\u00f1alados de haber constre\u00f1ido a un ciudadano, en noviembre de este a\u00f1o, para que les diera dinero a cambio de darle libertad de manera ilegal.<\/p>\n\n\n\n<p>La v\u00edctima fue capturada en el momento en que se verificaron los antecedentes de la moto que conduc\u00eda, percat\u00e1ndose los policiales que estaba inmersa en una investigaci\u00f3n por hurto y extorsi\u00f3n en un despacho del Gaula del Meta, por lo que el veh\u00edculo fue detenido e inmovilizado.<\/p>\n\n\n\n<p>Se trata de Carlos Alberto Almeciga Ortega, \u00d3scar Andr\u00e9s Virguez Sep\u00falveda y Alveiro Boh\u00f3rquez Rivera, detenidos por investigadores del Cuerpo T\u00e9cnico de Investigaci\u00f3n (CTI) en el Comando de la Polic\u00eda Metropolitana de Neiva, por su presunta responsabilidad en los delitos de concusi\u00f3n, destrucci\u00f3n, supresi\u00f3n u ocultamiento de documento p\u00fablico agravado, prevaricato por omisi\u00f3n y falsedad ideol\u00f3gica en documento p\u00fablico, los cuales no aceptaron haber cometido.<\/p>\n\n\n\n<p>Los hechos investigados ocurrieron el 1 de noviembre de 2022 en el CAI Los Alpes de Neiva. Los agentes, aprovech\u00e1ndose de las funciones propias de su cargo, se comunicaron con los padres del motociclista para exigirles la suma de $3.000.000 a cambio facilitar su libertad y destruir los elementos materiales probatorios que dieron lugar a su captura en flagrancia.<\/p>\n\n\n\n<p>Asimismo, har\u00edan pasar la moto como hallada en estado de abandono y la pondr\u00edan a disposici\u00f3n del fiscal que lidera el caso en el Meta, lo cual ocurri\u00f3 el 3 de noviembre del mismo a\u00f1o, plasmando en documentos p\u00fablicos falsedades con respecto a la fecha y forma en que fuera incautado el veh\u00edculo.<\/p>\n\n\n\n<p>Al t\u00e9rmino de las audiencias de rigor, un juez con funciones de control de garant\u00edas les impuso medida de aseguramiento en sus domicilios mientras avanza la investigaci\u00f3n.<\/p>\n","protected":false},"excerpt":{"rendered":"<p>La Fiscal\u00eda a trav\u00e9s de un despacho de la Unidad de Administraci\u00f3n P\u00fablica de la Seccional Huila, logr\u00f3 que tres funcionarios de la Polic\u00eda Nacional fueran privados de la libertad se\u00f1alados de haber constre\u00f1ido a un ciudadano, en noviembre de este a\u00f1o, para que les diera dinero a cambio de darle libertad de manera ilegal. [&hellip;]<\/p>\n","protected":false},"author":2,"featured_media":0,"comment_status":"open","ping_status":"open","sticky":false,"template":"","format":"standard","meta":{"footnotes":""},"categories":[36,29],"tags":[],"class_list":["post-64725","post","type-post","status-publish","format-standard","hentry","category-destacado","category-judicial"],"yoast_head":"<!-- This site is optimized with the Yoast SEO plugin v26.6 - https:\/\/yoast.com\/wordpress\/plugins\/seo\/ -->\n<title>Privados de la libertad tres polic\u00edas por presuntamente exigir dinero a un hombre a cambio de dejarlo en libertad -<\/title>\n<meta name=\"robots\" content=\"index, follow, max-snippet:-1, max-image-preview:large, max-video-preview:-1\" \/>\n<link rel=\"canonical\" href=\"https:\/\/luchonoticias.com\/editor\/privados-de-la-libertad-tres-policias-por-presuntamente-exigir-dinero-a-un-hombre-a-cambio-de-dejarlo-en-libertad\/\" \/>\n<meta property=\"og:locale\" content=\"es_ES\" \/>\n<meta property=\"og:type\" content=\"article\" \/>\n<meta property=\"og:title\" content=\"Privados de la libertad tres polic\u00edas por presuntamente exigir dinero a un hombre a cambio de dejarlo en libertad -\" \/>\n<meta property=\"og:url\" content=\"https:\/\/luchonoticias.com\/editor\/privados-de-la-libertad-tres-policias-por-presuntamente-exigir-dinero-a-un-hombre-a-cambio-de-dejarlo-en-libertad\/\" \/>\n<meta property=\"article:publisher\" content=\"https:\/\/www.facebook.com\/luchonoticiasneiva\" \/>\n<meta property=\"article:published_time\" content=\"2023-11-28T22:52:33+00:00\" \/>\n<meta property=\"article:modified_time\" content=\"2023-11-28T22:52:35+00:00\" \/>\n<meta name=\"author\" content=\"Editor General\" \/>\n<meta name=\"twitter:card\" content=\"summary_large_image\" \/>\n<meta name=\"twitter:label1\" content=\"Escrito por\" \/>\n\t<meta name=\"twitter:data1\" content=\"Editor General\" \/>\n\t<meta name=\"twitter:label2\" content=\"Tiempo de lectura\" \/>\n\t<meta name=\"twitter:data2\" content=\"2 minutos\" \/>\n<script type=\"application\/ld+json\" class=\"yoast-schema-graph\">{\"@context\":\"https:\/\/schema.org\",\"@graph\":[{\"@type\":\"Article\",\"@id\":\"https:\/\/luchonoticias.com\/editor\/privados-de-la-libertad-tres-policias-por-presuntamente-exigir-dinero-a-un-hombre-a-cambio-de-dejarlo-en-libertad\/#article\",\"isPartOf\":{\"@id\":\"https:\/\/luchonoticias.com\/editor\/privados-de-la-libertad-tres-policias-por-presuntamente-exigir-dinero-a-un-hombre-a-cambio-de-dejarlo-en-libertad\/\"},\"author\":{\"name\":\"Editor General\",\"@id\":\"https:\/\/luchonoticias.com\/editor\/#\/schema\/person\/29217990ddf6f14e35912b2866d591fb\"},\"headline\":\"Privados de la libertad tres polic\u00edas por presuntamente exigir dinero a un hombre a cambio de dejarlo en libertad\",\"datePublished\":\"2023-11-28T22:52:33+00:00\",\"dateModified\":\"2023-11-28T22:52:35+00:00\",\"mainEntityOfPage\":{\"@id\":\"https:\/\/luchonoticias.com\/editor\/privados-de-la-libertad-tres-policias-por-presuntamente-exigir-dinero-a-un-hombre-a-cambio-de-dejarlo-en-libertad\/\"},\"wordCount\":359,\"commentCount\":0,\"publisher\":{\"@id\":\"https:\/\/luchonoticias.com\/editor\/#\/schema\/person\/7a7fd911f58561fd056dbac7b55af9cd\"},\"articleSection\":[\"Destacado\",\"Judicial\"],\"inLanguage\":\"es\",\"potentialAction\":[{\"@type\":\"CommentAction\",\"name\":\"Comment\",\"target\":[\"https:\/\/luchonoticias.com\/editor\/privados-de-la-libertad-tres-policias-por-presuntamente-exigir-dinero-a-un-hombre-a-cambio-de-dejarlo-en-libertad\/#respond\"]}]},{\"@type\":\"WebPage\",\"@id\":\"https:\/\/luchonoticias.com\/editor\/privados-de-la-libertad-tres-policias-por-presuntamente-exigir-dinero-a-un-hombre-a-cambio-de-dejarlo-en-libertad\/\",\"url\":\"https:\/\/luchonoticias.com\/editor\/privados-de-la-libertad-tres-policias-por-presuntamente-exigir-dinero-a-un-hombre-a-cambio-de-dejarlo-en-libertad\/\",\"name\":\"Privados de la libertad tres polic\u00edas por presuntamente exigir dinero a un hombre a cambio de dejarlo en libertad -\",\"isPartOf\":{\"@id\":\"https:\/\/luchonoticias.com\/editor\/#website\"},\"datePublished\":\"2023-11-28T22:52:33+00:00\",\"dateModified\":\"2023-11-28T22:52:35+00:00\",\"breadcrumb\":{\"@id\":\"https:\/\/luchonoticias.com\/editor\/privados-de-la-libertad-tres-policias-por-presuntamente-exigir-dinero-a-un-hombre-a-cambio-de-dejarlo-en-libertad\/#breadcrumb\"},\"inLanguage\":\"es\",\"potentialAction\":[{\"@type\":\"ReadAction\",\"target\":[\"https:\/\/luchonoticias.com\/editor\/privados-de-la-libertad-tres-policias-por-presuntamente-exigir-dinero-a-un-hombre-a-cambio-de-dejarlo-en-libertad\/\"]}]},{\"@type\":\"BreadcrumbList\",\"@id\":\"https:\/\/luchonoticias.com\/editor\/privados-de-la-libertad-tres-policias-por-presuntamente-exigir-dinero-a-un-hombre-a-cambio-de-dejarlo-en-libertad\/#breadcrumb\",\"itemListElement\":[{\"@type\":\"ListItem\",\"position\":1,\"name\":\"Portada\",\"item\":\"https:\/\/luchonoticias.com\/editor\/\"},{\"@type\":\"ListItem\",\"position\":2,\"name\":\"Privados de la libertad tres polic\u00edas por presuntamente exigir dinero a un hombre a cambio de dejarlo en libertad\"}]},{\"@type\":\"WebSite\",\"@id\":\"https:\/\/luchonoticias.com\/editor\/#website\",\"url\":\"https:\/\/luchonoticias.com\/editor\/\",\"name\":\"\",\"description\":\"\",\"publisher\":{\"@id\":\"https:\/\/luchonoticias.com\/editor\/#\/schema\/person\/7a7fd911f58561fd056dbac7b55af9cd\"},\"potentialAction\":[{\"@type\":\"SearchAction\",\"target\":{\"@type\":\"EntryPoint\",\"urlTemplate\":\"https:\/\/luchonoticias.com\/editor\/?s={search_term_string}\"},\"query-input\":{\"@type\":\"PropertyValueSpecification\",\"valueRequired\":true,\"valueName\":\"search_term_string\"}}],\"inLanguage\":\"es\"},{\"@type\":[\"Person\",\"Organization\"],\"@id\":\"https:\/\/luchonoticias.com\/editor\/#\/schema\/person\/7a7fd911f58561fd056dbac7b55af9cd\",\"name\":\"admin\",\"image\":{\"@type\":\"ImageObject\",\"inLanguage\":\"es\",\"@id\":\"https:\/\/luchonoticias.com\/editor\/#\/schema\/person\/image\/\",\"url\":\"https:\/\/luchonoticias.com\/editor\/wp-content\/uploads\/2024\/02\/cropped-cropped-logolu.webp\",\"contentUrl\":\"https:\/\/luchonoticias.com\/editor\/wp-content\/uploads\/2024\/02\/cropped-cropped-logolu.webp\",\"width\":382,\"height\":170,\"caption\":\"admin\"},\"logo\":{\"@id\":\"https:\/\/luchonoticias.com\/editor\/#\/schema\/person\/image\/\"},\"sameAs\":[\"https:\/\/www.facebook.com\/luchonoticiasneiva\"]},{\"@type\":\"Person\",\"@id\":\"https:\/\/luchonoticias.com\/editor\/#\/schema\/person\/29217990ddf6f14e35912b2866d591fb\",\"name\":\"Editor General\",\"image\":{\"@type\":\"ImageObject\",\"inLanguage\":\"es\",\"@id\":\"https:\/\/luchonoticias.com\/editor\/#\/schema\/person\/image\/\",\"url\":\"https:\/\/luchonoticias.com\/editor\/wp-content\/uploads\/2024\/02\/cropped-cropped-logolu-150x150.webp\",\"contentUrl\":\"https:\/\/luchonoticias.com\/editor\/wp-content\/uploads\/2024\/02\/cropped-cropped-logolu-150x150.webp\",\"caption\":\"Editor General\"},\"sameAs\":[\"https:\/\/luchonoticias.com\/\"],\"url\":\"https:\/\/luchonoticias.com\/editor\/author\/editor-general\/\"}]}<\/script>\n<!-- \/ Yoast SEO plugin. -->","yoast_head_json":{"title":"Privados de la libertad tres polic\u00edas por presuntamente exigir dinero a un hombre a cambio de dejarlo en libertad -","robots":{"index":"index","follow":"follow","max-snippet":"max-snippet:-1","max-image-preview":"max-image-preview:large","max-video-preview":"max-video-preview:-1"},"canonical":"https:\/\/luchonoticias.com\/editor\/privados-de-la-libertad-tres-policias-por-presuntamente-exigir-dinero-a-un-hombre-a-cambio-de-dejarlo-en-libertad\/","og_locale":"es_ES","og_type":"article","og_title":"Privados de la libertad tres polic\u00edas por presuntamente exigir dinero a un hombre a cambio de dejarlo en libertad -","og_url":"https:\/\/luchonoticias.com\/editor\/privados-de-la-libertad-tres-policias-por-presuntamente-exigir-dinero-a-un-hombre-a-cambio-de-dejarlo-en-libertad\/","article_publisher":"https:\/\/www.facebook.com\/luchonoticiasneiva","article_published_time":"2023-11-28T22:52:33+00:00","article_modified_time":"2023-11-28T22:52:35+00:00","author":"Editor General","twitter_card":"summary_large_image","twitter_misc":{"Escrito por":"Editor General","Tiempo de lectura":"2 minutos"},"schema":{"@context":"https:\/\/schema.org","@graph":[{"@type":"Article","@id":"https:\/\/luchonoticias.com\/editor\/privados-de-la-libertad-tres-policias-por-presuntamente-exigir-dinero-a-un-hombre-a-cambio-de-dejarlo-en-libertad\/#article","isPartOf":{"@id":"https:\/\/luchonoticias.com\/editor\/privados-de-la-libertad-tres-policias-por-presuntamente-exigir-dinero-a-un-hombre-a-cambio-de-dejarlo-en-libertad\/"},"author":{"name":"Editor General","@id":"https:\/\/luchonoticias.com\/editor\/#\/schema\/person\/29217990ddf6f14e35912b2866d591fb"},"headline":"Privados de la libertad tres polic\u00edas por presuntamente exigir dinero a un hombre a cambio de dejarlo en libertad","datePublished":"2023-11-28T22:52:33+00:00","dateModified":"2023-11-28T22:52:35+00:00","mainEntityOfPage":{"@id":"https:\/\/luchonoticias.com\/editor\/privados-de-la-libertad-tres-policias-por-presuntamente-exigir-dinero-a-un-hombre-a-cambio-de-dejarlo-en-libertad\/"},"wordCount":359,"commentCount":0,"publisher":{"@id":"https:\/\/luchonoticias.com\/editor\/#\/schema\/person\/7a7fd911f58561fd056dbac7b55af9cd"},"articleSection":["Destacado","Judicial"],"inLanguage":"es","potentialAction":[{"@type":"CommentAction","name":"Comment","target":["https:\/\/luchonoticias.com\/editor\/privados-de-la-libertad-tres-policias-por-presuntamente-exigir-dinero-a-un-hombre-a-cambio-de-dejarlo-en-libertad\/#respond"]}]},{"@type":"WebPage","@id":"https:\/\/luchonoticias.com\/editor\/privados-de-la-libertad-tres-policias-por-presuntamente-exigir-dinero-a-un-hombre-a-cambio-de-dejarlo-en-libertad\/","url":"https:\/\/luchonoticias.com\/editor\/privados-de-la-libertad-tres-policias-por-presuntamente-exigir-dinero-a-un-hombre-a-cambio-de-dejarlo-en-libertad\/","name":"Privados de la libertad tres polic\u00edas por presuntamente exigir dinero a un hombre a cambio de dejarlo en libertad -","isPartOf":{"@id":"https:\/\/luchonoticias.com\/editor\/#website"},"datePublished":"2023-11-28T22:52:33+00:00","dateModified":"2023-11-28T22:52:35+00:00","breadcrumb":{"@id":"https:\/\/luchonoticias.com\/editor\/privados-de-la-libertad-tres-policias-por-presuntamente-exigir-dinero-a-un-hombre-a-cambio-de-dejarlo-en-libertad\/#breadcrumb"},"inLanguage":"es","potentialAction":[{"@type":"ReadAction","target":["https:\/\/luchonoticias.com\/editor\/privados-de-la-libertad-tres-policias-por-presuntamente-exigir-dinero-a-un-hombre-a-cambio-de-dejarlo-en-libertad\/"]}]},{"@type":"BreadcrumbList","@id":"https:\/\/luchonoticias.com\/editor\/privados-de-la-libertad-tres-policias-por-presuntamente-exigir-dinero-a-un-hombre-a-cambio-de-dejarlo-en-libertad\/#breadcrumb","itemListElement":[{"@type":"ListItem","position":1,"name":"Portada","item":"https:\/\/luchonoticias.com\/editor\/"},{"@type":"ListItem","position":2,"name":"Privados de la libertad tres polic\u00edas por presuntamente exigir dinero a un hombre a cambio de dejarlo en libertad"}]},{"@type":"WebSite","@id":"https:\/\/luchonoticias.com\/editor\/#website","url":"https:\/\/luchonoticias.com\/editor\/","name":"","description":"","publisher":{"@id":"https:\/\/luchonoticias.com\/editor\/#\/schema\/person\/7a7fd911f58561fd056dbac7b55af9cd"},"potentialAction":[{"@type":"SearchAction","target":{"@type":"EntryPoint","urlTemplate":"https:\/\/luchonoticias.com\/editor\/?s={search_term_string}"},"query-input":{"@type":"PropertyValueSpecification","valueRequired":true,"valueName":"search_term_string"}}],"inLanguage":"es"},{"@type":["Person","Organization"],"@id":"https:\/\/luchonoticias.com\/editor\/#\/schema\/person\/7a7fd911f58561fd056dbac7b55af9cd","name":"admin","image":{"@type":"ImageObject","inLanguage":"es","@id":"https:\/\/luchonoticias.com\/editor\/#\/schema\/person\/image\/","url":"https:\/\/luchonoticias.com\/editor\/wp-content\/uploads\/2024\/02\/cropped-cropped-logolu.webp","contentUrl":"https:\/\/luchonoticias.com\/editor\/wp-content\/uploads\/2024\/02\/cropped-cropped-logolu.webp","width":382,"height":170,"caption":"admin"},"logo":{"@id":"https:\/\/luchonoticias.com\/editor\/#\/schema\/person\/image\/"},"sameAs":["https:\/\/www.facebook.com\/luchonoticiasneiva"]},{"@type":"Person","@id":"https:\/\/luchonoticias.com\/editor\/#\/schema\/person\/29217990ddf6f14e35912b2866d591fb","name":"Editor General","image":{"@type":"ImageObject","inLanguage":"es","@id":"https:\/\/luchonoticias.com\/editor\/#\/schema\/person\/image\/","url":"https:\/\/luchonoticias.com\/editor\/wp-content\/uploads\/2024\/02\/cropped-cropped-logolu-150x150.webp","contentUrl":"https:\/\/luchonoticias.com\/editor\/wp-content\/uploads\/2024\/02\/cropped-cropped-logolu-150x150.webp","caption":"Editor General"},"sameAs":["https:\/\/luchonoticias.com\/"],"url":"https:\/\/luchonoticias.com\/editor\/author\/editor-general\/"}]}},"_links":{"self":[{"href":"https:\/\/luchonoticias.com\/editor\/wp-json\/wp\/v2\/posts\/64725","targetHints":{"allow":["GET"]}}],"collection":[{"href":"https:\/\/luchonoticias.com\/editor\/wp-json\/wp\/v2\/posts"}],"about":[{"href":"https:\/\/luchonoticias.com\/editor\/wp-json\/wp\/v2\/types\/post"}],"author":[{"embeddable":true,"href":"https:\/\/luchonoticias.com\/editor\/wp-json\/wp\/v2\/users\/2"}],"replies":[{"embeddable":true,"href":"https:\/\/luchonoticias.com\/editor\/wp-json\/wp\/v2\/comments?post=64725"}],"version-history":[{"count":0,"href":"https:\/\/luchonoticias.com\/editor\/wp-json\/wp\/v2\/posts\/64725\/revisions"}],"wp:attachment":[{"href":"https:\/\/luchonoticias.com\/editor\/wp-json\/wp\/v2\/media?parent=64725"}],"wp:term":[{"taxonomy":"category","embeddable":true,"href":"https:\/\/luchonoticias.com\/editor\/wp-json\/wp\/v2\/categories?post=64725"},{"taxonomy":"post_tag","embeddable":true,"href":"https:\/\/luchonoticias.com\/editor\/wp-json\/wp\/v2\/tags?post=64725"}],"curies":[{"name":"wp","href":"https:\/\/api.w.org\/{rel}","templated":true}]}}