{"id":64728,"date":"2023-11-28T19:46:11","date_gmt":"2023-11-29T00:46:11","guid":{"rendered":"https:\/\/luchonoticias.com\/?p=64728"},"modified":"2023-11-28T19:46:12","modified_gmt":"2023-11-29T00:46:12","slug":"fiscalia-abrio-investigacion-por-amenazas-de-muerte-contra-el-presidente-petro","status":"publish","type":"post","link":"https:\/\/luchonoticias.com\/editor\/fiscalia-abrio-investigacion-por-amenazas-de-muerte-contra-el-presidente-petro\/","title":{"rendered":"Fiscal\u00eda abri\u00f3 investigaci\u00f3n por amenazas de muerte contra el presidente Petro"},"content":{"rendered":"\n<p>La Fiscal\u00eda General de la Naci\u00f3n abri\u00f3 esta tarde una investigaci\u00f3n por presuntas amenazas de muerte contra el presidente Gustavo Petro Urrego.<\/p>\n\n\n\n<p>\u201cA ra\u00edz de las amenazas conocidas p\u00fablicamente contra el Presidente de la Rep\u00fablica, Gustavo Petro, la #Fiscal\u00eda General de la Naci\u00f3n, a trav\u00e9s del grupo de amenazas de la Direcci\u00f3n Especializada contra las Violaciones a los Derechos Humanos, abri\u00f3 una noticia criminal y est\u00e1 adelantando las labores investigativas\u201d, anunci\u00f3 el ente investigador.<\/p>\n\n\n\n<p>Esta ma\u00f1ana se conoci\u00f3 a trav\u00e9s de medios de comunicaci\u00f3n una serie de audios difundidos a trav\u00e9s de WhatsApp y denunciados p\u00fablicamente por Alfredo Saade, en los que se escucha a un hombre afirmar que el primer mandatario debe dejar el poder a cualquier costo.<\/p>\n\n\n\n<p>Incluso, al sujeto del audio se le escucha hablar de una posible guerra civil que tendr\u00eda como prop\u00f3sito acabar con la vida del primer mandatario, por sus recientes iniciativas para beneficiar a la poblaci\u00f3n joven con programas que se conocen popularmente como \u201cpagar por no matar\u201d.<\/p>\n\n\n\n<p>\u201cEste tipo va a ser peor que Maduro, si aqu\u00ed no lo levantan ligero. Usted cree que esa plata que le est\u00e1 dando a esos muchachos, \u00bfes para qu\u00e9? Para formar colectivos al estilo Venezuela, porque esto se desata una guerra civil, Jorge. A este tipo no lo dejan terminar el Gobierno, sea porque le den en la cabeza o sea porque lo bajen de all\u00e1. A ese tipo hay que bajarlo de all\u00e1 a las buenas o a las malas\u201d, se escucha en el audio.<\/p>\n","protected":false},"excerpt":{"rendered":"<p>La Fiscal\u00eda General de la Naci\u00f3n abri\u00f3 esta tarde una investigaci\u00f3n por presuntas amenazas de muerte contra el presidente Gustavo Petro Urrego. \u201cA ra\u00edz de las amenazas conocidas p\u00fablicamente contra el Presidente de la Rep\u00fablica, Gustavo Petro, la #Fiscal\u00eda General de la Naci\u00f3n, a trav\u00e9s del grupo de amenazas de la Direcci\u00f3n Especializada contra las [&hellip;]<\/p>\n","protected":false},"author":2,"featured_media":0,"comment_status":"open","ping_status":"open","sticky":false,"template":"","format":"standard","meta":{"footnotes":""},"categories":[36,32],"tags":[],"class_list":["post-64728","post","type-post","status-publish","format-standard","hentry","category-destacado","category-nacional"],"yoast_head":"<!-- This site is optimized with the Yoast SEO plugin v26.6 - https:\/\/yoast.com\/wordpress\/plugins\/seo\/ -->\n<title>Fiscal\u00eda abri\u00f3 investigaci\u00f3n por amenazas de muerte contra el presidente Petro -<\/title>\n<meta name=\"robots\" content=\"index, follow, max-snippet:-1, max-image-preview:large, max-video-preview:-1\" \/>\n<link rel=\"canonical\" href=\"https:\/\/luchonoticias.com\/editor\/fiscalia-abrio-investigacion-por-amenazas-de-muerte-contra-el-presidente-petro\/\" \/>\n<meta property=\"og:locale\" content=\"es_ES\" \/>\n<meta property=\"og:type\" content=\"article\" \/>\n<meta property=\"og:title\" content=\"Fiscal\u00eda abri\u00f3 investigaci\u00f3n por amenazas de muerte contra el presidente Petro -\" \/>\n<meta property=\"og:url\" content=\"https:\/\/luchonoticias.com\/editor\/fiscalia-abrio-investigacion-por-amenazas-de-muerte-contra-el-presidente-petro\/\" \/>\n<meta property=\"article:publisher\" content=\"https:\/\/www.facebook.com\/luchonoticiasneiva\" \/>\n<meta property=\"article:published_time\" content=\"2023-11-29T00:46:11+00:00\" \/>\n<meta property=\"article:modified_time\" content=\"2023-11-29T00:46:12+00:00\" \/>\n<meta name=\"author\" content=\"Editor General\" \/>\n<meta name=\"twitter:card\" content=\"summary_large_image\" \/>\n<meta name=\"twitter:label1\" content=\"Escrito por\" \/>\n\t<meta name=\"twitter:data1\" content=\"Editor General\" \/>\n\t<meta name=\"twitter:label2\" content=\"Tiempo de lectura\" \/>\n\t<meta name=\"twitter:data2\" content=\"1 minuto\" \/>\n<script type=\"application\/ld+json\" class=\"yoast-schema-graph\">{\"@context\":\"https:\/\/schema.org\",\"@graph\":[{\"@type\":\"Article\",\"@id\":\"https:\/\/luchonoticias.com\/editor\/fiscalia-abrio-investigacion-por-amenazas-de-muerte-contra-el-presidente-petro\/#article\",\"isPartOf\":{\"@id\":\"https:\/\/luchonoticias.com\/editor\/fiscalia-abrio-investigacion-por-amenazas-de-muerte-contra-el-presidente-petro\/\"},\"author\":{\"name\":\"Editor General\",\"@id\":\"https:\/\/luchonoticias.com\/editor\/#\/schema\/person\/29217990ddf6f14e35912b2866d591fb\"},\"headline\":\"Fiscal\u00eda abri\u00f3 investigaci\u00f3n por amenazas de muerte contra el presidente Petro\",\"datePublished\":\"2023-11-29T00:46:11+00:00\",\"dateModified\":\"2023-11-29T00:46:12+00:00\",\"mainEntityOfPage\":{\"@id\":\"https:\/\/luchonoticias.com\/editor\/fiscalia-abrio-investigacion-por-amenazas-de-muerte-contra-el-presidente-petro\/\"},\"wordCount\":282,\"commentCount\":0,\"publisher\":{\"@id\":\"https:\/\/luchonoticias.com\/editor\/#\/schema\/person\/7a7fd911f58561fd056dbac7b55af9cd\"},\"articleSection\":[\"Destacado\",\"Nacional\"],\"inLanguage\":\"es\",\"potentialAction\":[{\"@type\":\"CommentAction\",\"name\":\"Comment\",\"target\":[\"https:\/\/luchonoticias.com\/editor\/fiscalia-abrio-investigacion-por-amenazas-de-muerte-contra-el-presidente-petro\/#respond\"]}]},{\"@type\":\"WebPage\",\"@id\":\"https:\/\/luchonoticias.com\/editor\/fiscalia-abrio-investigacion-por-amenazas-de-muerte-contra-el-presidente-petro\/\",\"url\":\"https:\/\/luchonoticias.com\/editor\/fiscalia-abrio-investigacion-por-amenazas-de-muerte-contra-el-presidente-petro\/\",\"name\":\"Fiscal\u00eda abri\u00f3 investigaci\u00f3n por amenazas de muerte contra el presidente Petro -\",\"isPartOf\":{\"@id\":\"https:\/\/luchonoticias.com\/editor\/#website\"},\"datePublished\":\"2023-11-29T00:46:11+00:00\",\"dateModified\":\"2023-11-29T00:46:12+00:00\",\"breadcrumb\":{\"@id\":\"https:\/\/luchonoticias.com\/editor\/fiscalia-abrio-investigacion-por-amenazas-de-muerte-contra-el-presidente-petro\/#breadcrumb\"},\"inLanguage\":\"es\",\"potentialAction\":[{\"@type\":\"ReadAction\",\"target\":[\"https:\/\/luchonoticias.com\/editor\/fiscalia-abrio-investigacion-por-amenazas-de-muerte-contra-el-presidente-petro\/\"]}]},{\"@type\":\"BreadcrumbList\",\"@id\":\"https:\/\/luchonoticias.com\/editor\/fiscalia-abrio-investigacion-por-amenazas-de-muerte-contra-el-presidente-petro\/#breadcrumb\",\"itemListElement\":[{\"@type\":\"ListItem\",\"position\":1,\"name\":\"Portada\",\"item\":\"https:\/\/luchonoticias.com\/editor\/\"},{\"@type\":\"ListItem\",\"position\":2,\"name\":\"Fiscal\u00eda abri\u00f3 investigaci\u00f3n por amenazas de muerte contra el presidente Petro\"}]},{\"@type\":\"WebSite\",\"@id\":\"https:\/\/luchonoticias.com\/editor\/#website\",\"url\":\"https:\/\/luchonoticias.com\/editor\/\",\"name\":\"\",\"description\":\"\",\"publisher\":{\"@id\":\"https:\/\/luchonoticias.com\/editor\/#\/schema\/person\/7a7fd911f58561fd056dbac7b55af9cd\"},\"potentialAction\":[{\"@type\":\"SearchAction\",\"target\":{\"@type\":\"EntryPoint\",\"urlTemplate\":\"https:\/\/luchonoticias.com\/editor\/?s={search_term_string}\"},\"query-input\":{\"@type\":\"PropertyValueSpecification\",\"valueRequired\":true,\"valueName\":\"search_term_string\"}}],\"inLanguage\":\"es\"},{\"@type\":[\"Person\",\"Organization\"],\"@id\":\"https:\/\/luchonoticias.com\/editor\/#\/schema\/person\/7a7fd911f58561fd056dbac7b55af9cd\",\"name\":\"admin\",\"image\":{\"@type\":\"ImageObject\",\"inLanguage\":\"es\",\"@id\":\"https:\/\/luchonoticias.com\/editor\/#\/schema\/person\/image\/\",\"url\":\"https:\/\/luchonoticias.com\/editor\/wp-content\/uploads\/2024\/02\/cropped-cropped-logolu.webp\",\"contentUrl\":\"https:\/\/luchonoticias.com\/editor\/wp-content\/uploads\/2024\/02\/cropped-cropped-logolu.webp\",\"width\":382,\"height\":170,\"caption\":\"admin\"},\"logo\":{\"@id\":\"https:\/\/luchonoticias.com\/editor\/#\/schema\/person\/image\/\"},\"sameAs\":[\"https:\/\/www.facebook.com\/luchonoticiasneiva\"]},{\"@type\":\"Person\",\"@id\":\"https:\/\/luchonoticias.com\/editor\/#\/schema\/person\/29217990ddf6f14e35912b2866d591fb\",\"name\":\"Editor General\",\"image\":{\"@type\":\"ImageObject\",\"inLanguage\":\"es\",\"@id\":\"https:\/\/luchonoticias.com\/editor\/#\/schema\/person\/image\/\",\"url\":\"https:\/\/luchonoticias.com\/editor\/wp-content\/uploads\/2024\/02\/cropped-cropped-logolu-150x150.webp\",\"contentUrl\":\"https:\/\/luchonoticias.com\/editor\/wp-content\/uploads\/2024\/02\/cropped-cropped-logolu-150x150.webp\",\"caption\":\"Editor General\"},\"sameAs\":[\"https:\/\/luchonoticias.com\/\"],\"url\":\"https:\/\/luchonoticias.com\/editor\/author\/editor-general\/\"}]}<\/script>\n<!-- \/ Yoast SEO plugin. -->","yoast_head_json":{"title":"Fiscal\u00eda abri\u00f3 investigaci\u00f3n por amenazas de muerte contra el presidente Petro -","robots":{"index":"index","follow":"follow","max-snippet":"max-snippet:-1","max-image-preview":"max-image-preview:large","max-video-preview":"max-video-preview:-1"},"canonical":"https:\/\/luchonoticias.com\/editor\/fiscalia-abrio-investigacion-por-amenazas-de-muerte-contra-el-presidente-petro\/","og_locale":"es_ES","og_type":"article","og_title":"Fiscal\u00eda abri\u00f3 investigaci\u00f3n por amenazas de muerte contra el presidente Petro -","og_url":"https:\/\/luchonoticias.com\/editor\/fiscalia-abrio-investigacion-por-amenazas-de-muerte-contra-el-presidente-petro\/","article_publisher":"https:\/\/www.facebook.com\/luchonoticiasneiva","article_published_time":"2023-11-29T00:46:11+00:00","article_modified_time":"2023-11-29T00:46:12+00:00","author":"Editor General","twitter_card":"summary_large_image","twitter_misc":{"Escrito por":"Editor General","Tiempo de lectura":"1 minuto"},"schema":{"@context":"https:\/\/schema.org","@graph":[{"@type":"Article","@id":"https:\/\/luchonoticias.com\/editor\/fiscalia-abrio-investigacion-por-amenazas-de-muerte-contra-el-presidente-petro\/#article","isPartOf":{"@id":"https:\/\/luchonoticias.com\/editor\/fiscalia-abrio-investigacion-por-amenazas-de-muerte-contra-el-presidente-petro\/"},"author":{"name":"Editor General","@id":"https:\/\/luchonoticias.com\/editor\/#\/schema\/person\/29217990ddf6f14e35912b2866d591fb"},"headline":"Fiscal\u00eda abri\u00f3 investigaci\u00f3n por amenazas de muerte contra el presidente Petro","datePublished":"2023-11-29T00:46:11+00:00","dateModified":"2023-11-29T00:46:12+00:00","mainEntityOfPage":{"@id":"https:\/\/luchonoticias.com\/editor\/fiscalia-abrio-investigacion-por-amenazas-de-muerte-contra-el-presidente-petro\/"},"wordCount":282,"commentCount":0,"publisher":{"@id":"https:\/\/luchonoticias.com\/editor\/#\/schema\/person\/7a7fd911f58561fd056dbac7b55af9cd"},"articleSection":["Destacado","Nacional"],"inLanguage":"es","potentialAction":[{"@type":"CommentAction","name":"Comment","target":["https:\/\/luchonoticias.com\/editor\/fiscalia-abrio-investigacion-por-amenazas-de-muerte-contra-el-presidente-petro\/#respond"]}]},{"@type":"WebPage","@id":"https:\/\/luchonoticias.com\/editor\/fiscalia-abrio-investigacion-por-amenazas-de-muerte-contra-el-presidente-petro\/","url":"https:\/\/luchonoticias.com\/editor\/fiscalia-abrio-investigacion-por-amenazas-de-muerte-contra-el-presidente-petro\/","name":"Fiscal\u00eda abri\u00f3 investigaci\u00f3n por amenazas de muerte contra el presidente Petro -","isPartOf":{"@id":"https:\/\/luchonoticias.com\/editor\/#website"},"datePublished":"2023-11-29T00:46:11+00:00","dateModified":"2023-11-29T00:46:12+00:00","breadcrumb":{"@id":"https:\/\/luchonoticias.com\/editor\/fiscalia-abrio-investigacion-por-amenazas-de-muerte-contra-el-presidente-petro\/#breadcrumb"},"inLanguage":"es","potentialAction":[{"@type":"ReadAction","target":["https:\/\/luchonoticias.com\/editor\/fiscalia-abrio-investigacion-por-amenazas-de-muerte-contra-el-presidente-petro\/"]}]},{"@type":"BreadcrumbList","@id":"https:\/\/luchonoticias.com\/editor\/fiscalia-abrio-investigacion-por-amenazas-de-muerte-contra-el-presidente-petro\/#breadcrumb","itemListElement":[{"@type":"ListItem","position":1,"name":"Portada","item":"https:\/\/luchonoticias.com\/editor\/"},{"@type":"ListItem","position":2,"name":"Fiscal\u00eda abri\u00f3 investigaci\u00f3n por amenazas de muerte contra el presidente Petro"}]},{"@type":"WebSite","@id":"https:\/\/luchonoticias.com\/editor\/#website","url":"https:\/\/luchonoticias.com\/editor\/","name":"","description":"","publisher":{"@id":"https:\/\/luchonoticias.com\/editor\/#\/schema\/person\/7a7fd911f58561fd056dbac7b55af9cd"},"potentialAction":[{"@type":"SearchAction","target":{"@type":"EntryPoint","urlTemplate":"https:\/\/luchonoticias.com\/editor\/?s={search_term_string}"},"query-input":{"@type":"PropertyValueSpecification","valueRequired":true,"valueName":"search_term_string"}}],"inLanguage":"es"},{"@type":["Person","Organization"],"@id":"https:\/\/luchonoticias.com\/editor\/#\/schema\/person\/7a7fd911f58561fd056dbac7b55af9cd","name":"admin","image":{"@type":"ImageObject","inLanguage":"es","@id":"https:\/\/luchonoticias.com\/editor\/#\/schema\/person\/image\/","url":"https:\/\/luchonoticias.com\/editor\/wp-content\/uploads\/2024\/02\/cropped-cropped-logolu.webp","contentUrl":"https:\/\/luchonoticias.com\/editor\/wp-content\/uploads\/2024\/02\/cropped-cropped-logolu.webp","width":382,"height":170,"caption":"admin"},"logo":{"@id":"https:\/\/luchonoticias.com\/editor\/#\/schema\/person\/image\/"},"sameAs":["https:\/\/www.facebook.com\/luchonoticiasneiva"]},{"@type":"Person","@id":"https:\/\/luchonoticias.com\/editor\/#\/schema\/person\/29217990ddf6f14e35912b2866d591fb","name":"Editor General","image":{"@type":"ImageObject","inLanguage":"es","@id":"https:\/\/luchonoticias.com\/editor\/#\/schema\/person\/image\/","url":"https:\/\/luchonoticias.com\/editor\/wp-content\/uploads\/2024\/02\/cropped-cropped-logolu-150x150.webp","contentUrl":"https:\/\/luchonoticias.com\/editor\/wp-content\/uploads\/2024\/02\/cropped-cropped-logolu-150x150.webp","caption":"Editor General"},"sameAs":["https:\/\/luchonoticias.com\/"],"url":"https:\/\/luchonoticias.com\/editor\/author\/editor-general\/"}]}},"_links":{"self":[{"href":"https:\/\/luchonoticias.com\/editor\/wp-json\/wp\/v2\/posts\/64728","targetHints":{"allow":["GET"]}}],"collection":[{"href":"https:\/\/luchonoticias.com\/editor\/wp-json\/wp\/v2\/posts"}],"about":[{"href":"https:\/\/luchonoticias.com\/editor\/wp-json\/wp\/v2\/types\/post"}],"author":[{"embeddable":true,"href":"https:\/\/luchonoticias.com\/editor\/wp-json\/wp\/v2\/users\/2"}],"replies":[{"embeddable":true,"href":"https:\/\/luchonoticias.com\/editor\/wp-json\/wp\/v2\/comments?post=64728"}],"version-history":[{"count":0,"href":"https:\/\/luchonoticias.com\/editor\/wp-json\/wp\/v2\/posts\/64728\/revisions"}],"wp:attachment":[{"href":"https:\/\/luchonoticias.com\/editor\/wp-json\/wp\/v2\/media?parent=64728"}],"wp:term":[{"taxonomy":"category","embeddable":true,"href":"https:\/\/luchonoticias.com\/editor\/wp-json\/wp\/v2\/categories?post=64728"},{"taxonomy":"post_tag","embeddable":true,"href":"https:\/\/luchonoticias.com\/editor\/wp-json\/wp\/v2\/tags?post=64728"}],"curies":[{"name":"wp","href":"https:\/\/api.w.org\/{rel}","templated":true}]}}