{"id":64746,"date":"2023-11-29T07:49:41","date_gmt":"2023-11-29T12:49:41","guid":{"rendered":"https:\/\/luchonoticias.com\/?p=64746"},"modified":"2023-11-29T07:49:42","modified_gmt":"2023-11-29T12:49:42","slug":"imputan-cargos-a-jefe-de-seguridad-del-presidente-petro","status":"publish","type":"post","link":"https:\/\/luchonoticias.com\/editor\/imputan-cargos-a-jefe-de-seguridad-del-presidente-petro\/","title":{"rendered":"Imputan cargos a Jefe de Seguridad del presidente Petro"},"content":{"rendered":"\n<p>La imputaci\u00f3n de cargos fue hecha hace pocos minutos por un fiscal de la Direcci\u00f3n Especializada contra la Corrupci\u00f3n, que present\u00f3 al oficial ante un juez de control de garant\u00edas de Bogot\u00e1.<\/p>\n\n\n\n<p>Adem\u00e1s del coronel Feria Buitrago, tambi\u00e9n fueron imputados el jefe de la Oficina de Pol\u00edgrafos del Grupo de Estudios de Seguridad de Palacio, capit\u00e1n Elkin Augusto G\u00f3mez Guti\u00e9rrez; y el intendente Jhon Alexander Sacrist\u00e1n Boh\u00f3rquez.<\/p>\n\n\n\n<p>Los uniformados fueron imputados por los delitos de peculado por uso, abuso de funci\u00f3n p\u00fablica y constre\u00f1imiento ilegal. Adicionalmente, al intendente Sacrist\u00e1n Boh\u00f3rquez le fue formulado el delito de acceso abusivo a sistema inform\u00e1tico agravado. Los tres procesados no aceptaron cargos.<\/p>\n\n\n\n<p>La investigaci\u00f3n da cuenta de que los funcionarios habr\u00edan aprovechado sus cargos, y usado un veh\u00edculo y otros bienes p\u00fablicos para intimidar a la se\u00f1ora Meza Buelvas, limitar su autonom\u00eda y someterla a una prueba que vulner\u00f3 su integridad emocional y personal. El coronel Feria Buitrago, al parecer, orden\u00f3 a sus subalternos realizar lo necesario para ubicar un dinero que se hab\u00eda perdido de la residencia de la exjefe de Gabinete de la Presidencia.<\/p>\n\n\n\n<p>En ese sentido, presuntamente, autoriz\u00f3 disponer de una camioneta oficial para trasladar a la exempleada de la se\u00f1ora Sarabia Torres desde Soacha (Cundinamarca) al Edificio Gal\u00e1n, ubicado frente a la Casa de Nari\u00f1o, donde le realizaron el examen del pol\u00edgrafo.<\/p>\n\n\n\n<p>A su vez, el capit\u00e1n G\u00f3mez Guti\u00e9rrez y el intendente Sacrist\u00e1n Boh\u00f3rquez son se\u00f1alados de recibir a la mujer, quitarle el celular y practicarle la prueba, en medio de preguntas que suger\u00edan que estar\u00eda involucrada en la p\u00e9rdida del dinero que buscaban.<\/p>\n\n\n\n<p>&nbsp;Al t\u00e9rmino del examen de pol\u00edgrafo, los uniformados le devolvieron el celular, pero tan pronto Marelbys Meza lo tuvo en sus manos y desbloque\u00f3, el intendente se lo arrebat\u00f3 y se lo devolvi\u00f3 una hora despu\u00e9s. Al parecer, durante ese tiempo fue extra\u00edda de manera ilegal informaci\u00f3n del equipo m\u00f3vil.<\/p>\n\n\n\n<p>De acuerdo con la normatividad vigente, la prueba de pol\u00edgrafo se puede realizar exclusivamente a personas que tienen v\u00ednculo laboral con la Presidencia de la Rep\u00fablica, no a personal externo, como ocurri\u00f3 en el caso de la exempleada de la exjefe de Gabinete de la Presidencia. Esta informaci\u00f3n se publica por razones de inter\u00e9s general.<\/p>\n","protected":false},"excerpt":{"rendered":"<p>La imputaci\u00f3n de cargos fue hecha hace pocos minutos por un fiscal de la Direcci\u00f3n Especializada contra la Corrupci\u00f3n, que present\u00f3 al oficial ante un juez de control de garant\u00edas de Bogot\u00e1. Adem\u00e1s del coronel Feria Buitrago, tambi\u00e9n fueron imputados el jefe de la Oficina de Pol\u00edgrafos del Grupo de Estudios de Seguridad de Palacio, [&hellip;]<\/p>\n","protected":false},"author":2,"featured_media":0,"comment_status":"open","ping_status":"open","sticky":false,"template":"","format":"standard","meta":{"footnotes":""},"categories":[36,29],"tags":[],"class_list":["post-64746","post","type-post","status-publish","format-standard","hentry","category-destacado","category-judicial"],"yoast_head":"<!-- This site is optimized with the Yoast SEO plugin v26.6 - https:\/\/yoast.com\/wordpress\/plugins\/seo\/ -->\n<title>Imputan cargos a Jefe de Seguridad del presidente Petro -<\/title>\n<meta name=\"robots\" content=\"index, follow, max-snippet:-1, max-image-preview:large, max-video-preview:-1\" \/>\n<link rel=\"canonical\" href=\"https:\/\/luchonoticias.com\/editor\/imputan-cargos-a-jefe-de-seguridad-del-presidente-petro\/\" \/>\n<meta property=\"og:locale\" content=\"es_ES\" \/>\n<meta property=\"og:type\" content=\"article\" \/>\n<meta property=\"og:title\" content=\"Imputan cargos a Jefe de Seguridad del presidente Petro -\" \/>\n<meta property=\"og:url\" content=\"https:\/\/luchonoticias.com\/editor\/imputan-cargos-a-jefe-de-seguridad-del-presidente-petro\/\" \/>\n<meta property=\"article:publisher\" content=\"https:\/\/www.facebook.com\/luchonoticiasneiva\" \/>\n<meta property=\"article:published_time\" content=\"2023-11-29T12:49:41+00:00\" \/>\n<meta property=\"article:modified_time\" content=\"2023-11-29T12:49:42+00:00\" \/>\n<meta name=\"author\" content=\"Editor General\" \/>\n<meta name=\"twitter:card\" content=\"summary_large_image\" \/>\n<meta name=\"twitter:label1\" content=\"Escrito por\" \/>\n\t<meta name=\"twitter:data1\" content=\"Editor General\" \/>\n\t<meta name=\"twitter:label2\" content=\"Tiempo de lectura\" \/>\n\t<meta name=\"twitter:data2\" content=\"2 minutos\" \/>\n<script type=\"application\/ld+json\" class=\"yoast-schema-graph\">{\"@context\":\"https:\/\/schema.org\",\"@graph\":[{\"@type\":\"Article\",\"@id\":\"https:\/\/luchonoticias.com\/editor\/imputan-cargos-a-jefe-de-seguridad-del-presidente-petro\/#article\",\"isPartOf\":{\"@id\":\"https:\/\/luchonoticias.com\/editor\/imputan-cargos-a-jefe-de-seguridad-del-presidente-petro\/\"},\"author\":{\"name\":\"Editor General\",\"@id\":\"https:\/\/luchonoticias.com\/editor\/#\/schema\/person\/29217990ddf6f14e35912b2866d591fb\"},\"headline\":\"Imputan cargos a Jefe de Seguridad del presidente Petro\",\"datePublished\":\"2023-11-29T12:49:41+00:00\",\"dateModified\":\"2023-11-29T12:49:42+00:00\",\"mainEntityOfPage\":{\"@id\":\"https:\/\/luchonoticias.com\/editor\/imputan-cargos-a-jefe-de-seguridad-del-presidente-petro\/\"},\"wordCount\":428,\"commentCount\":0,\"publisher\":{\"@id\":\"https:\/\/luchonoticias.com\/editor\/#\/schema\/person\/7a7fd911f58561fd056dbac7b55af9cd\"},\"articleSection\":[\"Destacado\",\"Judicial\"],\"inLanguage\":\"es\",\"potentialAction\":[{\"@type\":\"CommentAction\",\"name\":\"Comment\",\"target\":[\"https:\/\/luchonoticias.com\/editor\/imputan-cargos-a-jefe-de-seguridad-del-presidente-petro\/#respond\"]}]},{\"@type\":\"WebPage\",\"@id\":\"https:\/\/luchonoticias.com\/editor\/imputan-cargos-a-jefe-de-seguridad-del-presidente-petro\/\",\"url\":\"https:\/\/luchonoticias.com\/editor\/imputan-cargos-a-jefe-de-seguridad-del-presidente-petro\/\",\"name\":\"Imputan cargos a Jefe de Seguridad del presidente Petro -\",\"isPartOf\":{\"@id\":\"https:\/\/luchonoticias.com\/editor\/#website\"},\"datePublished\":\"2023-11-29T12:49:41+00:00\",\"dateModified\":\"2023-11-29T12:49:42+00:00\",\"breadcrumb\":{\"@id\":\"https:\/\/luchonoticias.com\/editor\/imputan-cargos-a-jefe-de-seguridad-del-presidente-petro\/#breadcrumb\"},\"inLanguage\":\"es\",\"potentialAction\":[{\"@type\":\"ReadAction\",\"target\":[\"https:\/\/luchonoticias.com\/editor\/imputan-cargos-a-jefe-de-seguridad-del-presidente-petro\/\"]}]},{\"@type\":\"BreadcrumbList\",\"@id\":\"https:\/\/luchonoticias.com\/editor\/imputan-cargos-a-jefe-de-seguridad-del-presidente-petro\/#breadcrumb\",\"itemListElement\":[{\"@type\":\"ListItem\",\"position\":1,\"name\":\"Portada\",\"item\":\"https:\/\/luchonoticias.com\/editor\/\"},{\"@type\":\"ListItem\",\"position\":2,\"name\":\"Imputan cargos a Jefe de Seguridad del presidente Petro\"}]},{\"@type\":\"WebSite\",\"@id\":\"https:\/\/luchonoticias.com\/editor\/#website\",\"url\":\"https:\/\/luchonoticias.com\/editor\/\",\"name\":\"\",\"description\":\"\",\"publisher\":{\"@id\":\"https:\/\/luchonoticias.com\/editor\/#\/schema\/person\/7a7fd911f58561fd056dbac7b55af9cd\"},\"potentialAction\":[{\"@type\":\"SearchAction\",\"target\":{\"@type\":\"EntryPoint\",\"urlTemplate\":\"https:\/\/luchonoticias.com\/editor\/?s={search_term_string}\"},\"query-input\":{\"@type\":\"PropertyValueSpecification\",\"valueRequired\":true,\"valueName\":\"search_term_string\"}}],\"inLanguage\":\"es\"},{\"@type\":[\"Person\",\"Organization\"],\"@id\":\"https:\/\/luchonoticias.com\/editor\/#\/schema\/person\/7a7fd911f58561fd056dbac7b55af9cd\",\"name\":\"admin\",\"image\":{\"@type\":\"ImageObject\",\"inLanguage\":\"es\",\"@id\":\"https:\/\/luchonoticias.com\/editor\/#\/schema\/person\/image\/\",\"url\":\"https:\/\/luchonoticias.com\/editor\/wp-content\/uploads\/2024\/02\/cropped-cropped-logolu.webp\",\"contentUrl\":\"https:\/\/luchonoticias.com\/editor\/wp-content\/uploads\/2024\/02\/cropped-cropped-logolu.webp\",\"width\":382,\"height\":170,\"caption\":\"admin\"},\"logo\":{\"@id\":\"https:\/\/luchonoticias.com\/editor\/#\/schema\/person\/image\/\"},\"sameAs\":[\"https:\/\/www.facebook.com\/luchonoticiasneiva\"]},{\"@type\":\"Person\",\"@id\":\"https:\/\/luchonoticias.com\/editor\/#\/schema\/person\/29217990ddf6f14e35912b2866d591fb\",\"name\":\"Editor General\",\"image\":{\"@type\":\"ImageObject\",\"inLanguage\":\"es\",\"@id\":\"https:\/\/luchonoticias.com\/editor\/#\/schema\/person\/image\/\",\"url\":\"https:\/\/luchonoticias.com\/editor\/wp-content\/uploads\/2024\/02\/cropped-cropped-logolu-150x150.webp\",\"contentUrl\":\"https:\/\/luchonoticias.com\/editor\/wp-content\/uploads\/2024\/02\/cropped-cropped-logolu-150x150.webp\",\"caption\":\"Editor General\"},\"sameAs\":[\"https:\/\/luchonoticias.com\/\"],\"url\":\"https:\/\/luchonoticias.com\/editor\/author\/editor-general\/\"}]}<\/script>\n<!-- \/ Yoast SEO plugin. -->","yoast_head_json":{"title":"Imputan cargos a Jefe de Seguridad del presidente Petro -","robots":{"index":"index","follow":"follow","max-snippet":"max-snippet:-1","max-image-preview":"max-image-preview:large","max-video-preview":"max-video-preview:-1"},"canonical":"https:\/\/luchonoticias.com\/editor\/imputan-cargos-a-jefe-de-seguridad-del-presidente-petro\/","og_locale":"es_ES","og_type":"article","og_title":"Imputan cargos a Jefe de Seguridad del presidente Petro -","og_url":"https:\/\/luchonoticias.com\/editor\/imputan-cargos-a-jefe-de-seguridad-del-presidente-petro\/","article_publisher":"https:\/\/www.facebook.com\/luchonoticiasneiva","article_published_time":"2023-11-29T12:49:41+00:00","article_modified_time":"2023-11-29T12:49:42+00:00","author":"Editor General","twitter_card":"summary_large_image","twitter_misc":{"Escrito por":"Editor General","Tiempo de lectura":"2 minutos"},"schema":{"@context":"https:\/\/schema.org","@graph":[{"@type":"Article","@id":"https:\/\/luchonoticias.com\/editor\/imputan-cargos-a-jefe-de-seguridad-del-presidente-petro\/#article","isPartOf":{"@id":"https:\/\/luchonoticias.com\/editor\/imputan-cargos-a-jefe-de-seguridad-del-presidente-petro\/"},"author":{"name":"Editor General","@id":"https:\/\/luchonoticias.com\/editor\/#\/schema\/person\/29217990ddf6f14e35912b2866d591fb"},"headline":"Imputan cargos a Jefe de Seguridad del presidente Petro","datePublished":"2023-11-29T12:49:41+00:00","dateModified":"2023-11-29T12:49:42+00:00","mainEntityOfPage":{"@id":"https:\/\/luchonoticias.com\/editor\/imputan-cargos-a-jefe-de-seguridad-del-presidente-petro\/"},"wordCount":428,"commentCount":0,"publisher":{"@id":"https:\/\/luchonoticias.com\/editor\/#\/schema\/person\/7a7fd911f58561fd056dbac7b55af9cd"},"articleSection":["Destacado","Judicial"],"inLanguage":"es","potentialAction":[{"@type":"CommentAction","name":"Comment","target":["https:\/\/luchonoticias.com\/editor\/imputan-cargos-a-jefe-de-seguridad-del-presidente-petro\/#respond"]}]},{"@type":"WebPage","@id":"https:\/\/luchonoticias.com\/editor\/imputan-cargos-a-jefe-de-seguridad-del-presidente-petro\/","url":"https:\/\/luchonoticias.com\/editor\/imputan-cargos-a-jefe-de-seguridad-del-presidente-petro\/","name":"Imputan cargos a Jefe de Seguridad del presidente Petro -","isPartOf":{"@id":"https:\/\/luchonoticias.com\/editor\/#website"},"datePublished":"2023-11-29T12:49:41+00:00","dateModified":"2023-11-29T12:49:42+00:00","breadcrumb":{"@id":"https:\/\/luchonoticias.com\/editor\/imputan-cargos-a-jefe-de-seguridad-del-presidente-petro\/#breadcrumb"},"inLanguage":"es","potentialAction":[{"@type":"ReadAction","target":["https:\/\/luchonoticias.com\/editor\/imputan-cargos-a-jefe-de-seguridad-del-presidente-petro\/"]}]},{"@type":"BreadcrumbList","@id":"https:\/\/luchonoticias.com\/editor\/imputan-cargos-a-jefe-de-seguridad-del-presidente-petro\/#breadcrumb","itemListElement":[{"@type":"ListItem","position":1,"name":"Portada","item":"https:\/\/luchonoticias.com\/editor\/"},{"@type":"ListItem","position":2,"name":"Imputan cargos a Jefe de Seguridad del presidente Petro"}]},{"@type":"WebSite","@id":"https:\/\/luchonoticias.com\/editor\/#website","url":"https:\/\/luchonoticias.com\/editor\/","name":"","description":"","publisher":{"@id":"https:\/\/luchonoticias.com\/editor\/#\/schema\/person\/7a7fd911f58561fd056dbac7b55af9cd"},"potentialAction":[{"@type":"SearchAction","target":{"@type":"EntryPoint","urlTemplate":"https:\/\/luchonoticias.com\/editor\/?s={search_term_string}"},"query-input":{"@type":"PropertyValueSpecification","valueRequired":true,"valueName":"search_term_string"}}],"inLanguage":"es"},{"@type":["Person","Organization"],"@id":"https:\/\/luchonoticias.com\/editor\/#\/schema\/person\/7a7fd911f58561fd056dbac7b55af9cd","name":"admin","image":{"@type":"ImageObject","inLanguage":"es","@id":"https:\/\/luchonoticias.com\/editor\/#\/schema\/person\/image\/","url":"https:\/\/luchonoticias.com\/editor\/wp-content\/uploads\/2024\/02\/cropped-cropped-logolu.webp","contentUrl":"https:\/\/luchonoticias.com\/editor\/wp-content\/uploads\/2024\/02\/cropped-cropped-logolu.webp","width":382,"height":170,"caption":"admin"},"logo":{"@id":"https:\/\/luchonoticias.com\/editor\/#\/schema\/person\/image\/"},"sameAs":["https:\/\/www.facebook.com\/luchonoticiasneiva"]},{"@type":"Person","@id":"https:\/\/luchonoticias.com\/editor\/#\/schema\/person\/29217990ddf6f14e35912b2866d591fb","name":"Editor General","image":{"@type":"ImageObject","inLanguage":"es","@id":"https:\/\/luchonoticias.com\/editor\/#\/schema\/person\/image\/","url":"https:\/\/luchonoticias.com\/editor\/wp-content\/uploads\/2024\/02\/cropped-cropped-logolu-150x150.webp","contentUrl":"https:\/\/luchonoticias.com\/editor\/wp-content\/uploads\/2024\/02\/cropped-cropped-logolu-150x150.webp","caption":"Editor General"},"sameAs":["https:\/\/luchonoticias.com\/"],"url":"https:\/\/luchonoticias.com\/editor\/author\/editor-general\/"}]}},"_links":{"self":[{"href":"https:\/\/luchonoticias.com\/editor\/wp-json\/wp\/v2\/posts\/64746","targetHints":{"allow":["GET"]}}],"collection":[{"href":"https:\/\/luchonoticias.com\/editor\/wp-json\/wp\/v2\/posts"}],"about":[{"href":"https:\/\/luchonoticias.com\/editor\/wp-json\/wp\/v2\/types\/post"}],"author":[{"embeddable":true,"href":"https:\/\/luchonoticias.com\/editor\/wp-json\/wp\/v2\/users\/2"}],"replies":[{"embeddable":true,"href":"https:\/\/luchonoticias.com\/editor\/wp-json\/wp\/v2\/comments?post=64746"}],"version-history":[{"count":0,"href":"https:\/\/luchonoticias.com\/editor\/wp-json\/wp\/v2\/posts\/64746\/revisions"}],"wp:attachment":[{"href":"https:\/\/luchonoticias.com\/editor\/wp-json\/wp\/v2\/media?parent=64746"}],"wp:term":[{"taxonomy":"category","embeddable":true,"href":"https:\/\/luchonoticias.com\/editor\/wp-json\/wp\/v2\/categories?post=64746"},{"taxonomy":"post_tag","embeddable":true,"href":"https:\/\/luchonoticias.com\/editor\/wp-json\/wp\/v2\/tags?post=64746"}],"curies":[{"name":"wp","href":"https:\/\/api.w.org\/{rel}","templated":true}]}}