{"id":64811,"date":"2023-11-30T07:57:35","date_gmt":"2023-11-30T12:57:35","guid":{"rendered":"https:\/\/luchonoticias.com\/?p=64811"},"modified":"2023-11-30T07:57:37","modified_gmt":"2023-11-30T12:57:37","slug":"inseguridad-rastrojo-y-basura-el-lunar-negro-de-parques-y-escenarios-deportivos-en-sur-de-neiva","status":"publish","type":"post","link":"https:\/\/luchonoticias.com\/editor\/inseguridad-rastrojo-y-basura-el-lunar-negro-de-parques-y-escenarios-deportivos-en-sur-de-neiva\/","title":{"rendered":"Inseguridad, rastrojo y basura, el \u2018lunar negro\u2019 de parques y escenarios deportivos en sur de Neiva"},"content":{"rendered":"\n<p><strong><em>Por Julio D\u00edaz S\u00e1nchez<\/em><\/strong><\/p>\n\n\n\n<p>Dirigentes comunitarios, veedores ciudadanos y comunidad en general, expresan su preocupaci\u00f3n ante el deplorable abandono en el que se encuentran parques verdes, zonas de diversi\u00f3n, centros culturales y andenes en diferentes sectores de la Comuna Seis de Neiva.<\/p>\n\n\n\n<p>Para iniciar el parque Mirador de las Tres Cruces, actualmente se han convertido en un lugar inseguro, donde adem\u00e1s personas inescrupulosas, sin cultura ciudadana, arrojan en los alrededores del mirador, escombros y basuras \u201cNo hay andenes en buen estado para circular y acceder al parque lo cual representa un riesgo para los peatones que se ven expuestos a un accidente de tr\u00e1nsito\u201d. Expres\u00f3 la comunidad de los barrios Bella Vista, Timanco y Pozo Azul.<\/p>\n\n\n\n<figure class=\"wp-block-gallery has-nested-images columns-default is-cropped wp-block-gallery-1 is-layout-flex wp-block-gallery-is-layout-flex\">\n<figure class=\"wp-block-image size-large\"><img decoding=\"async\" data-id=\"64814\" src=\"https:\/\/luchonoticias.com\/wp-content\/uploads\/2023\/11\/WhatsApp-Image-2023-11-29-at-9.56.50-PM-2-1024x768.jpeg\" alt=\"\" class=\"wp-image-64814\"\/><\/figure>\n\n\n\n<figure class=\"wp-block-image size-large\"><img decoding=\"async\" data-id=\"64813\" src=\"https:\/\/luchonoticias.com\/wp-content\/uploads\/2023\/11\/WhatsApp-Image-2023-11-29-at-9.56.50-PM-1-1024x768.jpeg\" alt=\"\" class=\"wp-image-64813\"\/><\/figure>\n<\/figure>\n\n\n\n<p>En esas mismas condiciones, se encuentran los parques biosaludables, estos lugares de diversi\u00f3n est\u00e1n en estado de deterioro por la falta de mantenimiento preventivo y para colmo de males algunos elementos de los parques han sido desvalijados.<\/p>\n\n\n\n<p>\u201cEstos parques est\u00e1n inundados de maleza que dificulta la visibilidad, le da\u00f1an la imagen al sitio y se presta para actos de inseguridad, aunque el parque cuenta con vigilancia, hace falta que le hagan mantenimientos peri\u00f3dicos al parque en su totalidad\u201d dice la comunidad del sector.<\/p>\n\n\n\n<figure class=\"wp-block-gallery has-nested-images columns-default is-cropped wp-block-gallery-2 is-layout-flex wp-block-gallery-is-layout-flex\">\n<figure class=\"wp-block-image size-large\"><img decoding=\"async\" data-id=\"64816\" src=\"https:\/\/luchonoticias.com\/wp-content\/uploads\/2023\/11\/WhatsApp-Image-2023-11-29-at-9.56.50-PM-1024x768.jpeg\" alt=\"\" class=\"wp-image-64816\"\/><\/figure>\n\n\n\n<figure class=\"wp-block-image size-large\"><img decoding=\"async\" data-id=\"64815\" src=\"https:\/\/luchonoticias.com\/wp-content\/uploads\/2023\/11\/WhatsApp-Image-2023-11-29-at-9.56.49-PM-2-1024x768.jpeg\" alt=\"\" class=\"wp-image-64815\"\/><\/figure>\n<\/figure>\n\n\n\n<p>Los kioskos e instalaciones f\u00edsicas, aulas y la cubierta del polideportivo del sector est\u00e1n deteriorados con orificios, humedad, desprendimiento y ca\u00edda de material, situaci\u00f3n que genera riesgo para los usuarios o la comunidad que hace uso del escenario deportivo.<\/p>\n\n\n\n<p>Y para finalizar, s\u00famele la falta de cultura ciudadana y sentido de pertenencia de algunas personas que de manera vergonzosa arrojan todo de tipo de desechos, residuos s\u00f3lidos o basuras en los alrededores de estos espacios que son de beneficio para las comunidades.<\/p>\n","protected":false},"excerpt":{"rendered":"<p>Por Julio D\u00edaz S\u00e1nchez Dirigentes comunitarios, veedores ciudadanos y comunidad en general, expresan su preocupaci\u00f3n ante el deplorable abandono en el que se encuentran parques verdes, zonas de diversi\u00f3n, centros culturales y andenes en diferentes sectores de la Comuna Seis de Neiva. Para iniciar el parque Mirador de las Tres Cruces, actualmente se han convertido [&hellip;]<\/p>\n","protected":false},"author":2,"featured_media":0,"comment_status":"open","ping_status":"open","sticky":false,"template":"","format":"standard","meta":{"footnotes":""},"categories":[36,31],"tags":[],"class_list":["post-64811","post","type-post","status-publish","format-standard","hentry","category-destacado","category-local"],"yoast_head":"<!-- This site is optimized with the Yoast SEO plugin v26.6 - https:\/\/yoast.com\/wordpress\/plugins\/seo\/ -->\n<title>Inseguridad, rastrojo y basura, el \u2018lunar negro\u2019 de parques y escenarios deportivos en sur de Neiva -<\/title>\n<meta name=\"robots\" content=\"index, follow, max-snippet:-1, max-image-preview:large, max-video-preview:-1\" \/>\n<link rel=\"canonical\" href=\"https:\/\/luchonoticias.com\/editor\/inseguridad-rastrojo-y-basura-el-lunar-negro-de-parques-y-escenarios-deportivos-en-sur-de-neiva\/\" \/>\n<meta property=\"og:locale\" content=\"es_ES\" \/>\n<meta property=\"og:type\" content=\"article\" \/>\n<meta property=\"og:title\" content=\"Inseguridad, rastrojo y basura, el \u2018lunar negro\u2019 de parques y escenarios deportivos en sur de Neiva -\" \/>\n<meta property=\"og:url\" content=\"https:\/\/luchonoticias.com\/editor\/inseguridad-rastrojo-y-basura-el-lunar-negro-de-parques-y-escenarios-deportivos-en-sur-de-neiva\/\" \/>\n<meta property=\"article:publisher\" content=\"https:\/\/www.facebook.com\/luchonoticiasneiva\" \/>\n<meta property=\"article:published_time\" content=\"2023-11-30T12:57:35+00:00\" \/>\n<meta property=\"article:modified_time\" content=\"2023-11-30T12:57:37+00:00\" \/>\n<meta property=\"og:image\" content=\"https:\/\/luchonoticias.com\/wp-content\/uploads\/2023\/11\/WhatsApp-Image-2023-11-29-at-9.56.50-PM-2-1024x768.jpeg\" \/>\n<meta name=\"author\" content=\"Editor General\" \/>\n<meta name=\"twitter:card\" content=\"summary_large_image\" \/>\n<meta name=\"twitter:label1\" content=\"Escrito por\" \/>\n\t<meta name=\"twitter:data1\" content=\"Editor General\" \/>\n\t<meta name=\"twitter:label2\" content=\"Tiempo de lectura\" \/>\n\t<meta name=\"twitter:data2\" content=\"1 minuto\" \/>\n<script type=\"application\/ld+json\" class=\"yoast-schema-graph\">{\"@context\":\"https:\/\/schema.org\",\"@graph\":[{\"@type\":\"Article\",\"@id\":\"https:\/\/luchonoticias.com\/editor\/inseguridad-rastrojo-y-basura-el-lunar-negro-de-parques-y-escenarios-deportivos-en-sur-de-neiva\/#article\",\"isPartOf\":{\"@id\":\"https:\/\/luchonoticias.com\/editor\/inseguridad-rastrojo-y-basura-el-lunar-negro-de-parques-y-escenarios-deportivos-en-sur-de-neiva\/\"},\"author\":{\"name\":\"Editor General\",\"@id\":\"https:\/\/luchonoticias.com\/editor\/#\/schema\/person\/29217990ddf6f14e35912b2866d591fb\"},\"headline\":\"Inseguridad, rastrojo y basura, el \u2018lunar negro\u2019 de parques y escenarios deportivos en sur de Neiva\",\"datePublished\":\"2023-11-30T12:57:35+00:00\",\"dateModified\":\"2023-11-30T12:57:37+00:00\",\"mainEntityOfPage\":{\"@id\":\"https:\/\/luchonoticias.com\/editor\/inseguridad-rastrojo-y-basura-el-lunar-negro-de-parques-y-escenarios-deportivos-en-sur-de-neiva\/\"},\"wordCount\":314,\"commentCount\":0,\"publisher\":{\"@id\":\"https:\/\/luchonoticias.com\/editor\/#\/schema\/person\/7a7fd911f58561fd056dbac7b55af9cd\"},\"image\":{\"@id\":\"https:\/\/luchonoticias.com\/editor\/inseguridad-rastrojo-y-basura-el-lunar-negro-de-parques-y-escenarios-deportivos-en-sur-de-neiva\/#primaryimage\"},\"thumbnailUrl\":\"https:\/\/luchonoticias.com\/wp-content\/uploads\/2023\/11\/WhatsApp-Image-2023-11-29-at-9.56.50-PM-2-1024x768.jpeg\",\"articleSection\":[\"Destacado\",\"Local\"],\"inLanguage\":\"es\",\"potentialAction\":[{\"@type\":\"CommentAction\",\"name\":\"Comment\",\"target\":[\"https:\/\/luchonoticias.com\/editor\/inseguridad-rastrojo-y-basura-el-lunar-negro-de-parques-y-escenarios-deportivos-en-sur-de-neiva\/#respond\"]}]},{\"@type\":\"WebPage\",\"@id\":\"https:\/\/luchonoticias.com\/editor\/inseguridad-rastrojo-y-basura-el-lunar-negro-de-parques-y-escenarios-deportivos-en-sur-de-neiva\/\",\"url\":\"https:\/\/luchonoticias.com\/editor\/inseguridad-rastrojo-y-basura-el-lunar-negro-de-parques-y-escenarios-deportivos-en-sur-de-neiva\/\",\"name\":\"Inseguridad, rastrojo y basura, el \u2018lunar negro\u2019 de parques y escenarios deportivos en sur de Neiva -\",\"isPartOf\":{\"@id\":\"https:\/\/luchonoticias.com\/editor\/#website\"},\"primaryImageOfPage\":{\"@id\":\"https:\/\/luchonoticias.com\/editor\/inseguridad-rastrojo-y-basura-el-lunar-negro-de-parques-y-escenarios-deportivos-en-sur-de-neiva\/#primaryimage\"},\"image\":{\"@id\":\"https:\/\/luchonoticias.com\/editor\/inseguridad-rastrojo-y-basura-el-lunar-negro-de-parques-y-escenarios-deportivos-en-sur-de-neiva\/#primaryimage\"},\"thumbnailUrl\":\"https:\/\/luchonoticias.com\/wp-content\/uploads\/2023\/11\/WhatsApp-Image-2023-11-29-at-9.56.50-PM-2-1024x768.jpeg\",\"datePublished\":\"2023-11-30T12:57:35+00:00\",\"dateModified\":\"2023-11-30T12:57:37+00:00\",\"breadcrumb\":{\"@id\":\"https:\/\/luchonoticias.com\/editor\/inseguridad-rastrojo-y-basura-el-lunar-negro-de-parques-y-escenarios-deportivos-en-sur-de-neiva\/#breadcrumb\"},\"inLanguage\":\"es\",\"potentialAction\":[{\"@type\":\"ReadAction\",\"target\":[\"https:\/\/luchonoticias.com\/editor\/inseguridad-rastrojo-y-basura-el-lunar-negro-de-parques-y-escenarios-deportivos-en-sur-de-neiva\/\"]}]},{\"@type\":\"ImageObject\",\"inLanguage\":\"es\",\"@id\":\"https:\/\/luchonoticias.com\/editor\/inseguridad-rastrojo-y-basura-el-lunar-negro-de-parques-y-escenarios-deportivos-en-sur-de-neiva\/#primaryimage\",\"url\":\"https:\/\/luchonoticias.com\/wp-content\/uploads\/2023\/11\/WhatsApp-Image-2023-11-29-at-9.56.50-PM-2-1024x768.jpeg\",\"contentUrl\":\"https:\/\/luchonoticias.com\/wp-content\/uploads\/2023\/11\/WhatsApp-Image-2023-11-29-at-9.56.50-PM-2-1024x768.jpeg\"},{\"@type\":\"BreadcrumbList\",\"@id\":\"https:\/\/luchonoticias.com\/editor\/inseguridad-rastrojo-y-basura-el-lunar-negro-de-parques-y-escenarios-deportivos-en-sur-de-neiva\/#breadcrumb\",\"itemListElement\":[{\"@type\":\"ListItem\",\"position\":1,\"name\":\"Portada\",\"item\":\"https:\/\/luchonoticias.com\/editor\/\"},{\"@type\":\"ListItem\",\"position\":2,\"name\":\"Inseguridad, rastrojo y basura, el \u2018lunar negro\u2019 de parques y escenarios deportivos en sur de Neiva\"}]},{\"@type\":\"WebSite\",\"@id\":\"https:\/\/luchonoticias.com\/editor\/#website\",\"url\":\"https:\/\/luchonoticias.com\/editor\/\",\"name\":\"\",\"description\":\"\",\"publisher\":{\"@id\":\"https:\/\/luchonoticias.com\/editor\/#\/schema\/person\/7a7fd911f58561fd056dbac7b55af9cd\"},\"potentialAction\":[{\"@type\":\"SearchAction\",\"target\":{\"@type\":\"EntryPoint\",\"urlTemplate\":\"https:\/\/luchonoticias.com\/editor\/?s={search_term_string}\"},\"query-input\":{\"@type\":\"PropertyValueSpecification\",\"valueRequired\":true,\"valueName\":\"search_term_string\"}}],\"inLanguage\":\"es\"},{\"@type\":[\"Person\",\"Organization\"],\"@id\":\"https:\/\/luchonoticias.com\/editor\/#\/schema\/person\/7a7fd911f58561fd056dbac7b55af9cd\",\"name\":\"admin\",\"image\":{\"@type\":\"ImageObject\",\"inLanguage\":\"es\",\"@id\":\"https:\/\/luchonoticias.com\/editor\/#\/schema\/person\/image\/\",\"url\":\"https:\/\/luchonoticias.com\/editor\/wp-content\/uploads\/2024\/02\/cropped-cropped-logolu.webp\",\"contentUrl\":\"https:\/\/luchonoticias.com\/editor\/wp-content\/uploads\/2024\/02\/cropped-cropped-logolu.webp\",\"width\":382,\"height\":170,\"caption\":\"admin\"},\"logo\":{\"@id\":\"https:\/\/luchonoticias.com\/editor\/#\/schema\/person\/image\/\"},\"sameAs\":[\"https:\/\/www.facebook.com\/luchonoticiasneiva\"]},{\"@type\":\"Person\",\"@id\":\"https:\/\/luchonoticias.com\/editor\/#\/schema\/person\/29217990ddf6f14e35912b2866d591fb\",\"name\":\"Editor General\",\"image\":{\"@type\":\"ImageObject\",\"inLanguage\":\"es\",\"@id\":\"https:\/\/luchonoticias.com\/editor\/#\/schema\/person\/image\/\",\"url\":\"https:\/\/luchonoticias.com\/editor\/wp-content\/uploads\/2024\/02\/cropped-cropped-logolu-150x150.webp\",\"contentUrl\":\"https:\/\/luchonoticias.com\/editor\/wp-content\/uploads\/2024\/02\/cropped-cropped-logolu-150x150.webp\",\"caption\":\"Editor General\"},\"sameAs\":[\"https:\/\/luchonoticias.com\/\"],\"url\":\"https:\/\/luchonoticias.com\/editor\/author\/editor-general\/\"}]}<\/script>\n<!-- \/ Yoast SEO plugin. -->","yoast_head_json":{"title":"Inseguridad, rastrojo y basura, el \u2018lunar negro\u2019 de parques y escenarios deportivos en sur de Neiva -","robots":{"index":"index","follow":"follow","max-snippet":"max-snippet:-1","max-image-preview":"max-image-preview:large","max-video-preview":"max-video-preview:-1"},"canonical":"https:\/\/luchonoticias.com\/editor\/inseguridad-rastrojo-y-basura-el-lunar-negro-de-parques-y-escenarios-deportivos-en-sur-de-neiva\/","og_locale":"es_ES","og_type":"article","og_title":"Inseguridad, rastrojo y basura, el \u2018lunar negro\u2019 de parques y escenarios deportivos en sur de Neiva -","og_url":"https:\/\/luchonoticias.com\/editor\/inseguridad-rastrojo-y-basura-el-lunar-negro-de-parques-y-escenarios-deportivos-en-sur-de-neiva\/","article_publisher":"https:\/\/www.facebook.com\/luchonoticiasneiva","article_published_time":"2023-11-30T12:57:35+00:00","article_modified_time":"2023-11-30T12:57:37+00:00","og_image":[{"url":"https:\/\/luchonoticias.com\/wp-content\/uploads\/2023\/11\/WhatsApp-Image-2023-11-29-at-9.56.50-PM-2-1024x768.jpeg","type":"","width":"","height":""}],"author":"Editor General","twitter_card":"summary_large_image","twitter_misc":{"Escrito por":"Editor General","Tiempo de lectura":"1 minuto"},"schema":{"@context":"https:\/\/schema.org","@graph":[{"@type":"Article","@id":"https:\/\/luchonoticias.com\/editor\/inseguridad-rastrojo-y-basura-el-lunar-negro-de-parques-y-escenarios-deportivos-en-sur-de-neiva\/#article","isPartOf":{"@id":"https:\/\/luchonoticias.com\/editor\/inseguridad-rastrojo-y-basura-el-lunar-negro-de-parques-y-escenarios-deportivos-en-sur-de-neiva\/"},"author":{"name":"Editor General","@id":"https:\/\/luchonoticias.com\/editor\/#\/schema\/person\/29217990ddf6f14e35912b2866d591fb"},"headline":"Inseguridad, rastrojo y basura, el \u2018lunar negro\u2019 de parques y escenarios deportivos en sur de Neiva","datePublished":"2023-11-30T12:57:35+00:00","dateModified":"2023-11-30T12:57:37+00:00","mainEntityOfPage":{"@id":"https:\/\/luchonoticias.com\/editor\/inseguridad-rastrojo-y-basura-el-lunar-negro-de-parques-y-escenarios-deportivos-en-sur-de-neiva\/"},"wordCount":314,"commentCount":0,"publisher":{"@id":"https:\/\/luchonoticias.com\/editor\/#\/schema\/person\/7a7fd911f58561fd056dbac7b55af9cd"},"image":{"@id":"https:\/\/luchonoticias.com\/editor\/inseguridad-rastrojo-y-basura-el-lunar-negro-de-parques-y-escenarios-deportivos-en-sur-de-neiva\/#primaryimage"},"thumbnailUrl":"https:\/\/luchonoticias.com\/wp-content\/uploads\/2023\/11\/WhatsApp-Image-2023-11-29-at-9.56.50-PM-2-1024x768.jpeg","articleSection":["Destacado","Local"],"inLanguage":"es","potentialAction":[{"@type":"CommentAction","name":"Comment","target":["https:\/\/luchonoticias.com\/editor\/inseguridad-rastrojo-y-basura-el-lunar-negro-de-parques-y-escenarios-deportivos-en-sur-de-neiva\/#respond"]}]},{"@type":"WebPage","@id":"https:\/\/luchonoticias.com\/editor\/inseguridad-rastrojo-y-basura-el-lunar-negro-de-parques-y-escenarios-deportivos-en-sur-de-neiva\/","url":"https:\/\/luchonoticias.com\/editor\/inseguridad-rastrojo-y-basura-el-lunar-negro-de-parques-y-escenarios-deportivos-en-sur-de-neiva\/","name":"Inseguridad, rastrojo y basura, el \u2018lunar negro\u2019 de parques y escenarios deportivos en sur de Neiva -","isPartOf":{"@id":"https:\/\/luchonoticias.com\/editor\/#website"},"primaryImageOfPage":{"@id":"https:\/\/luchonoticias.com\/editor\/inseguridad-rastrojo-y-basura-el-lunar-negro-de-parques-y-escenarios-deportivos-en-sur-de-neiva\/#primaryimage"},"image":{"@id":"https:\/\/luchonoticias.com\/editor\/inseguridad-rastrojo-y-basura-el-lunar-negro-de-parques-y-escenarios-deportivos-en-sur-de-neiva\/#primaryimage"},"thumbnailUrl":"https:\/\/luchonoticias.com\/wp-content\/uploads\/2023\/11\/WhatsApp-Image-2023-11-29-at-9.56.50-PM-2-1024x768.jpeg","datePublished":"2023-11-30T12:57:35+00:00","dateModified":"2023-11-30T12:57:37+00:00","breadcrumb":{"@id":"https:\/\/luchonoticias.com\/editor\/inseguridad-rastrojo-y-basura-el-lunar-negro-de-parques-y-escenarios-deportivos-en-sur-de-neiva\/#breadcrumb"},"inLanguage":"es","potentialAction":[{"@type":"ReadAction","target":["https:\/\/luchonoticias.com\/editor\/inseguridad-rastrojo-y-basura-el-lunar-negro-de-parques-y-escenarios-deportivos-en-sur-de-neiva\/"]}]},{"@type":"ImageObject","inLanguage":"es","@id":"https:\/\/luchonoticias.com\/editor\/inseguridad-rastrojo-y-basura-el-lunar-negro-de-parques-y-escenarios-deportivos-en-sur-de-neiva\/#primaryimage","url":"https:\/\/luchonoticias.com\/wp-content\/uploads\/2023\/11\/WhatsApp-Image-2023-11-29-at-9.56.50-PM-2-1024x768.jpeg","contentUrl":"https:\/\/luchonoticias.com\/wp-content\/uploads\/2023\/11\/WhatsApp-Image-2023-11-29-at-9.56.50-PM-2-1024x768.jpeg"},{"@type":"BreadcrumbList","@id":"https:\/\/luchonoticias.com\/editor\/inseguridad-rastrojo-y-basura-el-lunar-negro-de-parques-y-escenarios-deportivos-en-sur-de-neiva\/#breadcrumb","itemListElement":[{"@type":"ListItem","position":1,"name":"Portada","item":"https:\/\/luchonoticias.com\/editor\/"},{"@type":"ListItem","position":2,"name":"Inseguridad, rastrojo y basura, el \u2018lunar negro\u2019 de parques y escenarios deportivos en sur de Neiva"}]},{"@type":"WebSite","@id":"https:\/\/luchonoticias.com\/editor\/#website","url":"https:\/\/luchonoticias.com\/editor\/","name":"","description":"","publisher":{"@id":"https:\/\/luchonoticias.com\/editor\/#\/schema\/person\/7a7fd911f58561fd056dbac7b55af9cd"},"potentialAction":[{"@type":"SearchAction","target":{"@type":"EntryPoint","urlTemplate":"https:\/\/luchonoticias.com\/editor\/?s={search_term_string}"},"query-input":{"@type":"PropertyValueSpecification","valueRequired":true,"valueName":"search_term_string"}}],"inLanguage":"es"},{"@type":["Person","Organization"],"@id":"https:\/\/luchonoticias.com\/editor\/#\/schema\/person\/7a7fd911f58561fd056dbac7b55af9cd","name":"admin","image":{"@type":"ImageObject","inLanguage":"es","@id":"https:\/\/luchonoticias.com\/editor\/#\/schema\/person\/image\/","url":"https:\/\/luchonoticias.com\/editor\/wp-content\/uploads\/2024\/02\/cropped-cropped-logolu.webp","contentUrl":"https:\/\/luchonoticias.com\/editor\/wp-content\/uploads\/2024\/02\/cropped-cropped-logolu.webp","width":382,"height":170,"caption":"admin"},"logo":{"@id":"https:\/\/luchonoticias.com\/editor\/#\/schema\/person\/image\/"},"sameAs":["https:\/\/www.facebook.com\/luchonoticiasneiva"]},{"@type":"Person","@id":"https:\/\/luchonoticias.com\/editor\/#\/schema\/person\/29217990ddf6f14e35912b2866d591fb","name":"Editor General","image":{"@type":"ImageObject","inLanguage":"es","@id":"https:\/\/luchonoticias.com\/editor\/#\/schema\/person\/image\/","url":"https:\/\/luchonoticias.com\/editor\/wp-content\/uploads\/2024\/02\/cropped-cropped-logolu-150x150.webp","contentUrl":"https:\/\/luchonoticias.com\/editor\/wp-content\/uploads\/2024\/02\/cropped-cropped-logolu-150x150.webp","caption":"Editor General"},"sameAs":["https:\/\/luchonoticias.com\/"],"url":"https:\/\/luchonoticias.com\/editor\/author\/editor-general\/"}]}},"_links":{"self":[{"href":"https:\/\/luchonoticias.com\/editor\/wp-json\/wp\/v2\/posts\/64811","targetHints":{"allow":["GET"]}}],"collection":[{"href":"https:\/\/luchonoticias.com\/editor\/wp-json\/wp\/v2\/posts"}],"about":[{"href":"https:\/\/luchonoticias.com\/editor\/wp-json\/wp\/v2\/types\/post"}],"author":[{"embeddable":true,"href":"https:\/\/luchonoticias.com\/editor\/wp-json\/wp\/v2\/users\/2"}],"replies":[{"embeddable":true,"href":"https:\/\/luchonoticias.com\/editor\/wp-json\/wp\/v2\/comments?post=64811"}],"version-history":[{"count":0,"href":"https:\/\/luchonoticias.com\/editor\/wp-json\/wp\/v2\/posts\/64811\/revisions"}],"wp:attachment":[{"href":"https:\/\/luchonoticias.com\/editor\/wp-json\/wp\/v2\/media?parent=64811"}],"wp:term":[{"taxonomy":"category","embeddable":true,"href":"https:\/\/luchonoticias.com\/editor\/wp-json\/wp\/v2\/categories?post=64811"},{"taxonomy":"post_tag","embeddable":true,"href":"https:\/\/luchonoticias.com\/editor\/wp-json\/wp\/v2\/tags?post=64811"}],"curies":[{"name":"wp","href":"https:\/\/api.w.org\/{rel}","templated":true}]}}