{"id":64821,"date":"2023-11-30T08:14:45","date_gmt":"2023-11-30T13:14:45","guid":{"rendered":"https:\/\/luchonoticias.com\/?p=64821"},"modified":"2023-11-30T08:14:46","modified_gmt":"2023-11-30T13:14:46","slug":"carcel-para-el-negro-y-marlon-dos-de-los-presuntos-responsables-del-secuestro-de-los-papas-del-futbolista-luis-diaz","status":"publish","type":"post","link":"https:\/\/luchonoticias.com\/editor\/carcel-para-el-negro-y-marlon-dos-de-los-presuntos-responsables-del-secuestro-de-los-papas-del-futbolista-luis-diaz\/","title":{"rendered":"C\u00e1rcel para \u2018El Negro\u2019 y \u2018Marlon\u2019, dos de los presuntos responsables del secuestro de los pap\u00e1s del futbolista Luis D\u00edaz"},"content":{"rendered":"\n<p>Por petici\u00f3n de la Fiscal\u00eda General de la Naci\u00f3n, una juez de control de garant\u00edas impuso medida de aseguramiento en centro carcelario a Andr\u00e9s Alcires Bol\u00edvar Bol\u00edvar, alias El Negro; y a Marlon Rafael Brito Bol\u00edvar, alias Marlon, dos de los presuntos responsables del secuestro de los se\u00f1ores Luis Manuel D\u00edaz y Cilenis Marulanda, padres del futbolista Luis Fernando D\u00edaz Marulanda.<\/p>\n\n\n\n<p>Los dos procesados son se\u00f1alados de participar en las actividades il\u00edcitas relacionadas con la planeaci\u00f3n y ejecuci\u00f3n de la acci\u00f3n criminal, ocurrida el pasado 28 de octubre, en Barrancas (La Guajira). En ese sentido, un fiscal de la Delegada para la Seguridad Territorial les imput\u00f3 los delitos de secuestro extorsivo, secuestro simple; y fabricaci\u00f3n, tr\u00e1fico y porte de armas, municiones de uso restringido, de uso privativo de las Fuerzas Armadas o explosivos.<\/p>\n\n\n\n<p>Los investigados no aceptaron los cargos y deber\u00e1n cumplir medida de aseguramiento privativa de la libertad en centro carcelario.<\/p>\n\n\n\n<p><strong>Roles criminales<\/strong><\/p>\n\n\n\n<p>Durante la primera semana de julio del a\u00f1o en curso, alias El Negro, quien fung\u00eda como comerciante en Maicao (La Guajira), habr\u00eda sido contactado por alias Octavio, un se\u00f1alado integrante del ELN, para que le ayudara a concretar la idea que ten\u00eda la organizaci\u00f3n criminal de secuestrar al padre del deportista.<\/p>\n\n\n\n<p>Los dos hombres, al parecer, se trasladaron a Barrancas y convencieron de participar en el plan ilegal a una persona que ten\u00eda cercan\u00eda con la familia D\u00edaz. De esta manera conocieron las rutinas y movimientos de las v\u00edctimas.<\/p>\n\n\n\n<p>De otra parte, Marlon Rafael Brito Bol\u00edvar es se\u00f1alado de apoyar la obtenci\u00f3n de informaci\u00f3n y la definici\u00f3n de la log\u00edstica para concretar el secuestro. Asimismo, estar\u00eda involucrado en la estructuraci\u00f3n de un enga\u00f1o para llevar a los se\u00f1ores Luis Manuel D\u00edaz y Cilenis Marulanda al punto donde fueron retenidos.<\/p>\n\n\n\n<p>Finalmente, la tarde del pasado 28 de octubre, los pap\u00e1s del futbolista salieron a atender una supuesta promesa de apoyo a la candidatura de un familiar que aspiraba llegar al Concejo Municipal de de Barrancas; sin embargo, fueron interceptados por hombres armados y llevados hacia la Serran\u00eda del Perij\u00e1.<\/p>\n\n\n\n<p>Horas despu\u00e9s del plagio, la se\u00f1ora Cilenis Marulanda fue dejada en libertad; mientras que el se\u00f1or Luis Manuel D\u00edaz fue entregado a una comisi\u00f3n humanitaria el 9 de noviembre.<\/p>\n\n\n\n<p>\u2018El Negro\u2019 y \u2018Marlon\u2019 fueron capturados en diligencias realizadas por la Polic\u00eda Nacional y el CTI en Maicao y Barrancas. En los procedimientos fue detenido en situaci\u00f3n de flagrancia Brayan Javier Morales Sanjuan por tener en su poder cartuchos calibre 5.56 mm y coca\u00edna.<\/p>\n\n\n\n<p>La Fiscal\u00eda le imput\u00f3 a este hombre los delitos de fabricaci\u00f3n, tr\u00e1fico, porte o tenencia de armas de fuego, accesorios, partes o municiones; y tr\u00e1fico, fabricaci\u00f3n o porte de estupefacientes.<\/p>\n\n\n\n<p>Por disposici\u00f3n del juez de control de garant\u00edas tambi\u00e9n deber\u00e1 cumplir medida de aseguramiento en establecimiento carcelario.<\/p>\n","protected":false},"excerpt":{"rendered":"<p>Por petici\u00f3n de la Fiscal\u00eda General de la Naci\u00f3n, una juez de control de garant\u00edas impuso medida de aseguramiento en centro carcelario a Andr\u00e9s Alcires Bol\u00edvar Bol\u00edvar, alias El Negro; y a Marlon Rafael Brito Bol\u00edvar, alias Marlon, dos de los presuntos responsables del secuestro de los se\u00f1ores Luis Manuel D\u00edaz y Cilenis Marulanda, padres [&hellip;]<\/p>\n","protected":false},"author":2,"featured_media":0,"comment_status":"open","ping_status":"open","sticky":false,"template":"","format":"standard","meta":{"footnotes":""},"categories":[28,36],"tags":[],"class_list":["post-64821","post","type-post","status-publish","format-standard","hentry","category-actualidad","category-destacado"],"yoast_head":"<!-- This site is optimized with the Yoast SEO plugin v26.6 - https:\/\/yoast.com\/wordpress\/plugins\/seo\/ -->\n<title>C\u00e1rcel para \u2018El Negro\u2019 y \u2018Marlon\u2019, dos de los presuntos responsables del secuestro de los pap\u00e1s del futbolista Luis D\u00edaz -<\/title>\n<meta name=\"robots\" content=\"index, follow, max-snippet:-1, max-image-preview:large, max-video-preview:-1\" \/>\n<link rel=\"canonical\" href=\"https:\/\/luchonoticias.com\/editor\/carcel-para-el-negro-y-marlon-dos-de-los-presuntos-responsables-del-secuestro-de-los-papas-del-futbolista-luis-diaz\/\" \/>\n<meta property=\"og:locale\" content=\"es_ES\" \/>\n<meta property=\"og:type\" content=\"article\" \/>\n<meta property=\"og:title\" content=\"C\u00e1rcel para \u2018El Negro\u2019 y \u2018Marlon\u2019, dos de los presuntos responsables del secuestro de los pap\u00e1s del futbolista Luis D\u00edaz -\" \/>\n<meta property=\"og:url\" content=\"https:\/\/luchonoticias.com\/editor\/carcel-para-el-negro-y-marlon-dos-de-los-presuntos-responsables-del-secuestro-de-los-papas-del-futbolista-luis-diaz\/\" \/>\n<meta property=\"article:publisher\" content=\"https:\/\/www.facebook.com\/luchonoticiasneiva\" \/>\n<meta property=\"article:published_time\" content=\"2023-11-30T13:14:45+00:00\" \/>\n<meta property=\"article:modified_time\" content=\"2023-11-30T13:14:46+00:00\" \/>\n<meta name=\"author\" content=\"Editor General\" \/>\n<meta name=\"twitter:card\" content=\"summary_large_image\" \/>\n<meta name=\"twitter:label1\" content=\"Escrito por\" \/>\n\t<meta name=\"twitter:data1\" content=\"Editor General\" \/>\n\t<meta name=\"twitter:label2\" content=\"Tiempo de lectura\" \/>\n\t<meta name=\"twitter:data2\" content=\"3 minutos\" \/>\n<script type=\"application\/ld+json\" class=\"yoast-schema-graph\">{\"@context\":\"https:\/\/schema.org\",\"@graph\":[{\"@type\":\"Article\",\"@id\":\"https:\/\/luchonoticias.com\/editor\/carcel-para-el-negro-y-marlon-dos-de-los-presuntos-responsables-del-secuestro-de-los-papas-del-futbolista-luis-diaz\/#article\",\"isPartOf\":{\"@id\":\"https:\/\/luchonoticias.com\/editor\/carcel-para-el-negro-y-marlon-dos-de-los-presuntos-responsables-del-secuestro-de-los-papas-del-futbolista-luis-diaz\/\"},\"author\":{\"name\":\"Editor General\",\"@id\":\"https:\/\/luchonoticias.com\/editor\/#\/schema\/person\/29217990ddf6f14e35912b2866d591fb\"},\"headline\":\"C\u00e1rcel para \u2018El Negro\u2019 y \u2018Marlon\u2019, dos de los presuntos responsables del secuestro de los pap\u00e1s del futbolista Luis D\u00edaz\",\"datePublished\":\"2023-11-30T13:14:45+00:00\",\"dateModified\":\"2023-11-30T13:14:46+00:00\",\"mainEntityOfPage\":{\"@id\":\"https:\/\/luchonoticias.com\/editor\/carcel-para-el-negro-y-marlon-dos-de-los-presuntos-responsables-del-secuestro-de-los-papas-del-futbolista-luis-diaz\/\"},\"wordCount\":539,\"commentCount\":0,\"publisher\":{\"@id\":\"https:\/\/luchonoticias.com\/editor\/#\/schema\/person\/7a7fd911f58561fd056dbac7b55af9cd\"},\"articleSection\":[\"Actualidad\",\"Destacado\"],\"inLanguage\":\"es\",\"potentialAction\":[{\"@type\":\"CommentAction\",\"name\":\"Comment\",\"target\":[\"https:\/\/luchonoticias.com\/editor\/carcel-para-el-negro-y-marlon-dos-de-los-presuntos-responsables-del-secuestro-de-los-papas-del-futbolista-luis-diaz\/#respond\"]}]},{\"@type\":\"WebPage\",\"@id\":\"https:\/\/luchonoticias.com\/editor\/carcel-para-el-negro-y-marlon-dos-de-los-presuntos-responsables-del-secuestro-de-los-papas-del-futbolista-luis-diaz\/\",\"url\":\"https:\/\/luchonoticias.com\/editor\/carcel-para-el-negro-y-marlon-dos-de-los-presuntos-responsables-del-secuestro-de-los-papas-del-futbolista-luis-diaz\/\",\"name\":\"C\u00e1rcel para \u2018El Negro\u2019 y \u2018Marlon\u2019, dos de los presuntos responsables del secuestro de los pap\u00e1s del futbolista Luis D\u00edaz -\",\"isPartOf\":{\"@id\":\"https:\/\/luchonoticias.com\/editor\/#website\"},\"datePublished\":\"2023-11-30T13:14:45+00:00\",\"dateModified\":\"2023-11-30T13:14:46+00:00\",\"breadcrumb\":{\"@id\":\"https:\/\/luchonoticias.com\/editor\/carcel-para-el-negro-y-marlon-dos-de-los-presuntos-responsables-del-secuestro-de-los-papas-del-futbolista-luis-diaz\/#breadcrumb\"},\"inLanguage\":\"es\",\"potentialAction\":[{\"@type\":\"ReadAction\",\"target\":[\"https:\/\/luchonoticias.com\/editor\/carcel-para-el-negro-y-marlon-dos-de-los-presuntos-responsables-del-secuestro-de-los-papas-del-futbolista-luis-diaz\/\"]}]},{\"@type\":\"BreadcrumbList\",\"@id\":\"https:\/\/luchonoticias.com\/editor\/carcel-para-el-negro-y-marlon-dos-de-los-presuntos-responsables-del-secuestro-de-los-papas-del-futbolista-luis-diaz\/#breadcrumb\",\"itemListElement\":[{\"@type\":\"ListItem\",\"position\":1,\"name\":\"Portada\",\"item\":\"https:\/\/luchonoticias.com\/editor\/\"},{\"@type\":\"ListItem\",\"position\":2,\"name\":\"C\u00e1rcel para \u2018El Negro\u2019 y \u2018Marlon\u2019, dos de los presuntos responsables del secuestro de los pap\u00e1s del futbolista Luis D\u00edaz\"}]},{\"@type\":\"WebSite\",\"@id\":\"https:\/\/luchonoticias.com\/editor\/#website\",\"url\":\"https:\/\/luchonoticias.com\/editor\/\",\"name\":\"\",\"description\":\"\",\"publisher\":{\"@id\":\"https:\/\/luchonoticias.com\/editor\/#\/schema\/person\/7a7fd911f58561fd056dbac7b55af9cd\"},\"potentialAction\":[{\"@type\":\"SearchAction\",\"target\":{\"@type\":\"EntryPoint\",\"urlTemplate\":\"https:\/\/luchonoticias.com\/editor\/?s={search_term_string}\"},\"query-input\":{\"@type\":\"PropertyValueSpecification\",\"valueRequired\":true,\"valueName\":\"search_term_string\"}}],\"inLanguage\":\"es\"},{\"@type\":[\"Person\",\"Organization\"],\"@id\":\"https:\/\/luchonoticias.com\/editor\/#\/schema\/person\/7a7fd911f58561fd056dbac7b55af9cd\",\"name\":\"admin\",\"image\":{\"@type\":\"ImageObject\",\"inLanguage\":\"es\",\"@id\":\"https:\/\/luchonoticias.com\/editor\/#\/schema\/person\/image\/\",\"url\":\"https:\/\/luchonoticias.com\/editor\/wp-content\/uploads\/2024\/02\/cropped-cropped-logolu.webp\",\"contentUrl\":\"https:\/\/luchonoticias.com\/editor\/wp-content\/uploads\/2024\/02\/cropped-cropped-logolu.webp\",\"width\":382,\"height\":170,\"caption\":\"admin\"},\"logo\":{\"@id\":\"https:\/\/luchonoticias.com\/editor\/#\/schema\/person\/image\/\"},\"sameAs\":[\"https:\/\/www.facebook.com\/luchonoticiasneiva\"]},{\"@type\":\"Person\",\"@id\":\"https:\/\/luchonoticias.com\/editor\/#\/schema\/person\/29217990ddf6f14e35912b2866d591fb\",\"name\":\"Editor General\",\"image\":{\"@type\":\"ImageObject\",\"inLanguage\":\"es\",\"@id\":\"https:\/\/luchonoticias.com\/editor\/#\/schema\/person\/image\/\",\"url\":\"https:\/\/luchonoticias.com\/editor\/wp-content\/uploads\/2024\/02\/cropped-cropped-logolu-150x150.webp\",\"contentUrl\":\"https:\/\/luchonoticias.com\/editor\/wp-content\/uploads\/2024\/02\/cropped-cropped-logolu-150x150.webp\",\"caption\":\"Editor General\"},\"sameAs\":[\"https:\/\/luchonoticias.com\/\"],\"url\":\"https:\/\/luchonoticias.com\/editor\/author\/editor-general\/\"}]}<\/script>\n<!-- \/ Yoast SEO plugin. -->","yoast_head_json":{"title":"C\u00e1rcel para \u2018El Negro\u2019 y \u2018Marlon\u2019, dos de los presuntos responsables del secuestro de los pap\u00e1s del futbolista Luis D\u00edaz -","robots":{"index":"index","follow":"follow","max-snippet":"max-snippet:-1","max-image-preview":"max-image-preview:large","max-video-preview":"max-video-preview:-1"},"canonical":"https:\/\/luchonoticias.com\/editor\/carcel-para-el-negro-y-marlon-dos-de-los-presuntos-responsables-del-secuestro-de-los-papas-del-futbolista-luis-diaz\/","og_locale":"es_ES","og_type":"article","og_title":"C\u00e1rcel para \u2018El Negro\u2019 y \u2018Marlon\u2019, dos de los presuntos responsables del secuestro de los pap\u00e1s del futbolista Luis D\u00edaz -","og_url":"https:\/\/luchonoticias.com\/editor\/carcel-para-el-negro-y-marlon-dos-de-los-presuntos-responsables-del-secuestro-de-los-papas-del-futbolista-luis-diaz\/","article_publisher":"https:\/\/www.facebook.com\/luchonoticiasneiva","article_published_time":"2023-11-30T13:14:45+00:00","article_modified_time":"2023-11-30T13:14:46+00:00","author":"Editor General","twitter_card":"summary_large_image","twitter_misc":{"Escrito por":"Editor General","Tiempo de lectura":"3 minutos"},"schema":{"@context":"https:\/\/schema.org","@graph":[{"@type":"Article","@id":"https:\/\/luchonoticias.com\/editor\/carcel-para-el-negro-y-marlon-dos-de-los-presuntos-responsables-del-secuestro-de-los-papas-del-futbolista-luis-diaz\/#article","isPartOf":{"@id":"https:\/\/luchonoticias.com\/editor\/carcel-para-el-negro-y-marlon-dos-de-los-presuntos-responsables-del-secuestro-de-los-papas-del-futbolista-luis-diaz\/"},"author":{"name":"Editor General","@id":"https:\/\/luchonoticias.com\/editor\/#\/schema\/person\/29217990ddf6f14e35912b2866d591fb"},"headline":"C\u00e1rcel para \u2018El Negro\u2019 y \u2018Marlon\u2019, dos de los presuntos responsables del secuestro de los pap\u00e1s del futbolista Luis D\u00edaz","datePublished":"2023-11-30T13:14:45+00:00","dateModified":"2023-11-30T13:14:46+00:00","mainEntityOfPage":{"@id":"https:\/\/luchonoticias.com\/editor\/carcel-para-el-negro-y-marlon-dos-de-los-presuntos-responsables-del-secuestro-de-los-papas-del-futbolista-luis-diaz\/"},"wordCount":539,"commentCount":0,"publisher":{"@id":"https:\/\/luchonoticias.com\/editor\/#\/schema\/person\/7a7fd911f58561fd056dbac7b55af9cd"},"articleSection":["Actualidad","Destacado"],"inLanguage":"es","potentialAction":[{"@type":"CommentAction","name":"Comment","target":["https:\/\/luchonoticias.com\/editor\/carcel-para-el-negro-y-marlon-dos-de-los-presuntos-responsables-del-secuestro-de-los-papas-del-futbolista-luis-diaz\/#respond"]}]},{"@type":"WebPage","@id":"https:\/\/luchonoticias.com\/editor\/carcel-para-el-negro-y-marlon-dos-de-los-presuntos-responsables-del-secuestro-de-los-papas-del-futbolista-luis-diaz\/","url":"https:\/\/luchonoticias.com\/editor\/carcel-para-el-negro-y-marlon-dos-de-los-presuntos-responsables-del-secuestro-de-los-papas-del-futbolista-luis-diaz\/","name":"C\u00e1rcel para \u2018El Negro\u2019 y \u2018Marlon\u2019, dos de los presuntos responsables del secuestro de los pap\u00e1s del futbolista Luis D\u00edaz -","isPartOf":{"@id":"https:\/\/luchonoticias.com\/editor\/#website"},"datePublished":"2023-11-30T13:14:45+00:00","dateModified":"2023-11-30T13:14:46+00:00","breadcrumb":{"@id":"https:\/\/luchonoticias.com\/editor\/carcel-para-el-negro-y-marlon-dos-de-los-presuntos-responsables-del-secuestro-de-los-papas-del-futbolista-luis-diaz\/#breadcrumb"},"inLanguage":"es","potentialAction":[{"@type":"ReadAction","target":["https:\/\/luchonoticias.com\/editor\/carcel-para-el-negro-y-marlon-dos-de-los-presuntos-responsables-del-secuestro-de-los-papas-del-futbolista-luis-diaz\/"]}]},{"@type":"BreadcrumbList","@id":"https:\/\/luchonoticias.com\/editor\/carcel-para-el-negro-y-marlon-dos-de-los-presuntos-responsables-del-secuestro-de-los-papas-del-futbolista-luis-diaz\/#breadcrumb","itemListElement":[{"@type":"ListItem","position":1,"name":"Portada","item":"https:\/\/luchonoticias.com\/editor\/"},{"@type":"ListItem","position":2,"name":"C\u00e1rcel para \u2018El Negro\u2019 y \u2018Marlon\u2019, dos de los presuntos responsables del secuestro de los pap\u00e1s del futbolista Luis D\u00edaz"}]},{"@type":"WebSite","@id":"https:\/\/luchonoticias.com\/editor\/#website","url":"https:\/\/luchonoticias.com\/editor\/","name":"","description":"","publisher":{"@id":"https:\/\/luchonoticias.com\/editor\/#\/schema\/person\/7a7fd911f58561fd056dbac7b55af9cd"},"potentialAction":[{"@type":"SearchAction","target":{"@type":"EntryPoint","urlTemplate":"https:\/\/luchonoticias.com\/editor\/?s={search_term_string}"},"query-input":{"@type":"PropertyValueSpecification","valueRequired":true,"valueName":"search_term_string"}}],"inLanguage":"es"},{"@type":["Person","Organization"],"@id":"https:\/\/luchonoticias.com\/editor\/#\/schema\/person\/7a7fd911f58561fd056dbac7b55af9cd","name":"admin","image":{"@type":"ImageObject","inLanguage":"es","@id":"https:\/\/luchonoticias.com\/editor\/#\/schema\/person\/image\/","url":"https:\/\/luchonoticias.com\/editor\/wp-content\/uploads\/2024\/02\/cropped-cropped-logolu.webp","contentUrl":"https:\/\/luchonoticias.com\/editor\/wp-content\/uploads\/2024\/02\/cropped-cropped-logolu.webp","width":382,"height":170,"caption":"admin"},"logo":{"@id":"https:\/\/luchonoticias.com\/editor\/#\/schema\/person\/image\/"},"sameAs":["https:\/\/www.facebook.com\/luchonoticiasneiva"]},{"@type":"Person","@id":"https:\/\/luchonoticias.com\/editor\/#\/schema\/person\/29217990ddf6f14e35912b2866d591fb","name":"Editor General","image":{"@type":"ImageObject","inLanguage":"es","@id":"https:\/\/luchonoticias.com\/editor\/#\/schema\/person\/image\/","url":"https:\/\/luchonoticias.com\/editor\/wp-content\/uploads\/2024\/02\/cropped-cropped-logolu-150x150.webp","contentUrl":"https:\/\/luchonoticias.com\/editor\/wp-content\/uploads\/2024\/02\/cropped-cropped-logolu-150x150.webp","caption":"Editor General"},"sameAs":["https:\/\/luchonoticias.com\/"],"url":"https:\/\/luchonoticias.com\/editor\/author\/editor-general\/"}]}},"_links":{"self":[{"href":"https:\/\/luchonoticias.com\/editor\/wp-json\/wp\/v2\/posts\/64821","targetHints":{"allow":["GET"]}}],"collection":[{"href":"https:\/\/luchonoticias.com\/editor\/wp-json\/wp\/v2\/posts"}],"about":[{"href":"https:\/\/luchonoticias.com\/editor\/wp-json\/wp\/v2\/types\/post"}],"author":[{"embeddable":true,"href":"https:\/\/luchonoticias.com\/editor\/wp-json\/wp\/v2\/users\/2"}],"replies":[{"embeddable":true,"href":"https:\/\/luchonoticias.com\/editor\/wp-json\/wp\/v2\/comments?post=64821"}],"version-history":[{"count":0,"href":"https:\/\/luchonoticias.com\/editor\/wp-json\/wp\/v2\/posts\/64821\/revisions"}],"wp:attachment":[{"href":"https:\/\/luchonoticias.com\/editor\/wp-json\/wp\/v2\/media?parent=64821"}],"wp:term":[{"taxonomy":"category","embeddable":true,"href":"https:\/\/luchonoticias.com\/editor\/wp-json\/wp\/v2\/categories?post=64821"},{"taxonomy":"post_tag","embeddable":true,"href":"https:\/\/luchonoticias.com\/editor\/wp-json\/wp\/v2\/tags?post=64821"}],"curies":[{"name":"wp","href":"https:\/\/api.w.org\/{rel}","templated":true}]}}