{"id":64824,"date":"2023-11-30T08:21:13","date_gmt":"2023-11-30T13:21:13","guid":{"rendered":"https:\/\/luchonoticias.com\/?p=64824"},"modified":"2023-11-30T08:21:14","modified_gmt":"2023-11-30T13:21:14","slug":"aprobado-en-primer-debate-proyecto-de-ley-estatutaria-de-integracion-y-estructura-de-la-jurisdiccion-agraria-y-rural","status":"publish","type":"post","link":"https:\/\/luchonoticias.com\/editor\/aprobado-en-primer-debate-proyecto-de-ley-estatutaria-de-integracion-y-estructura-de-la-jurisdiccion-agraria-y-rural\/","title":{"rendered":"Aprobado en primer debate Proyecto de Ley Estatutaria de Integraci\u00f3n y estructura de la Jurisdicci\u00f3n Agraria y Rural"},"content":{"rendered":"\n<p>La jornada inici\u00f3 con la presentaci\u00f3n del Proyecto de Ley No. 089 de 2023 Senado, \u201cpor medio del cual se modifica y adiciona la Ley 1448 de 2011 para el reconocimiento y participaci\u00f3n de v\u00edctimas del sector religioso con ocasi\u00f3n del conflicto armado, y se dictan otras disposiciones\u201d.<\/p>\n\n\n\n<p>La ponencia estuvo a cargo del senador Germ\u00e1n Blanco, del partido Conservador, quien afirm\u00f3 que esta iniciativa busca el reconocimiento y participaci\u00f3n de las v\u00edctimas del sector religioso en la Ley General de V\u00edctimas.<\/p>\n\n\n\n<p>No obstante, los integrantes de la comisi\u00f3n intervinientes, manifestaron desacuerdo ya que no encuentran razones para categorizar este grupo poblacional de forma espec\u00edfica, pues la Ley de V\u00edctimas incluye en t\u00e9rminos generales a todas la v\u00edctimas.<\/p>\n\n\n\n<p>Los senadores, Humberto de la Calle, del partido Verde Ox\u00edgeno, Clara L\u00f3pez, de Colombia Renaciente, y Juan Carlos Garc\u00eda, del partido Conservador, as\u00ed lo afirmaron.<\/p>\n\n\n\n<p>En el mismo sentido se pronunci\u00f3 el senador Carlos Fernando Motoa, de Cambio Radical, sumando la propuesta de suspender la discusi\u00f3n del proyecto, la cual fue acogida, no sin antes conformar una subcomisi\u00f3n que ser\u00e1 liderada por el senador Germ\u00e1n Blanco como coordinador ponente con los senadores, Juan Carlos Garc\u00eda y Clara L\u00f3pez.<\/p>\n\n\n\n<p>Una vez rendido el informe nuevamente se incorporar\u00e1 en el orden del d\u00eda.<\/p>\n\n\n\n<p><strong>Jurisdicci\u00f3n Agraria y Rural<\/strong><\/p>\n\n\n\n<p><strong>&nbsp;<\/strong>Respecto a este importante tema, la Comisi\u00f3n Primera trajo a la mesa dos Proyectos de Ley, el 156 de 2023 Senado \u201cpor medio de la cual se determina el funcionamiento y<\/p>\n\n\n\n<p>competencias de la Jurisdicci\u00f3n Agraria y Rural, se establece el procedimiento especial agrario y rural y se dictan otras disposiciones\u201d.<\/p>\n\n\n\n<p>Este, es un proyecto de car\u00e1cter ordinario para el cual los senadores, Humberto de la Calle y Carlos Fernando Motoa, solicitaron la realizaci\u00f3n de una Audiencia P\u00fablica, la cual fue aprobada y se pretende programar para los primeros meses del a\u00f1o 2024.<\/p>\n\n\n\n<p>Por otro lado, se someti\u00f3 a debate y fue aprobado por mayor\u00eda absoluta el articulado del Proyecto de Ley Estatutaria No. 157 de 2023 Senado, \u201cpor medio de la cual se modifica la Ley 270 de 1996, se determina la integraci\u00f3n y estructura de la Jurisdicci\u00f3n Agraria y Rural y se adoptan otras disposiciones\u201d.<\/p>\n\n\n\n<p>En el ejercicio de la discusi\u00f3n fueron presentadas algunas proposiciones por parte del senador Humberto de la Calle a los art\u00edculos 2,4,7 y 11, que se votaron de forma negativa por mayor\u00eda absoluta tal como lo establece la ley para los proyectos de car\u00e1cter Estatutario.<\/p>\n\n\n\n<p>En el recinto se hicieron presentes el ministro de Justicia, N\u00e9stor Ozuna, y la ministra de Agricultura, Jhenifer Mojica, quienes agradecieron a los integrantes de la comisi\u00f3n su aprobaci\u00f3n y manifestaron su inter\u00e9s en la participaci\u00f3n de la aprobada Audiencia P\u00fablica.<\/p>\n","protected":false},"excerpt":{"rendered":"<p>La jornada inici\u00f3 con la presentaci\u00f3n del Proyecto de Ley No. 089 de 2023 Senado, \u201cpor medio del cual se modifica y adiciona la Ley 1448 de 2011 para el reconocimiento y participaci\u00f3n de v\u00edctimas del sector religioso con ocasi\u00f3n del conflicto armado, y se dictan otras disposiciones\u201d. La ponencia estuvo a cargo del senador [&hellip;]<\/p>\n","protected":false},"author":2,"featured_media":0,"comment_status":"open","ping_status":"open","sticky":false,"template":"","format":"standard","meta":{"footnotes":""},"categories":[36,617],"tags":[],"class_list":["post-64824","post","type-post","status-publish","format-standard","hentry","category-destacado","category-politica"],"yoast_head":"<!-- This site is optimized with the Yoast SEO plugin v26.6 - https:\/\/yoast.com\/wordpress\/plugins\/seo\/ -->\n<title>Aprobado en primer debate Proyecto de Ley Estatutaria de Integraci\u00f3n y estructura de la Jurisdicci\u00f3n Agraria y Rural -<\/title>\n<meta name=\"robots\" content=\"index, follow, max-snippet:-1, max-image-preview:large, max-video-preview:-1\" \/>\n<link rel=\"canonical\" href=\"https:\/\/luchonoticias.com\/editor\/aprobado-en-primer-debate-proyecto-de-ley-estatutaria-de-integracion-y-estructura-de-la-jurisdiccion-agraria-y-rural\/\" \/>\n<meta property=\"og:locale\" content=\"es_ES\" \/>\n<meta property=\"og:type\" content=\"article\" \/>\n<meta property=\"og:title\" content=\"Aprobado en primer debate Proyecto de Ley Estatutaria de Integraci\u00f3n y estructura de la Jurisdicci\u00f3n Agraria y Rural -\" \/>\n<meta property=\"og:url\" content=\"https:\/\/luchonoticias.com\/editor\/aprobado-en-primer-debate-proyecto-de-ley-estatutaria-de-integracion-y-estructura-de-la-jurisdiccion-agraria-y-rural\/\" \/>\n<meta property=\"article:publisher\" content=\"https:\/\/www.facebook.com\/luchonoticiasneiva\" \/>\n<meta property=\"article:published_time\" content=\"2023-11-30T13:21:13+00:00\" \/>\n<meta property=\"article:modified_time\" content=\"2023-11-30T13:21:14+00:00\" \/>\n<meta name=\"author\" content=\"Editor General\" \/>\n<meta name=\"twitter:card\" content=\"summary_large_image\" \/>\n<meta name=\"twitter:label1\" content=\"Escrito por\" \/>\n\t<meta name=\"twitter:data1\" content=\"Editor General\" \/>\n\t<meta name=\"twitter:label2\" content=\"Tiempo de lectura\" \/>\n\t<meta name=\"twitter:data2\" content=\"2 minutos\" \/>\n<script type=\"application\/ld+json\" class=\"yoast-schema-graph\">{\"@context\":\"https:\/\/schema.org\",\"@graph\":[{\"@type\":\"Article\",\"@id\":\"https:\/\/luchonoticias.com\/editor\/aprobado-en-primer-debate-proyecto-de-ley-estatutaria-de-integracion-y-estructura-de-la-jurisdiccion-agraria-y-rural\/#article\",\"isPartOf\":{\"@id\":\"https:\/\/luchonoticias.com\/editor\/aprobado-en-primer-debate-proyecto-de-ley-estatutaria-de-integracion-y-estructura-de-la-jurisdiccion-agraria-y-rural\/\"},\"author\":{\"name\":\"Editor General\",\"@id\":\"https:\/\/luchonoticias.com\/editor\/#\/schema\/person\/29217990ddf6f14e35912b2866d591fb\"},\"headline\":\"Aprobado en primer debate Proyecto de Ley Estatutaria de Integraci\u00f3n y estructura de la Jurisdicci\u00f3n Agraria y Rural\",\"datePublished\":\"2023-11-30T13:21:13+00:00\",\"dateModified\":\"2023-11-30T13:21:14+00:00\",\"mainEntityOfPage\":{\"@id\":\"https:\/\/luchonoticias.com\/editor\/aprobado-en-primer-debate-proyecto-de-ley-estatutaria-de-integracion-y-estructura-de-la-jurisdiccion-agraria-y-rural\/\"},\"wordCount\":496,\"commentCount\":0,\"publisher\":{\"@id\":\"https:\/\/luchonoticias.com\/editor\/#\/schema\/person\/7a7fd911f58561fd056dbac7b55af9cd\"},\"articleSection\":[\"Destacado\",\"Pol\u00edtica\"],\"inLanguage\":\"es\",\"potentialAction\":[{\"@type\":\"CommentAction\",\"name\":\"Comment\",\"target\":[\"https:\/\/luchonoticias.com\/editor\/aprobado-en-primer-debate-proyecto-de-ley-estatutaria-de-integracion-y-estructura-de-la-jurisdiccion-agraria-y-rural\/#respond\"]}]},{\"@type\":\"WebPage\",\"@id\":\"https:\/\/luchonoticias.com\/editor\/aprobado-en-primer-debate-proyecto-de-ley-estatutaria-de-integracion-y-estructura-de-la-jurisdiccion-agraria-y-rural\/\",\"url\":\"https:\/\/luchonoticias.com\/editor\/aprobado-en-primer-debate-proyecto-de-ley-estatutaria-de-integracion-y-estructura-de-la-jurisdiccion-agraria-y-rural\/\",\"name\":\"Aprobado en primer debate Proyecto de Ley Estatutaria de Integraci\u00f3n y estructura de la Jurisdicci\u00f3n Agraria y Rural -\",\"isPartOf\":{\"@id\":\"https:\/\/luchonoticias.com\/editor\/#website\"},\"datePublished\":\"2023-11-30T13:21:13+00:00\",\"dateModified\":\"2023-11-30T13:21:14+00:00\",\"breadcrumb\":{\"@id\":\"https:\/\/luchonoticias.com\/editor\/aprobado-en-primer-debate-proyecto-de-ley-estatutaria-de-integracion-y-estructura-de-la-jurisdiccion-agraria-y-rural\/#breadcrumb\"},\"inLanguage\":\"es\",\"potentialAction\":[{\"@type\":\"ReadAction\",\"target\":[\"https:\/\/luchonoticias.com\/editor\/aprobado-en-primer-debate-proyecto-de-ley-estatutaria-de-integracion-y-estructura-de-la-jurisdiccion-agraria-y-rural\/\"]}]},{\"@type\":\"BreadcrumbList\",\"@id\":\"https:\/\/luchonoticias.com\/editor\/aprobado-en-primer-debate-proyecto-de-ley-estatutaria-de-integracion-y-estructura-de-la-jurisdiccion-agraria-y-rural\/#breadcrumb\",\"itemListElement\":[{\"@type\":\"ListItem\",\"position\":1,\"name\":\"Portada\",\"item\":\"https:\/\/luchonoticias.com\/editor\/\"},{\"@type\":\"ListItem\",\"position\":2,\"name\":\"Aprobado en primer debate Proyecto de Ley Estatutaria de Integraci\u00f3n y estructura de la Jurisdicci\u00f3n Agraria y Rural\"}]},{\"@type\":\"WebSite\",\"@id\":\"https:\/\/luchonoticias.com\/editor\/#website\",\"url\":\"https:\/\/luchonoticias.com\/editor\/\",\"name\":\"\",\"description\":\"\",\"publisher\":{\"@id\":\"https:\/\/luchonoticias.com\/editor\/#\/schema\/person\/7a7fd911f58561fd056dbac7b55af9cd\"},\"potentialAction\":[{\"@type\":\"SearchAction\",\"target\":{\"@type\":\"EntryPoint\",\"urlTemplate\":\"https:\/\/luchonoticias.com\/editor\/?s={search_term_string}\"},\"query-input\":{\"@type\":\"PropertyValueSpecification\",\"valueRequired\":true,\"valueName\":\"search_term_string\"}}],\"inLanguage\":\"es\"},{\"@type\":[\"Person\",\"Organization\"],\"@id\":\"https:\/\/luchonoticias.com\/editor\/#\/schema\/person\/7a7fd911f58561fd056dbac7b55af9cd\",\"name\":\"admin\",\"image\":{\"@type\":\"ImageObject\",\"inLanguage\":\"es\",\"@id\":\"https:\/\/luchonoticias.com\/editor\/#\/schema\/person\/image\/\",\"url\":\"https:\/\/luchonoticias.com\/editor\/wp-content\/uploads\/2024\/02\/cropped-cropped-logolu.webp\",\"contentUrl\":\"https:\/\/luchonoticias.com\/editor\/wp-content\/uploads\/2024\/02\/cropped-cropped-logolu.webp\",\"width\":382,\"height\":170,\"caption\":\"admin\"},\"logo\":{\"@id\":\"https:\/\/luchonoticias.com\/editor\/#\/schema\/person\/image\/\"},\"sameAs\":[\"https:\/\/www.facebook.com\/luchonoticiasneiva\"]},{\"@type\":\"Person\",\"@id\":\"https:\/\/luchonoticias.com\/editor\/#\/schema\/person\/29217990ddf6f14e35912b2866d591fb\",\"name\":\"Editor General\",\"image\":{\"@type\":\"ImageObject\",\"inLanguage\":\"es\",\"@id\":\"https:\/\/luchonoticias.com\/editor\/#\/schema\/person\/image\/\",\"url\":\"https:\/\/luchonoticias.com\/editor\/wp-content\/uploads\/2024\/02\/cropped-cropped-logolu-150x150.webp\",\"contentUrl\":\"https:\/\/luchonoticias.com\/editor\/wp-content\/uploads\/2024\/02\/cropped-cropped-logolu-150x150.webp\",\"caption\":\"Editor General\"},\"sameAs\":[\"https:\/\/luchonoticias.com\/\"],\"url\":\"https:\/\/luchonoticias.com\/editor\/author\/editor-general\/\"}]}<\/script>\n<!-- \/ Yoast SEO plugin. -->","yoast_head_json":{"title":"Aprobado en primer debate Proyecto de Ley Estatutaria de Integraci\u00f3n y estructura de la Jurisdicci\u00f3n Agraria y Rural -","robots":{"index":"index","follow":"follow","max-snippet":"max-snippet:-1","max-image-preview":"max-image-preview:large","max-video-preview":"max-video-preview:-1"},"canonical":"https:\/\/luchonoticias.com\/editor\/aprobado-en-primer-debate-proyecto-de-ley-estatutaria-de-integracion-y-estructura-de-la-jurisdiccion-agraria-y-rural\/","og_locale":"es_ES","og_type":"article","og_title":"Aprobado en primer debate Proyecto de Ley Estatutaria de Integraci\u00f3n y estructura de la Jurisdicci\u00f3n Agraria y Rural -","og_url":"https:\/\/luchonoticias.com\/editor\/aprobado-en-primer-debate-proyecto-de-ley-estatutaria-de-integracion-y-estructura-de-la-jurisdiccion-agraria-y-rural\/","article_publisher":"https:\/\/www.facebook.com\/luchonoticiasneiva","article_published_time":"2023-11-30T13:21:13+00:00","article_modified_time":"2023-11-30T13:21:14+00:00","author":"Editor General","twitter_card":"summary_large_image","twitter_misc":{"Escrito por":"Editor General","Tiempo de lectura":"2 minutos"},"schema":{"@context":"https:\/\/schema.org","@graph":[{"@type":"Article","@id":"https:\/\/luchonoticias.com\/editor\/aprobado-en-primer-debate-proyecto-de-ley-estatutaria-de-integracion-y-estructura-de-la-jurisdiccion-agraria-y-rural\/#article","isPartOf":{"@id":"https:\/\/luchonoticias.com\/editor\/aprobado-en-primer-debate-proyecto-de-ley-estatutaria-de-integracion-y-estructura-de-la-jurisdiccion-agraria-y-rural\/"},"author":{"name":"Editor General","@id":"https:\/\/luchonoticias.com\/editor\/#\/schema\/person\/29217990ddf6f14e35912b2866d591fb"},"headline":"Aprobado en primer debate Proyecto de Ley Estatutaria de Integraci\u00f3n y estructura de la Jurisdicci\u00f3n Agraria y Rural","datePublished":"2023-11-30T13:21:13+00:00","dateModified":"2023-11-30T13:21:14+00:00","mainEntityOfPage":{"@id":"https:\/\/luchonoticias.com\/editor\/aprobado-en-primer-debate-proyecto-de-ley-estatutaria-de-integracion-y-estructura-de-la-jurisdiccion-agraria-y-rural\/"},"wordCount":496,"commentCount":0,"publisher":{"@id":"https:\/\/luchonoticias.com\/editor\/#\/schema\/person\/7a7fd911f58561fd056dbac7b55af9cd"},"articleSection":["Destacado","Pol\u00edtica"],"inLanguage":"es","potentialAction":[{"@type":"CommentAction","name":"Comment","target":["https:\/\/luchonoticias.com\/editor\/aprobado-en-primer-debate-proyecto-de-ley-estatutaria-de-integracion-y-estructura-de-la-jurisdiccion-agraria-y-rural\/#respond"]}]},{"@type":"WebPage","@id":"https:\/\/luchonoticias.com\/editor\/aprobado-en-primer-debate-proyecto-de-ley-estatutaria-de-integracion-y-estructura-de-la-jurisdiccion-agraria-y-rural\/","url":"https:\/\/luchonoticias.com\/editor\/aprobado-en-primer-debate-proyecto-de-ley-estatutaria-de-integracion-y-estructura-de-la-jurisdiccion-agraria-y-rural\/","name":"Aprobado en primer debate Proyecto de Ley Estatutaria de Integraci\u00f3n y estructura de la Jurisdicci\u00f3n Agraria y Rural -","isPartOf":{"@id":"https:\/\/luchonoticias.com\/editor\/#website"},"datePublished":"2023-11-30T13:21:13+00:00","dateModified":"2023-11-30T13:21:14+00:00","breadcrumb":{"@id":"https:\/\/luchonoticias.com\/editor\/aprobado-en-primer-debate-proyecto-de-ley-estatutaria-de-integracion-y-estructura-de-la-jurisdiccion-agraria-y-rural\/#breadcrumb"},"inLanguage":"es","potentialAction":[{"@type":"ReadAction","target":["https:\/\/luchonoticias.com\/editor\/aprobado-en-primer-debate-proyecto-de-ley-estatutaria-de-integracion-y-estructura-de-la-jurisdiccion-agraria-y-rural\/"]}]},{"@type":"BreadcrumbList","@id":"https:\/\/luchonoticias.com\/editor\/aprobado-en-primer-debate-proyecto-de-ley-estatutaria-de-integracion-y-estructura-de-la-jurisdiccion-agraria-y-rural\/#breadcrumb","itemListElement":[{"@type":"ListItem","position":1,"name":"Portada","item":"https:\/\/luchonoticias.com\/editor\/"},{"@type":"ListItem","position":2,"name":"Aprobado en primer debate Proyecto de Ley Estatutaria de Integraci\u00f3n y estructura de la Jurisdicci\u00f3n Agraria y Rural"}]},{"@type":"WebSite","@id":"https:\/\/luchonoticias.com\/editor\/#website","url":"https:\/\/luchonoticias.com\/editor\/","name":"","description":"","publisher":{"@id":"https:\/\/luchonoticias.com\/editor\/#\/schema\/person\/7a7fd911f58561fd056dbac7b55af9cd"},"potentialAction":[{"@type":"SearchAction","target":{"@type":"EntryPoint","urlTemplate":"https:\/\/luchonoticias.com\/editor\/?s={search_term_string}"},"query-input":{"@type":"PropertyValueSpecification","valueRequired":true,"valueName":"search_term_string"}}],"inLanguage":"es"},{"@type":["Person","Organization"],"@id":"https:\/\/luchonoticias.com\/editor\/#\/schema\/person\/7a7fd911f58561fd056dbac7b55af9cd","name":"admin","image":{"@type":"ImageObject","inLanguage":"es","@id":"https:\/\/luchonoticias.com\/editor\/#\/schema\/person\/image\/","url":"https:\/\/luchonoticias.com\/editor\/wp-content\/uploads\/2024\/02\/cropped-cropped-logolu.webp","contentUrl":"https:\/\/luchonoticias.com\/editor\/wp-content\/uploads\/2024\/02\/cropped-cropped-logolu.webp","width":382,"height":170,"caption":"admin"},"logo":{"@id":"https:\/\/luchonoticias.com\/editor\/#\/schema\/person\/image\/"},"sameAs":["https:\/\/www.facebook.com\/luchonoticiasneiva"]},{"@type":"Person","@id":"https:\/\/luchonoticias.com\/editor\/#\/schema\/person\/29217990ddf6f14e35912b2866d591fb","name":"Editor General","image":{"@type":"ImageObject","inLanguage":"es","@id":"https:\/\/luchonoticias.com\/editor\/#\/schema\/person\/image\/","url":"https:\/\/luchonoticias.com\/editor\/wp-content\/uploads\/2024\/02\/cropped-cropped-logolu-150x150.webp","contentUrl":"https:\/\/luchonoticias.com\/editor\/wp-content\/uploads\/2024\/02\/cropped-cropped-logolu-150x150.webp","caption":"Editor General"},"sameAs":["https:\/\/luchonoticias.com\/"],"url":"https:\/\/luchonoticias.com\/editor\/author\/editor-general\/"}]}},"_links":{"self":[{"href":"https:\/\/luchonoticias.com\/editor\/wp-json\/wp\/v2\/posts\/64824","targetHints":{"allow":["GET"]}}],"collection":[{"href":"https:\/\/luchonoticias.com\/editor\/wp-json\/wp\/v2\/posts"}],"about":[{"href":"https:\/\/luchonoticias.com\/editor\/wp-json\/wp\/v2\/types\/post"}],"author":[{"embeddable":true,"href":"https:\/\/luchonoticias.com\/editor\/wp-json\/wp\/v2\/users\/2"}],"replies":[{"embeddable":true,"href":"https:\/\/luchonoticias.com\/editor\/wp-json\/wp\/v2\/comments?post=64824"}],"version-history":[{"count":0,"href":"https:\/\/luchonoticias.com\/editor\/wp-json\/wp\/v2\/posts\/64824\/revisions"}],"wp:attachment":[{"href":"https:\/\/luchonoticias.com\/editor\/wp-json\/wp\/v2\/media?parent=64824"}],"wp:term":[{"taxonomy":"category","embeddable":true,"href":"https:\/\/luchonoticias.com\/editor\/wp-json\/wp\/v2\/categories?post=64824"},{"taxonomy":"post_tag","embeddable":true,"href":"https:\/\/luchonoticias.com\/editor\/wp-json\/wp\/v2\/tags?post=64824"}],"curies":[{"name":"wp","href":"https:\/\/api.w.org\/{rel}","templated":true}]}}