{"id":64827,"date":"2023-11-30T12:46:06","date_gmt":"2023-11-30T17:46:06","guid":{"rendered":"https:\/\/luchonoticias.com\/?p=64827"},"modified":"2023-11-30T12:46:09","modified_gmt":"2023-11-30T17:46:09","slug":"sebastian-hernandez-renueva-con-el-atletico-huila-se-va-exneyder-guerrero","status":"publish","type":"post","link":"https:\/\/luchonoticias.com\/editor\/sebastian-hernandez-renueva-con-el-atletico-huila-se-va-exneyder-guerrero\/","title":{"rendered":"Sebasti\u00e1n Hern\u00e1ndez renueva con el Atl\u00e9tico Huila, se va Exneyder Guerrero"},"content":{"rendered":"\n<p><strong>Atl\u00e9tico Huila&nbsp;<\/strong>sigue con sus planes de&nbsp;<strong>renovaci\u00f3n y salidas para el 2024,<\/strong>&nbsp;en el primer tema el presidente del club, Maruan David Issa confirm\u00f3 algo que en algunos c\u00edrculos era dado por hecho: la&nbsp;<strong>renovaci\u00f3n de Sebasti\u00e1n Hern\u00e1ndez.<\/strong><\/p>\n\n\n\n<p>Seg\u00fan se ha conocido el veterano volante seguir\u00e1&nbsp;<strong>vinculado a la entidad hasta junio de 2025<\/strong>&nbsp;por lo que el cuadro huilense se asegura en lo que respecta a jerarqu\u00eda y liderazgo (en este a\u00f1o Hern\u00e1ndez jug\u00f3 37 partidos y marc\u00f3 dos goles).<\/p>\n\n\n\n<p>En contraste se anunci\u00f3 la&nbsp;<strong>salida del club de Exneyder Guerrero<\/strong>, quien en este semestre jug\u00f3 10 partidos aunque solo dos de ellos como titular y anot\u00f3 un gol; su salida es la novena salida del club pensando en el ascenso del a\u00f1o entrante.<\/p>\n","protected":false},"excerpt":{"rendered":"<p>Atl\u00e9tico Huila&nbsp;sigue con sus planes de&nbsp;renovaci\u00f3n y salidas para el 2024,&nbsp;en el primer tema el presidente del club, Maruan David Issa confirm\u00f3 algo que en algunos c\u00edrculos era dado por hecho: la&nbsp;renovaci\u00f3n de Sebasti\u00e1n Hern\u00e1ndez. Seg\u00fan se ha conocido el veterano volante seguir\u00e1&nbsp;vinculado a la entidad hasta junio de 2025&nbsp;por lo que el cuadro huilense [&hellip;]<\/p>\n","protected":false},"author":2,"featured_media":0,"comment_status":"open","ping_status":"open","sticky":false,"template":"","format":"standard","meta":{"footnotes":""},"categories":[34],"tags":[],"class_list":["post-64827","post","type-post","status-publish","format-standard","hentry","category-deportes"],"yoast_head":"<!-- This site is optimized with the Yoast SEO plugin v26.6 - https:\/\/yoast.com\/wordpress\/plugins\/seo\/ -->\n<title>Sebasti\u00e1n Hern\u00e1ndez renueva con el Atl\u00e9tico Huila, se va Exneyder Guerrero -<\/title>\n<meta name=\"robots\" content=\"index, follow, max-snippet:-1, max-image-preview:large, max-video-preview:-1\" \/>\n<link rel=\"canonical\" href=\"https:\/\/luchonoticias.com\/editor\/sebastian-hernandez-renueva-con-el-atletico-huila-se-va-exneyder-guerrero\/\" \/>\n<meta property=\"og:locale\" content=\"es_ES\" \/>\n<meta property=\"og:type\" content=\"article\" \/>\n<meta property=\"og:title\" content=\"Sebasti\u00e1n Hern\u00e1ndez renueva con el Atl\u00e9tico Huila, se va Exneyder Guerrero -\" \/>\n<meta property=\"og:url\" content=\"https:\/\/luchonoticias.com\/editor\/sebastian-hernandez-renueva-con-el-atletico-huila-se-va-exneyder-guerrero\/\" \/>\n<meta property=\"article:publisher\" content=\"https:\/\/www.facebook.com\/luchonoticiasneiva\" \/>\n<meta property=\"article:published_time\" content=\"2023-11-30T17:46:06+00:00\" \/>\n<meta property=\"article:modified_time\" content=\"2023-11-30T17:46:09+00:00\" \/>\n<meta name=\"author\" content=\"Editor General\" \/>\n<meta name=\"twitter:card\" content=\"summary_large_image\" \/>\n<meta name=\"twitter:label1\" content=\"Escrito por\" \/>\n\t<meta name=\"twitter:data1\" content=\"Editor General\" \/>\n\t<meta name=\"twitter:label2\" content=\"Tiempo de lectura\" \/>\n\t<meta name=\"twitter:data2\" content=\"1 minuto\" \/>\n<script type=\"application\/ld+json\" class=\"yoast-schema-graph\">{\"@context\":\"https:\/\/schema.org\",\"@graph\":[{\"@type\":\"Article\",\"@id\":\"https:\/\/luchonoticias.com\/editor\/sebastian-hernandez-renueva-con-el-atletico-huila-se-va-exneyder-guerrero\/#article\",\"isPartOf\":{\"@id\":\"https:\/\/luchonoticias.com\/editor\/sebastian-hernandez-renueva-con-el-atletico-huila-se-va-exneyder-guerrero\/\"},\"author\":{\"name\":\"Editor General\",\"@id\":\"https:\/\/luchonoticias.com\/editor\/#\/schema\/person\/29217990ddf6f14e35912b2866d591fb\"},\"headline\":\"Sebasti\u00e1n Hern\u00e1ndez renueva con el Atl\u00e9tico Huila, se va Exneyder Guerrero\",\"datePublished\":\"2023-11-30T17:46:06+00:00\",\"dateModified\":\"2023-11-30T17:46:09+00:00\",\"mainEntityOfPage\":{\"@id\":\"https:\/\/luchonoticias.com\/editor\/sebastian-hernandez-renueva-con-el-atletico-huila-se-va-exneyder-guerrero\/\"},\"wordCount\":154,\"commentCount\":0,\"publisher\":{\"@id\":\"https:\/\/luchonoticias.com\/editor\/#\/schema\/person\/7a7fd911f58561fd056dbac7b55af9cd\"},\"articleSection\":[\"Deportes\"],\"inLanguage\":\"es\",\"potentialAction\":[{\"@type\":\"CommentAction\",\"name\":\"Comment\",\"target\":[\"https:\/\/luchonoticias.com\/editor\/sebastian-hernandez-renueva-con-el-atletico-huila-se-va-exneyder-guerrero\/#respond\"]}]},{\"@type\":\"WebPage\",\"@id\":\"https:\/\/luchonoticias.com\/editor\/sebastian-hernandez-renueva-con-el-atletico-huila-se-va-exneyder-guerrero\/\",\"url\":\"https:\/\/luchonoticias.com\/editor\/sebastian-hernandez-renueva-con-el-atletico-huila-se-va-exneyder-guerrero\/\",\"name\":\"Sebasti\u00e1n Hern\u00e1ndez renueva con el Atl\u00e9tico Huila, se va Exneyder Guerrero -\",\"isPartOf\":{\"@id\":\"https:\/\/luchonoticias.com\/editor\/#website\"},\"datePublished\":\"2023-11-30T17:46:06+00:00\",\"dateModified\":\"2023-11-30T17:46:09+00:00\",\"breadcrumb\":{\"@id\":\"https:\/\/luchonoticias.com\/editor\/sebastian-hernandez-renueva-con-el-atletico-huila-se-va-exneyder-guerrero\/#breadcrumb\"},\"inLanguage\":\"es\",\"potentialAction\":[{\"@type\":\"ReadAction\",\"target\":[\"https:\/\/luchonoticias.com\/editor\/sebastian-hernandez-renueva-con-el-atletico-huila-se-va-exneyder-guerrero\/\"]}]},{\"@type\":\"BreadcrumbList\",\"@id\":\"https:\/\/luchonoticias.com\/editor\/sebastian-hernandez-renueva-con-el-atletico-huila-se-va-exneyder-guerrero\/#breadcrumb\",\"itemListElement\":[{\"@type\":\"ListItem\",\"position\":1,\"name\":\"Portada\",\"item\":\"https:\/\/luchonoticias.com\/editor\/\"},{\"@type\":\"ListItem\",\"position\":2,\"name\":\"Sebasti\u00e1n Hern\u00e1ndez renueva con el Atl\u00e9tico Huila, se va Exneyder Guerrero\"}]},{\"@type\":\"WebSite\",\"@id\":\"https:\/\/luchonoticias.com\/editor\/#website\",\"url\":\"https:\/\/luchonoticias.com\/editor\/\",\"name\":\"\",\"description\":\"\",\"publisher\":{\"@id\":\"https:\/\/luchonoticias.com\/editor\/#\/schema\/person\/7a7fd911f58561fd056dbac7b55af9cd\"},\"potentialAction\":[{\"@type\":\"SearchAction\",\"target\":{\"@type\":\"EntryPoint\",\"urlTemplate\":\"https:\/\/luchonoticias.com\/editor\/?s={search_term_string}\"},\"query-input\":{\"@type\":\"PropertyValueSpecification\",\"valueRequired\":true,\"valueName\":\"search_term_string\"}}],\"inLanguage\":\"es\"},{\"@type\":[\"Person\",\"Organization\"],\"@id\":\"https:\/\/luchonoticias.com\/editor\/#\/schema\/person\/7a7fd911f58561fd056dbac7b55af9cd\",\"name\":\"admin\",\"image\":{\"@type\":\"ImageObject\",\"inLanguage\":\"es\",\"@id\":\"https:\/\/luchonoticias.com\/editor\/#\/schema\/person\/image\/\",\"url\":\"https:\/\/luchonoticias.com\/editor\/wp-content\/uploads\/2024\/02\/cropped-cropped-logolu.webp\",\"contentUrl\":\"https:\/\/luchonoticias.com\/editor\/wp-content\/uploads\/2024\/02\/cropped-cropped-logolu.webp\",\"width\":382,\"height\":170,\"caption\":\"admin\"},\"logo\":{\"@id\":\"https:\/\/luchonoticias.com\/editor\/#\/schema\/person\/image\/\"},\"sameAs\":[\"https:\/\/www.facebook.com\/luchonoticiasneiva\"]},{\"@type\":\"Person\",\"@id\":\"https:\/\/luchonoticias.com\/editor\/#\/schema\/person\/29217990ddf6f14e35912b2866d591fb\",\"name\":\"Editor General\",\"image\":{\"@type\":\"ImageObject\",\"inLanguage\":\"es\",\"@id\":\"https:\/\/luchonoticias.com\/editor\/#\/schema\/person\/image\/\",\"url\":\"https:\/\/luchonoticias.com\/editor\/wp-content\/uploads\/2024\/02\/cropped-cropped-logolu-150x150.webp\",\"contentUrl\":\"https:\/\/luchonoticias.com\/editor\/wp-content\/uploads\/2024\/02\/cropped-cropped-logolu-150x150.webp\",\"caption\":\"Editor General\"},\"sameAs\":[\"https:\/\/luchonoticias.com\/\"],\"url\":\"https:\/\/luchonoticias.com\/editor\/author\/editor-general\/\"}]}<\/script>\n<!-- \/ Yoast SEO plugin. -->","yoast_head_json":{"title":"Sebasti\u00e1n Hern\u00e1ndez renueva con el Atl\u00e9tico Huila, se va Exneyder Guerrero -","robots":{"index":"index","follow":"follow","max-snippet":"max-snippet:-1","max-image-preview":"max-image-preview:large","max-video-preview":"max-video-preview:-1"},"canonical":"https:\/\/luchonoticias.com\/editor\/sebastian-hernandez-renueva-con-el-atletico-huila-se-va-exneyder-guerrero\/","og_locale":"es_ES","og_type":"article","og_title":"Sebasti\u00e1n Hern\u00e1ndez renueva con el Atl\u00e9tico Huila, se va Exneyder Guerrero -","og_url":"https:\/\/luchonoticias.com\/editor\/sebastian-hernandez-renueva-con-el-atletico-huila-se-va-exneyder-guerrero\/","article_publisher":"https:\/\/www.facebook.com\/luchonoticiasneiva","article_published_time":"2023-11-30T17:46:06+00:00","article_modified_time":"2023-11-30T17:46:09+00:00","author":"Editor General","twitter_card":"summary_large_image","twitter_misc":{"Escrito por":"Editor General","Tiempo de lectura":"1 minuto"},"schema":{"@context":"https:\/\/schema.org","@graph":[{"@type":"Article","@id":"https:\/\/luchonoticias.com\/editor\/sebastian-hernandez-renueva-con-el-atletico-huila-se-va-exneyder-guerrero\/#article","isPartOf":{"@id":"https:\/\/luchonoticias.com\/editor\/sebastian-hernandez-renueva-con-el-atletico-huila-se-va-exneyder-guerrero\/"},"author":{"name":"Editor General","@id":"https:\/\/luchonoticias.com\/editor\/#\/schema\/person\/29217990ddf6f14e35912b2866d591fb"},"headline":"Sebasti\u00e1n Hern\u00e1ndez renueva con el Atl\u00e9tico Huila, se va Exneyder Guerrero","datePublished":"2023-11-30T17:46:06+00:00","dateModified":"2023-11-30T17:46:09+00:00","mainEntityOfPage":{"@id":"https:\/\/luchonoticias.com\/editor\/sebastian-hernandez-renueva-con-el-atletico-huila-se-va-exneyder-guerrero\/"},"wordCount":154,"commentCount":0,"publisher":{"@id":"https:\/\/luchonoticias.com\/editor\/#\/schema\/person\/7a7fd911f58561fd056dbac7b55af9cd"},"articleSection":["Deportes"],"inLanguage":"es","potentialAction":[{"@type":"CommentAction","name":"Comment","target":["https:\/\/luchonoticias.com\/editor\/sebastian-hernandez-renueva-con-el-atletico-huila-se-va-exneyder-guerrero\/#respond"]}]},{"@type":"WebPage","@id":"https:\/\/luchonoticias.com\/editor\/sebastian-hernandez-renueva-con-el-atletico-huila-se-va-exneyder-guerrero\/","url":"https:\/\/luchonoticias.com\/editor\/sebastian-hernandez-renueva-con-el-atletico-huila-se-va-exneyder-guerrero\/","name":"Sebasti\u00e1n Hern\u00e1ndez renueva con el Atl\u00e9tico Huila, se va Exneyder Guerrero -","isPartOf":{"@id":"https:\/\/luchonoticias.com\/editor\/#website"},"datePublished":"2023-11-30T17:46:06+00:00","dateModified":"2023-11-30T17:46:09+00:00","breadcrumb":{"@id":"https:\/\/luchonoticias.com\/editor\/sebastian-hernandez-renueva-con-el-atletico-huila-se-va-exneyder-guerrero\/#breadcrumb"},"inLanguage":"es","potentialAction":[{"@type":"ReadAction","target":["https:\/\/luchonoticias.com\/editor\/sebastian-hernandez-renueva-con-el-atletico-huila-se-va-exneyder-guerrero\/"]}]},{"@type":"BreadcrumbList","@id":"https:\/\/luchonoticias.com\/editor\/sebastian-hernandez-renueva-con-el-atletico-huila-se-va-exneyder-guerrero\/#breadcrumb","itemListElement":[{"@type":"ListItem","position":1,"name":"Portada","item":"https:\/\/luchonoticias.com\/editor\/"},{"@type":"ListItem","position":2,"name":"Sebasti\u00e1n Hern\u00e1ndez renueva con el Atl\u00e9tico Huila, se va Exneyder Guerrero"}]},{"@type":"WebSite","@id":"https:\/\/luchonoticias.com\/editor\/#website","url":"https:\/\/luchonoticias.com\/editor\/","name":"","description":"","publisher":{"@id":"https:\/\/luchonoticias.com\/editor\/#\/schema\/person\/7a7fd911f58561fd056dbac7b55af9cd"},"potentialAction":[{"@type":"SearchAction","target":{"@type":"EntryPoint","urlTemplate":"https:\/\/luchonoticias.com\/editor\/?s={search_term_string}"},"query-input":{"@type":"PropertyValueSpecification","valueRequired":true,"valueName":"search_term_string"}}],"inLanguage":"es"},{"@type":["Person","Organization"],"@id":"https:\/\/luchonoticias.com\/editor\/#\/schema\/person\/7a7fd911f58561fd056dbac7b55af9cd","name":"admin","image":{"@type":"ImageObject","inLanguage":"es","@id":"https:\/\/luchonoticias.com\/editor\/#\/schema\/person\/image\/","url":"https:\/\/luchonoticias.com\/editor\/wp-content\/uploads\/2024\/02\/cropped-cropped-logolu.webp","contentUrl":"https:\/\/luchonoticias.com\/editor\/wp-content\/uploads\/2024\/02\/cropped-cropped-logolu.webp","width":382,"height":170,"caption":"admin"},"logo":{"@id":"https:\/\/luchonoticias.com\/editor\/#\/schema\/person\/image\/"},"sameAs":["https:\/\/www.facebook.com\/luchonoticiasneiva"]},{"@type":"Person","@id":"https:\/\/luchonoticias.com\/editor\/#\/schema\/person\/29217990ddf6f14e35912b2866d591fb","name":"Editor General","image":{"@type":"ImageObject","inLanguage":"es","@id":"https:\/\/luchonoticias.com\/editor\/#\/schema\/person\/image\/","url":"https:\/\/luchonoticias.com\/editor\/wp-content\/uploads\/2024\/02\/cropped-cropped-logolu-150x150.webp","contentUrl":"https:\/\/luchonoticias.com\/editor\/wp-content\/uploads\/2024\/02\/cropped-cropped-logolu-150x150.webp","caption":"Editor General"},"sameAs":["https:\/\/luchonoticias.com\/"],"url":"https:\/\/luchonoticias.com\/editor\/author\/editor-general\/"}]}},"_links":{"self":[{"href":"https:\/\/luchonoticias.com\/editor\/wp-json\/wp\/v2\/posts\/64827","targetHints":{"allow":["GET"]}}],"collection":[{"href":"https:\/\/luchonoticias.com\/editor\/wp-json\/wp\/v2\/posts"}],"about":[{"href":"https:\/\/luchonoticias.com\/editor\/wp-json\/wp\/v2\/types\/post"}],"author":[{"embeddable":true,"href":"https:\/\/luchonoticias.com\/editor\/wp-json\/wp\/v2\/users\/2"}],"replies":[{"embeddable":true,"href":"https:\/\/luchonoticias.com\/editor\/wp-json\/wp\/v2\/comments?post=64827"}],"version-history":[{"count":0,"href":"https:\/\/luchonoticias.com\/editor\/wp-json\/wp\/v2\/posts\/64827\/revisions"}],"wp:attachment":[{"href":"https:\/\/luchonoticias.com\/editor\/wp-json\/wp\/v2\/media?parent=64827"}],"wp:term":[{"taxonomy":"category","embeddable":true,"href":"https:\/\/luchonoticias.com\/editor\/wp-json\/wp\/v2\/categories?post=64827"},{"taxonomy":"post_tag","embeddable":true,"href":"https:\/\/luchonoticias.com\/editor\/wp-json\/wp\/v2\/tags?post=64827"}],"curies":[{"name":"wp","href":"https:\/\/api.w.org\/{rel}","templated":true}]}}